{"id":6095,"date":"2025-12-09T09:51:59","date_gmt":"2025-12-09T12:51:59","guid":{"rendered":"https:\/\/diariodelsurdigital.com.ar\/?p=6095"},"modified":"2025-12-09T09:52:00","modified_gmt":"2025-12-09T12:52:00","slug":"el-gobierno-presenta-el-texto-de-la-reforma-laboral-y-avanza-en-otras-iniciativas","status":"publish","type":"post","link":"https:\/\/diariodelsurdigital.com.ar\/?p=6095","title":{"rendered":"El Gobierno presenta el texto de la Reforma Laboral y avanza en otras iniciativas"},"content":{"rendered":"\n<p>La reforma laboral ser\u00e1 presentada este martes ante el Consejo de Mayo y el Gobierno conf\u00eda en lograr una aprobaci\u00f3n r\u00e1pida en el Parlamento. La iniciativa impactar\u00e1 en los aportes sindicales y se suma a otros frentes que impulsa la Casa Rosada: la apertura a la compra de tierras por parte de extranjeros, una amplia reforma del mercado de seguros, la desregulaci\u00f3n del transporte fluvial y avances en la nueva Ley de Patentes.<\/p>\n\n\n\n<p><\/p>\n\n\n\n<p>Finalmente imper\u00f3 el criterio de varios ministros del Gabinete nacional de avanzar contra las \u201ccajas\u201d sindicales en el proyecto de Ley de Modernizaci\u00f3n Laboral. En un momento, este tema estuvo en duda ya que Santiago Caputo ven\u00eda negociando con los gremios para lograr la aprobaci\u00f3n de la iniciativa a cambio de no afectar de manera significativa los ingresos sindicales.<\/p>\n\n\n\n<p>Sin embargo, y a diferencia de otras oportunidades, se pudo lograr armonizar criterios. El ministro de Desregulaci\u00f3n, Federico Sturzenegger, la flamante senadora Patricia Bullrich y tambi\u00e9n la ministra de Capital Humano, Sandra Pettovello eran los que sosten\u00edan la necesidad de limitar los aportes que reciben los gremios.<\/p>\n\n\n\n<p>Dicen, en los pasillos de la Rosada, que una encuesta de Zentric, sirvi\u00f3 como corolario del acuerdo alcanzado en el Gabinete. El estudio mostr\u00f3 que los 10 principales gremios manejan un flujo anual que ronda los u$s685 millones, originado en descuentos obligatorios aplicados sobre el salario formal, tambi\u00e9n a trabajadores no afiliados. En pesos, esa recaudaci\u00f3n supera ampliamente el bill\u00f3n de pesos por a\u00f1o.<\/p>\n\n\n\n<p>Para dar una idea, la nueva normativa prev\u00e9 una reducci\u00f3n de ingresos a los sindicatos del aporte para las obras sociales a cargo del empleador de un 6%.<\/p>\n\n\n\n<p>Tambi\u00e9n una vez promulgada la ley, al mes siguiente se reducen los aportes patronales con destino a los subsistemas de seguridad social, al Fondo Nacional del Empleo, SIPA y R\u00e9gimen de asignaciones familiares, public\u00f3 \u00c1mbito.<\/p>\n\n\n\n<p>Consejo de Mayo<br>Este martes a partir de las 13.30, el jefe de gabinete, Manuel Adorni presentar\u00e1 el proyecto de ley definitivo de Modernizaci\u00f3n Laboral a los miembros del Consejo de Mayo integrado por Cristian Ritondo (Diputados); Carolina Losada (Senadores); Mart\u00edn Rappallini (UIA); Gerardo Mart\u00ednez (CGT) y por los gobernadores, Alfredo Cornejo. Tambi\u00e9n participar\u00e1 por el Poder Ejecutivo, Federico Sturzenegger y, es de suponer, el secretario de Trabajo, Julio Cordero.<\/p>\n\n\n\n<p>Despidos<br>En el mundo empresario, en particular en las pymes, la mayor preocupaci\u00f3n que frena la contrataci\u00f3n de un nuevo empleado pasa por los costos que las empresas deben afrontar al momento de despedir a un empleado. Uno de los mayores problemas, son las \u201cexorbitantes\u201d indemnizaciones que establecen algunos jueces.<\/p>\n\n\n\n<p>La propuesta de Modernizaci\u00f3n Laboral clarificar\u00e1 \u201cmuchos elementos de la ley de Contrato de Trabajo que reducen la arbitrariedad del juez a la hora de establecer los montos indemnizatorios\u201d, seg\u00fan precis\u00f3 una alta fuente del Gobierno.<\/p>\n\n\n\n<p>Al respecto, record\u00f3 que por iniciativa del oficialismo se sacaron las multas, pero los abogados laboralistas \u201ccontraatacaron\u201d planteando \u201cda\u00f1os y perjuicios\u201d.<\/p>\n\n\n\n<p>La nueva norma contempla, de alguna forma, invertir la carga de la prueba y el trabajador deber\u00e1 demostrar que efectivamente sufri\u00f3 da\u00f1os y perjuicios.<\/p>\n\n\n\n<p>La expectativa de las autoridades nacionales tambi\u00e9n est\u00e1 puesta en el aumento del empleo que derivar\u00e1 \u2013aseguran\u2013 de la adaptaci\u00f3n de convenios que contemplen las diferencias regionales. Es decir, en aquellas zonas con menos desarrollo se establecer\u00edan salarios relativamente inferiores a las m\u00e1s evolucionadas. La estimaci\u00f3n oficial es que, de esta forma, la ocupaci\u00f3n podr\u00eda subir hasta 17% en el noroeste del pa\u00eds.<\/p>\n\n\n\n<p>Otras reformas<br>Cabe recordar que el gobierno de Milei tambi\u00e9n est\u00e1 impulsando distintas reformas que buscan incentivar la inversi\u00f3n:<\/p>\n\n\n\n<p>Compra de tierras<br>Las autoridades prev\u00e9n insistir en abrir la posibilidad de comprar tierras rurales a extranjeros. Se estima que esta restricci\u00f3n est\u00e1 demorando inversiones en el pa\u00eds por unos u$s5.000 millones. Citan, como ejemplo, el inter\u00e9s de inversores qatar\u00edes que desean invertir en tambos para exportar leche a los pa\u00edses \u00e1rabes.<\/p>\n\n\n\n<p>Mercado de seguros<br>La intenci\u00f3n oficial es darle \u201cun gran impulso a la actividad\u201d, seg\u00fan fuentes de la Casa Rosada. En este sentido, se\u00f1alan que el presidente Javier Milei es uno de los inspiradores de estas medidas a partir del convencimiento de que \u201ccuantos m\u00e1s seguros privados haya, menos demandar\u00e1 la gente del Estado\u201d.<\/p>\n\n\n\n<p>Transporte fluvial<br>El Gobierno contempla insistir con la desregulaci\u00f3n del transporte fluvial que fuera frenada por el Congreso. La estimaci\u00f3n oficial es que la eliminaci\u00f3n de trabas burocr\u00e1ticas y laborales permitir\u00eda reducir en 40% el costo de la marina mercante. Se contempla el uso de banderas extranjeras temporalmente y flexibilizaciones normativas para reducir costos operativos y atraer inversiones. Sin embargo, la iniciativa gener\u00f3 fuertes cr\u00edticas de gremios por precarizaci\u00f3n laboral y la entrega del sector a empresas extranjeras.<\/p>\n\n\n\n<p>Tratado de patentes<br>Uno de los pedidos que trascendi\u00f3 que habr\u00eda efectuado Estados Unidos es el tema de patentes. Un requisito clave para avanzar en el acuerdo comercial y lograr la \u201cpronta aprobaci\u00f3n\u201d.<\/p>\n\n\n\n<p>Conocido por las siglas PCT (Patent Cooperation Treaty), es un acuerdo internacional gestionado por la Organizaci\u00f3n Mundial de la Propiedad Intelectual que permite a inventores y empresas solicitar protecci\u00f3n para sus descubrimientos en m\u00faltiples pa\u00edses a trav\u00e9s de una \u00fanica solicitud internacional.<\/p>\n\n\n\n<p>Esta propuesta, que ya cuenta con media sanci\u00f3n del Senado, ha generado resistencias en distintos sectores, particularmente los laboratorios farmac\u00e9uticos nacionales.<\/p>\n\n\n\n<p>Sin embargo, en el Gobierno consideran que \u201ces absurdo que hoy, por ejemplo, un investigador del CONICET no pueda patentar en Argentina y tenga que ir a entregar su invenci\u00f3n a un brasile\u00f1o, a un chileno por la falta de una legislaci\u00f3n que lo proteja\u201d.<\/p>\n\n\n\n<p>Agregan que al PCT adhieren todos los pa\u00edses del mundo con excepci\u00f3n de Argentina, Venezuela, Bolivia, Etiop\u00eda, Somal\u00eda, Afganist\u00e1n e Ir\u00e1n.<\/p>\n\n\n\n<p>La adopci\u00f3n del pacto permitir\u00e1, aseguran, el desarrollo de sectores como semillas, aunque en esta materia las autoridades est\u00e1n pensando en un esquema en el que los cambios normativos sean hacia adelante.<\/p>\n\n\n\n<p>En el Gobierno se\u00f1alan que, por cuestiones de confidencialidad, todav\u00eda no pueden dar detalles de la apertura comercial que realizar\u00e1 los Estados Unidos a exportaciones argentinas, pero se muestran confiados en que \u201csignificar\u00e1 un antes y un despu\u00e9s para numerosas regiones que van a poder colocar sus productos en el principal mercado del mundo\u201d.<\/p>\n","protected":false},"excerpt":{"rendered":"<p>La reforma laboral ser\u00e1 presentada este martes ante el Consejo de Mayo y el Gobierno conf\u00eda en lograr una aprobaci\u00f3n r\u00e1pida en el Parlamento. La iniciativa impactar\u00e1 en los aportes sindicales y se suma a otros frentes que impulsa la Casa Rosada: la apertura a la compra de tierras por parte de extranjeros, una amplia [&hellip;]<\/p>\n","protected":false},"author":4,"featured_media":6096,"comment_status":"open","ping_status":"open","sticky":false,"template":"","format":"standard","meta":{"footnotes":""},"categories":[18,22],"tags":[],"class_list":{"0":"post-6095","1":"post","2":"type-post","3":"status-publish","4":"format-standard","5":"has-post-thumbnail","7":"category-nacionales","8":"category-politica"},"yoast_head":"<!-- This site is optimized with the Yoast SEO plugin v27.4 - https:\/\/yoast.com\/product\/yoast-seo-wordpress\/ -->\n<title>El Gobierno presenta el texto de la Reforma Laboral y avanza en otras iniciativas - Diario del Sur<\/title>\n<meta name=\"robots\" content=\"index, follow, max-snippet:-1, max-image-preview:large, max-video-preview:-1\" \/>\n<link rel=\"canonical\" href=\"https:\/\/diariodelsurdigital.com.ar\/?p=6095\" \/>\n<meta property=\"og:locale\" content=\"es_ES\" \/>\n<meta property=\"og:type\" content=\"article\" \/>\n<meta property=\"og:title\" content=\"El Gobierno presenta el texto de la Reforma Laboral y avanza en otras iniciativas - Diario del Sur\" \/>\n<meta property=\"og:description\" content=\"La reforma laboral ser\u00e1 presentada este martes ante el Consejo de Mayo y el Gobierno conf\u00eda en lograr una aprobaci\u00f3n r\u00e1pida en el Parlamento. La iniciativa impactar\u00e1 en los aportes sindicales y se suma a otros frentes que impulsa la Casa Rosada: la apertura a la compra de tierras por parte de extranjeros, una amplia [&hellip;]\" \/>\n<meta property=\"og:url\" content=\"https:\/\/diariodelsurdigital.com.ar\/?p=6095\" \/>\n<meta property=\"og:site_name\" content=\"Diario del Sur\" \/>\n<meta property=\"article:published_time\" content=\"2025-12-09T12:51:59+00:00\" \/>\n<meta property=\"article:modified_time\" content=\"2025-12-09T12:52:00+00:00\" \/>\n<meta property=\"og:image\" content=\"https:\/\/diariodelsurdigital.com.ar\/wp-content\/uploads\/2025\/12\/md-5.webp\" \/>\n\t<meta property=\"og:image:width\" content=\"992\" \/>\n\t<meta property=\"og:image:height\" content=\"590\" \/>\n\t<meta property=\"og:image:type\" content=\"image\/webp\" \/>\n<meta name=\"author\" content=\"Diario del Sur Digital\" \/>\n<meta name=\"twitter:card\" content=\"summary_large_image\" \/>\n<meta name=\"twitter:label1\" content=\"Escrito por\" \/>\n\t<meta name=\"twitter:data1\" content=\"Diario del Sur Digital\" \/>\n\t<meta name=\"twitter:label2\" content=\"Tiempo de lectura\" \/>\n\t<meta name=\"twitter:data2\" content=\"5 minutos\" \/>\n<script type=\"application\/ld+json\" class=\"yoast-schema-graph\">{\"@context\":\"https:\\\/\\\/schema.org\",\"@graph\":[{\"@type\":\"Article\",\"@id\":\"https:\\\/\\\/diariodelsurdigital.com.ar\\\/?p=6095#article\",\"isPartOf\":{\"@id\":\"https:\\\/\\\/diariodelsurdigital.com.ar\\\/?p=6095\"},\"author\":{\"name\":\"Diario del Sur Digital\",\"@id\":\"https:\\\/\\\/diariodelsurdigital.com.ar\\\/#\\\/schema\\\/person\\\/1a4992532ed62965c968031b49195c81\"},\"headline\":\"El Gobierno presenta el texto de la Reforma Laboral y avanza en otras iniciativas\",\"datePublished\":\"2025-12-09T12:51:59+00:00\",\"dateModified\":\"2025-12-09T12:52:00+00:00\",\"mainEntityOfPage\":{\"@id\":\"https:\\\/\\\/diariodelsurdigital.com.ar\\\/?p=6095\"},\"wordCount\":1102,\"commentCount\":0,\"image\":{\"@id\":\"https:\\\/\\\/diariodelsurdigital.com.ar\\\/?p=6095#primaryimage\"},\"thumbnailUrl\":\"https:\\\/\\\/diariodelsurdigital.com.ar\\\/wp-content\\\/uploads\\\/2025\\\/12\\\/md-5.webp\",\"articleSection\":[\"Nacionales\",\"Pol\u00edtica\"],\"inLanguage\":\"es\",\"potentialAction\":[{\"@type\":\"CommentAction\",\"name\":\"Comment\",\"target\":[\"https:\\\/\\\/diariodelsurdigital.com.ar\\\/?p=6095#respond\"]}]},{\"@type\":\"WebPage\",\"@id\":\"https:\\\/\\\/diariodelsurdigital.com.ar\\\/?p=6095\",\"url\":\"https:\\\/\\\/diariodelsurdigital.com.ar\\\/?p=6095\",\"name\":\"El Gobierno presenta el texto de la Reforma Laboral y avanza en otras iniciativas - Diario del Sur\",\"isPartOf\":{\"@id\":\"https:\\\/\\\/diariodelsurdigital.com.ar\\\/#website\"},\"primaryImageOfPage\":{\"@id\":\"https:\\\/\\\/diariodelsurdigital.com.ar\\\/?p=6095#primaryimage\"},\"image\":{\"@id\":\"https:\\\/\\\/diariodelsurdigital.com.ar\\\/?p=6095#primaryimage\"},\"thumbnailUrl\":\"https:\\\/\\\/diariodelsurdigital.com.ar\\\/wp-content\\\/uploads\\\/2025\\\/12\\\/md-5.webp\",\"datePublished\":\"2025-12-09T12:51:59+00:00\",\"dateModified\":\"2025-12-09T12:52:00+00:00\",\"author\":{\"@id\":\"https:\\\/\\\/diariodelsurdigital.com.ar\\\/#\\\/schema\\\/person\\\/1a4992532ed62965c968031b49195c81\"},\"breadcrumb\":{\"@id\":\"https:\\\/\\\/diariodelsurdigital.com.ar\\\/?p=6095#breadcrumb\"},\"inLanguage\":\"es\",\"potentialAction\":[{\"@type\":\"ReadAction\",\"target\":[\"https:\\\/\\\/diariodelsurdigital.com.ar\\\/?p=6095\"]}]},{\"@type\":\"ImageObject\",\"inLanguage\":\"es\",\"@id\":\"https:\\\/\\\/diariodelsurdigital.com.ar\\\/?p=6095#primaryimage\",\"url\":\"https:\\\/\\\/diariodelsurdigital.com.ar\\\/wp-content\\\/uploads\\\/2025\\\/12\\\/md-5.webp\",\"contentUrl\":\"https:\\\/\\\/diariodelsurdigital.com.ar\\\/wp-content\\\/uploads\\\/2025\\\/12\\\/md-5.webp\",\"width\":992,\"height\":590},{\"@type\":\"BreadcrumbList\",\"@id\":\"https:\\\/\\\/diariodelsurdigital.com.ar\\\/?p=6095#breadcrumb\",\"itemListElement\":[{\"@type\":\"ListItem\",\"position\":1,\"name\":\"Portada\",\"item\":\"https:\\\/\\\/diariodelsurdigital.com.ar\\\/\"},{\"@type\":\"ListItem\",\"position\":2,\"name\":\"El Gobierno presenta el texto de la Reforma Laboral y avanza en otras iniciativas\"}]},{\"@type\":\"WebSite\",\"@id\":\"https:\\\/\\\/diariodelsurdigital.com.ar\\\/#website\",\"url\":\"https:\\\/\\\/diariodelsurdigital.com.ar\\\/\",\"name\":\"Diario del Sur\",\"description\":\"Digital\",\"potentialAction\":[{\"@type\":\"SearchAction\",\"target\":{\"@type\":\"EntryPoint\",\"urlTemplate\":\"https:\\\/\\\/diariodelsurdigital.com.ar\\\/?s={search_term_string}\"},\"query-input\":{\"@type\":\"PropertyValueSpecification\",\"valueRequired\":true,\"valueName\":\"search_term_string\"}}],\"inLanguage\":\"es\"},{\"@type\":\"Person\",\"@id\":\"https:\\\/\\\/diariodelsurdigital.com.ar\\\/#\\\/schema\\\/person\\\/1a4992532ed62965c968031b49195c81\",\"name\":\"Diario del Sur Digital\",\"image\":{\"@type\":\"ImageObject\",\"inLanguage\":\"es\",\"@id\":\"https:\\\/\\\/secure.gravatar.com\\\/avatar\\\/f0c7c47fc7146d19828273b9b8eda651c9c7ab583767e6338d3d3bee825adf76?s=96&d=mm&r=g\",\"url\":\"https:\\\/\\\/secure.gravatar.com\\\/avatar\\\/f0c7c47fc7146d19828273b9b8eda651c9c7ab583767e6338d3d3bee825adf76?s=96&d=mm&r=g\",\"contentUrl\":\"https:\\\/\\\/secure.gravatar.com\\\/avatar\\\/f0c7c47fc7146d19828273b9b8eda651c9c7ab583767e6338d3d3bee825adf76?s=96&d=mm&r=g\",\"caption\":\"Diario del Sur Digital\"},\"url\":\"https:\\\/\\\/diariodelsurdigital.com.ar\\\/?author=4\"}]}<\/script>\n<!-- \/ Yoast SEO plugin. -->","yoast_head_json":{"title":"El Gobierno presenta el texto de la Reforma Laboral y avanza en otras iniciativas - Diario del Sur","robots":{"index":"index","follow":"follow","max-snippet":"max-snippet:-1","max-image-preview":"max-image-preview:large","max-video-preview":"max-video-preview:-1"},"canonical":"https:\/\/diariodelsurdigital.com.ar\/?p=6095","og_locale":"es_ES","og_type":"article","og_title":"El Gobierno presenta el texto de la Reforma Laboral y avanza en otras iniciativas - Diario del Sur","og_description":"La reforma laboral ser\u00e1 presentada este martes ante el Consejo de Mayo y el Gobierno conf\u00eda en lograr una aprobaci\u00f3n r\u00e1pida en el Parlamento. La iniciativa impactar\u00e1 en los aportes sindicales y se suma a otros frentes que impulsa la Casa Rosada: la apertura a la compra de tierras por parte de extranjeros, una amplia [&hellip;]","og_url":"https:\/\/diariodelsurdigital.com.ar\/?p=6095","og_site_name":"Diario del Sur","article_published_time":"2025-12-09T12:51:59+00:00","article_modified_time":"2025-12-09T12:52:00+00:00","og_image":[{"width":992,"height":590,"url":"https:\/\/diariodelsurdigital.com.ar\/wp-content\/uploads\/2025\/12\/md-5.webp","type":"image\/webp"}],"author":"Diario del Sur Digital","twitter_card":"summary_large_image","twitter_misc":{"Escrito por":"Diario del Sur Digital","Tiempo de lectura":"5 minutos"},"schema":{"@context":"https:\/\/schema.org","@graph":[{"@type":"Article","@id":"https:\/\/diariodelsurdigital.com.ar\/?p=6095#article","isPartOf":{"@id":"https:\/\/diariodelsurdigital.com.ar\/?p=6095"},"author":{"name":"Diario del Sur Digital","@id":"https:\/\/diariodelsurdigital.com.ar\/#\/schema\/person\/1a4992532ed62965c968031b49195c81"},"headline":"El Gobierno presenta el texto de la Reforma Laboral y avanza en otras iniciativas","datePublished":"2025-12-09T12:51:59+00:00","dateModified":"2025-12-09T12:52:00+00:00","mainEntityOfPage":{"@id":"https:\/\/diariodelsurdigital.com.ar\/?p=6095"},"wordCount":1102,"commentCount":0,"image":{"@id":"https:\/\/diariodelsurdigital.com.ar\/?p=6095#primaryimage"},"thumbnailUrl":"https:\/\/diariodelsurdigital.com.ar\/wp-content\/uploads\/2025\/12\/md-5.webp","articleSection":["Nacionales","Pol\u00edtica"],"inLanguage":"es","potentialAction":[{"@type":"CommentAction","name":"Comment","target":["https:\/\/diariodelsurdigital.com.ar\/?p=6095#respond"]}]},{"@type":"WebPage","@id":"https:\/\/diariodelsurdigital.com.ar\/?p=6095","url":"https:\/\/diariodelsurdigital.com.ar\/?p=6095","name":"El Gobierno presenta el texto de la Reforma Laboral y avanza en otras iniciativas - Diario del Sur","isPartOf":{"@id":"https:\/\/diariodelsurdigital.com.ar\/#website"},"primaryImageOfPage":{"@id":"https:\/\/diariodelsurdigital.com.ar\/?p=6095#primaryimage"},"image":{"@id":"https:\/\/diariodelsurdigital.com.ar\/?p=6095#primaryimage"},"thumbnailUrl":"https:\/\/diariodelsurdigital.com.ar\/wp-content\/uploads\/2025\/12\/md-5.webp","datePublished":"2025-12-09T12:51:59+00:00","dateModified":"2025-12-09T12:52:00+00:00","author":{"@id":"https:\/\/diariodelsurdigital.com.ar\/#\/schema\/person\/1a4992532ed62965c968031b49195c81"},"breadcrumb":{"@id":"https:\/\/diariodelsurdigital.com.ar\/?p=6095#breadcrumb"},"inLanguage":"es","potentialAction":[{"@type":"ReadAction","target":["https:\/\/diariodelsurdigital.com.ar\/?p=6095"]}]},{"@type":"ImageObject","inLanguage":"es","@id":"https:\/\/diariodelsurdigital.com.ar\/?p=6095#primaryimage","url":"https:\/\/diariodelsurdigital.com.ar\/wp-content\/uploads\/2025\/12\/md-5.webp","contentUrl":"https:\/\/diariodelsurdigital.com.ar\/wp-content\/uploads\/2025\/12\/md-5.webp","width":992,"height":590},{"@type":"BreadcrumbList","@id":"https:\/\/diariodelsurdigital.com.ar\/?p=6095#breadcrumb","itemListElement":[{"@type":"ListItem","position":1,"name":"Portada","item":"https:\/\/diariodelsurdigital.com.ar\/"},{"@type":"ListItem","position":2,"name":"El Gobierno presenta el texto de la Reforma Laboral y avanza en otras iniciativas"}]},{"@type":"WebSite","@id":"https:\/\/diariodelsurdigital.com.ar\/#website","url":"https:\/\/diariodelsurdigital.com.ar\/","name":"Diario del Sur","description":"Digital","potentialAction":[{"@type":"SearchAction","target":{"@type":"EntryPoint","urlTemplate":"https:\/\/diariodelsurdigital.com.ar\/?s={search_term_string}"},"query-input":{"@type":"PropertyValueSpecification","valueRequired":true,"valueName":"search_term_string"}}],"inLanguage":"es"},{"@type":"Person","@id":"https:\/\/diariodelsurdigital.com.ar\/#\/schema\/person\/1a4992532ed62965c968031b49195c81","name":"Diario del Sur Digital","image":{"@type":"ImageObject","inLanguage":"es","@id":"https:\/\/secure.gravatar.com\/avatar\/f0c7c47fc7146d19828273b9b8eda651c9c7ab583767e6338d3d3bee825adf76?s=96&d=mm&r=g","url":"https:\/\/secure.gravatar.com\/avatar\/f0c7c47fc7146d19828273b9b8eda651c9c7ab583767e6338d3d3bee825adf76?s=96&d=mm&r=g","contentUrl":"https:\/\/secure.gravatar.com\/avatar\/f0c7c47fc7146d19828273b9b8eda651c9c7ab583767e6338d3d3bee825adf76?s=96&d=mm&r=g","caption":"Diario del Sur Digital"},"url":"https:\/\/diariodelsurdigital.com.ar\/?author=4"}]}},"_links":{"self":[{"href":"https:\/\/diariodelsurdigital.com.ar\/index.php?rest_route=\/wp\/v2\/posts\/6095","targetHints":{"allow":["GET"]}}],"collection":[{"href":"https:\/\/diariodelsurdigital.com.ar\/index.php?rest_route=\/wp\/v2\/posts"}],"about":[{"href":"https:\/\/diariodelsurdigital.com.ar\/index.php?rest_route=\/wp\/v2\/types\/post"}],"author":[{"embeddable":true,"href":"https:\/\/diariodelsurdigital.com.ar\/index.php?rest_route=\/wp\/v2\/users\/4"}],"replies":[{"embeddable":true,"href":"https:\/\/diariodelsurdigital.com.ar\/index.php?rest_route=%2Fwp%2Fv2%2Fcomments&post=6095"}],"version-history":[{"count":1,"href":"https:\/\/diariodelsurdigital.com.ar\/index.php?rest_route=\/wp\/v2\/posts\/6095\/revisions"}],"predecessor-version":[{"id":6097,"href":"https:\/\/diariodelsurdigital.com.ar\/index.php?rest_route=\/wp\/v2\/posts\/6095\/revisions\/6097"}],"wp:featuredmedia":[{"embeddable":true,"href":"https:\/\/diariodelsurdigital.com.ar\/index.php?rest_route=\/wp\/v2\/media\/6096"}],"wp:attachment":[{"href":"https:\/\/diariodelsurdigital.com.ar\/index.php?rest_route=%2Fwp%2Fv2%2Fmedia&parent=6095"}],"wp:term":[{"taxonomy":"category","embeddable":true,"href":"https:\/\/diariodelsurdigital.com.ar\/index.php?rest_route=%2Fwp%2Fv2%2Fcategories&post=6095"},{"taxonomy":"post_tag","embeddable":true,"href":"https:\/\/diariodelsurdigital.com.ar\/index.php?rest_route=%2Fwp%2Fv2%2Ftags&post=6095"}],"curies":[{"name":"wp","href":"https:\/\/api.w.org\/{rel}","templated":true}]}}