{"id":6098,"date":"2025-12-09T09:53:55","date_gmt":"2025-12-09T12:53:55","guid":{"rendered":"https:\/\/diariodelsurdigital.com.ar\/?p=6098"},"modified":"2025-12-09T09:53:56","modified_gmt":"2025-12-09T12:53:56","slug":"el-municipio-de-feliciano-asiste-a-mas-de-90-familias-afectadas-por-las-intensas-lluvias","status":"publish","type":"post","link":"https:\/\/diariodelsurdigital.com.ar\/?p=6098","title":{"rendered":"El Municipio de Feliciano asiste a m\u00e1s de 90 familias afectadas por las intensas lluvias"},"content":{"rendered":"\n<p>El intenso y persistente temporal que azot\u00f3 la localidad desde el domingo dej\u00f3 un registro de 240 mil\u00edmetros de agua ca\u00edda, provocando anegamientos generalizados y da\u00f1os en viviendas. Bajo la coordinaci\u00f3n del intendente Dami\u00e1n Ar\u00e9valo, el Municipio activ\u00f3 el protocolo de emergencia y despleg\u00f3 equipos para asistir con elementos de primera necesidad y albergar a una familia en el Polideportivo.<\/p>\n\n\n\n<p>Un intenso y persistente temporal azot\u00f3 a la localidad desde la noche del domingo, registrando un volumen excepcional de precipitaciones que asciende a 240 mil\u00edmetros de agua ca\u00edda.<\/p>\n\n\n\n<p><br>El fen\u00f3meno clim\u00e1tico gener\u00f3 m\u00faltiples anegamientos, ca\u00eddas de \u00e1rboles y afectaciones en viviendas, activando de inmediato el protocolo de emergencia municipal.<\/p>\n\n\n\n<p>Bajo la coordinaci\u00f3n del intendente Dami\u00e1n Ar\u00e9valo, los equipos de la Municipalidad de Feliciano se encuentran desplegados y trabajando sin cesar para contener la situaci\u00f3n y asistir a los vecinos afectados.<\/p>\n\n\n\n<p>Despliegue territorial y asistencia inmediata<\/p>\n\n\n\n<p>El temporal gener\u00f3 una respuesta log\u00edstica r\u00e1pida por parte de las distintas \u00e1reas municipales. Se reportaron ca\u00eddas de \u00e1rboles y ramas en varios puntos de la ciudad, as\u00ed como anegamientos significativos, con especial incidencia en la zona sur.<\/p>\n\n\n\n<p>Hasta el momento, el Municipio ha brindado asistencia directa a m\u00e1s de 90 familias que sufrieron el ingreso de agua a sus hogares y el fuerte viento, que moj\u00f3 pertenencias y afect\u00f3 sistemas de desag\u00fces.<\/p>\n\n\n\n<p>Si bien la mayor\u00eda de los afectados permanecen en sus domicilios recibiendo asistencia, se ha dispuesto el Polideportivo Municipal como centro de evacuaci\u00f3n preventivo. Actualmente, solo una familia se encuentra alojada en dicho espacio, recibiendo contenci\u00f3n y los insumos necesarios.<\/p>\n\n\n\n<p>El Intendente Ar\u00e9valo est\u00e1 al frente del operativo<\/p>\n\n\n\n<p>Ar\u00e9valo supervisa personalmente las tareas, que incluyen el despeje de calles, la evaluaci\u00f3n de da\u00f1os y la provisi\u00f3n de elementos de primera necesidad a los damnificados.<\/p>\n\n\n\n<p>La prioridad del gobierno local es salvaguardar la integridad de los vecinos y mitigar los efectos del temporal: \u00abEstamos en la calle con todo el personal disponible, priorizando la asistencia a las familias m\u00e1s vulnerables y garantizando la transitabilidad en la medida de lo posible\u201d.<\/p>\n\n\n\n<p>\u201cLa cantidad de agua ca\u00edda en pocas horas es extraordinaria, pero estamos respondiendo con la m\u00e1xima celeridad\u00bb, indicaron fuentes del Ejecutivo municipal.<\/p>\n\n\n\n<p>Canales de comunicaci\u00f3n activos<\/p>\n\n\n\n<p>El Comit\u00e9 de Crisis municipal continuar\u00e1 trabajando de manera ininterrumpida mientras persistan las condiciones meteorol\u00f3gicas adversas.<\/p>\n\n\n\n<p>Se recuerda a la poblaci\u00f3n que para reportar emergencias, solicitar asistencia o informar sobre situaciones de riesgo (\u00e1rboles ca\u00eddos, cables cortados, personas evacuadas), se encuentra disponible el n\u00famero de atenci\u00f3n al vecino: 3458 658009.<\/p>\n\n\n\n<p>Se solicita a los conductores circular con extrema precauci\u00f3n, evitar zonas anegadas y permanecer atentos a los comunicados oficiales emitidos por el municipio.<\/p>\n","protected":false},"excerpt":{"rendered":"<p>El intenso y persistente temporal que azot\u00f3 la localidad desde el domingo dej\u00f3 un registro de 240 mil\u00edmetros de agua ca\u00edda, provocando anegamientos generalizados y da\u00f1os en viviendas. Bajo la coordinaci\u00f3n del intendente Dami\u00e1n Ar\u00e9valo, el Municipio activ\u00f3 el protocolo de emergencia y despleg\u00f3 equipos para asistir con elementos de primera necesidad y albergar a [&hellip;]<\/p>\n","protected":false},"author":4,"featured_media":6099,"comment_status":"open","ping_status":"open","sticky":false,"template":"","format":"standard","meta":{"footnotes":""},"categories":[17],"tags":[],"class_list":{"0":"post-6098","1":"post","2":"type-post","3":"status-publish","4":"format-standard","5":"has-post-thumbnail","7":"category-provinciales"},"yoast_head":"<!-- This site is optimized with the Yoast SEO plugin v27.4 - https:\/\/yoast.com\/product\/yoast-seo-wordpress\/ -->\n<title>El Municipio de Feliciano asiste a m\u00e1s de 90 familias afectadas por las intensas lluvias - Diario del Sur<\/title>\n<meta name=\"robots\" content=\"index, follow, max-snippet:-1, max-image-preview:large, max-video-preview:-1\" \/>\n<link rel=\"canonical\" href=\"https:\/\/diariodelsurdigital.com.ar\/?p=6098\" \/>\n<meta property=\"og:locale\" content=\"es_ES\" \/>\n<meta property=\"og:type\" content=\"article\" \/>\n<meta property=\"og:title\" content=\"El Municipio de Feliciano asiste a m\u00e1s de 90 familias afectadas por las intensas lluvias - Diario del Sur\" \/>\n<meta property=\"og:description\" content=\"El intenso y persistente temporal que azot\u00f3 la localidad desde el domingo dej\u00f3 un registro de 240 mil\u00edmetros de agua ca\u00edda, provocando anegamientos generalizados y da\u00f1os en viviendas. Bajo la coordinaci\u00f3n del intendente Dami\u00e1n Ar\u00e9valo, el Municipio activ\u00f3 el protocolo de emergencia y despleg\u00f3 equipos para asistir con elementos de primera necesidad y albergar a [&hellip;]\" \/>\n<meta property=\"og:url\" content=\"https:\/\/diariodelsurdigital.com.ar\/?p=6098\" \/>\n<meta property=\"og:site_name\" content=\"Diario del Sur\" \/>\n<meta property=\"article:published_time\" content=\"2025-12-09T12:53:55+00:00\" \/>\n<meta property=\"article:modified_time\" content=\"2025-12-09T12:53:56+00:00\" \/>\n<meta property=\"og:image\" content=\"https:\/\/diariodelsurdigital.com.ar\/wp-content\/uploads\/2025\/12\/md-6.webp\" \/>\n\t<meta property=\"og:image:width\" content=\"855\" \/>\n\t<meta property=\"og:image:height\" content=\"992\" \/>\n\t<meta property=\"og:image:type\" content=\"image\/webp\" \/>\n<meta name=\"author\" content=\"Diario del Sur Digital\" \/>\n<meta name=\"twitter:card\" content=\"summary_large_image\" \/>\n<meta name=\"twitter:label1\" content=\"Escrito por\" \/>\n\t<meta name=\"twitter:data1\" content=\"Diario del Sur Digital\" \/>\n\t<meta name=\"twitter:label2\" content=\"Tiempo de lectura\" \/>\n\t<meta name=\"twitter:data2\" content=\"3 minutos\" \/>\n<script type=\"application\/ld+json\" class=\"yoast-schema-graph\">{\"@context\":\"https:\\\/\\\/schema.org\",\"@graph\":[{\"@type\":\"Article\",\"@id\":\"https:\\\/\\\/diariodelsurdigital.com.ar\\\/?p=6098#article\",\"isPartOf\":{\"@id\":\"https:\\\/\\\/diariodelsurdigital.com.ar\\\/?p=6098\"},\"author\":{\"name\":\"Diario del Sur Digital\",\"@id\":\"https:\\\/\\\/diariodelsurdigital.com.ar\\\/#\\\/schema\\\/person\\\/1a4992532ed62965c968031b49195c81\"},\"headline\":\"El Municipio de Feliciano asiste a m\u00e1s de 90 familias afectadas por las intensas lluvias\",\"datePublished\":\"2025-12-09T12:53:55+00:00\",\"dateModified\":\"2025-12-09T12:53:56+00:00\",\"mainEntityOfPage\":{\"@id\":\"https:\\\/\\\/diariodelsurdigital.com.ar\\\/?p=6098\"},\"wordCount\":485,\"commentCount\":0,\"image\":{\"@id\":\"https:\\\/\\\/diariodelsurdigital.com.ar\\\/?p=6098#primaryimage\"},\"thumbnailUrl\":\"https:\\\/\\\/diariodelsurdigital.com.ar\\\/wp-content\\\/uploads\\\/2025\\\/12\\\/md-6.webp\",\"articleSection\":[\"Provinciales\"],\"inLanguage\":\"es\",\"potentialAction\":[{\"@type\":\"CommentAction\",\"name\":\"Comment\",\"target\":[\"https:\\\/\\\/diariodelsurdigital.com.ar\\\/?p=6098#respond\"]}]},{\"@type\":\"WebPage\",\"@id\":\"https:\\\/\\\/diariodelsurdigital.com.ar\\\/?p=6098\",\"url\":\"https:\\\/\\\/diariodelsurdigital.com.ar\\\/?p=6098\",\"name\":\"El Municipio de Feliciano asiste a m\u00e1s de 90 familias afectadas por las intensas lluvias - Diario del Sur\",\"isPartOf\":{\"@id\":\"https:\\\/\\\/diariodelsurdigital.com.ar\\\/#website\"},\"primaryImageOfPage\":{\"@id\":\"https:\\\/\\\/diariodelsurdigital.com.ar\\\/?p=6098#primaryimage\"},\"image\":{\"@id\":\"https:\\\/\\\/diariodelsurdigital.com.ar\\\/?p=6098#primaryimage\"},\"thumbnailUrl\":\"https:\\\/\\\/diariodelsurdigital.com.ar\\\/wp-content\\\/uploads\\\/2025\\\/12\\\/md-6.webp\",\"datePublished\":\"2025-12-09T12:53:55+00:00\",\"dateModified\":\"2025-12-09T12:53:56+00:00\",\"author\":{\"@id\":\"https:\\\/\\\/diariodelsurdigital.com.ar\\\/#\\\/schema\\\/person\\\/1a4992532ed62965c968031b49195c81\"},\"breadcrumb\":{\"@id\":\"https:\\\/\\\/diariodelsurdigital.com.ar\\\/?p=6098#breadcrumb\"},\"inLanguage\":\"es\",\"potentialAction\":[{\"@type\":\"ReadAction\",\"target\":[\"https:\\\/\\\/diariodelsurdigital.com.ar\\\/?p=6098\"]}]},{\"@type\":\"ImageObject\",\"inLanguage\":\"es\",\"@id\":\"https:\\\/\\\/diariodelsurdigital.com.ar\\\/?p=6098#primaryimage\",\"url\":\"https:\\\/\\\/diariodelsurdigital.com.ar\\\/wp-content\\\/uploads\\\/2025\\\/12\\\/md-6.webp\",\"contentUrl\":\"https:\\\/\\\/diariodelsurdigital.com.ar\\\/wp-content\\\/uploads\\\/2025\\\/12\\\/md-6.webp\",\"width\":855,\"height\":992},{\"@type\":\"BreadcrumbList\",\"@id\":\"https:\\\/\\\/diariodelsurdigital.com.ar\\\/?p=6098#breadcrumb\",\"itemListElement\":[{\"@type\":\"ListItem\",\"position\":1,\"name\":\"Portada\",\"item\":\"https:\\\/\\\/diariodelsurdigital.com.ar\\\/\"},{\"@type\":\"ListItem\",\"position\":2,\"name\":\"El Municipio de Feliciano asiste a m\u00e1s de 90 familias afectadas por las intensas lluvias\"}]},{\"@type\":\"WebSite\",\"@id\":\"https:\\\/\\\/diariodelsurdigital.com.ar\\\/#website\",\"url\":\"https:\\\/\\\/diariodelsurdigital.com.ar\\\/\",\"name\":\"Diario del Sur\",\"description\":\"Digital\",\"potentialAction\":[{\"@type\":\"SearchAction\",\"target\":{\"@type\":\"EntryPoint\",\"urlTemplate\":\"https:\\\/\\\/diariodelsurdigital.com.ar\\\/?s={search_term_string}\"},\"query-input\":{\"@type\":\"PropertyValueSpecification\",\"valueRequired\":true,\"valueName\":\"search_term_string\"}}],\"inLanguage\":\"es\"},{\"@type\":\"Person\",\"@id\":\"https:\\\/\\\/diariodelsurdigital.com.ar\\\/#\\\/schema\\\/person\\\/1a4992532ed62965c968031b49195c81\",\"name\":\"Diario del Sur Digital\",\"image\":{\"@type\":\"ImageObject\",\"inLanguage\":\"es\",\"@id\":\"https:\\\/\\\/secure.gravatar.com\\\/avatar\\\/f0c7c47fc7146d19828273b9b8eda651c9c7ab583767e6338d3d3bee825adf76?s=96&d=mm&r=g\",\"url\":\"https:\\\/\\\/secure.gravatar.com\\\/avatar\\\/f0c7c47fc7146d19828273b9b8eda651c9c7ab583767e6338d3d3bee825adf76?s=96&d=mm&r=g\",\"contentUrl\":\"https:\\\/\\\/secure.gravatar.com\\\/avatar\\\/f0c7c47fc7146d19828273b9b8eda651c9c7ab583767e6338d3d3bee825adf76?s=96&d=mm&r=g\",\"caption\":\"Diario del Sur Digital\"},\"url\":\"https:\\\/\\\/diariodelsurdigital.com.ar\\\/?author=4\"}]}<\/script>\n<!-- \/ Yoast SEO plugin. -->","yoast_head_json":{"title":"El Municipio de Feliciano asiste a m\u00e1s de 90 familias afectadas por las intensas lluvias - Diario del Sur","robots":{"index":"index","follow":"follow","max-snippet":"max-snippet:-1","max-image-preview":"max-image-preview:large","max-video-preview":"max-video-preview:-1"},"canonical":"https:\/\/diariodelsurdigital.com.ar\/?p=6098","og_locale":"es_ES","og_type":"article","og_title":"El Municipio de Feliciano asiste a m\u00e1s de 90 familias afectadas por las intensas lluvias - Diario del Sur","og_description":"El intenso y persistente temporal que azot\u00f3 la localidad desde el domingo dej\u00f3 un registro de 240 mil\u00edmetros de agua ca\u00edda, provocando anegamientos generalizados y da\u00f1os en viviendas. Bajo la coordinaci\u00f3n del intendente Dami\u00e1n Ar\u00e9valo, el Municipio activ\u00f3 el protocolo de emergencia y despleg\u00f3 equipos para asistir con elementos de primera necesidad y albergar a [&hellip;]","og_url":"https:\/\/diariodelsurdigital.com.ar\/?p=6098","og_site_name":"Diario del Sur","article_published_time":"2025-12-09T12:53:55+00:00","article_modified_time":"2025-12-09T12:53:56+00:00","og_image":[{"width":855,"height":992,"url":"https:\/\/diariodelsurdigital.com.ar\/wp-content\/uploads\/2025\/12\/md-6.webp","type":"image\/webp"}],"author":"Diario del Sur Digital","twitter_card":"summary_large_image","twitter_misc":{"Escrito por":"Diario del Sur Digital","Tiempo de lectura":"3 minutos"},"schema":{"@context":"https:\/\/schema.org","@graph":[{"@type":"Article","@id":"https:\/\/diariodelsurdigital.com.ar\/?p=6098#article","isPartOf":{"@id":"https:\/\/diariodelsurdigital.com.ar\/?p=6098"},"author":{"name":"Diario del Sur Digital","@id":"https:\/\/diariodelsurdigital.com.ar\/#\/schema\/person\/1a4992532ed62965c968031b49195c81"},"headline":"El Municipio de Feliciano asiste a m\u00e1s de 90 familias afectadas por las intensas lluvias","datePublished":"2025-12-09T12:53:55+00:00","dateModified":"2025-12-09T12:53:56+00:00","mainEntityOfPage":{"@id":"https:\/\/diariodelsurdigital.com.ar\/?p=6098"},"wordCount":485,"commentCount":0,"image":{"@id":"https:\/\/diariodelsurdigital.com.ar\/?p=6098#primaryimage"},"thumbnailUrl":"https:\/\/diariodelsurdigital.com.ar\/wp-content\/uploads\/2025\/12\/md-6.webp","articleSection":["Provinciales"],"inLanguage":"es","potentialAction":[{"@type":"CommentAction","name":"Comment","target":["https:\/\/diariodelsurdigital.com.ar\/?p=6098#respond"]}]},{"@type":"WebPage","@id":"https:\/\/diariodelsurdigital.com.ar\/?p=6098","url":"https:\/\/diariodelsurdigital.com.ar\/?p=6098","name":"El Municipio de Feliciano asiste a m\u00e1s de 90 familias afectadas por las intensas lluvias - Diario del Sur","isPartOf":{"@id":"https:\/\/diariodelsurdigital.com.ar\/#website"},"primaryImageOfPage":{"@id":"https:\/\/diariodelsurdigital.com.ar\/?p=6098#primaryimage"},"image":{"@id":"https:\/\/diariodelsurdigital.com.ar\/?p=6098#primaryimage"},"thumbnailUrl":"https:\/\/diariodelsurdigital.com.ar\/wp-content\/uploads\/2025\/12\/md-6.webp","datePublished":"2025-12-09T12:53:55+00:00","dateModified":"2025-12-09T12:53:56+00:00","author":{"@id":"https:\/\/diariodelsurdigital.com.ar\/#\/schema\/person\/1a4992532ed62965c968031b49195c81"},"breadcrumb":{"@id":"https:\/\/diariodelsurdigital.com.ar\/?p=6098#breadcrumb"},"inLanguage":"es","potentialAction":[{"@type":"ReadAction","target":["https:\/\/diariodelsurdigital.com.ar\/?p=6098"]}]},{"@type":"ImageObject","inLanguage":"es","@id":"https:\/\/diariodelsurdigital.com.ar\/?p=6098#primaryimage","url":"https:\/\/diariodelsurdigital.com.ar\/wp-content\/uploads\/2025\/12\/md-6.webp","contentUrl":"https:\/\/diariodelsurdigital.com.ar\/wp-content\/uploads\/2025\/12\/md-6.webp","width":855,"height":992},{"@type":"BreadcrumbList","@id":"https:\/\/diariodelsurdigital.com.ar\/?p=6098#breadcrumb","itemListElement":[{"@type":"ListItem","position":1,"name":"Portada","item":"https:\/\/diariodelsurdigital.com.ar\/"},{"@type":"ListItem","position":2,"name":"El Municipio de Feliciano asiste a m\u00e1s de 90 familias afectadas por las intensas lluvias"}]},{"@type":"WebSite","@id":"https:\/\/diariodelsurdigital.com.ar\/#website","url":"https:\/\/diariodelsurdigital.com.ar\/","name":"Diario del Sur","description":"Digital","potentialAction":[{"@type":"SearchAction","target":{"@type":"EntryPoint","urlTemplate":"https:\/\/diariodelsurdigital.com.ar\/?s={search_term_string}"},"query-input":{"@type":"PropertyValueSpecification","valueRequired":true,"valueName":"search_term_string"}}],"inLanguage":"es"},{"@type":"Person","@id":"https:\/\/diariodelsurdigital.com.ar\/#\/schema\/person\/1a4992532ed62965c968031b49195c81","name":"Diario del Sur Digital","image":{"@type":"ImageObject","inLanguage":"es","@id":"https:\/\/secure.gravatar.com\/avatar\/f0c7c47fc7146d19828273b9b8eda651c9c7ab583767e6338d3d3bee825adf76?s=96&d=mm&r=g","url":"https:\/\/secure.gravatar.com\/avatar\/f0c7c47fc7146d19828273b9b8eda651c9c7ab583767e6338d3d3bee825adf76?s=96&d=mm&r=g","contentUrl":"https:\/\/secure.gravatar.com\/avatar\/f0c7c47fc7146d19828273b9b8eda651c9c7ab583767e6338d3d3bee825adf76?s=96&d=mm&r=g","caption":"Diario del Sur Digital"},"url":"https:\/\/diariodelsurdigital.com.ar\/?author=4"}]}},"_links":{"self":[{"href":"https:\/\/diariodelsurdigital.com.ar\/index.php?rest_route=\/wp\/v2\/posts\/6098","targetHints":{"allow":["GET"]}}],"collection":[{"href":"https:\/\/diariodelsurdigital.com.ar\/index.php?rest_route=\/wp\/v2\/posts"}],"about":[{"href":"https:\/\/diariodelsurdigital.com.ar\/index.php?rest_route=\/wp\/v2\/types\/post"}],"author":[{"embeddable":true,"href":"https:\/\/diariodelsurdigital.com.ar\/index.php?rest_route=\/wp\/v2\/users\/4"}],"replies":[{"embeddable":true,"href":"https:\/\/diariodelsurdigital.com.ar\/index.php?rest_route=%2Fwp%2Fv2%2Fcomments&post=6098"}],"version-history":[{"count":1,"href":"https:\/\/diariodelsurdigital.com.ar\/index.php?rest_route=\/wp\/v2\/posts\/6098\/revisions"}],"predecessor-version":[{"id":6100,"href":"https:\/\/diariodelsurdigital.com.ar\/index.php?rest_route=\/wp\/v2\/posts\/6098\/revisions\/6100"}],"wp:featuredmedia":[{"embeddable":true,"href":"https:\/\/diariodelsurdigital.com.ar\/index.php?rest_route=\/wp\/v2\/media\/6099"}],"wp:attachment":[{"href":"https:\/\/diariodelsurdigital.com.ar\/index.php?rest_route=%2Fwp%2Fv2%2Fmedia&parent=6098"}],"wp:term":[{"taxonomy":"category","embeddable":true,"href":"https:\/\/diariodelsurdigital.com.ar\/index.php?rest_route=%2Fwp%2Fv2%2Fcategories&post=6098"},{"taxonomy":"post_tag","embeddable":true,"href":"https:\/\/diariodelsurdigital.com.ar\/index.php?rest_route=%2Fwp%2Fv2%2Ftags&post=6098"}],"curies":[{"name":"wp","href":"https:\/\/api.w.org\/{rel}","templated":true}]}}