{"id":6101,"date":"2025-12-09T09:58:22","date_gmt":"2025-12-09T12:58:22","guid":{"rendered":"https:\/\/diariodelsurdigital.com.ar\/?p=6101"},"modified":"2025-12-09T09:58:55","modified_gmt":"2025-12-09T12:58:55","slug":"radicales-alertan-que-la-educacion-publica-entrerriana-se-encuentra-en-riesgo-real-y-cuestiono-los-silencios-complices","status":"publish","type":"post","link":"https:\/\/diariodelsurdigital.com.ar\/?p=6101","title":{"rendered":"Radicales alertan que la educaci\u00f3n p\u00fablica entrerriana se encuentra \u201cen riesgo real\u201d y cuestionan los \u201csilencios c\u00f3mplices\u201d"},"content":{"rendered":"\n<p>En un comunicado, la l\u00ednea interna de la Uni\u00f3n C\u00edvica Radical (UCR), UCR Activa Entre R\u00edos, puntualiz\u00f3 las situaciones que la llevaron a alertar que la educaci\u00f3n p\u00fablica de la provincia est\u00e1 en \u201criesgo real\u201d. Se enumer\u00f3 el cierre de profesorados, la reducci\u00f3n de cohortes y el vaciamiento de escuelas urbanas y rurales. Criticaron el \u201csilencio c\u00f3mplice\u201d del Gobierno provincial ante el proyecto del Gobierno nacional de \u201cLibertad Educativa\u201d.<\/p>\n\n\n\n<p><\/p>\n\n\n\n<p>\u201cCierran profesorados, reducen cohortes, vac\u00edan institutos y ajustan escuelas rurales. Mientras tanto avanza la &#8216;Libertad Educativa&#8217;, el proyecto que permite prescindir de docentes titulados y que habilita exactamente este escenario. Que no haya silencios c\u00f3mplices\u201d se cuestion\u00f3 desde la L\u00ednea interna de la Uni\u00f3n C\u00edvica Radical (UCR), UCR Activa Entre R\u00edos.<\/p>\n\n\n\n<p>A continuaci\u00f3n el comunicado completo:<\/p>\n\n\n\n<p>En Entre R\u00edos atravesamos un momento cr\u00edtico que ya nadie puede negar: cierre de profesorados, reducci\u00f3n de cohortes, vaciamiento de institutos superiores, y una amenaza concreta sobre la continuidad de la formaci\u00f3n docente, art\u00edstica y t\u00e9cnica, en toda la provincia. A esto se suma el ajuste que golpea a las escuelas rurales, donde el Estado ya empez\u00f3 a retirarse dejando comunidades enteras sin respuestas.<\/p>\n\n\n\n<p>Los hechos son p\u00fablicos. En Chajar\u00ed, el Profesorado de Lengua y Literatura ya fue cerrado. En el ISFD \u201cSalvador Maci\u00e1\u201d, en la localidad de Maci\u00e1, el gobierno provincial anunci\u00f3 que s\u00f3lo habilitar\u00e1 una cohorte m\u00e1s del Profesorado de Educaci\u00f3n Primaria, tras m\u00e1s de 30 a\u00f1os de continuidad. En Concordia, de tres carreras del profesorado de Ciencias Sociales, s\u00f3lo permitieron la inscripci\u00f3n a una, generando angustia y paralizaci\u00f3n institucional. En Rosario del Tala, la Escuela de Artes y M\u00fasica \u201cCes\u00e1reo Bernaldo de Quir\u00f3s\u201d, est\u00e1 en duda la continuidad de los profesorados de M\u00fasica y Artes Visuales. Situaciones similares comienzan a replicarse en otras localidades peque\u00f1as como Gobernador Mansilla, donde los institutos superiores afrontan incertidumbre laboral, acad\u00e9mica y territorial debido a la falta total de previsi\u00f3n del CGE.<\/p>\n\n\n\n<p>Hablamos de instituciones que sostienen el acceso a la educaci\u00f3n superior de miles de j\u00f3venes que no pueden trasladarse cientos de kil\u00f3metros. Hablamos de docentes cuya continuidad laboral est\u00e1 amenazada.<\/p>\n\n\n\n<p>Hablamos de comunidades que saben que cuando se cierra un profesorado, se cierra una puerta al futuro. Frente a este panorama, el Consejo General de Educaci\u00f3n y el Gobernador han respondido con lo m\u00e1s preocupante: silencio, decisiones unilaterales e inexistencia total de di\u00e1logo. No hay mesas de trabajo, no hay explicaciones pedag\u00f3gicas, no hay planificaci\u00f3n territorial. Apenas n\u00fameros fr\u00edos sobre \u201cd\u00e9ficit y super\u00e1vit\u201d docente que pretenden reemplazar la comprensi\u00f3n profunda del rol educativo en cada comunidad.<\/p>\n\n\n\n<p>Pero mientras todo esto ocurre, en Buenos Aires avanza un proyecto que completa el cuadro: la llamada \u201cLibertad Educativa\u201d. Una iniciativa que permite prescindir de docentes titulados, que desregula la formaci\u00f3n pedag\u00f3gica y que habilita que cualquier certificaci\u00f3n privada permita dar clase. Es el mismo modelo que hoy est\u00e1 vaciando la formaci\u00f3n docente en Entre R\u00edos, pero llevado al extremo. Por eso, la discusi\u00f3n deja de ser s\u00f3lo provincial. Llega al Congreso y obliga a definiciones. Y aqu\u00ed aparece un nombre inevitable: el flamante diputado nacional Dar\u00edo Schneider, afiliado radical, electo por la alianza con La Libertad Avanza. \u00bfQu\u00e9 votar\u00e1 Schneider cuando este proyecto llegue al recinto? \u00bfAcompa\u00f1ar\u00e1 una ley que habilita el cierre de profesorados, que debilita la ense\u00f1anza p\u00fablica y que contradice la tradici\u00f3n laica, federal y reformista del radicalismo?<\/p>\n\n\n\n<p>Como radicales hay otra pregunta que debemos hacernos: \u00bfQu\u00e9 posici\u00f3n tomar\u00e1 la conducci\u00f3n de la UCR Entre R\u00edos? La presidenta, Alicia Oviedo, es profesora. Conoce el aula, conoce la importancia de la formaci\u00f3n docente y conoce la tradici\u00f3n educativa del radicalismo. \u00bfGuardar\u00e1 silencio? \u00bfO pondr\u00e1 al partido del lado de las comunidades que hoy est\u00e1n siendo golpeadas por decisiones que degradan la educaci\u00f3n p\u00fablica? Hoy la educaci\u00f3n entrerriana enfrenta un retroceso que no es inevitable, pero s\u00ed urgente. Por eso, este no puede ser un momento de tibiezas ni de c\u00e1lculos partidarios: es un momento de definiciones. Les corresponde a los entrerrianos alzar la voz, defender cada instituto, cada escuela rural y cada profesor o profesora que lucha por sostener la educaci\u00f3n p\u00fablica en territorio. Tambi\u00e9n nos corresponde a las y los radicales del siglo XXI recuperar la tradici\u00f3n de lucha por la igualdad, la escuela laica, la docencia profesionalizada y la justicia educativa que forma parte del ADN del partido desde la Reforma Universitaria hasta los Congresos Pedag\u00f3gicos nacionales.<\/p>\n\n\n\n<p>Convocamos a las comunidades educativas, a las familias y a cada entrerriano a defender sus institutos, sus profesorados y sus escuelas rurales porque no hay derecho conquistado que pueda defenderse sin participaci\u00f3n ciudadana. Convocamos especialmente a la militancia radical y a la dirigencia provincial \u2014incluida la presidenta del Comit\u00e9\u2014 a recuperar la tradici\u00f3n reformista y democr\u00e1tica del partido, y a decir con claridad de qu\u00e9 lado de la historia quieren estar cuando la formaci\u00f3n docente est\u00e1 en riesgo. Porque cuando cierran profesorados y se pretende reemplazar docentes titulados por habilitaciones privadas, no se discute un tr\u00e1mite administrativo: se discute el futuro de Entre R\u00edos.<\/p>\n\n\n\n<p>Es tiempo de actuar.<\/p>\n\n\n\n<p>Es tiempo de organizarnos.<\/p>\n\n\n\n<p>Es tiempo de defender la educaci\u00f3n p\u00fablica.<\/p>\n\n\n\n<p><\/p>\n","protected":false},"excerpt":{"rendered":"<p>En un comunicado, la l\u00ednea interna de la Uni\u00f3n C\u00edvica Radical (UCR), UCR Activa Entre R\u00edos, puntualiz\u00f3 las situaciones que la llevaron a alertar que la educaci\u00f3n p\u00fablica de la provincia est\u00e1 en \u201criesgo real\u201d. Se enumer\u00f3 el cierre de profesorados, la reducci\u00f3n de cohortes y el vaciamiento de escuelas urbanas y rurales. Criticaron el [&hellip;]<\/p>\n","protected":false},"author":4,"featured_media":5720,"comment_status":"open","ping_status":"open","sticky":false,"template":"","format":"standard","meta":{"footnotes":""},"categories":[22,17],"tags":[],"class_list":{"0":"post-6101","1":"post","2":"type-post","3":"status-publish","4":"format-standard","5":"has-post-thumbnail","7":"category-politica","8":"category-provinciales"},"yoast_head":"<!-- This site is optimized with the Yoast SEO plugin v27.4 - https:\/\/yoast.com\/product\/yoast-seo-wordpress\/ -->\n<title>Radicales alertan que la educaci\u00f3n p\u00fablica entrerriana se encuentra \u201cen riesgo real\u201d y cuestionan los \u201csilencios c\u00f3mplices\u201d - Diario del Sur<\/title>\n<meta name=\"robots\" content=\"index, follow, max-snippet:-1, max-image-preview:large, max-video-preview:-1\" \/>\n<link rel=\"canonical\" href=\"https:\/\/diariodelsurdigital.com.ar\/?p=6101\" \/>\n<meta property=\"og:locale\" content=\"es_ES\" \/>\n<meta property=\"og:type\" content=\"article\" \/>\n<meta property=\"og:title\" content=\"Radicales alertan que la educaci\u00f3n p\u00fablica entrerriana se encuentra \u201cen riesgo real\u201d y cuestionan los \u201csilencios c\u00f3mplices\u201d - Diario del Sur\" \/>\n<meta property=\"og:description\" content=\"En un comunicado, la l\u00ednea interna de la Uni\u00f3n C\u00edvica Radical (UCR), UCR Activa Entre R\u00edos, puntualiz\u00f3 las situaciones que la llevaron a alertar que la educaci\u00f3n p\u00fablica de la provincia est\u00e1 en \u201criesgo real\u201d. Se enumer\u00f3 el cierre de profesorados, la reducci\u00f3n de cohortes y el vaciamiento de escuelas urbanas y rurales. Criticaron el [&hellip;]\" \/>\n<meta property=\"og:url\" content=\"https:\/\/diariodelsurdigital.com.ar\/?p=6101\" \/>\n<meta property=\"og:site_name\" content=\"Diario del Sur\" \/>\n<meta property=\"article:published_time\" content=\"2025-12-09T12:58:22+00:00\" \/>\n<meta property=\"article:modified_time\" content=\"2025-12-09T12:58:55+00:00\" \/>\n<meta property=\"og:image\" content=\"https:\/\/diariodelsurdigital.com.ar\/wp-content\/uploads\/2025\/11\/l_1722260058.jpg\" \/>\n\t<meta property=\"og:image:width\" content=\"870\" \/>\n\t<meta property=\"og:image:height\" content=\"580\" \/>\n\t<meta property=\"og:image:type\" content=\"image\/jpeg\" \/>\n<meta name=\"author\" content=\"Diario del Sur Digital\" \/>\n<meta name=\"twitter:card\" content=\"summary_large_image\" \/>\n<meta name=\"twitter:label1\" content=\"Escrito por\" \/>\n\t<meta name=\"twitter:data1\" content=\"Diario del Sur Digital\" \/>\n\t<meta name=\"twitter:label2\" content=\"Tiempo de lectura\" \/>\n\t<meta name=\"twitter:data2\" content=\"5 minutos\" \/>\n<script type=\"application\/ld+json\" class=\"yoast-schema-graph\">{\"@context\":\"https:\\\/\\\/schema.org\",\"@graph\":[{\"@type\":\"Article\",\"@id\":\"https:\\\/\\\/diariodelsurdigital.com.ar\\\/?p=6101#article\",\"isPartOf\":{\"@id\":\"https:\\\/\\\/diariodelsurdigital.com.ar\\\/?p=6101\"},\"author\":{\"name\":\"Diario del Sur Digital\",\"@id\":\"https:\\\/\\\/diariodelsurdigital.com.ar\\\/#\\\/schema\\\/person\\\/1a4992532ed62965c968031b49195c81\"},\"headline\":\"Radicales alertan que la educaci\u00f3n p\u00fablica entrerriana se encuentra \u201cen riesgo real\u201d y cuestionan los \u201csilencios c\u00f3mplices\u201d\",\"datePublished\":\"2025-12-09T12:58:22+00:00\",\"dateModified\":\"2025-12-09T12:58:55+00:00\",\"mainEntityOfPage\":{\"@id\":\"https:\\\/\\\/diariodelsurdigital.com.ar\\\/?p=6101\"},\"wordCount\":946,\"commentCount\":1,\"image\":{\"@id\":\"https:\\\/\\\/diariodelsurdigital.com.ar\\\/?p=6101#primaryimage\"},\"thumbnailUrl\":\"https:\\\/\\\/diariodelsurdigital.com.ar\\\/wp-content\\\/uploads\\\/2025\\\/11\\\/l_1722260058.jpg\",\"articleSection\":[\"Pol\u00edtica\",\"Provinciales\"],\"inLanguage\":\"es\",\"potentialAction\":[{\"@type\":\"CommentAction\",\"name\":\"Comment\",\"target\":[\"https:\\\/\\\/diariodelsurdigital.com.ar\\\/?p=6101#respond\"]}]},{\"@type\":\"WebPage\",\"@id\":\"https:\\\/\\\/diariodelsurdigital.com.ar\\\/?p=6101\",\"url\":\"https:\\\/\\\/diariodelsurdigital.com.ar\\\/?p=6101\",\"name\":\"Radicales alertan que la educaci\u00f3n p\u00fablica entrerriana se encuentra \u201cen riesgo real\u201d y cuestionan los \u201csilencios c\u00f3mplices\u201d - Diario del Sur\",\"isPartOf\":{\"@id\":\"https:\\\/\\\/diariodelsurdigital.com.ar\\\/#website\"},\"primaryImageOfPage\":{\"@id\":\"https:\\\/\\\/diariodelsurdigital.com.ar\\\/?p=6101#primaryimage\"},\"image\":{\"@id\":\"https:\\\/\\\/diariodelsurdigital.com.ar\\\/?p=6101#primaryimage\"},\"thumbnailUrl\":\"https:\\\/\\\/diariodelsurdigital.com.ar\\\/wp-content\\\/uploads\\\/2025\\\/11\\\/l_1722260058.jpg\",\"datePublished\":\"2025-12-09T12:58:22+00:00\",\"dateModified\":\"2025-12-09T12:58:55+00:00\",\"author\":{\"@id\":\"https:\\\/\\\/diariodelsurdigital.com.ar\\\/#\\\/schema\\\/person\\\/1a4992532ed62965c968031b49195c81\"},\"breadcrumb\":{\"@id\":\"https:\\\/\\\/diariodelsurdigital.com.ar\\\/?p=6101#breadcrumb\"},\"inLanguage\":\"es\",\"potentialAction\":[{\"@type\":\"ReadAction\",\"target\":[\"https:\\\/\\\/diariodelsurdigital.com.ar\\\/?p=6101\"]}]},{\"@type\":\"ImageObject\",\"inLanguage\":\"es\",\"@id\":\"https:\\\/\\\/diariodelsurdigital.com.ar\\\/?p=6101#primaryimage\",\"url\":\"https:\\\/\\\/diariodelsurdigital.com.ar\\\/wp-content\\\/uploads\\\/2025\\\/11\\\/l_1722260058.jpg\",\"contentUrl\":\"https:\\\/\\\/diariodelsurdigital.com.ar\\\/wp-content\\\/uploads\\\/2025\\\/11\\\/l_1722260058.jpg\",\"width\":870,\"height\":580},{\"@type\":\"BreadcrumbList\",\"@id\":\"https:\\\/\\\/diariodelsurdigital.com.ar\\\/?p=6101#breadcrumb\",\"itemListElement\":[{\"@type\":\"ListItem\",\"position\":1,\"name\":\"Portada\",\"item\":\"https:\\\/\\\/diariodelsurdigital.com.ar\\\/\"},{\"@type\":\"ListItem\",\"position\":2,\"name\":\"Radicales alertan que la educaci\u00f3n p\u00fablica entrerriana se encuentra \u201cen riesgo real\u201d y cuestionan los \u201csilencios c\u00f3mplices\u201d\"}]},{\"@type\":\"WebSite\",\"@id\":\"https:\\\/\\\/diariodelsurdigital.com.ar\\\/#website\",\"url\":\"https:\\\/\\\/diariodelsurdigital.com.ar\\\/\",\"name\":\"Diario del Sur\",\"description\":\"Digital\",\"potentialAction\":[{\"@type\":\"SearchAction\",\"target\":{\"@type\":\"EntryPoint\",\"urlTemplate\":\"https:\\\/\\\/diariodelsurdigital.com.ar\\\/?s={search_term_string}\"},\"query-input\":{\"@type\":\"PropertyValueSpecification\",\"valueRequired\":true,\"valueName\":\"search_term_string\"}}],\"inLanguage\":\"es\"},{\"@type\":\"Person\",\"@id\":\"https:\\\/\\\/diariodelsurdigital.com.ar\\\/#\\\/schema\\\/person\\\/1a4992532ed62965c968031b49195c81\",\"name\":\"Diario del Sur Digital\",\"image\":{\"@type\":\"ImageObject\",\"inLanguage\":\"es\",\"@id\":\"https:\\\/\\\/secure.gravatar.com\\\/avatar\\\/f0c7c47fc7146d19828273b9b8eda651c9c7ab583767e6338d3d3bee825adf76?s=96&d=mm&r=g\",\"url\":\"https:\\\/\\\/secure.gravatar.com\\\/avatar\\\/f0c7c47fc7146d19828273b9b8eda651c9c7ab583767e6338d3d3bee825adf76?s=96&d=mm&r=g\",\"contentUrl\":\"https:\\\/\\\/secure.gravatar.com\\\/avatar\\\/f0c7c47fc7146d19828273b9b8eda651c9c7ab583767e6338d3d3bee825adf76?s=96&d=mm&r=g\",\"caption\":\"Diario del Sur Digital\"},\"url\":\"https:\\\/\\\/diariodelsurdigital.com.ar\\\/?author=4\"}]}<\/script>\n<!-- \/ Yoast SEO plugin. -->","yoast_head_json":{"title":"Radicales alertan que la educaci\u00f3n p\u00fablica entrerriana se encuentra \u201cen riesgo real\u201d y cuestionan los \u201csilencios c\u00f3mplices\u201d - Diario del Sur","robots":{"index":"index","follow":"follow","max-snippet":"max-snippet:-1","max-image-preview":"max-image-preview:large","max-video-preview":"max-video-preview:-1"},"canonical":"https:\/\/diariodelsurdigital.com.ar\/?p=6101","og_locale":"es_ES","og_type":"article","og_title":"Radicales alertan que la educaci\u00f3n p\u00fablica entrerriana se encuentra \u201cen riesgo real\u201d y cuestionan los \u201csilencios c\u00f3mplices\u201d - Diario del Sur","og_description":"En un comunicado, la l\u00ednea interna de la Uni\u00f3n C\u00edvica Radical (UCR), UCR Activa Entre R\u00edos, puntualiz\u00f3 las situaciones que la llevaron a alertar que la educaci\u00f3n p\u00fablica de la provincia est\u00e1 en \u201criesgo real\u201d. Se enumer\u00f3 el cierre de profesorados, la reducci\u00f3n de cohortes y el vaciamiento de escuelas urbanas y rurales. Criticaron el [&hellip;]","og_url":"https:\/\/diariodelsurdigital.com.ar\/?p=6101","og_site_name":"Diario del Sur","article_published_time":"2025-12-09T12:58:22+00:00","article_modified_time":"2025-12-09T12:58:55+00:00","og_image":[{"width":870,"height":580,"url":"https:\/\/diariodelsurdigital.com.ar\/wp-content\/uploads\/2025\/11\/l_1722260058.jpg","type":"image\/jpeg"}],"author":"Diario del Sur Digital","twitter_card":"summary_large_image","twitter_misc":{"Escrito por":"Diario del Sur Digital","Tiempo de lectura":"5 minutos"},"schema":{"@context":"https:\/\/schema.org","@graph":[{"@type":"Article","@id":"https:\/\/diariodelsurdigital.com.ar\/?p=6101#article","isPartOf":{"@id":"https:\/\/diariodelsurdigital.com.ar\/?p=6101"},"author":{"name":"Diario del Sur Digital","@id":"https:\/\/diariodelsurdigital.com.ar\/#\/schema\/person\/1a4992532ed62965c968031b49195c81"},"headline":"Radicales alertan que la educaci\u00f3n p\u00fablica entrerriana se encuentra \u201cen riesgo real\u201d y cuestionan los \u201csilencios c\u00f3mplices\u201d","datePublished":"2025-12-09T12:58:22+00:00","dateModified":"2025-12-09T12:58:55+00:00","mainEntityOfPage":{"@id":"https:\/\/diariodelsurdigital.com.ar\/?p=6101"},"wordCount":946,"commentCount":1,"image":{"@id":"https:\/\/diariodelsurdigital.com.ar\/?p=6101#primaryimage"},"thumbnailUrl":"https:\/\/diariodelsurdigital.com.ar\/wp-content\/uploads\/2025\/11\/l_1722260058.jpg","articleSection":["Pol\u00edtica","Provinciales"],"inLanguage":"es","potentialAction":[{"@type":"CommentAction","name":"Comment","target":["https:\/\/diariodelsurdigital.com.ar\/?p=6101#respond"]}]},{"@type":"WebPage","@id":"https:\/\/diariodelsurdigital.com.ar\/?p=6101","url":"https:\/\/diariodelsurdigital.com.ar\/?p=6101","name":"Radicales alertan que la educaci\u00f3n p\u00fablica entrerriana se encuentra \u201cen riesgo real\u201d y cuestionan los \u201csilencios c\u00f3mplices\u201d - Diario del Sur","isPartOf":{"@id":"https:\/\/diariodelsurdigital.com.ar\/#website"},"primaryImageOfPage":{"@id":"https:\/\/diariodelsurdigital.com.ar\/?p=6101#primaryimage"},"image":{"@id":"https:\/\/diariodelsurdigital.com.ar\/?p=6101#primaryimage"},"thumbnailUrl":"https:\/\/diariodelsurdigital.com.ar\/wp-content\/uploads\/2025\/11\/l_1722260058.jpg","datePublished":"2025-12-09T12:58:22+00:00","dateModified":"2025-12-09T12:58:55+00:00","author":{"@id":"https:\/\/diariodelsurdigital.com.ar\/#\/schema\/person\/1a4992532ed62965c968031b49195c81"},"breadcrumb":{"@id":"https:\/\/diariodelsurdigital.com.ar\/?p=6101#breadcrumb"},"inLanguage":"es","potentialAction":[{"@type":"ReadAction","target":["https:\/\/diariodelsurdigital.com.ar\/?p=6101"]}]},{"@type":"ImageObject","inLanguage":"es","@id":"https:\/\/diariodelsurdigital.com.ar\/?p=6101#primaryimage","url":"https:\/\/diariodelsurdigital.com.ar\/wp-content\/uploads\/2025\/11\/l_1722260058.jpg","contentUrl":"https:\/\/diariodelsurdigital.com.ar\/wp-content\/uploads\/2025\/11\/l_1722260058.jpg","width":870,"height":580},{"@type":"BreadcrumbList","@id":"https:\/\/diariodelsurdigital.com.ar\/?p=6101#breadcrumb","itemListElement":[{"@type":"ListItem","position":1,"name":"Portada","item":"https:\/\/diariodelsurdigital.com.ar\/"},{"@type":"ListItem","position":2,"name":"Radicales alertan que la educaci\u00f3n p\u00fablica entrerriana se encuentra \u201cen riesgo real\u201d y cuestionan los \u201csilencios c\u00f3mplices\u201d"}]},{"@type":"WebSite","@id":"https:\/\/diariodelsurdigital.com.ar\/#website","url":"https:\/\/diariodelsurdigital.com.ar\/","name":"Diario del Sur","description":"Digital","potentialAction":[{"@type":"SearchAction","target":{"@type":"EntryPoint","urlTemplate":"https:\/\/diariodelsurdigital.com.ar\/?s={search_term_string}"},"query-input":{"@type":"PropertyValueSpecification","valueRequired":true,"valueName":"search_term_string"}}],"inLanguage":"es"},{"@type":"Person","@id":"https:\/\/diariodelsurdigital.com.ar\/#\/schema\/person\/1a4992532ed62965c968031b49195c81","name":"Diario del Sur Digital","image":{"@type":"ImageObject","inLanguage":"es","@id":"https:\/\/secure.gravatar.com\/avatar\/f0c7c47fc7146d19828273b9b8eda651c9c7ab583767e6338d3d3bee825adf76?s=96&d=mm&r=g","url":"https:\/\/secure.gravatar.com\/avatar\/f0c7c47fc7146d19828273b9b8eda651c9c7ab583767e6338d3d3bee825adf76?s=96&d=mm&r=g","contentUrl":"https:\/\/secure.gravatar.com\/avatar\/f0c7c47fc7146d19828273b9b8eda651c9c7ab583767e6338d3d3bee825adf76?s=96&d=mm&r=g","caption":"Diario del Sur Digital"},"url":"https:\/\/diariodelsurdigital.com.ar\/?author=4"}]}},"_links":{"self":[{"href":"https:\/\/diariodelsurdigital.com.ar\/index.php?rest_route=\/wp\/v2\/posts\/6101","targetHints":{"allow":["GET"]}}],"collection":[{"href":"https:\/\/diariodelsurdigital.com.ar\/index.php?rest_route=\/wp\/v2\/posts"}],"about":[{"href":"https:\/\/diariodelsurdigital.com.ar\/index.php?rest_route=\/wp\/v2\/types\/post"}],"author":[{"embeddable":true,"href":"https:\/\/diariodelsurdigital.com.ar\/index.php?rest_route=\/wp\/v2\/users\/4"}],"replies":[{"embeddable":true,"href":"https:\/\/diariodelsurdigital.com.ar\/index.php?rest_route=%2Fwp%2Fv2%2Fcomments&post=6101"}],"version-history":[{"count":2,"href":"https:\/\/diariodelsurdigital.com.ar\/index.php?rest_route=\/wp\/v2\/posts\/6101\/revisions"}],"predecessor-version":[{"id":6103,"href":"https:\/\/diariodelsurdigital.com.ar\/index.php?rest_route=\/wp\/v2\/posts\/6101\/revisions\/6103"}],"wp:featuredmedia":[{"embeddable":true,"href":"https:\/\/diariodelsurdigital.com.ar\/index.php?rest_route=\/wp\/v2\/media\/5720"}],"wp:attachment":[{"href":"https:\/\/diariodelsurdigital.com.ar\/index.php?rest_route=%2Fwp%2Fv2%2Fmedia&parent=6101"}],"wp:term":[{"taxonomy":"category","embeddable":true,"href":"https:\/\/diariodelsurdigital.com.ar\/index.php?rest_route=%2Fwp%2Fv2%2Fcategories&post=6101"},{"taxonomy":"post_tag","embeddable":true,"href":"https:\/\/diariodelsurdigital.com.ar\/index.php?rest_route=%2Fwp%2Fv2%2Ftags&post=6101"}],"curies":[{"name":"wp","href":"https:\/\/api.w.org\/{rel}","templated":true}]}}