{"id":6104,"date":"2025-12-09T18:03:31","date_gmt":"2025-12-09T21:03:31","guid":{"rendered":"https:\/\/diariodelsurdigital.com.ar\/?p=6104"},"modified":"2025-12-09T18:04:10","modified_gmt":"2025-12-09T21:04:10","slug":"un-intendente-de-cordoba-revelo-su-sueldo-y-abrio-un-debate-en-la-comunidad","status":"publish","type":"post","link":"https:\/\/diariodelsurdigital.com.ar\/?p=6104","title":{"rendered":"Un intendente de C\u00f3rdoba revel\u00f3 su sueldo y abri\u00f3 un debate en la comunidad"},"content":{"rendered":"\n<h2 class=\"wp-block-heading\">Se trata de\u00a0<strong>Facundo Manzoni<\/strong>, quien tambi\u00e9n es\u00a0<strong>productor agropecuario<\/strong>\u00a0en la localidad de\u00a0<strong>Viamonte<\/strong>. Seg\u00fan las im\u00e1genes que comparti\u00f3 a trav\u00e9s de su cuenta de\u00a0<em>Instagram<\/em>, en noviembre\u00a0<a href=\"https:\/\/viapais.com.ar\/cordoba\/un-naranjita-de-cordoba-revelo-cuanto-dinero-gana-por-mes-y-las-redes-explotaron-gracias-a-dios\/\" target=\"_blank\" rel=\"noreferrer noopener\">percibi\u00f3<\/a>\u00a0<strong>2.238.343<\/strong>.<\/h2>\n\n\n\n<p>Facundo Manzoni mostr\u00f3 su sueldo.<\/p>\n\n\n\n<p>Adem\u00e1s, lo compar\u00f3 con la remuneraci\u00f3n que recibi\u00f3 en&nbsp;<strong>mayo<\/strong>, que se ubic\u00f3 en los&nbsp;<strong>2.240.983,68 de pesos<\/strong>. Por su parte, los usuarios comentaron el carrusel de im\u00e1genes con felicitaciones y aplaudieron que la cifra se haya reducido.<img decoding=\"async\" src=\"https:\/\/img-s-msn-com.akamaized.net\/tenant\/amp\/entityid\/AA1S0YOt.img?w=768&amp;h=1023&amp;m=6\" alt=\"Facundo Manzoni, intendente de Viamonte, mostr\u00f3 su sueldo.\"><\/p>\n\n\n\n<p>Cabe destacar que, el intendente de Viamonte&nbsp;<strong>dona mensualmente su dieta a quienes m\u00e1s lo necesitan all\u00ed<\/strong>. Por ejemplo, el sueldo correspondiente a octubre se lo brind\u00f3 a la&nbsp;<strong>Parroquia Nuestra Se\u00f1ora de la Asunci\u00f3n<\/strong>, que cumpli\u00f3 90 a\u00f1os. \u201cComo gesto y premio a su hist\u00f3rico aniversario, he donado mi sueldo como intendente a esta instituci\u00f3n local. Este aporte econ\u00f3mico ser\u00e1 destinado a cubrir parte de los trabajos de revalorizaci\u00f3n de su fachada e instalaciones edilicias\u201d, explic\u00f3.<\/p>\n","protected":false},"excerpt":{"rendered":"<p>Se trata de\u00a0Facundo Manzoni, quien tambi\u00e9n es\u00a0productor agropecuario\u00a0en la localidad de\u00a0Viamonte. Seg\u00fan las im\u00e1genes que comparti\u00f3 a trav\u00e9s de su cuenta de\u00a0Instagram, en noviembre\u00a0percibi\u00f3\u00a02.238.343. Facundo Manzoni mostr\u00f3 su sueldo. Adem\u00e1s, lo compar\u00f3 con la remuneraci\u00f3n que recibi\u00f3 en&nbsp;mayo, que se ubic\u00f3 en los&nbsp;2.240.983,68 de pesos. Por su parte, los usuarios comentaron el carrusel de im\u00e1genes [&hellip;]<\/p>\n","protected":false},"author":2,"featured_media":6105,"comment_status":"open","ping_status":"open","sticky":false,"template":"","format":"standard","meta":{"footnotes":""},"categories":[19,18,1],"tags":[],"class_list":{"0":"post-6104","1":"post","2":"type-post","3":"status-publish","4":"format-standard","5":"has-post-thumbnail","7":"category-interes-general","8":"category-nacionales","9":"category-uncategorized"},"yoast_head":"<!-- This site is optimized with the Yoast SEO plugin v27.4 - https:\/\/yoast.com\/product\/yoast-seo-wordpress\/ -->\n<title>Un intendente de C\u00f3rdoba revel\u00f3 su sueldo y abri\u00f3 un debate en la comunidad - Diario del Sur<\/title>\n<meta name=\"robots\" content=\"index, follow, max-snippet:-1, max-image-preview:large, max-video-preview:-1\" \/>\n<link rel=\"canonical\" href=\"https:\/\/diariodelsurdigital.com.ar\/?p=6104\" \/>\n<meta property=\"og:locale\" content=\"es_ES\" \/>\n<meta property=\"og:type\" content=\"article\" \/>\n<meta property=\"og:title\" content=\"Un intendente de C\u00f3rdoba revel\u00f3 su sueldo y abri\u00f3 un debate en la comunidad - Diario del Sur\" \/>\n<meta property=\"og:description\" content=\"Se trata de\u00a0Facundo Manzoni, quien tambi\u00e9n es\u00a0productor agropecuario\u00a0en la localidad de\u00a0Viamonte. Seg\u00fan las im\u00e1genes que comparti\u00f3 a trav\u00e9s de su cuenta de\u00a0Instagram, en noviembre\u00a0percibi\u00f3\u00a02.238.343. Facundo Manzoni mostr\u00f3 su sueldo. Adem\u00e1s, lo compar\u00f3 con la remuneraci\u00f3n que recibi\u00f3 en&nbsp;mayo, que se ubic\u00f3 en los&nbsp;2.240.983,68 de pesos. Por su parte, los usuarios comentaron el carrusel de im\u00e1genes [&hellip;]\" \/>\n<meta property=\"og:url\" content=\"https:\/\/diariodelsurdigital.com.ar\/?p=6104\" \/>\n<meta property=\"og:site_name\" content=\"Diario del Sur\" \/>\n<meta property=\"article:published_time\" content=\"2025-12-09T21:03:31+00:00\" \/>\n<meta property=\"article:modified_time\" content=\"2025-12-09T21:04:10+00:00\" \/>\n<meta property=\"og:image\" content=\"https:\/\/diariodelsurdigital.com.ar\/wp-content\/uploads\/2025\/12\/AA1S11cu.jpeg\" \/>\n\t<meta property=\"og:image:width\" content=\"488\" \/>\n\t<meta property=\"og:image:height\" content=\"334\" \/>\n\t<meta property=\"og:image:type\" content=\"image\/jpeg\" \/>\n<meta name=\"author\" content=\"Diario del Sur Digital\" \/>\n<meta name=\"twitter:card\" content=\"summary_large_image\" \/>\n<meta name=\"twitter:label1\" content=\"Escrito por\" \/>\n\t<meta name=\"twitter:data1\" content=\"Diario del Sur Digital\" \/>\n\t<meta name=\"twitter:label2\" content=\"Tiempo de lectura\" \/>\n\t<meta name=\"twitter:data2\" content=\"2 minutos\" \/>\n<script type=\"application\/ld+json\" class=\"yoast-schema-graph\">{\"@context\":\"https:\\\/\\\/schema.org\",\"@graph\":[{\"@type\":\"Article\",\"@id\":\"https:\\\/\\\/diariodelsurdigital.com.ar\\\/?p=6104#article\",\"isPartOf\":{\"@id\":\"https:\\\/\\\/diariodelsurdigital.com.ar\\\/?p=6104\"},\"author\":{\"name\":\"Diario del Sur Digital\",\"@id\":\"https:\\\/\\\/diariodelsurdigital.com.ar\\\/#\\\/schema\\\/person\\\/6136a32571657f7dba980b88b04c5465\"},\"headline\":\"Un intendente de C\u00f3rdoba revel\u00f3 su sueldo y abri\u00f3 un debate en la comunidad\",\"datePublished\":\"2025-12-09T21:03:31+00:00\",\"dateModified\":\"2025-12-09T21:04:10+00:00\",\"mainEntityOfPage\":{\"@id\":\"https:\\\/\\\/diariodelsurdigital.com.ar\\\/?p=6104\"},\"wordCount\":182,\"commentCount\":0,\"image\":{\"@id\":\"https:\\\/\\\/diariodelsurdigital.com.ar\\\/?p=6104#primaryimage\"},\"thumbnailUrl\":\"https:\\\/\\\/diariodelsurdigital.com.ar\\\/wp-content\\\/uploads\\\/2025\\\/12\\\/AA1S11cu.jpeg\",\"articleSection\":[\"Inter\u00e9s General\",\"Nacionales\",\"Uncategorized\"],\"inLanguage\":\"es\",\"potentialAction\":[{\"@type\":\"CommentAction\",\"name\":\"Comment\",\"target\":[\"https:\\\/\\\/diariodelsurdigital.com.ar\\\/?p=6104#respond\"]}]},{\"@type\":\"WebPage\",\"@id\":\"https:\\\/\\\/diariodelsurdigital.com.ar\\\/?p=6104\",\"url\":\"https:\\\/\\\/diariodelsurdigital.com.ar\\\/?p=6104\",\"name\":\"Un intendente de C\u00f3rdoba revel\u00f3 su sueldo y abri\u00f3 un debate en la comunidad - Diario del Sur\",\"isPartOf\":{\"@id\":\"https:\\\/\\\/diariodelsurdigital.com.ar\\\/#website\"},\"primaryImageOfPage\":{\"@id\":\"https:\\\/\\\/diariodelsurdigital.com.ar\\\/?p=6104#primaryimage\"},\"image\":{\"@id\":\"https:\\\/\\\/diariodelsurdigital.com.ar\\\/?p=6104#primaryimage\"},\"thumbnailUrl\":\"https:\\\/\\\/diariodelsurdigital.com.ar\\\/wp-content\\\/uploads\\\/2025\\\/12\\\/AA1S11cu.jpeg\",\"datePublished\":\"2025-12-09T21:03:31+00:00\",\"dateModified\":\"2025-12-09T21:04:10+00:00\",\"author\":{\"@id\":\"https:\\\/\\\/diariodelsurdigital.com.ar\\\/#\\\/schema\\\/person\\\/6136a32571657f7dba980b88b04c5465\"},\"breadcrumb\":{\"@id\":\"https:\\\/\\\/diariodelsurdigital.com.ar\\\/?p=6104#breadcrumb\"},\"inLanguage\":\"es\",\"potentialAction\":[{\"@type\":\"ReadAction\",\"target\":[\"https:\\\/\\\/diariodelsurdigital.com.ar\\\/?p=6104\"]}]},{\"@type\":\"ImageObject\",\"inLanguage\":\"es\",\"@id\":\"https:\\\/\\\/diariodelsurdigital.com.ar\\\/?p=6104#primaryimage\",\"url\":\"https:\\\/\\\/diariodelsurdigital.com.ar\\\/wp-content\\\/uploads\\\/2025\\\/12\\\/AA1S11cu.jpeg\",\"contentUrl\":\"https:\\\/\\\/diariodelsurdigital.com.ar\\\/wp-content\\\/uploads\\\/2025\\\/12\\\/AA1S11cu.jpeg\",\"width\":488,\"height\":334},{\"@type\":\"BreadcrumbList\",\"@id\":\"https:\\\/\\\/diariodelsurdigital.com.ar\\\/?p=6104#breadcrumb\",\"itemListElement\":[{\"@type\":\"ListItem\",\"position\":1,\"name\":\"Portada\",\"item\":\"https:\\\/\\\/diariodelsurdigital.com.ar\\\/\"},{\"@type\":\"ListItem\",\"position\":2,\"name\":\"Un intendente de C\u00f3rdoba revel\u00f3 su sueldo y abri\u00f3 un debate en la comunidad\"}]},{\"@type\":\"WebSite\",\"@id\":\"https:\\\/\\\/diariodelsurdigital.com.ar\\\/#website\",\"url\":\"https:\\\/\\\/diariodelsurdigital.com.ar\\\/\",\"name\":\"Diario del Sur\",\"description\":\"Digital\",\"potentialAction\":[{\"@type\":\"SearchAction\",\"target\":{\"@type\":\"EntryPoint\",\"urlTemplate\":\"https:\\\/\\\/diariodelsurdigital.com.ar\\\/?s={search_term_string}\"},\"query-input\":{\"@type\":\"PropertyValueSpecification\",\"valueRequired\":true,\"valueName\":\"search_term_string\"}}],\"inLanguage\":\"es\"},{\"@type\":\"Person\",\"@id\":\"https:\\\/\\\/diariodelsurdigital.com.ar\\\/#\\\/schema\\\/person\\\/6136a32571657f7dba980b88b04c5465\",\"name\":\"Diario del Sur Digital\",\"image\":{\"@type\":\"ImageObject\",\"inLanguage\":\"es\",\"@id\":\"https:\\\/\\\/secure.gravatar.com\\\/avatar\\\/4c29ceac98541dd42460b2474aaa5dd37594d6ce6cb3cf2c101d09b48ee287ba?s=96&d=mm&r=g\",\"url\":\"https:\\\/\\\/secure.gravatar.com\\\/avatar\\\/4c29ceac98541dd42460b2474aaa5dd37594d6ce6cb3cf2c101d09b48ee287ba?s=96&d=mm&r=g\",\"contentUrl\":\"https:\\\/\\\/secure.gravatar.com\\\/avatar\\\/4c29ceac98541dd42460b2474aaa5dd37594d6ce6cb3cf2c101d09b48ee287ba?s=96&d=mm&r=g\",\"caption\":\"Diario del Sur Digital\"},\"url\":\"https:\\\/\\\/diariodelsurdigital.com.ar\\\/?author=2\"}]}<\/script>\n<!-- \/ Yoast SEO plugin. -->","yoast_head_json":{"title":"Un intendente de C\u00f3rdoba revel\u00f3 su sueldo y abri\u00f3 un debate en la comunidad - Diario del Sur","robots":{"index":"index","follow":"follow","max-snippet":"max-snippet:-1","max-image-preview":"max-image-preview:large","max-video-preview":"max-video-preview:-1"},"canonical":"https:\/\/diariodelsurdigital.com.ar\/?p=6104","og_locale":"es_ES","og_type":"article","og_title":"Un intendente de C\u00f3rdoba revel\u00f3 su sueldo y abri\u00f3 un debate en la comunidad - Diario del Sur","og_description":"Se trata de\u00a0Facundo Manzoni, quien tambi\u00e9n es\u00a0productor agropecuario\u00a0en la localidad de\u00a0Viamonte. Seg\u00fan las im\u00e1genes que comparti\u00f3 a trav\u00e9s de su cuenta de\u00a0Instagram, en noviembre\u00a0percibi\u00f3\u00a02.238.343. Facundo Manzoni mostr\u00f3 su sueldo. Adem\u00e1s, lo compar\u00f3 con la remuneraci\u00f3n que recibi\u00f3 en&nbsp;mayo, que se ubic\u00f3 en los&nbsp;2.240.983,68 de pesos. Por su parte, los usuarios comentaron el carrusel de im\u00e1genes [&hellip;]","og_url":"https:\/\/diariodelsurdigital.com.ar\/?p=6104","og_site_name":"Diario del Sur","article_published_time":"2025-12-09T21:03:31+00:00","article_modified_time":"2025-12-09T21:04:10+00:00","og_image":[{"width":488,"height":334,"url":"https:\/\/diariodelsurdigital.com.ar\/wp-content\/uploads\/2025\/12\/AA1S11cu.jpeg","type":"image\/jpeg"}],"author":"Diario del Sur Digital","twitter_card":"summary_large_image","twitter_misc":{"Escrito por":"Diario del Sur Digital","Tiempo de lectura":"2 minutos"},"schema":{"@context":"https:\/\/schema.org","@graph":[{"@type":"Article","@id":"https:\/\/diariodelsurdigital.com.ar\/?p=6104#article","isPartOf":{"@id":"https:\/\/diariodelsurdigital.com.ar\/?p=6104"},"author":{"name":"Diario del Sur Digital","@id":"https:\/\/diariodelsurdigital.com.ar\/#\/schema\/person\/6136a32571657f7dba980b88b04c5465"},"headline":"Un intendente de C\u00f3rdoba revel\u00f3 su sueldo y abri\u00f3 un debate en la comunidad","datePublished":"2025-12-09T21:03:31+00:00","dateModified":"2025-12-09T21:04:10+00:00","mainEntityOfPage":{"@id":"https:\/\/diariodelsurdigital.com.ar\/?p=6104"},"wordCount":182,"commentCount":0,"image":{"@id":"https:\/\/diariodelsurdigital.com.ar\/?p=6104#primaryimage"},"thumbnailUrl":"https:\/\/diariodelsurdigital.com.ar\/wp-content\/uploads\/2025\/12\/AA1S11cu.jpeg","articleSection":["Inter\u00e9s General","Nacionales","Uncategorized"],"inLanguage":"es","potentialAction":[{"@type":"CommentAction","name":"Comment","target":["https:\/\/diariodelsurdigital.com.ar\/?p=6104#respond"]}]},{"@type":"WebPage","@id":"https:\/\/diariodelsurdigital.com.ar\/?p=6104","url":"https:\/\/diariodelsurdigital.com.ar\/?p=6104","name":"Un intendente de C\u00f3rdoba revel\u00f3 su sueldo y abri\u00f3 un debate en la comunidad - Diario del Sur","isPartOf":{"@id":"https:\/\/diariodelsurdigital.com.ar\/#website"},"primaryImageOfPage":{"@id":"https:\/\/diariodelsurdigital.com.ar\/?p=6104#primaryimage"},"image":{"@id":"https:\/\/diariodelsurdigital.com.ar\/?p=6104#primaryimage"},"thumbnailUrl":"https:\/\/diariodelsurdigital.com.ar\/wp-content\/uploads\/2025\/12\/AA1S11cu.jpeg","datePublished":"2025-12-09T21:03:31+00:00","dateModified":"2025-12-09T21:04:10+00:00","author":{"@id":"https:\/\/diariodelsurdigital.com.ar\/#\/schema\/person\/6136a32571657f7dba980b88b04c5465"},"breadcrumb":{"@id":"https:\/\/diariodelsurdigital.com.ar\/?p=6104#breadcrumb"},"inLanguage":"es","potentialAction":[{"@type":"ReadAction","target":["https:\/\/diariodelsurdigital.com.ar\/?p=6104"]}]},{"@type":"ImageObject","inLanguage":"es","@id":"https:\/\/diariodelsurdigital.com.ar\/?p=6104#primaryimage","url":"https:\/\/diariodelsurdigital.com.ar\/wp-content\/uploads\/2025\/12\/AA1S11cu.jpeg","contentUrl":"https:\/\/diariodelsurdigital.com.ar\/wp-content\/uploads\/2025\/12\/AA1S11cu.jpeg","width":488,"height":334},{"@type":"BreadcrumbList","@id":"https:\/\/diariodelsurdigital.com.ar\/?p=6104#breadcrumb","itemListElement":[{"@type":"ListItem","position":1,"name":"Portada","item":"https:\/\/diariodelsurdigital.com.ar\/"},{"@type":"ListItem","position":2,"name":"Un intendente de C\u00f3rdoba revel\u00f3 su sueldo y abri\u00f3 un debate en la comunidad"}]},{"@type":"WebSite","@id":"https:\/\/diariodelsurdigital.com.ar\/#website","url":"https:\/\/diariodelsurdigital.com.ar\/","name":"Diario del Sur","description":"Digital","potentialAction":[{"@type":"SearchAction","target":{"@type":"EntryPoint","urlTemplate":"https:\/\/diariodelsurdigital.com.ar\/?s={search_term_string}"},"query-input":{"@type":"PropertyValueSpecification","valueRequired":true,"valueName":"search_term_string"}}],"inLanguage":"es"},{"@type":"Person","@id":"https:\/\/diariodelsurdigital.com.ar\/#\/schema\/person\/6136a32571657f7dba980b88b04c5465","name":"Diario del Sur Digital","image":{"@type":"ImageObject","inLanguage":"es","@id":"https:\/\/secure.gravatar.com\/avatar\/4c29ceac98541dd42460b2474aaa5dd37594d6ce6cb3cf2c101d09b48ee287ba?s=96&d=mm&r=g","url":"https:\/\/secure.gravatar.com\/avatar\/4c29ceac98541dd42460b2474aaa5dd37594d6ce6cb3cf2c101d09b48ee287ba?s=96&d=mm&r=g","contentUrl":"https:\/\/secure.gravatar.com\/avatar\/4c29ceac98541dd42460b2474aaa5dd37594d6ce6cb3cf2c101d09b48ee287ba?s=96&d=mm&r=g","caption":"Diario del Sur Digital"},"url":"https:\/\/diariodelsurdigital.com.ar\/?author=2"}]}},"_links":{"self":[{"href":"https:\/\/diariodelsurdigital.com.ar\/index.php?rest_route=\/wp\/v2\/posts\/6104","targetHints":{"allow":["GET"]}}],"collection":[{"href":"https:\/\/diariodelsurdigital.com.ar\/index.php?rest_route=\/wp\/v2\/posts"}],"about":[{"href":"https:\/\/diariodelsurdigital.com.ar\/index.php?rest_route=\/wp\/v2\/types\/post"}],"author":[{"embeddable":true,"href":"https:\/\/diariodelsurdigital.com.ar\/index.php?rest_route=\/wp\/v2\/users\/2"}],"replies":[{"embeddable":true,"href":"https:\/\/diariodelsurdigital.com.ar\/index.php?rest_route=%2Fwp%2Fv2%2Fcomments&post=6104"}],"version-history":[{"count":1,"href":"https:\/\/diariodelsurdigital.com.ar\/index.php?rest_route=\/wp\/v2\/posts\/6104\/revisions"}],"predecessor-version":[{"id":6106,"href":"https:\/\/diariodelsurdigital.com.ar\/index.php?rest_route=\/wp\/v2\/posts\/6104\/revisions\/6106"}],"wp:featuredmedia":[{"embeddable":true,"href":"https:\/\/diariodelsurdigital.com.ar\/index.php?rest_route=\/wp\/v2\/media\/6105"}],"wp:attachment":[{"href":"https:\/\/diariodelsurdigital.com.ar\/index.php?rest_route=%2Fwp%2Fv2%2Fmedia&parent=6104"}],"wp:term":[{"taxonomy":"category","embeddable":true,"href":"https:\/\/diariodelsurdigital.com.ar\/index.php?rest_route=%2Fwp%2Fv2%2Fcategories&post=6104"},{"taxonomy":"post_tag","embeddable":true,"href":"https:\/\/diariodelsurdigital.com.ar\/index.php?rest_route=%2Fwp%2Fv2%2Ftags&post=6104"}],"curies":[{"name":"wp","href":"https:\/\/api.w.org\/{rel}","templated":true}]}}