{"id":6108,"date":"2025-12-10T14:53:23","date_gmt":"2025-12-10T17:53:23","guid":{"rendered":"https:\/\/diariodelsurdigital.com.ar\/?p=6108"},"modified":"2025-12-10T14:53:24","modified_gmt":"2025-12-10T17:53:24","slug":"se-realizaron-movilizaciones-en-distintos-puntos-de-la-provincia-para-frenar-el-desarme-de-la-formacion-docente","status":"publish","type":"post","link":"https:\/\/diariodelsurdigital.com.ar\/?p=6108","title":{"rendered":"Se realizaron movilizaciones en distintos puntos de la provincia para frenar el \u00abdesarme\u00bb de la formaci\u00f3n docente"},"content":{"rendered":"\n<p>La Asociaci\u00f3n Gremial del Magisterio de Entre R\u00edos (Agmer) inform\u00f3 que se realizaron asambleas y protestas en distintas localidades del departamento Paran\u00e1 con el fin de manifestar el rechazo al ajuste anunciado por la Direcci\u00f3n de Educaci\u00f3n Superior de Entre R\u00edos. Alertaron que el ajuste implica el cierre de cohortes y carreras en los Institutos de Formaci\u00f3n Docente.<\/p>\n\n\n\n<p>\u201cEn contra del ajuste anunciado por la Direcci\u00f3n de Educaci\u00f3n Superior, se realizaron asambleas abiertas en defensa de los Institutos de Formaci\u00f3n Docente (IFD) en Cerrito, Hasenkamp y Mar\u00eda Grande, departamento Paran\u00e1\u201d, se\u00f1alaron desde Agmer Paran\u00e1.<\/p>\n\n\n\n<p><\/p>\n\n\n\n<p>\u201cEn contra del ajuste anunciado por la Direcci\u00f3n de Educaci\u00f3n Superior, se realizaron asambleas abiertas en defensa de los Institutos de Formaci\u00f3n Docente (IFD) en Cerrito, Hasenkamp y Mar\u00eda Grande, departamento Paran\u00e1\u201d, se\u00f1alaron desde Agmer Paran\u00e1,<\/p>\n\n\n\n<p><\/p>\n\n\n\n<p>\u201cEstas pol\u00edticas que impulsa el Gobierno de la Provincia apuntan al desarme de la formaci\u00f3n docente p\u00fablica en Entre R\u00edos y forman parte de una pol\u00edtica educativa m\u00e1s amplia que pone en riesgo el acceso de toda la poblaci\u00f3n a la educaci\u00f3n p\u00fablica de calidad en todos los niveles educativos\u201d, sostuvieron.<\/p>\n\n\n\n<p>\u201cNo al cierre de cohortes y carreras\u201d, enfatizaron desde el sindicato y se\u00f1alaron que \u201csin institutos superiores no hay docentes; sin docentes no hay ense\u00f1anza\u201d.<\/p>\n\n\n\n<p>\u201cLa defensa de la educaci\u00f3n p\u00fablica empieza con los institutos de educaci\u00f3n superior\u201d, finalizaron desde Agmer.<\/p>\n","protected":false},"excerpt":{"rendered":"<p>La Asociaci\u00f3n Gremial del Magisterio de Entre R\u00edos (Agmer) inform\u00f3 que se realizaron asambleas y protestas en distintas localidades del departamento Paran\u00e1 con el fin de manifestar el rechazo al ajuste anunciado por la Direcci\u00f3n de Educaci\u00f3n Superior de Entre R\u00edos. Alertaron que el ajuste implica el cierre de cohortes y carreras en los Institutos [&hellip;]<\/p>\n","protected":false},"author":4,"featured_media":6109,"comment_status":"open","ping_status":"open","sticky":false,"template":"","format":"standard","meta":{"footnotes":""},"categories":[19,17],"tags":[],"class_list":{"0":"post-6108","1":"post","2":"type-post","3":"status-publish","4":"format-standard","5":"has-post-thumbnail","7":"category-interes-general","8":"category-provinciales"},"yoast_head":"<!-- This site is optimized with the Yoast SEO plugin v27.4 - https:\/\/yoast.com\/product\/yoast-seo-wordpress\/ -->\n<title>Se realizaron movilizaciones en distintos puntos de la provincia para frenar el &quot;desarme&quot; de la formaci\u00f3n docente - Diario del Sur<\/title>\n<meta name=\"robots\" content=\"index, follow, max-snippet:-1, max-image-preview:large, max-video-preview:-1\" \/>\n<link rel=\"canonical\" href=\"https:\/\/diariodelsurdigital.com.ar\/?p=6108\" \/>\n<meta property=\"og:locale\" content=\"es_ES\" \/>\n<meta property=\"og:type\" content=\"article\" \/>\n<meta property=\"og:title\" content=\"Se realizaron movilizaciones en distintos puntos de la provincia para frenar el &quot;desarme&quot; de la formaci\u00f3n docente - Diario del Sur\" \/>\n<meta property=\"og:description\" content=\"La Asociaci\u00f3n Gremial del Magisterio de Entre R\u00edos (Agmer) inform\u00f3 que se realizaron asambleas y protestas en distintas localidades del departamento Paran\u00e1 con el fin de manifestar el rechazo al ajuste anunciado por la Direcci\u00f3n de Educaci\u00f3n Superior de Entre R\u00edos. Alertaron que el ajuste implica el cierre de cohortes y carreras en los Institutos [&hellip;]\" \/>\n<meta property=\"og:url\" content=\"https:\/\/diariodelsurdigital.com.ar\/?p=6108\" \/>\n<meta property=\"og:site_name\" content=\"Diario del Sur\" \/>\n<meta property=\"article:published_time\" content=\"2025-12-10T17:53:23+00:00\" \/>\n<meta property=\"article:modified_time\" content=\"2025-12-10T17:53:24+00:00\" \/>\n<meta property=\"og:image\" content=\"https:\/\/diariodelsurdigital.com.ar\/wp-content\/uploads\/2025\/12\/md-8.webp\" \/>\n\t<meta property=\"og:image:width\" content=\"992\" \/>\n\t<meta property=\"og:image:height\" content=\"558\" \/>\n\t<meta property=\"og:image:type\" content=\"image\/webp\" \/>\n<meta name=\"author\" content=\"Diario del Sur Digital\" \/>\n<meta name=\"twitter:card\" content=\"summary_large_image\" \/>\n<meta name=\"twitter:label1\" content=\"Escrito por\" \/>\n\t<meta name=\"twitter:data1\" content=\"Diario del Sur Digital\" \/>\n\t<meta name=\"twitter:label2\" content=\"Tiempo de lectura\" \/>\n\t<meta name=\"twitter:data2\" content=\"2 minutos\" \/>\n<script type=\"application\/ld+json\" class=\"yoast-schema-graph\">{\"@context\":\"https:\\\/\\\/schema.org\",\"@graph\":[{\"@type\":\"Article\",\"@id\":\"https:\\\/\\\/diariodelsurdigital.com.ar\\\/?p=6108#article\",\"isPartOf\":{\"@id\":\"https:\\\/\\\/diariodelsurdigital.com.ar\\\/?p=6108\"},\"author\":{\"name\":\"Diario del Sur Digital\",\"@id\":\"https:\\\/\\\/diariodelsurdigital.com.ar\\\/#\\\/schema\\\/person\\\/1a4992532ed62965c968031b49195c81\"},\"headline\":\"Se realizaron movilizaciones en distintos puntos de la provincia para frenar el \u00abdesarme\u00bb de la formaci\u00f3n docente\",\"datePublished\":\"2025-12-10T17:53:23+00:00\",\"dateModified\":\"2025-12-10T17:53:24+00:00\",\"mainEntityOfPage\":{\"@id\":\"https:\\\/\\\/diariodelsurdigital.com.ar\\\/?p=6108\"},\"wordCount\":270,\"commentCount\":0,\"image\":{\"@id\":\"https:\\\/\\\/diariodelsurdigital.com.ar\\\/?p=6108#primaryimage\"},\"thumbnailUrl\":\"https:\\\/\\\/diariodelsurdigital.com.ar\\\/wp-content\\\/uploads\\\/2025\\\/12\\\/md-8.webp\",\"articleSection\":[\"Inter\u00e9s General\",\"Provinciales\"],\"inLanguage\":\"es\",\"potentialAction\":[{\"@type\":\"CommentAction\",\"name\":\"Comment\",\"target\":[\"https:\\\/\\\/diariodelsurdigital.com.ar\\\/?p=6108#respond\"]}]},{\"@type\":\"WebPage\",\"@id\":\"https:\\\/\\\/diariodelsurdigital.com.ar\\\/?p=6108\",\"url\":\"https:\\\/\\\/diariodelsurdigital.com.ar\\\/?p=6108\",\"name\":\"Se realizaron movilizaciones en distintos puntos de la provincia para frenar el \\\"desarme\\\" de la formaci\u00f3n docente - Diario del Sur\",\"isPartOf\":{\"@id\":\"https:\\\/\\\/diariodelsurdigital.com.ar\\\/#website\"},\"primaryImageOfPage\":{\"@id\":\"https:\\\/\\\/diariodelsurdigital.com.ar\\\/?p=6108#primaryimage\"},\"image\":{\"@id\":\"https:\\\/\\\/diariodelsurdigital.com.ar\\\/?p=6108#primaryimage\"},\"thumbnailUrl\":\"https:\\\/\\\/diariodelsurdigital.com.ar\\\/wp-content\\\/uploads\\\/2025\\\/12\\\/md-8.webp\",\"datePublished\":\"2025-12-10T17:53:23+00:00\",\"dateModified\":\"2025-12-10T17:53:24+00:00\",\"author\":{\"@id\":\"https:\\\/\\\/diariodelsurdigital.com.ar\\\/#\\\/schema\\\/person\\\/1a4992532ed62965c968031b49195c81\"},\"breadcrumb\":{\"@id\":\"https:\\\/\\\/diariodelsurdigital.com.ar\\\/?p=6108#breadcrumb\"},\"inLanguage\":\"es\",\"potentialAction\":[{\"@type\":\"ReadAction\",\"target\":[\"https:\\\/\\\/diariodelsurdigital.com.ar\\\/?p=6108\"]}]},{\"@type\":\"ImageObject\",\"inLanguage\":\"es\",\"@id\":\"https:\\\/\\\/diariodelsurdigital.com.ar\\\/?p=6108#primaryimage\",\"url\":\"https:\\\/\\\/diariodelsurdigital.com.ar\\\/wp-content\\\/uploads\\\/2025\\\/12\\\/md-8.webp\",\"contentUrl\":\"https:\\\/\\\/diariodelsurdigital.com.ar\\\/wp-content\\\/uploads\\\/2025\\\/12\\\/md-8.webp\",\"width\":992,\"height\":558},{\"@type\":\"BreadcrumbList\",\"@id\":\"https:\\\/\\\/diariodelsurdigital.com.ar\\\/?p=6108#breadcrumb\",\"itemListElement\":[{\"@type\":\"ListItem\",\"position\":1,\"name\":\"Portada\",\"item\":\"https:\\\/\\\/diariodelsurdigital.com.ar\\\/\"},{\"@type\":\"ListItem\",\"position\":2,\"name\":\"Se realizaron movilizaciones en distintos puntos de la provincia para frenar el \u00abdesarme\u00bb de la formaci\u00f3n docente\"}]},{\"@type\":\"WebSite\",\"@id\":\"https:\\\/\\\/diariodelsurdigital.com.ar\\\/#website\",\"url\":\"https:\\\/\\\/diariodelsurdigital.com.ar\\\/\",\"name\":\"Diario del Sur\",\"description\":\"Digital\",\"potentialAction\":[{\"@type\":\"SearchAction\",\"target\":{\"@type\":\"EntryPoint\",\"urlTemplate\":\"https:\\\/\\\/diariodelsurdigital.com.ar\\\/?s={search_term_string}\"},\"query-input\":{\"@type\":\"PropertyValueSpecification\",\"valueRequired\":true,\"valueName\":\"search_term_string\"}}],\"inLanguage\":\"es\"},{\"@type\":\"Person\",\"@id\":\"https:\\\/\\\/diariodelsurdigital.com.ar\\\/#\\\/schema\\\/person\\\/1a4992532ed62965c968031b49195c81\",\"name\":\"Diario del Sur Digital\",\"image\":{\"@type\":\"ImageObject\",\"inLanguage\":\"es\",\"@id\":\"https:\\\/\\\/secure.gravatar.com\\\/avatar\\\/f0c7c47fc7146d19828273b9b8eda651c9c7ab583767e6338d3d3bee825adf76?s=96&d=mm&r=g\",\"url\":\"https:\\\/\\\/secure.gravatar.com\\\/avatar\\\/f0c7c47fc7146d19828273b9b8eda651c9c7ab583767e6338d3d3bee825adf76?s=96&d=mm&r=g\",\"contentUrl\":\"https:\\\/\\\/secure.gravatar.com\\\/avatar\\\/f0c7c47fc7146d19828273b9b8eda651c9c7ab583767e6338d3d3bee825adf76?s=96&d=mm&r=g\",\"caption\":\"Diario del Sur Digital\"},\"url\":\"https:\\\/\\\/diariodelsurdigital.com.ar\\\/?author=4\"}]}<\/script>\n<!-- \/ Yoast SEO plugin. -->","yoast_head_json":{"title":"Se realizaron movilizaciones en distintos puntos de la provincia para frenar el \"desarme\" de la formaci\u00f3n docente - Diario del Sur","robots":{"index":"index","follow":"follow","max-snippet":"max-snippet:-1","max-image-preview":"max-image-preview:large","max-video-preview":"max-video-preview:-1"},"canonical":"https:\/\/diariodelsurdigital.com.ar\/?p=6108","og_locale":"es_ES","og_type":"article","og_title":"Se realizaron movilizaciones en distintos puntos de la provincia para frenar el \"desarme\" de la formaci\u00f3n docente - Diario del Sur","og_description":"La Asociaci\u00f3n Gremial del Magisterio de Entre R\u00edos (Agmer) inform\u00f3 que se realizaron asambleas y protestas en distintas localidades del departamento Paran\u00e1 con el fin de manifestar el rechazo al ajuste anunciado por la Direcci\u00f3n de Educaci\u00f3n Superior de Entre R\u00edos. Alertaron que el ajuste implica el cierre de cohortes y carreras en los Institutos [&hellip;]","og_url":"https:\/\/diariodelsurdigital.com.ar\/?p=6108","og_site_name":"Diario del Sur","article_published_time":"2025-12-10T17:53:23+00:00","article_modified_time":"2025-12-10T17:53:24+00:00","og_image":[{"width":992,"height":558,"url":"https:\/\/diariodelsurdigital.com.ar\/wp-content\/uploads\/2025\/12\/md-8.webp","type":"image\/webp"}],"author":"Diario del Sur Digital","twitter_card":"summary_large_image","twitter_misc":{"Escrito por":"Diario del Sur Digital","Tiempo de lectura":"2 minutos"},"schema":{"@context":"https:\/\/schema.org","@graph":[{"@type":"Article","@id":"https:\/\/diariodelsurdigital.com.ar\/?p=6108#article","isPartOf":{"@id":"https:\/\/diariodelsurdigital.com.ar\/?p=6108"},"author":{"name":"Diario del Sur Digital","@id":"https:\/\/diariodelsurdigital.com.ar\/#\/schema\/person\/1a4992532ed62965c968031b49195c81"},"headline":"Se realizaron movilizaciones en distintos puntos de la provincia para frenar el \u00abdesarme\u00bb de la formaci\u00f3n docente","datePublished":"2025-12-10T17:53:23+00:00","dateModified":"2025-12-10T17:53:24+00:00","mainEntityOfPage":{"@id":"https:\/\/diariodelsurdigital.com.ar\/?p=6108"},"wordCount":270,"commentCount":0,"image":{"@id":"https:\/\/diariodelsurdigital.com.ar\/?p=6108#primaryimage"},"thumbnailUrl":"https:\/\/diariodelsurdigital.com.ar\/wp-content\/uploads\/2025\/12\/md-8.webp","articleSection":["Inter\u00e9s General","Provinciales"],"inLanguage":"es","potentialAction":[{"@type":"CommentAction","name":"Comment","target":["https:\/\/diariodelsurdigital.com.ar\/?p=6108#respond"]}]},{"@type":"WebPage","@id":"https:\/\/diariodelsurdigital.com.ar\/?p=6108","url":"https:\/\/diariodelsurdigital.com.ar\/?p=6108","name":"Se realizaron movilizaciones en distintos puntos de la provincia para frenar el \"desarme\" de la formaci\u00f3n docente - Diario del Sur","isPartOf":{"@id":"https:\/\/diariodelsurdigital.com.ar\/#website"},"primaryImageOfPage":{"@id":"https:\/\/diariodelsurdigital.com.ar\/?p=6108#primaryimage"},"image":{"@id":"https:\/\/diariodelsurdigital.com.ar\/?p=6108#primaryimage"},"thumbnailUrl":"https:\/\/diariodelsurdigital.com.ar\/wp-content\/uploads\/2025\/12\/md-8.webp","datePublished":"2025-12-10T17:53:23+00:00","dateModified":"2025-12-10T17:53:24+00:00","author":{"@id":"https:\/\/diariodelsurdigital.com.ar\/#\/schema\/person\/1a4992532ed62965c968031b49195c81"},"breadcrumb":{"@id":"https:\/\/diariodelsurdigital.com.ar\/?p=6108#breadcrumb"},"inLanguage":"es","potentialAction":[{"@type":"ReadAction","target":["https:\/\/diariodelsurdigital.com.ar\/?p=6108"]}]},{"@type":"ImageObject","inLanguage":"es","@id":"https:\/\/diariodelsurdigital.com.ar\/?p=6108#primaryimage","url":"https:\/\/diariodelsurdigital.com.ar\/wp-content\/uploads\/2025\/12\/md-8.webp","contentUrl":"https:\/\/diariodelsurdigital.com.ar\/wp-content\/uploads\/2025\/12\/md-8.webp","width":992,"height":558},{"@type":"BreadcrumbList","@id":"https:\/\/diariodelsurdigital.com.ar\/?p=6108#breadcrumb","itemListElement":[{"@type":"ListItem","position":1,"name":"Portada","item":"https:\/\/diariodelsurdigital.com.ar\/"},{"@type":"ListItem","position":2,"name":"Se realizaron movilizaciones en distintos puntos de la provincia para frenar el \u00abdesarme\u00bb de la formaci\u00f3n docente"}]},{"@type":"WebSite","@id":"https:\/\/diariodelsurdigital.com.ar\/#website","url":"https:\/\/diariodelsurdigital.com.ar\/","name":"Diario del Sur","description":"Digital","potentialAction":[{"@type":"SearchAction","target":{"@type":"EntryPoint","urlTemplate":"https:\/\/diariodelsurdigital.com.ar\/?s={search_term_string}"},"query-input":{"@type":"PropertyValueSpecification","valueRequired":true,"valueName":"search_term_string"}}],"inLanguage":"es"},{"@type":"Person","@id":"https:\/\/diariodelsurdigital.com.ar\/#\/schema\/person\/1a4992532ed62965c968031b49195c81","name":"Diario del Sur Digital","image":{"@type":"ImageObject","inLanguage":"es","@id":"https:\/\/secure.gravatar.com\/avatar\/f0c7c47fc7146d19828273b9b8eda651c9c7ab583767e6338d3d3bee825adf76?s=96&d=mm&r=g","url":"https:\/\/secure.gravatar.com\/avatar\/f0c7c47fc7146d19828273b9b8eda651c9c7ab583767e6338d3d3bee825adf76?s=96&d=mm&r=g","contentUrl":"https:\/\/secure.gravatar.com\/avatar\/f0c7c47fc7146d19828273b9b8eda651c9c7ab583767e6338d3d3bee825adf76?s=96&d=mm&r=g","caption":"Diario del Sur Digital"},"url":"https:\/\/diariodelsurdigital.com.ar\/?author=4"}]}},"_links":{"self":[{"href":"https:\/\/diariodelsurdigital.com.ar\/index.php?rest_route=\/wp\/v2\/posts\/6108","targetHints":{"allow":["GET"]}}],"collection":[{"href":"https:\/\/diariodelsurdigital.com.ar\/index.php?rest_route=\/wp\/v2\/posts"}],"about":[{"href":"https:\/\/diariodelsurdigital.com.ar\/index.php?rest_route=\/wp\/v2\/types\/post"}],"author":[{"embeddable":true,"href":"https:\/\/diariodelsurdigital.com.ar\/index.php?rest_route=\/wp\/v2\/users\/4"}],"replies":[{"embeddable":true,"href":"https:\/\/diariodelsurdigital.com.ar\/index.php?rest_route=%2Fwp%2Fv2%2Fcomments&post=6108"}],"version-history":[{"count":1,"href":"https:\/\/diariodelsurdigital.com.ar\/index.php?rest_route=\/wp\/v2\/posts\/6108\/revisions"}],"predecessor-version":[{"id":6110,"href":"https:\/\/diariodelsurdigital.com.ar\/index.php?rest_route=\/wp\/v2\/posts\/6108\/revisions\/6110"}],"wp:featuredmedia":[{"embeddable":true,"href":"https:\/\/diariodelsurdigital.com.ar\/index.php?rest_route=\/wp\/v2\/media\/6109"}],"wp:attachment":[{"href":"https:\/\/diariodelsurdigital.com.ar\/index.php?rest_route=%2Fwp%2Fv2%2Fmedia&parent=6108"}],"wp:term":[{"taxonomy":"category","embeddable":true,"href":"https:\/\/diariodelsurdigital.com.ar\/index.php?rest_route=%2Fwp%2Fv2%2Fcategories&post=6108"},{"taxonomy":"post_tag","embeddable":true,"href":"https:\/\/diariodelsurdigital.com.ar\/index.php?rest_route=%2Fwp%2Fv2%2Ftags&post=6108"}],"curies":[{"name":"wp","href":"https:\/\/api.w.org\/{rel}","templated":true}]}}