{"id":6117,"date":"2025-12-10T14:59:22","date_gmt":"2025-12-10T17:59:22","guid":{"rendered":"https:\/\/diariodelsurdigital.com.ar\/?p=6117"},"modified":"2025-12-10T14:59:23","modified_gmt":"2025-12-10T17:59:23","slug":"jubilados-se-encadenaron-al-congreso-en-contra-del-ajuste-la-estamos-pasando-mal","status":"publish","type":"post","link":"https:\/\/diariodelsurdigital.com.ar\/?p=6117","title":{"rendered":"Jubilados se encadenaron al Congreso en contra del ajuste: \u201cLa estamos pasando mal\u201d"},"content":{"rendered":"\n<p>En la previa a la marcha de todos los jueves, un grupo de jubilados realiz\u00f3 una vigilia frente al Palacio Legislativo.<\/p>\n\n\n\n<p>En la previa a la marcha de todos los mi\u00e9rcoles, un grupo de siete jubilados se encaden\u00f3 a las rejas del Congreso de la Naci\u00f3n para rechazar el ajuste de Javier Milei.<\/p>\n\n\n\n<p>La protesta comenz\u00f3 el martes a la noche con una vigilia y su intenci\u00f3n era esperar la movilizaci\u00f3n encadenados, pero a media ma\u00f1ana la Polic\u00eda Federal les inform\u00f3 que iba a cortarles las cadenas.<\/p>\n\n\n\n<p>Adem\u00e1s de mantas, reposeras y banderas de argentina, los jubilados llevaron carteles para rechazar la motosierra y llamar a m\u00e1s gente a marchar.<\/p>\n\n\n\n<p>\u201cDigamos basta, todos a la calle. Vienen por todo\u201d, dec\u00eda uno de los cartones pegados a las rejas del Congreso.<\/p>\n\n\n\n<p>En di\u00e1logo con El Destape, uno de ellos cont\u00f3 que por los recortes del PAMI a sus prestaciones y coberturas, le sacaron los medicamentos que necesita. \u201cAlgunos remedios no los tomo\u201d, explic\u00f3.<\/p>\n\n\n\n<p>\u00abTengo una orden m\u00e9dica para que me vea un cirujano, despu\u00e9s de un a\u00f1o me vieron. No hab\u00eda turno, ni m\u00e9dicos\u00bb, describi\u00f3.<\/p>\n\n\n\n<p>A continuaci\u00f3n, el hombre afirm\u00f3 que \u201cvienen las fiestas y no son para los jubilados ni los pobres\u201d porque \u201cno podemos poner lo que corresponde en la mesa\u201d.<\/p>\n\n\n\n<p>\u00abLa estamos pasando mal\u00bb, exclam\u00f3. \u201cNo puedo estar viviendo con este sueldo, no me alcanza. Dec\u00ed que tengo la casa que la hice cuando era m\u00e1s joven, si no estar\u00eda bajo un puente\u201d, sentenci\u00f3, public\u00f3 Diagonales.<\/p>\n","protected":false},"excerpt":{"rendered":"<p>En la previa a la marcha de todos los jueves, un grupo de jubilados realiz\u00f3 una vigilia frente al Palacio Legislativo. En la previa a la marcha de todos los mi\u00e9rcoles, un grupo de siete jubilados se encaden\u00f3 a las rejas del Congreso de la Naci\u00f3n para rechazar el ajuste de Javier Milei. La protesta [&hellip;]<\/p>\n","protected":false},"author":4,"featured_media":6118,"comment_status":"open","ping_status":"open","sticky":false,"template":"","format":"standard","meta":{"footnotes":""},"categories":[18],"tags":[],"class_list":{"0":"post-6117","1":"post","2":"type-post","3":"status-publish","4":"format-standard","5":"has-post-thumbnail","7":"category-nacionales"},"yoast_head":"<!-- This site is optimized with the Yoast SEO plugin v27.4 - https:\/\/yoast.com\/product\/yoast-seo-wordpress\/ -->\n<title>Jubilados se encadenaron al Congreso en contra del ajuste: \u201cLa estamos pasando mal\u201d - Diario del Sur<\/title>\n<meta name=\"robots\" content=\"index, follow, max-snippet:-1, max-image-preview:large, max-video-preview:-1\" \/>\n<link rel=\"canonical\" href=\"https:\/\/diariodelsurdigital.com.ar\/?p=6117\" \/>\n<meta property=\"og:locale\" content=\"es_ES\" \/>\n<meta property=\"og:type\" content=\"article\" \/>\n<meta property=\"og:title\" content=\"Jubilados se encadenaron al Congreso en contra del ajuste: \u201cLa estamos pasando mal\u201d - Diario del Sur\" \/>\n<meta property=\"og:description\" content=\"En la previa a la marcha de todos los jueves, un grupo de jubilados realiz\u00f3 una vigilia frente al Palacio Legislativo. En la previa a la marcha de todos los mi\u00e9rcoles, un grupo de siete jubilados se encaden\u00f3 a las rejas del Congreso de la Naci\u00f3n para rechazar el ajuste de Javier Milei. La protesta [&hellip;]\" \/>\n<meta property=\"og:url\" content=\"https:\/\/diariodelsurdigital.com.ar\/?p=6117\" \/>\n<meta property=\"og:site_name\" content=\"Diario del Sur\" \/>\n<meta property=\"article:published_time\" content=\"2025-12-10T17:59:22+00:00\" \/>\n<meta property=\"article:modified_time\" content=\"2025-12-10T17:59:23+00:00\" \/>\n<meta property=\"og:image\" content=\"https:\/\/diariodelsurdigital.com.ar\/wp-content\/uploads\/2025\/12\/md-12.webp\" \/>\n\t<meta property=\"og:image:width\" content=\"992\" \/>\n\t<meta property=\"og:image:height\" content=\"709\" \/>\n\t<meta property=\"og:image:type\" content=\"image\/webp\" \/>\n<meta name=\"author\" content=\"Diario del Sur Digital\" \/>\n<meta name=\"twitter:card\" content=\"summary_large_image\" \/>\n<meta name=\"twitter:label1\" content=\"Escrito por\" \/>\n\t<meta name=\"twitter:data1\" content=\"Diario del Sur Digital\" \/>\n\t<meta name=\"twitter:label2\" content=\"Tiempo de lectura\" \/>\n\t<meta name=\"twitter:data2\" content=\"2 minutos\" \/>\n<script type=\"application\/ld+json\" class=\"yoast-schema-graph\">{\"@context\":\"https:\\\/\\\/schema.org\",\"@graph\":[{\"@type\":\"Article\",\"@id\":\"https:\\\/\\\/diariodelsurdigital.com.ar\\\/?p=6117#article\",\"isPartOf\":{\"@id\":\"https:\\\/\\\/diariodelsurdigital.com.ar\\\/?p=6117\"},\"author\":{\"name\":\"Diario del Sur Digital\",\"@id\":\"https:\\\/\\\/diariodelsurdigital.com.ar\\\/#\\\/schema\\\/person\\\/1a4992532ed62965c968031b49195c81\"},\"headline\":\"Jubilados se encadenaron al Congreso en contra del ajuste: \u201cLa estamos pasando mal\u201d\",\"datePublished\":\"2025-12-10T17:59:22+00:00\",\"dateModified\":\"2025-12-10T17:59:23+00:00\",\"mainEntityOfPage\":{\"@id\":\"https:\\\/\\\/diariodelsurdigital.com.ar\\\/?p=6117\"},\"wordCount\":279,\"commentCount\":0,\"image\":{\"@id\":\"https:\\\/\\\/diariodelsurdigital.com.ar\\\/?p=6117#primaryimage\"},\"thumbnailUrl\":\"https:\\\/\\\/diariodelsurdigital.com.ar\\\/wp-content\\\/uploads\\\/2025\\\/12\\\/md-12.webp\",\"articleSection\":[\"Nacionales\"],\"inLanguage\":\"es\",\"potentialAction\":[{\"@type\":\"CommentAction\",\"name\":\"Comment\",\"target\":[\"https:\\\/\\\/diariodelsurdigital.com.ar\\\/?p=6117#respond\"]}]},{\"@type\":\"WebPage\",\"@id\":\"https:\\\/\\\/diariodelsurdigital.com.ar\\\/?p=6117\",\"url\":\"https:\\\/\\\/diariodelsurdigital.com.ar\\\/?p=6117\",\"name\":\"Jubilados se encadenaron al Congreso en contra del ajuste: \u201cLa estamos pasando mal\u201d - Diario del Sur\",\"isPartOf\":{\"@id\":\"https:\\\/\\\/diariodelsurdigital.com.ar\\\/#website\"},\"primaryImageOfPage\":{\"@id\":\"https:\\\/\\\/diariodelsurdigital.com.ar\\\/?p=6117#primaryimage\"},\"image\":{\"@id\":\"https:\\\/\\\/diariodelsurdigital.com.ar\\\/?p=6117#primaryimage\"},\"thumbnailUrl\":\"https:\\\/\\\/diariodelsurdigital.com.ar\\\/wp-content\\\/uploads\\\/2025\\\/12\\\/md-12.webp\",\"datePublished\":\"2025-12-10T17:59:22+00:00\",\"dateModified\":\"2025-12-10T17:59:23+00:00\",\"author\":{\"@id\":\"https:\\\/\\\/diariodelsurdigital.com.ar\\\/#\\\/schema\\\/person\\\/1a4992532ed62965c968031b49195c81\"},\"breadcrumb\":{\"@id\":\"https:\\\/\\\/diariodelsurdigital.com.ar\\\/?p=6117#breadcrumb\"},\"inLanguage\":\"es\",\"potentialAction\":[{\"@type\":\"ReadAction\",\"target\":[\"https:\\\/\\\/diariodelsurdigital.com.ar\\\/?p=6117\"]}]},{\"@type\":\"ImageObject\",\"inLanguage\":\"es\",\"@id\":\"https:\\\/\\\/diariodelsurdigital.com.ar\\\/?p=6117#primaryimage\",\"url\":\"https:\\\/\\\/diariodelsurdigital.com.ar\\\/wp-content\\\/uploads\\\/2025\\\/12\\\/md-12.webp\",\"contentUrl\":\"https:\\\/\\\/diariodelsurdigital.com.ar\\\/wp-content\\\/uploads\\\/2025\\\/12\\\/md-12.webp\",\"width\":992,\"height\":709},{\"@type\":\"BreadcrumbList\",\"@id\":\"https:\\\/\\\/diariodelsurdigital.com.ar\\\/?p=6117#breadcrumb\",\"itemListElement\":[{\"@type\":\"ListItem\",\"position\":1,\"name\":\"Portada\",\"item\":\"https:\\\/\\\/diariodelsurdigital.com.ar\\\/\"},{\"@type\":\"ListItem\",\"position\":2,\"name\":\"Jubilados se encadenaron al Congreso en contra del ajuste: \u201cLa estamos pasando mal\u201d\"}]},{\"@type\":\"WebSite\",\"@id\":\"https:\\\/\\\/diariodelsurdigital.com.ar\\\/#website\",\"url\":\"https:\\\/\\\/diariodelsurdigital.com.ar\\\/\",\"name\":\"Diario del Sur\",\"description\":\"Digital\",\"potentialAction\":[{\"@type\":\"SearchAction\",\"target\":{\"@type\":\"EntryPoint\",\"urlTemplate\":\"https:\\\/\\\/diariodelsurdigital.com.ar\\\/?s={search_term_string}\"},\"query-input\":{\"@type\":\"PropertyValueSpecification\",\"valueRequired\":true,\"valueName\":\"search_term_string\"}}],\"inLanguage\":\"es\"},{\"@type\":\"Person\",\"@id\":\"https:\\\/\\\/diariodelsurdigital.com.ar\\\/#\\\/schema\\\/person\\\/1a4992532ed62965c968031b49195c81\",\"name\":\"Diario del Sur Digital\",\"image\":{\"@type\":\"ImageObject\",\"inLanguage\":\"es\",\"@id\":\"https:\\\/\\\/secure.gravatar.com\\\/avatar\\\/f0c7c47fc7146d19828273b9b8eda651c9c7ab583767e6338d3d3bee825adf76?s=96&d=mm&r=g\",\"url\":\"https:\\\/\\\/secure.gravatar.com\\\/avatar\\\/f0c7c47fc7146d19828273b9b8eda651c9c7ab583767e6338d3d3bee825adf76?s=96&d=mm&r=g\",\"contentUrl\":\"https:\\\/\\\/secure.gravatar.com\\\/avatar\\\/f0c7c47fc7146d19828273b9b8eda651c9c7ab583767e6338d3d3bee825adf76?s=96&d=mm&r=g\",\"caption\":\"Diario del Sur Digital\"},\"url\":\"https:\\\/\\\/diariodelsurdigital.com.ar\\\/?author=4\"}]}<\/script>\n<!-- \/ Yoast SEO plugin. -->","yoast_head_json":{"title":"Jubilados se encadenaron al Congreso en contra del ajuste: \u201cLa estamos pasando mal\u201d - Diario del Sur","robots":{"index":"index","follow":"follow","max-snippet":"max-snippet:-1","max-image-preview":"max-image-preview:large","max-video-preview":"max-video-preview:-1"},"canonical":"https:\/\/diariodelsurdigital.com.ar\/?p=6117","og_locale":"es_ES","og_type":"article","og_title":"Jubilados se encadenaron al Congreso en contra del ajuste: \u201cLa estamos pasando mal\u201d - Diario del Sur","og_description":"En la previa a la marcha de todos los jueves, un grupo de jubilados realiz\u00f3 una vigilia frente al Palacio Legislativo. En la previa a la marcha de todos los mi\u00e9rcoles, un grupo de siete jubilados se encaden\u00f3 a las rejas del Congreso de la Naci\u00f3n para rechazar el ajuste de Javier Milei. La protesta [&hellip;]","og_url":"https:\/\/diariodelsurdigital.com.ar\/?p=6117","og_site_name":"Diario del Sur","article_published_time":"2025-12-10T17:59:22+00:00","article_modified_time":"2025-12-10T17:59:23+00:00","og_image":[{"width":992,"height":709,"url":"https:\/\/diariodelsurdigital.com.ar\/wp-content\/uploads\/2025\/12\/md-12.webp","type":"image\/webp"}],"author":"Diario del Sur Digital","twitter_card":"summary_large_image","twitter_misc":{"Escrito por":"Diario del Sur Digital","Tiempo de lectura":"2 minutos"},"schema":{"@context":"https:\/\/schema.org","@graph":[{"@type":"Article","@id":"https:\/\/diariodelsurdigital.com.ar\/?p=6117#article","isPartOf":{"@id":"https:\/\/diariodelsurdigital.com.ar\/?p=6117"},"author":{"name":"Diario del Sur Digital","@id":"https:\/\/diariodelsurdigital.com.ar\/#\/schema\/person\/1a4992532ed62965c968031b49195c81"},"headline":"Jubilados se encadenaron al Congreso en contra del ajuste: \u201cLa estamos pasando mal\u201d","datePublished":"2025-12-10T17:59:22+00:00","dateModified":"2025-12-10T17:59:23+00:00","mainEntityOfPage":{"@id":"https:\/\/diariodelsurdigital.com.ar\/?p=6117"},"wordCount":279,"commentCount":0,"image":{"@id":"https:\/\/diariodelsurdigital.com.ar\/?p=6117#primaryimage"},"thumbnailUrl":"https:\/\/diariodelsurdigital.com.ar\/wp-content\/uploads\/2025\/12\/md-12.webp","articleSection":["Nacionales"],"inLanguage":"es","potentialAction":[{"@type":"CommentAction","name":"Comment","target":["https:\/\/diariodelsurdigital.com.ar\/?p=6117#respond"]}]},{"@type":"WebPage","@id":"https:\/\/diariodelsurdigital.com.ar\/?p=6117","url":"https:\/\/diariodelsurdigital.com.ar\/?p=6117","name":"Jubilados se encadenaron al Congreso en contra del ajuste: \u201cLa estamos pasando mal\u201d - Diario del Sur","isPartOf":{"@id":"https:\/\/diariodelsurdigital.com.ar\/#website"},"primaryImageOfPage":{"@id":"https:\/\/diariodelsurdigital.com.ar\/?p=6117#primaryimage"},"image":{"@id":"https:\/\/diariodelsurdigital.com.ar\/?p=6117#primaryimage"},"thumbnailUrl":"https:\/\/diariodelsurdigital.com.ar\/wp-content\/uploads\/2025\/12\/md-12.webp","datePublished":"2025-12-10T17:59:22+00:00","dateModified":"2025-12-10T17:59:23+00:00","author":{"@id":"https:\/\/diariodelsurdigital.com.ar\/#\/schema\/person\/1a4992532ed62965c968031b49195c81"},"breadcrumb":{"@id":"https:\/\/diariodelsurdigital.com.ar\/?p=6117#breadcrumb"},"inLanguage":"es","potentialAction":[{"@type":"ReadAction","target":["https:\/\/diariodelsurdigital.com.ar\/?p=6117"]}]},{"@type":"ImageObject","inLanguage":"es","@id":"https:\/\/diariodelsurdigital.com.ar\/?p=6117#primaryimage","url":"https:\/\/diariodelsurdigital.com.ar\/wp-content\/uploads\/2025\/12\/md-12.webp","contentUrl":"https:\/\/diariodelsurdigital.com.ar\/wp-content\/uploads\/2025\/12\/md-12.webp","width":992,"height":709},{"@type":"BreadcrumbList","@id":"https:\/\/diariodelsurdigital.com.ar\/?p=6117#breadcrumb","itemListElement":[{"@type":"ListItem","position":1,"name":"Portada","item":"https:\/\/diariodelsurdigital.com.ar\/"},{"@type":"ListItem","position":2,"name":"Jubilados se encadenaron al Congreso en contra del ajuste: \u201cLa estamos pasando mal\u201d"}]},{"@type":"WebSite","@id":"https:\/\/diariodelsurdigital.com.ar\/#website","url":"https:\/\/diariodelsurdigital.com.ar\/","name":"Diario del Sur","description":"Digital","potentialAction":[{"@type":"SearchAction","target":{"@type":"EntryPoint","urlTemplate":"https:\/\/diariodelsurdigital.com.ar\/?s={search_term_string}"},"query-input":{"@type":"PropertyValueSpecification","valueRequired":true,"valueName":"search_term_string"}}],"inLanguage":"es"},{"@type":"Person","@id":"https:\/\/diariodelsurdigital.com.ar\/#\/schema\/person\/1a4992532ed62965c968031b49195c81","name":"Diario del Sur Digital","image":{"@type":"ImageObject","inLanguage":"es","@id":"https:\/\/secure.gravatar.com\/avatar\/f0c7c47fc7146d19828273b9b8eda651c9c7ab583767e6338d3d3bee825adf76?s=96&d=mm&r=g","url":"https:\/\/secure.gravatar.com\/avatar\/f0c7c47fc7146d19828273b9b8eda651c9c7ab583767e6338d3d3bee825adf76?s=96&d=mm&r=g","contentUrl":"https:\/\/secure.gravatar.com\/avatar\/f0c7c47fc7146d19828273b9b8eda651c9c7ab583767e6338d3d3bee825adf76?s=96&d=mm&r=g","caption":"Diario del Sur Digital"},"url":"https:\/\/diariodelsurdigital.com.ar\/?author=4"}]}},"_links":{"self":[{"href":"https:\/\/diariodelsurdigital.com.ar\/index.php?rest_route=\/wp\/v2\/posts\/6117","targetHints":{"allow":["GET"]}}],"collection":[{"href":"https:\/\/diariodelsurdigital.com.ar\/index.php?rest_route=\/wp\/v2\/posts"}],"about":[{"href":"https:\/\/diariodelsurdigital.com.ar\/index.php?rest_route=\/wp\/v2\/types\/post"}],"author":[{"embeddable":true,"href":"https:\/\/diariodelsurdigital.com.ar\/index.php?rest_route=\/wp\/v2\/users\/4"}],"replies":[{"embeddable":true,"href":"https:\/\/diariodelsurdigital.com.ar\/index.php?rest_route=%2Fwp%2Fv2%2Fcomments&post=6117"}],"version-history":[{"count":1,"href":"https:\/\/diariodelsurdigital.com.ar\/index.php?rest_route=\/wp\/v2\/posts\/6117\/revisions"}],"predecessor-version":[{"id":6119,"href":"https:\/\/diariodelsurdigital.com.ar\/index.php?rest_route=\/wp\/v2\/posts\/6117\/revisions\/6119"}],"wp:featuredmedia":[{"embeddable":true,"href":"https:\/\/diariodelsurdigital.com.ar\/index.php?rest_route=\/wp\/v2\/media\/6118"}],"wp:attachment":[{"href":"https:\/\/diariodelsurdigital.com.ar\/index.php?rest_route=%2Fwp%2Fv2%2Fmedia&parent=6117"}],"wp:term":[{"taxonomy":"category","embeddable":true,"href":"https:\/\/diariodelsurdigital.com.ar\/index.php?rest_route=%2Fwp%2Fv2%2Fcategories&post=6117"},{"taxonomy":"post_tag","embeddable":true,"href":"https:\/\/diariodelsurdigital.com.ar\/index.php?rest_route=%2Fwp%2Fv2%2Ftags&post=6117"}],"curies":[{"name":"wp","href":"https:\/\/api.w.org\/{rel}","templated":true}]}}