{"id":6121,"date":"2025-12-11T10:22:13","date_gmt":"2025-12-11T13:22:13","guid":{"rendered":"https:\/\/diariodelsurdigital.com.ar\/?p=6121"},"modified":"2025-12-11T10:22:14","modified_gmt":"2025-12-11T13:22:14","slug":"nogoya-activo-el-protocolo-sanitario-ante-un-nuevo-caso-sospechoso-de-sarampion-en-entre-rios","status":"publish","type":"post","link":"https:\/\/diariodelsurdigital.com.ar\/?p=6121","title":{"rendered":"Nogoy\u00e1 activ\u00f3 el protocolo sanitario ante un nuevo caso sospechoso de sarampi\u00f3n en Entre R\u00edos"},"content":{"rendered":"\n<p>El Hospital San Blas de Nogoy\u00e1 activ\u00f3 este lunes el protocolo sanitario previsto para casos sospechosos de sarampi\u00f3n, luego de detectar una situaci\u00f3n que oblig\u00f3 a implementar de inmediato medidas de bloqueo y control epidemiol\u00f3gico. La intervenci\u00f3n se dio en el marco de la alerta que atraviesa la provincia, donde en los \u00faltimos d\u00edas se confirm\u00f3 un caso en la localidad de Santa Elena.<\/p>\n\n\n\n<p>Seg\u00fan informaron desde el establecimiento, el operativo incluy\u00f3 un bloqueo domiciliario inicial y una reorganizaci\u00f3n preventiva en la guardia del hospital, con el objetivo de identificar posibles contactos y evitar que personas expuestas ingresaran sin supervisi\u00f3n. El trabajo se extendi\u00f3 al territorio, donde los equipos de salud evaluaron s\u00edntomas, antecedentes de viaje y esquemas de vacunaci\u00f3n en un radio aproximado de cinco manzanas alrededor del domicilio del caso sospechoso.<\/p>\n\n\n\n<p>La intervenci\u00f3n se desarrolla de manera articulada con la Municipalidad de Nogoy\u00e1, lo que permite ampliar el alcance de las acciones de vigilancia y brindar acompa\u00f1amiento a las familias involucradas. Desde el hospital recordaron que, debido a la alta contagiosidad del virus del sarampi\u00f3n, cualquier situaci\u00f3n sospechosa requiere de una respuesta inmediata basada en el control de contactos y en la verificaci\u00f3n de la cobertura de la vacuna triple viral.<\/p>\n\n\n\n<p>Las autoridades sanitarias insistieron en la necesidad de mantener actualizados los esquemas de vacunaci\u00f3n, especialmente en ni\u00f1os y ni\u00f1as menores de 5 a\u00f1os, quienes forman parte del grupo m\u00e1s vulnerable ante esta enfermedad.<\/p>\n\n\n\n<p>El caso confirmado en Santa Elena<br>El refuerzo de los controles en Nogoy\u00e1 ocurre pocos d\u00edas despu\u00e9s de que el Ministerio de Salud de Entre R\u00edos confirmara un caso de sarampi\u00f3n en Santa Elena, el primero registrado en el pa\u00eds desde la semana epidemiol\u00f3gica 26. Se trata de un ni\u00f1o de 2 a\u00f1os y 4 meses que inici\u00f3 s\u00edntomas el 24 de noviembre, con fiebre, exantema generalizado y signos respiratorios altos.<\/p>\n\n\n\n<p>El menor realiz\u00f3 su primera consulta m\u00e9dica el 26 de noviembre, momento en que se tomaron las muestras para diagn\u00f3stico. Si bien los estudios provinciales arrojaron resultados indeterminados, el Laboratorio Nacional de Referencia de la ANLIS Malbr\u00e1n confirm\u00f3 la presencia del virus mediante rt-PCR en una muestra nasofar\u00edngea.<\/p>\n\n\n\n<p>La investigaci\u00f3n epidemiol\u00f3gica detect\u00f3 un antecedente de viaje a la ciudad de Casilda, Santa Fe, entre el 14 y 15 de noviembre. Los contactos estrechos fueron identificados y permanecen bajo seguimiento activo, con indicaciones de aislamiento seg\u00fan el tipo de exposici\u00f3n. El ni\u00f1o cuenta con una dosis de vacuna triple viral aplicada en noviembre de 2024, no presenta comorbilidades y permanece cl\u00ednicamente estable en aislamiento domiciliario junto a su familia.<\/p>\n\n\n\n<p>Las autoridades provinciales y nacionales contin\u00faan trabajando de manera conjunta para contener la posible propagaci\u00f3n del virus, reforzar la vigilancia y garantizar la investigaci\u00f3n epidemiol\u00f3gica en la zona.<\/p>\n","protected":false},"excerpt":{"rendered":"<p>El Hospital San Blas de Nogoy\u00e1 activ\u00f3 este lunes el protocolo sanitario previsto para casos sospechosos de sarampi\u00f3n, luego de detectar una situaci\u00f3n que oblig\u00f3 a implementar de inmediato medidas de bloqueo y control epidemiol\u00f3gico. La intervenci\u00f3n se dio en el marco de la alerta que atraviesa la provincia, donde en los \u00faltimos d\u00edas se [&hellip;]<\/p>\n","protected":false},"author":4,"featured_media":6122,"comment_status":"open","ping_status":"open","sticky":false,"template":"","format":"standard","meta":{"footnotes":""},"categories":[19,17],"tags":[],"class_list":{"0":"post-6121","1":"post","2":"type-post","3":"status-publish","4":"format-standard","5":"has-post-thumbnail","7":"category-interes-general","8":"category-provinciales"},"yoast_head":"<!-- This site is optimized with the Yoast SEO plugin v27.4 - https:\/\/yoast.com\/product\/yoast-seo-wordpress\/ -->\n<title>Nogoy\u00e1 activ\u00f3 el protocolo sanitario ante un nuevo caso sospechoso de sarampi\u00f3n en Entre R\u00edos - Diario del Sur<\/title>\n<meta name=\"robots\" content=\"index, follow, max-snippet:-1, max-image-preview:large, max-video-preview:-1\" \/>\n<link rel=\"canonical\" href=\"https:\/\/diariodelsurdigital.com.ar\/?p=6121\" \/>\n<meta property=\"og:locale\" content=\"es_ES\" \/>\n<meta property=\"og:type\" content=\"article\" \/>\n<meta property=\"og:title\" content=\"Nogoy\u00e1 activ\u00f3 el protocolo sanitario ante un nuevo caso sospechoso de sarampi\u00f3n en Entre R\u00edos - Diario del Sur\" \/>\n<meta property=\"og:description\" content=\"El Hospital San Blas de Nogoy\u00e1 activ\u00f3 este lunes el protocolo sanitario previsto para casos sospechosos de sarampi\u00f3n, luego de detectar una situaci\u00f3n que oblig\u00f3 a implementar de inmediato medidas de bloqueo y control epidemiol\u00f3gico. La intervenci\u00f3n se dio en el marco de la alerta que atraviesa la provincia, donde en los \u00faltimos d\u00edas se [&hellip;]\" \/>\n<meta property=\"og:url\" content=\"https:\/\/diariodelsurdigital.com.ar\/?p=6121\" \/>\n<meta property=\"og:site_name\" content=\"Diario del Sur\" \/>\n<meta property=\"article:published_time\" content=\"2025-12-11T13:22:13+00:00\" \/>\n<meta property=\"article:modified_time\" content=\"2025-12-11T13:22:14+00:00\" \/>\n<meta property=\"og:image\" content=\"https:\/\/diariodelsurdigital.com.ar\/wp-content\/uploads\/2025\/12\/md-13.webp\" \/>\n\t<meta property=\"og:image:width\" content=\"992\" \/>\n\t<meta property=\"og:image:height\" content=\"555\" \/>\n\t<meta property=\"og:image:type\" content=\"image\/webp\" \/>\n<meta name=\"author\" content=\"Diario del Sur Digital\" \/>\n<meta name=\"twitter:card\" content=\"summary_large_image\" \/>\n<meta name=\"twitter:label1\" content=\"Escrito por\" \/>\n\t<meta name=\"twitter:data1\" content=\"Diario del Sur Digital\" \/>\n\t<meta name=\"twitter:label2\" content=\"Tiempo de lectura\" \/>\n\t<meta name=\"twitter:data2\" content=\"3 minutos\" \/>\n<script type=\"application\/ld+json\" class=\"yoast-schema-graph\">{\"@context\":\"https:\\\/\\\/schema.org\",\"@graph\":[{\"@type\":\"Article\",\"@id\":\"https:\\\/\\\/diariodelsurdigital.com.ar\\\/?p=6121#article\",\"isPartOf\":{\"@id\":\"https:\\\/\\\/diariodelsurdigital.com.ar\\\/?p=6121\"},\"author\":{\"name\":\"Diario del Sur Digital\",\"@id\":\"https:\\\/\\\/diariodelsurdigital.com.ar\\\/#\\\/schema\\\/person\\\/1a4992532ed62965c968031b49195c81\"},\"headline\":\"Nogoy\u00e1 activ\u00f3 el protocolo sanitario ante un nuevo caso sospechoso de sarampi\u00f3n en Entre R\u00edos\",\"datePublished\":\"2025-12-11T13:22:13+00:00\",\"dateModified\":\"2025-12-11T13:22:14+00:00\",\"mainEntityOfPage\":{\"@id\":\"https:\\\/\\\/diariodelsurdigital.com.ar\\\/?p=6121\"},\"wordCount\":503,\"commentCount\":0,\"image\":{\"@id\":\"https:\\\/\\\/diariodelsurdigital.com.ar\\\/?p=6121#primaryimage\"},\"thumbnailUrl\":\"https:\\\/\\\/diariodelsurdigital.com.ar\\\/wp-content\\\/uploads\\\/2025\\\/12\\\/md-13.webp\",\"articleSection\":[\"Inter\u00e9s General\",\"Provinciales\"],\"inLanguage\":\"es\",\"potentialAction\":[{\"@type\":\"CommentAction\",\"name\":\"Comment\",\"target\":[\"https:\\\/\\\/diariodelsurdigital.com.ar\\\/?p=6121#respond\"]}]},{\"@type\":\"WebPage\",\"@id\":\"https:\\\/\\\/diariodelsurdigital.com.ar\\\/?p=6121\",\"url\":\"https:\\\/\\\/diariodelsurdigital.com.ar\\\/?p=6121\",\"name\":\"Nogoy\u00e1 activ\u00f3 el protocolo sanitario ante un nuevo caso sospechoso de sarampi\u00f3n en Entre R\u00edos - Diario del Sur\",\"isPartOf\":{\"@id\":\"https:\\\/\\\/diariodelsurdigital.com.ar\\\/#website\"},\"primaryImageOfPage\":{\"@id\":\"https:\\\/\\\/diariodelsurdigital.com.ar\\\/?p=6121#primaryimage\"},\"image\":{\"@id\":\"https:\\\/\\\/diariodelsurdigital.com.ar\\\/?p=6121#primaryimage\"},\"thumbnailUrl\":\"https:\\\/\\\/diariodelsurdigital.com.ar\\\/wp-content\\\/uploads\\\/2025\\\/12\\\/md-13.webp\",\"datePublished\":\"2025-12-11T13:22:13+00:00\",\"dateModified\":\"2025-12-11T13:22:14+00:00\",\"author\":{\"@id\":\"https:\\\/\\\/diariodelsurdigital.com.ar\\\/#\\\/schema\\\/person\\\/1a4992532ed62965c968031b49195c81\"},\"breadcrumb\":{\"@id\":\"https:\\\/\\\/diariodelsurdigital.com.ar\\\/?p=6121#breadcrumb\"},\"inLanguage\":\"es\",\"potentialAction\":[{\"@type\":\"ReadAction\",\"target\":[\"https:\\\/\\\/diariodelsurdigital.com.ar\\\/?p=6121\"]}]},{\"@type\":\"ImageObject\",\"inLanguage\":\"es\",\"@id\":\"https:\\\/\\\/diariodelsurdigital.com.ar\\\/?p=6121#primaryimage\",\"url\":\"https:\\\/\\\/diariodelsurdigital.com.ar\\\/wp-content\\\/uploads\\\/2025\\\/12\\\/md-13.webp\",\"contentUrl\":\"https:\\\/\\\/diariodelsurdigital.com.ar\\\/wp-content\\\/uploads\\\/2025\\\/12\\\/md-13.webp\",\"width\":992,\"height\":555},{\"@type\":\"BreadcrumbList\",\"@id\":\"https:\\\/\\\/diariodelsurdigital.com.ar\\\/?p=6121#breadcrumb\",\"itemListElement\":[{\"@type\":\"ListItem\",\"position\":1,\"name\":\"Portada\",\"item\":\"https:\\\/\\\/diariodelsurdigital.com.ar\\\/\"},{\"@type\":\"ListItem\",\"position\":2,\"name\":\"Nogoy\u00e1 activ\u00f3 el protocolo sanitario ante un nuevo caso sospechoso de sarampi\u00f3n en Entre R\u00edos\"}]},{\"@type\":\"WebSite\",\"@id\":\"https:\\\/\\\/diariodelsurdigital.com.ar\\\/#website\",\"url\":\"https:\\\/\\\/diariodelsurdigital.com.ar\\\/\",\"name\":\"Diario del Sur\",\"description\":\"Digital\",\"potentialAction\":[{\"@type\":\"SearchAction\",\"target\":{\"@type\":\"EntryPoint\",\"urlTemplate\":\"https:\\\/\\\/diariodelsurdigital.com.ar\\\/?s={search_term_string}\"},\"query-input\":{\"@type\":\"PropertyValueSpecification\",\"valueRequired\":true,\"valueName\":\"search_term_string\"}}],\"inLanguage\":\"es\"},{\"@type\":\"Person\",\"@id\":\"https:\\\/\\\/diariodelsurdigital.com.ar\\\/#\\\/schema\\\/person\\\/1a4992532ed62965c968031b49195c81\",\"name\":\"Diario del Sur Digital\",\"image\":{\"@type\":\"ImageObject\",\"inLanguage\":\"es\",\"@id\":\"https:\\\/\\\/secure.gravatar.com\\\/avatar\\\/f0c7c47fc7146d19828273b9b8eda651c9c7ab583767e6338d3d3bee825adf76?s=96&d=mm&r=g\",\"url\":\"https:\\\/\\\/secure.gravatar.com\\\/avatar\\\/f0c7c47fc7146d19828273b9b8eda651c9c7ab583767e6338d3d3bee825adf76?s=96&d=mm&r=g\",\"contentUrl\":\"https:\\\/\\\/secure.gravatar.com\\\/avatar\\\/f0c7c47fc7146d19828273b9b8eda651c9c7ab583767e6338d3d3bee825adf76?s=96&d=mm&r=g\",\"caption\":\"Diario del Sur Digital\"},\"url\":\"https:\\\/\\\/diariodelsurdigital.com.ar\\\/?author=4\"}]}<\/script>\n<!-- \/ Yoast SEO plugin. -->","yoast_head_json":{"title":"Nogoy\u00e1 activ\u00f3 el protocolo sanitario ante un nuevo caso sospechoso de sarampi\u00f3n en Entre R\u00edos - Diario del Sur","robots":{"index":"index","follow":"follow","max-snippet":"max-snippet:-1","max-image-preview":"max-image-preview:large","max-video-preview":"max-video-preview:-1"},"canonical":"https:\/\/diariodelsurdigital.com.ar\/?p=6121","og_locale":"es_ES","og_type":"article","og_title":"Nogoy\u00e1 activ\u00f3 el protocolo sanitario ante un nuevo caso sospechoso de sarampi\u00f3n en Entre R\u00edos - Diario del Sur","og_description":"El Hospital San Blas de Nogoy\u00e1 activ\u00f3 este lunes el protocolo sanitario previsto para casos sospechosos de sarampi\u00f3n, luego de detectar una situaci\u00f3n que oblig\u00f3 a implementar de inmediato medidas de bloqueo y control epidemiol\u00f3gico. La intervenci\u00f3n se dio en el marco de la alerta que atraviesa la provincia, donde en los \u00faltimos d\u00edas se [&hellip;]","og_url":"https:\/\/diariodelsurdigital.com.ar\/?p=6121","og_site_name":"Diario del Sur","article_published_time":"2025-12-11T13:22:13+00:00","article_modified_time":"2025-12-11T13:22:14+00:00","og_image":[{"width":992,"height":555,"url":"https:\/\/diariodelsurdigital.com.ar\/wp-content\/uploads\/2025\/12\/md-13.webp","type":"image\/webp"}],"author":"Diario del Sur Digital","twitter_card":"summary_large_image","twitter_misc":{"Escrito por":"Diario del Sur Digital","Tiempo de lectura":"3 minutos"},"schema":{"@context":"https:\/\/schema.org","@graph":[{"@type":"Article","@id":"https:\/\/diariodelsurdigital.com.ar\/?p=6121#article","isPartOf":{"@id":"https:\/\/diariodelsurdigital.com.ar\/?p=6121"},"author":{"name":"Diario del Sur Digital","@id":"https:\/\/diariodelsurdigital.com.ar\/#\/schema\/person\/1a4992532ed62965c968031b49195c81"},"headline":"Nogoy\u00e1 activ\u00f3 el protocolo sanitario ante un nuevo caso sospechoso de sarampi\u00f3n en Entre R\u00edos","datePublished":"2025-12-11T13:22:13+00:00","dateModified":"2025-12-11T13:22:14+00:00","mainEntityOfPage":{"@id":"https:\/\/diariodelsurdigital.com.ar\/?p=6121"},"wordCount":503,"commentCount":0,"image":{"@id":"https:\/\/diariodelsurdigital.com.ar\/?p=6121#primaryimage"},"thumbnailUrl":"https:\/\/diariodelsurdigital.com.ar\/wp-content\/uploads\/2025\/12\/md-13.webp","articleSection":["Inter\u00e9s General","Provinciales"],"inLanguage":"es","potentialAction":[{"@type":"CommentAction","name":"Comment","target":["https:\/\/diariodelsurdigital.com.ar\/?p=6121#respond"]}]},{"@type":"WebPage","@id":"https:\/\/diariodelsurdigital.com.ar\/?p=6121","url":"https:\/\/diariodelsurdigital.com.ar\/?p=6121","name":"Nogoy\u00e1 activ\u00f3 el protocolo sanitario ante un nuevo caso sospechoso de sarampi\u00f3n en Entre R\u00edos - Diario del Sur","isPartOf":{"@id":"https:\/\/diariodelsurdigital.com.ar\/#website"},"primaryImageOfPage":{"@id":"https:\/\/diariodelsurdigital.com.ar\/?p=6121#primaryimage"},"image":{"@id":"https:\/\/diariodelsurdigital.com.ar\/?p=6121#primaryimage"},"thumbnailUrl":"https:\/\/diariodelsurdigital.com.ar\/wp-content\/uploads\/2025\/12\/md-13.webp","datePublished":"2025-12-11T13:22:13+00:00","dateModified":"2025-12-11T13:22:14+00:00","author":{"@id":"https:\/\/diariodelsurdigital.com.ar\/#\/schema\/person\/1a4992532ed62965c968031b49195c81"},"breadcrumb":{"@id":"https:\/\/diariodelsurdigital.com.ar\/?p=6121#breadcrumb"},"inLanguage":"es","potentialAction":[{"@type":"ReadAction","target":["https:\/\/diariodelsurdigital.com.ar\/?p=6121"]}]},{"@type":"ImageObject","inLanguage":"es","@id":"https:\/\/diariodelsurdigital.com.ar\/?p=6121#primaryimage","url":"https:\/\/diariodelsurdigital.com.ar\/wp-content\/uploads\/2025\/12\/md-13.webp","contentUrl":"https:\/\/diariodelsurdigital.com.ar\/wp-content\/uploads\/2025\/12\/md-13.webp","width":992,"height":555},{"@type":"BreadcrumbList","@id":"https:\/\/diariodelsurdigital.com.ar\/?p=6121#breadcrumb","itemListElement":[{"@type":"ListItem","position":1,"name":"Portada","item":"https:\/\/diariodelsurdigital.com.ar\/"},{"@type":"ListItem","position":2,"name":"Nogoy\u00e1 activ\u00f3 el protocolo sanitario ante un nuevo caso sospechoso de sarampi\u00f3n en Entre R\u00edos"}]},{"@type":"WebSite","@id":"https:\/\/diariodelsurdigital.com.ar\/#website","url":"https:\/\/diariodelsurdigital.com.ar\/","name":"Diario del Sur","description":"Digital","potentialAction":[{"@type":"SearchAction","target":{"@type":"EntryPoint","urlTemplate":"https:\/\/diariodelsurdigital.com.ar\/?s={search_term_string}"},"query-input":{"@type":"PropertyValueSpecification","valueRequired":true,"valueName":"search_term_string"}}],"inLanguage":"es"},{"@type":"Person","@id":"https:\/\/diariodelsurdigital.com.ar\/#\/schema\/person\/1a4992532ed62965c968031b49195c81","name":"Diario del Sur Digital","image":{"@type":"ImageObject","inLanguage":"es","@id":"https:\/\/secure.gravatar.com\/avatar\/f0c7c47fc7146d19828273b9b8eda651c9c7ab583767e6338d3d3bee825adf76?s=96&d=mm&r=g","url":"https:\/\/secure.gravatar.com\/avatar\/f0c7c47fc7146d19828273b9b8eda651c9c7ab583767e6338d3d3bee825adf76?s=96&d=mm&r=g","contentUrl":"https:\/\/secure.gravatar.com\/avatar\/f0c7c47fc7146d19828273b9b8eda651c9c7ab583767e6338d3d3bee825adf76?s=96&d=mm&r=g","caption":"Diario del Sur Digital"},"url":"https:\/\/diariodelsurdigital.com.ar\/?author=4"}]}},"_links":{"self":[{"href":"https:\/\/diariodelsurdigital.com.ar\/index.php?rest_route=\/wp\/v2\/posts\/6121","targetHints":{"allow":["GET"]}}],"collection":[{"href":"https:\/\/diariodelsurdigital.com.ar\/index.php?rest_route=\/wp\/v2\/posts"}],"about":[{"href":"https:\/\/diariodelsurdigital.com.ar\/index.php?rest_route=\/wp\/v2\/types\/post"}],"author":[{"embeddable":true,"href":"https:\/\/diariodelsurdigital.com.ar\/index.php?rest_route=\/wp\/v2\/users\/4"}],"replies":[{"embeddable":true,"href":"https:\/\/diariodelsurdigital.com.ar\/index.php?rest_route=%2Fwp%2Fv2%2Fcomments&post=6121"}],"version-history":[{"count":1,"href":"https:\/\/diariodelsurdigital.com.ar\/index.php?rest_route=\/wp\/v2\/posts\/6121\/revisions"}],"predecessor-version":[{"id":6123,"href":"https:\/\/diariodelsurdigital.com.ar\/index.php?rest_route=\/wp\/v2\/posts\/6121\/revisions\/6123"}],"wp:featuredmedia":[{"embeddable":true,"href":"https:\/\/diariodelsurdigital.com.ar\/index.php?rest_route=\/wp\/v2\/media\/6122"}],"wp:attachment":[{"href":"https:\/\/diariodelsurdigital.com.ar\/index.php?rest_route=%2Fwp%2Fv2%2Fmedia&parent=6121"}],"wp:term":[{"taxonomy":"category","embeddable":true,"href":"https:\/\/diariodelsurdigital.com.ar\/index.php?rest_route=%2Fwp%2Fv2%2Fcategories&post=6121"},{"taxonomy":"post_tag","embeddable":true,"href":"https:\/\/diariodelsurdigital.com.ar\/index.php?rest_route=%2Fwp%2Fv2%2Ftags&post=6121"}],"curies":[{"name":"wp","href":"https:\/\/api.w.org\/{rel}","templated":true}]}}