{"id":6127,"date":"2025-12-11T10:27:55","date_gmt":"2025-12-11T13:27:55","guid":{"rendered":"https:\/\/diariodelsurdigital.com.ar\/?p=6127"},"modified":"2025-12-11T10:27:56","modified_gmt":"2025-12-11T13:27:56","slug":"bolivia-arrestan-al-expresidente-luis-arce-por-un-caso-de-presunta-corrupcion","status":"publish","type":"post","link":"https:\/\/diariodelsurdigital.com.ar\/?p=6127","title":{"rendered":"Bolivia: arrestan al expresidente Luis Arce por un caso de presunta corrupci\u00f3n"},"content":{"rendered":"\n<p>En un operativo sorpresa el expresidente de Bolivia Luis Arce fue detenido y trasladado a celdas policiales este mi\u00e9rcoles en la ciudad de La Paz, en el marco de una investigaci\u00f3n por presunta corrupci\u00f3n, seg\u00fan inform\u00f3 su exministra de la Presidencia, Mar\u00eda Nela Prada. Por el mismo caso la justicia hab\u00eda ordenado previamente la detenci\u00f3n preventiva de la exdiputada Lidia Patty, investigada por hechos irregulares en los desembolsos del Fondo Ind\u00edgena para la producci\u00f3n de tomates.<\/p>\n\n\n\n<p><\/p>\n\n\n\n<p>\u201c\u00c9l (Arce) estaba solo, lo han metido a un minib\u00fas con vidrios negros, es lo que tenemos conocimiento\u201d, declar\u00f3 Prada a los medios en las puertas de la Fuerza Especial de Lucha contra el Crimen (Felcc) en La Paz, a donde la exministra lleg\u00f3 para obtener m\u00e1s informaci\u00f3n sobre la aprehensi\u00f3n del exmandatario. Prada se\u00f1al\u00f3 que Arce (2020-2025) no fue notificado, ni convocado formalmente a declarar, \u201csimplemente lo han agarrado, lo han subido a un minib\u00fas\u201d y trasladado a la Felcc.<\/p>\n\n\n\n<p>La detenci\u00f3n se debe a una investigaci\u00f3n abierta por presunta corrupci\u00f3n en los manejos del Fondo de Desarrollo Ind\u00edgena cuando Arce era ministro de Econom\u00eda y Finanzas P\u00fablicas en el gobierno de Evo Morales (2006-2019). El mandatario tambi\u00e9n tiene una causa abierta por una alta exfuncionaria que lo acusa de haberla embarazado y abandonado.<\/p>\n\n\n\n<p>Prada dijo a los medios que si es por el caso del Fondo Ind\u00edgena, Arce present\u00f3 \u201ctodos los descargos\u201d correspondientes en su momento, cuando era ministro y record\u00f3 que, como expresidente, le corresponder\u00eda un juicio de responsabilidades. La exministra, una persona de extrema confianza para Arce, consider\u00f3 que \u201cse ha cometido un abuso por completo\u201d con la detenci\u00f3n del exmandatario e insisti\u00f3 en que no fue notificado para declarar.<\/p>\n\n\n\n<p>\u201c\u00c9l (Arce) es adem\u00e1s expresidente del Estado, le corresponder\u00eda juicio de responsabilidades. \u00c9l se qued\u00f3 en nuestro pa\u00eds, siempre estuvo dispuesto a dar la cara sobre cualquier situaci\u00f3n. Y es lamentable que se haya suscitado este hecho as\u00ed como ahorita est\u00e1 pasando\u201d, dijo Prada al referirse al arresto. Adem\u00e1s la exfuncionaria descart\u00f3 que Arce haya sido notificado previamente, por lo que no corresponder\u00eda un mandamiento de aprehensi\u00f3n en su contra.<\/p>\n\n\n\n<p>El exmandatario de Bolivia fue interceptado el mi\u00e9rcoles por la tarde cuando se encontraba por la zona de Sopocachi, en La Paz, y fue trasladado a las oficinas centrales de la Felcc. Seg\u00fan versiones de agentes policiales el expresidente no opuso resistencia y ante la presencia de los polic\u00edas reaccion\u00f3 con tranquilidad. El fiscal general del Estado, Roger Mariaca, inform\u00f3 que Arce decidi\u00f3 no prestar su declaraci\u00f3n informativa y opt\u00f3 por acogerse a su derecho constitucional al silencio.<\/p>\n\n\n\n<p>El vicepresidente Edmand Lara felicit\u00f3 a los efectivos de esa fuerza por ejecutar la aprehensi\u00f3n de Arce, en cumplimiento de una orden emitida por la autoridad fiscal. Lara consider\u00f3 que, con este hecho, se cumple la promesa de que \u201cLuis Arce va a ser el primero en entrar preso\u201d. \u201cTodos los que le han robado esta Patria van a devolver hasta el \u00faltimo centavo y van a rendir cuentas a la justicia\u201d, areng\u00f3 el medi\u00e1tico vicepresidente a trav\u00e9s de TikTok.<\/p>\n\n\n\n<p>M\u00e1s tarde el ministro de Gobierno, Marco Antonio Oviedo, indic\u00f3 en una conferencia de prensa que Arce es investigado como \u201cprincipal responsable\u201d del \u201cmillonario da\u00f1o econ\u00f3mico\u201d que hubo en el Fondo de Desarrollo Ind\u00edgena, porque, como ministro de Econom\u00eda, en su momento presidi\u00f3 el directorio de esa instancia.<\/p>\n\n\n\n<p>El caso Fondo Ind\u00edgena<\/p>\n\n\n\n<p>Cuando Arce era ministro del gobierno de Morales, autoriz\u00f3 transferencias del tesoro p\u00fablico a cuentas personales de dirigentes campesinos, seg\u00fan la denuncia que motiv\u00f3 la detenci\u00f3n. Una de las beneficiadas fue la exdiputada izquierdista Lidia Patty, que la semana pasada fue detenida y revel\u00f3 durante un interrogatorio que el traspaso de dinero fue avalado por el entonces ministro de Econom\u00eda. Patty recibi\u00f3 cerca de 100 mil d\u00f3lares para un proyecto de cultivo de tomates.<\/p>\n\n\n\n<p>Seg\u00fan una ley vigente desde diciembre de 2020, las altas ex autoridades bolivianas deben permanecer en territorio boliviano por al menos tres meses una vez concluido su mandato, con el fin de que \u201crindan todos los informes necesarios\u201d y para \u201cevitar la impunidad ante un posible hecho o acto de corrupci\u00f3n\u201d. La gesti\u00f3n de Arce termin\u00f3 el pasado 8 de noviembre, cuando fue investido presidente el derechista Rodrigo Paz. Antes de concluir su mandato, Arce asegur\u00f3 varias veces que no se ir\u00eda del pa\u00eds y que iba a volver a dar c\u00e1tedra en la universidad, public\u00f3 P\u00e1gina 12. <\/p>\n","protected":false},"excerpt":{"rendered":"<p>En un operativo sorpresa el expresidente de Bolivia Luis Arce fue detenido y trasladado a celdas policiales este mi\u00e9rcoles en la ciudad de La Paz, en el marco de una investigaci\u00f3n por presunta corrupci\u00f3n, seg\u00fan inform\u00f3 su exministra de la Presidencia, Mar\u00eda Nela Prada. Por el mismo caso la justicia hab\u00eda ordenado previamente la detenci\u00f3n [&hellip;]<\/p>\n","protected":false},"author":4,"featured_media":6128,"comment_status":"open","ping_status":"open","sticky":false,"template":"","format":"standard","meta":{"footnotes":""},"categories":[20],"tags":[],"class_list":{"0":"post-6127","1":"post","2":"type-post","3":"status-publish","4":"format-standard","5":"has-post-thumbnail","7":"category-internacionales"},"yoast_head":"<!-- This site is optimized with the Yoast SEO plugin v27.4 - https:\/\/yoast.com\/product\/yoast-seo-wordpress\/ -->\n<title>Bolivia: arrestan al expresidente Luis Arce por un caso de presunta corrupci\u00f3n - Diario del Sur<\/title>\n<meta name=\"robots\" content=\"index, follow, max-snippet:-1, max-image-preview:large, max-video-preview:-1\" \/>\n<link rel=\"canonical\" href=\"https:\/\/diariodelsurdigital.com.ar\/?p=6127\" \/>\n<meta property=\"og:locale\" content=\"es_ES\" \/>\n<meta property=\"og:type\" content=\"article\" \/>\n<meta property=\"og:title\" content=\"Bolivia: arrestan al expresidente Luis Arce por un caso de presunta corrupci\u00f3n - Diario del Sur\" \/>\n<meta property=\"og:description\" content=\"En un operativo sorpresa el expresidente de Bolivia Luis Arce fue detenido y trasladado a celdas policiales este mi\u00e9rcoles en la ciudad de La Paz, en el marco de una investigaci\u00f3n por presunta corrupci\u00f3n, seg\u00fan inform\u00f3 su exministra de la Presidencia, Mar\u00eda Nela Prada. Por el mismo caso la justicia hab\u00eda ordenado previamente la detenci\u00f3n [&hellip;]\" \/>\n<meta property=\"og:url\" content=\"https:\/\/diariodelsurdigital.com.ar\/?p=6127\" \/>\n<meta property=\"og:site_name\" content=\"Diario del Sur\" \/>\n<meta property=\"article:published_time\" content=\"2025-12-11T13:27:55+00:00\" \/>\n<meta property=\"article:modified_time\" content=\"2025-12-11T13:27:56+00:00\" \/>\n<meta property=\"og:image\" content=\"https:\/\/diariodelsurdigital.com.ar\/wp-content\/uploads\/2025\/12\/md-15.webp\" \/>\n\t<meta property=\"og:image:width\" content=\"992\" \/>\n\t<meta property=\"og:image:height\" content=\"622\" \/>\n\t<meta property=\"og:image:type\" content=\"image\/webp\" \/>\n<meta name=\"author\" content=\"Diario del Sur Digital\" \/>\n<meta name=\"twitter:card\" content=\"summary_large_image\" \/>\n<meta name=\"twitter:label1\" content=\"Escrito por\" \/>\n\t<meta name=\"twitter:data1\" content=\"Diario del Sur Digital\" \/>\n\t<meta name=\"twitter:label2\" content=\"Tiempo de lectura\" \/>\n\t<meta name=\"twitter:data2\" content=\"4 minutos\" \/>\n<script type=\"application\/ld+json\" class=\"yoast-schema-graph\">{\"@context\":\"https:\\\/\\\/schema.org\",\"@graph\":[{\"@type\":\"Article\",\"@id\":\"https:\\\/\\\/diariodelsurdigital.com.ar\\\/?p=6127#article\",\"isPartOf\":{\"@id\":\"https:\\\/\\\/diariodelsurdigital.com.ar\\\/?p=6127\"},\"author\":{\"name\":\"Diario del Sur Digital\",\"@id\":\"https:\\\/\\\/diariodelsurdigital.com.ar\\\/#\\\/schema\\\/person\\\/1a4992532ed62965c968031b49195c81\"},\"headline\":\"Bolivia: arrestan al expresidente Luis Arce por un caso de presunta corrupci\u00f3n\",\"datePublished\":\"2025-12-11T13:27:55+00:00\",\"dateModified\":\"2025-12-11T13:27:56+00:00\",\"mainEntityOfPage\":{\"@id\":\"https:\\\/\\\/diariodelsurdigital.com.ar\\\/?p=6127\"},\"wordCount\":798,\"commentCount\":0,\"image\":{\"@id\":\"https:\\\/\\\/diariodelsurdigital.com.ar\\\/?p=6127#primaryimage\"},\"thumbnailUrl\":\"https:\\\/\\\/diariodelsurdigital.com.ar\\\/wp-content\\\/uploads\\\/2025\\\/12\\\/md-15.webp\",\"articleSection\":[\"Internacionales\"],\"inLanguage\":\"es\",\"potentialAction\":[{\"@type\":\"CommentAction\",\"name\":\"Comment\",\"target\":[\"https:\\\/\\\/diariodelsurdigital.com.ar\\\/?p=6127#respond\"]}]},{\"@type\":\"WebPage\",\"@id\":\"https:\\\/\\\/diariodelsurdigital.com.ar\\\/?p=6127\",\"url\":\"https:\\\/\\\/diariodelsurdigital.com.ar\\\/?p=6127\",\"name\":\"Bolivia: arrestan al expresidente Luis Arce por un caso de presunta corrupci\u00f3n - Diario del Sur\",\"isPartOf\":{\"@id\":\"https:\\\/\\\/diariodelsurdigital.com.ar\\\/#website\"},\"primaryImageOfPage\":{\"@id\":\"https:\\\/\\\/diariodelsurdigital.com.ar\\\/?p=6127#primaryimage\"},\"image\":{\"@id\":\"https:\\\/\\\/diariodelsurdigital.com.ar\\\/?p=6127#primaryimage\"},\"thumbnailUrl\":\"https:\\\/\\\/diariodelsurdigital.com.ar\\\/wp-content\\\/uploads\\\/2025\\\/12\\\/md-15.webp\",\"datePublished\":\"2025-12-11T13:27:55+00:00\",\"dateModified\":\"2025-12-11T13:27:56+00:00\",\"author\":{\"@id\":\"https:\\\/\\\/diariodelsurdigital.com.ar\\\/#\\\/schema\\\/person\\\/1a4992532ed62965c968031b49195c81\"},\"breadcrumb\":{\"@id\":\"https:\\\/\\\/diariodelsurdigital.com.ar\\\/?p=6127#breadcrumb\"},\"inLanguage\":\"es\",\"potentialAction\":[{\"@type\":\"ReadAction\",\"target\":[\"https:\\\/\\\/diariodelsurdigital.com.ar\\\/?p=6127\"]}]},{\"@type\":\"ImageObject\",\"inLanguage\":\"es\",\"@id\":\"https:\\\/\\\/diariodelsurdigital.com.ar\\\/?p=6127#primaryimage\",\"url\":\"https:\\\/\\\/diariodelsurdigital.com.ar\\\/wp-content\\\/uploads\\\/2025\\\/12\\\/md-15.webp\",\"contentUrl\":\"https:\\\/\\\/diariodelsurdigital.com.ar\\\/wp-content\\\/uploads\\\/2025\\\/12\\\/md-15.webp\",\"width\":992,\"height\":622},{\"@type\":\"BreadcrumbList\",\"@id\":\"https:\\\/\\\/diariodelsurdigital.com.ar\\\/?p=6127#breadcrumb\",\"itemListElement\":[{\"@type\":\"ListItem\",\"position\":1,\"name\":\"Portada\",\"item\":\"https:\\\/\\\/diariodelsurdigital.com.ar\\\/\"},{\"@type\":\"ListItem\",\"position\":2,\"name\":\"Bolivia: arrestan al expresidente Luis Arce por un caso de presunta corrupci\u00f3n\"}]},{\"@type\":\"WebSite\",\"@id\":\"https:\\\/\\\/diariodelsurdigital.com.ar\\\/#website\",\"url\":\"https:\\\/\\\/diariodelsurdigital.com.ar\\\/\",\"name\":\"Diario del Sur\",\"description\":\"Digital\",\"potentialAction\":[{\"@type\":\"SearchAction\",\"target\":{\"@type\":\"EntryPoint\",\"urlTemplate\":\"https:\\\/\\\/diariodelsurdigital.com.ar\\\/?s={search_term_string}\"},\"query-input\":{\"@type\":\"PropertyValueSpecification\",\"valueRequired\":true,\"valueName\":\"search_term_string\"}}],\"inLanguage\":\"es\"},{\"@type\":\"Person\",\"@id\":\"https:\\\/\\\/diariodelsurdigital.com.ar\\\/#\\\/schema\\\/person\\\/1a4992532ed62965c968031b49195c81\",\"name\":\"Diario del Sur Digital\",\"image\":{\"@type\":\"ImageObject\",\"inLanguage\":\"es\",\"@id\":\"https:\\\/\\\/secure.gravatar.com\\\/avatar\\\/f0c7c47fc7146d19828273b9b8eda651c9c7ab583767e6338d3d3bee825adf76?s=96&d=mm&r=g\",\"url\":\"https:\\\/\\\/secure.gravatar.com\\\/avatar\\\/f0c7c47fc7146d19828273b9b8eda651c9c7ab583767e6338d3d3bee825adf76?s=96&d=mm&r=g\",\"contentUrl\":\"https:\\\/\\\/secure.gravatar.com\\\/avatar\\\/f0c7c47fc7146d19828273b9b8eda651c9c7ab583767e6338d3d3bee825adf76?s=96&d=mm&r=g\",\"caption\":\"Diario del Sur Digital\"},\"url\":\"https:\\\/\\\/diariodelsurdigital.com.ar\\\/?author=4\"}]}<\/script>\n<!-- \/ Yoast SEO plugin. -->","yoast_head_json":{"title":"Bolivia: arrestan al expresidente Luis Arce por un caso de presunta corrupci\u00f3n - Diario del Sur","robots":{"index":"index","follow":"follow","max-snippet":"max-snippet:-1","max-image-preview":"max-image-preview:large","max-video-preview":"max-video-preview:-1"},"canonical":"https:\/\/diariodelsurdigital.com.ar\/?p=6127","og_locale":"es_ES","og_type":"article","og_title":"Bolivia: arrestan al expresidente Luis Arce por un caso de presunta corrupci\u00f3n - Diario del Sur","og_description":"En un operativo sorpresa el expresidente de Bolivia Luis Arce fue detenido y trasladado a celdas policiales este mi\u00e9rcoles en la ciudad de La Paz, en el marco de una investigaci\u00f3n por presunta corrupci\u00f3n, seg\u00fan inform\u00f3 su exministra de la Presidencia, Mar\u00eda Nela Prada. Por el mismo caso la justicia hab\u00eda ordenado previamente la detenci\u00f3n [&hellip;]","og_url":"https:\/\/diariodelsurdigital.com.ar\/?p=6127","og_site_name":"Diario del Sur","article_published_time":"2025-12-11T13:27:55+00:00","article_modified_time":"2025-12-11T13:27:56+00:00","og_image":[{"width":992,"height":622,"url":"https:\/\/diariodelsurdigital.com.ar\/wp-content\/uploads\/2025\/12\/md-15.webp","type":"image\/webp"}],"author":"Diario del Sur Digital","twitter_card":"summary_large_image","twitter_misc":{"Escrito por":"Diario del Sur Digital","Tiempo de lectura":"4 minutos"},"schema":{"@context":"https:\/\/schema.org","@graph":[{"@type":"Article","@id":"https:\/\/diariodelsurdigital.com.ar\/?p=6127#article","isPartOf":{"@id":"https:\/\/diariodelsurdigital.com.ar\/?p=6127"},"author":{"name":"Diario del Sur Digital","@id":"https:\/\/diariodelsurdigital.com.ar\/#\/schema\/person\/1a4992532ed62965c968031b49195c81"},"headline":"Bolivia: arrestan al expresidente Luis Arce por un caso de presunta corrupci\u00f3n","datePublished":"2025-12-11T13:27:55+00:00","dateModified":"2025-12-11T13:27:56+00:00","mainEntityOfPage":{"@id":"https:\/\/diariodelsurdigital.com.ar\/?p=6127"},"wordCount":798,"commentCount":0,"image":{"@id":"https:\/\/diariodelsurdigital.com.ar\/?p=6127#primaryimage"},"thumbnailUrl":"https:\/\/diariodelsurdigital.com.ar\/wp-content\/uploads\/2025\/12\/md-15.webp","articleSection":["Internacionales"],"inLanguage":"es","potentialAction":[{"@type":"CommentAction","name":"Comment","target":["https:\/\/diariodelsurdigital.com.ar\/?p=6127#respond"]}]},{"@type":"WebPage","@id":"https:\/\/diariodelsurdigital.com.ar\/?p=6127","url":"https:\/\/diariodelsurdigital.com.ar\/?p=6127","name":"Bolivia: arrestan al expresidente Luis Arce por un caso de presunta corrupci\u00f3n - Diario del Sur","isPartOf":{"@id":"https:\/\/diariodelsurdigital.com.ar\/#website"},"primaryImageOfPage":{"@id":"https:\/\/diariodelsurdigital.com.ar\/?p=6127#primaryimage"},"image":{"@id":"https:\/\/diariodelsurdigital.com.ar\/?p=6127#primaryimage"},"thumbnailUrl":"https:\/\/diariodelsurdigital.com.ar\/wp-content\/uploads\/2025\/12\/md-15.webp","datePublished":"2025-12-11T13:27:55+00:00","dateModified":"2025-12-11T13:27:56+00:00","author":{"@id":"https:\/\/diariodelsurdigital.com.ar\/#\/schema\/person\/1a4992532ed62965c968031b49195c81"},"breadcrumb":{"@id":"https:\/\/diariodelsurdigital.com.ar\/?p=6127#breadcrumb"},"inLanguage":"es","potentialAction":[{"@type":"ReadAction","target":["https:\/\/diariodelsurdigital.com.ar\/?p=6127"]}]},{"@type":"ImageObject","inLanguage":"es","@id":"https:\/\/diariodelsurdigital.com.ar\/?p=6127#primaryimage","url":"https:\/\/diariodelsurdigital.com.ar\/wp-content\/uploads\/2025\/12\/md-15.webp","contentUrl":"https:\/\/diariodelsurdigital.com.ar\/wp-content\/uploads\/2025\/12\/md-15.webp","width":992,"height":622},{"@type":"BreadcrumbList","@id":"https:\/\/diariodelsurdigital.com.ar\/?p=6127#breadcrumb","itemListElement":[{"@type":"ListItem","position":1,"name":"Portada","item":"https:\/\/diariodelsurdigital.com.ar\/"},{"@type":"ListItem","position":2,"name":"Bolivia: arrestan al expresidente Luis Arce por un caso de presunta corrupci\u00f3n"}]},{"@type":"WebSite","@id":"https:\/\/diariodelsurdigital.com.ar\/#website","url":"https:\/\/diariodelsurdigital.com.ar\/","name":"Diario del Sur","description":"Digital","potentialAction":[{"@type":"SearchAction","target":{"@type":"EntryPoint","urlTemplate":"https:\/\/diariodelsurdigital.com.ar\/?s={search_term_string}"},"query-input":{"@type":"PropertyValueSpecification","valueRequired":true,"valueName":"search_term_string"}}],"inLanguage":"es"},{"@type":"Person","@id":"https:\/\/diariodelsurdigital.com.ar\/#\/schema\/person\/1a4992532ed62965c968031b49195c81","name":"Diario del Sur Digital","image":{"@type":"ImageObject","inLanguage":"es","@id":"https:\/\/secure.gravatar.com\/avatar\/f0c7c47fc7146d19828273b9b8eda651c9c7ab583767e6338d3d3bee825adf76?s=96&d=mm&r=g","url":"https:\/\/secure.gravatar.com\/avatar\/f0c7c47fc7146d19828273b9b8eda651c9c7ab583767e6338d3d3bee825adf76?s=96&d=mm&r=g","contentUrl":"https:\/\/secure.gravatar.com\/avatar\/f0c7c47fc7146d19828273b9b8eda651c9c7ab583767e6338d3d3bee825adf76?s=96&d=mm&r=g","caption":"Diario del Sur Digital"},"url":"https:\/\/diariodelsurdigital.com.ar\/?author=4"}]}},"_links":{"self":[{"href":"https:\/\/diariodelsurdigital.com.ar\/index.php?rest_route=\/wp\/v2\/posts\/6127","targetHints":{"allow":["GET"]}}],"collection":[{"href":"https:\/\/diariodelsurdigital.com.ar\/index.php?rest_route=\/wp\/v2\/posts"}],"about":[{"href":"https:\/\/diariodelsurdigital.com.ar\/index.php?rest_route=\/wp\/v2\/types\/post"}],"author":[{"embeddable":true,"href":"https:\/\/diariodelsurdigital.com.ar\/index.php?rest_route=\/wp\/v2\/users\/4"}],"replies":[{"embeddable":true,"href":"https:\/\/diariodelsurdigital.com.ar\/index.php?rest_route=%2Fwp%2Fv2%2Fcomments&post=6127"}],"version-history":[{"count":1,"href":"https:\/\/diariodelsurdigital.com.ar\/index.php?rest_route=\/wp\/v2\/posts\/6127\/revisions"}],"predecessor-version":[{"id":6129,"href":"https:\/\/diariodelsurdigital.com.ar\/index.php?rest_route=\/wp\/v2\/posts\/6127\/revisions\/6129"}],"wp:featuredmedia":[{"embeddable":true,"href":"https:\/\/diariodelsurdigital.com.ar\/index.php?rest_route=\/wp\/v2\/media\/6128"}],"wp:attachment":[{"href":"https:\/\/diariodelsurdigital.com.ar\/index.php?rest_route=%2Fwp%2Fv2%2Fmedia&parent=6127"}],"wp:term":[{"taxonomy":"category","embeddable":true,"href":"https:\/\/diariodelsurdigital.com.ar\/index.php?rest_route=%2Fwp%2Fv2%2Fcategories&post=6127"},{"taxonomy":"post_tag","embeddable":true,"href":"https:\/\/diariodelsurdigital.com.ar\/index.php?rest_route=%2Fwp%2Fv2%2Ftags&post=6127"}],"curies":[{"name":"wp","href":"https:\/\/api.w.org\/{rel}","templated":true}]}}