{"id":6130,"date":"2025-12-11T10:32:01","date_gmt":"2025-12-11T13:32:01","guid":{"rendered":"https:\/\/diariodelsurdigital.com.ar\/?p=6130"},"modified":"2025-12-11T10:32:01","modified_gmt":"2025-12-11T13:32:01","slug":"pacto-parental-como-es-la-iniciativa-que-busca-retrasar-el-acceso-al-celular-de-los-chicos-hasta-los-13-anos","status":"publish","type":"post","link":"https:\/\/diariodelsurdigital.com.ar\/?p=6130","title":{"rendered":"Pacto Parental: c\u00f3mo es la iniciativa que busca retrasar el acceso al celular de los chicos hasta los 13 a\u00f1os"},"content":{"rendered":"\n<p>Una organizaci\u00f3n de padres acord\u00f3 postergar el primer tel\u00e9fono m\u00f3vil hasta esa edad y el acceso a redes sociales hasta los 16. \u201cNaturalizamos que los chicos tengan un tel\u00e9fono sin preguntarnos qu\u00e9 impacto real tiene\u201d, dijo uno de sus creadores.<\/p>\n\n\n\n<p><\/p>\n\n\n\n<p>Ignacio Castro, uno de los impulsores de lo que dieron en llamar Pacto Parental, se hizo eco de una inquietud que atraviesa a familias de todo el pa\u00eds: la exposici\u00f3n temprana de las infancias a celulares y redes sociales. \u201cNaturalizamos que los chicos tengan celular y redes sociales sin preguntarnos qu\u00e9 consecuencias puede tener \u2014plante\u00f3\u2014. Pero hay que repensarlo, porque el impacto en la salud mental de los chicos es cada vez m\u00e1s evidente\u201d.<\/p>\n\n\n\n<p>Castro detall\u00f3 c\u00f3mo un peque\u00f1o grupo de padres mendocinos empez\u00f3 a reunirse ante la alarma de que ciertas din\u00e1micas entre sus hijos, como los chats en WhatsApp, no les resultaban sanas. \u201cAlgunos padres notamos cambios de comportamiento y preocupaciones por el uso de la tecnolog\u00eda. Nos reunimos a debatir qu\u00e9 estaba pasando y qu\u00e9 pod\u00edamos hacer\u201d, cont\u00f3.<\/p>\n\n\n\n<p>Uno de los puntos de inflexi\u00f3n fue la lectura compartida del libro La generaci\u00f3n ansiosa, de Jonathan Haidt, que advierte sobre los efectos negativos de la sobreexposici\u00f3n digital: \u201cEl cerebro de un chico menor de trece a\u00f1os no est\u00e1 preparado para la dopamina que libera un celular. Y las redes sociales hasta los diecis\u00e9is complican la formaci\u00f3n\u201d. A partir de estos consensos, los padres decidieron organizar una campa\u00f1a concreta: \u201cLa propuesta es, hasta los trece a\u00f1os, nada de celular; y hasta los diecis\u00e9is, nada de redes sociales. Pero, sobre todo, entendimos que si no es un acuerdo colectivo, no funciona. Es la \u00fanica manera de resistir la presi\u00f3n social\u201d, destac\u00f3 el fundador.<\/p>\n\n\n\n<p>El Pacto Parental arranc\u00f3 con una reuni\u00f3n entre veinte padres de sexto grado de una escuela mendocina, y la repercusi\u00f3n fue inmediata: \u201cImprimimos una hoja de acuerdo para firmar. Al principio \u00e9ramos veinte, luego la directora nos propuso ampliarlo y pronto se sumaron cien m\u00e1s. La idea se esparci\u00f3 y en pocos d\u00edas ya \u00e9ramos trescientos en el grupo\u201d. La propuesta tambi\u00e9n abri\u00f3 un sitio web \u2014pactoparental.org\u2014 que empez\u00f3 a recibir adhesiones de padres de C\u00f3rdoba, Buenos Aires y otras provincias.<\/p>\n\n\n\n<p>Castro analiz\u00f3 las particularidades de poner el l\u00edmite en diferentes edades. \u201cEn primero o segundo grado es m\u00e1s sencillo: los chicos no tienen tel\u00e9fono. Pero en sexto ya casi todos lo tienen. Empezar el plan de retiro gener\u00f3 resistencia, angustia, momentos feos. Pero despu\u00e9s del primer impacto, lo resuelven: inventan juegos nuevos o buscan alternativas\u201d.<\/p>\n\n\n\n<p>Esta experiencia no solo fue desafiante para los ni\u00f1os, sino tambi\u00e9n para los padres. \u201cUn d\u00eda mi hijo me dijo: \u2018Vos est\u00e1s todo el d\u00eda con el celular\u2019. Y ten\u00eda raz\u00f3n. Revis\u00e9 mis horas de pantalla y me sorprend\u00ed. Un pediatra nos aconsej\u00f3 que ning\u00fan humano est\u00e9 m\u00e1s de tres horas con el tel\u00e9fono. Es un desaf\u00edo doble: ser ejemplo y poner l\u00edmites\u201d.<\/p>\n\n\n\n<p>El creador de Pacto Parental comparti\u00f3 an\u00e9cdotas alentadoras: \u201cUn pap\u00e1 cont\u00f3 que su hijo, sin tel\u00e9fono, fue al club, conoci\u00f3 a un vecino y jug\u00f3 al tenis. Lo mismo mi hijo: durante un viaje, sin celular, jugamos piedra, papel o tijera y volvi\u00f3 a leer libros. Lo que al principio parece un sacrificio se transforma en una oportunidad\u201d.<\/p>\n\n\n\n<p>La escuela, seg\u00fan Castro, fue clave en el \u00e9xito del pacto. \u201cLa directora nos tranquiliz\u00f3: \u2018Los chicos van a aprender igual. No se quedan sin computadora, solo sin celular\u2019. Es importante dejar claro eso para que no haya miedo\u201d.<\/p>\n\n\n\n<p>Sobre el l\u00edmite para redes sociales hasta los 16 a\u00f1os, Castro fue firme: \u201cPara nosotros es un principio claro. A mi hijo de 15 le cerr\u00e9 la cuenta de Instagram y TikTok hasta que cumpla los 16. No es persecuci\u00f3n, es cuidado. Si despu\u00e9s busca la manera, ya habr\u00e9 resuelto el 99% del problema. Lo importante es cuestionar la naturalizaci\u00f3n de darles acceso sin conciencia\u201d.<\/p>\n\n\n\n<p>Otro desaf\u00edo fueron los h\u00e1bitos cotidianos, como el uso de billeteras digitales o la comunicaci\u00f3n sin smartphones. \u201cLas soluciones son m\u00e1s simples de lo que parece: algunos padres hicieron la tarjeta f\u00edsica de la billetera digital; otros arreglaron una cuenta corriente en el buffet escolar. Incluso hubo pap\u00e1s que prefirieron tel\u00e9fonos simples, tipo Nokia 110, que solo permiten llamadas y SMS\u201d, relat\u00f3 Castro, se\u00f1alando ejemplos en Europa donde avanzan leyes como la de Australia, que proh\u00edbe las redes sociales antes de los 16 a\u00f1os.<\/p>\n\n\n\n<p>El denominador com\u00fan, destac\u00f3, fue el respaldo y la comunicaci\u00f3n entre adultos: \u201cAcordar entre todos garantiza que ning\u00fan chico queda aislado. Los problemas que surgen se resuelven con di\u00e1logo y compromiso\u201d.<\/p>\n\n\n\n<p>El avance del Pacto Parental invita a repensar el lugar de la tecnolog\u00eda y el cuidado en la crianza. \u201cDe alguna manera, este tipo de iniciativas nos devuelve a la pregunta esencial: \u00bfqu\u00e9 queremos para la infancia de nuestros hijos?\u201d, concluy\u00f3 Castro, public\u00f3 Infobae.<\/p>\n","protected":false},"excerpt":{"rendered":"<p>Una organizaci\u00f3n de padres acord\u00f3 postergar el primer tel\u00e9fono m\u00f3vil hasta esa edad y el acceso a redes sociales hasta los 16. \u201cNaturalizamos que los chicos tengan un tel\u00e9fono sin preguntarnos qu\u00e9 impacto real tiene\u201d, dijo uno de sus creadores. Ignacio Castro, uno de los impulsores de lo que dieron en llamar Pacto Parental, se [&hellip;]<\/p>\n","protected":false},"author":4,"featured_media":6131,"comment_status":"open","ping_status":"open","sticky":false,"template":"","format":"standard","meta":{"footnotes":""},"categories":[19,18],"tags":[],"class_list":{"0":"post-6130","1":"post","2":"type-post","3":"status-publish","4":"format-standard","5":"has-post-thumbnail","7":"category-interes-general","8":"category-nacionales"},"yoast_head":"<!-- This site is optimized with the Yoast SEO plugin v27.4 - https:\/\/yoast.com\/product\/yoast-seo-wordpress\/ -->\n<title>Pacto Parental: c\u00f3mo es la iniciativa que busca retrasar el acceso al celular de los chicos hasta los 13 a\u00f1os - Diario del Sur<\/title>\n<meta name=\"robots\" content=\"index, follow, max-snippet:-1, max-image-preview:large, max-video-preview:-1\" \/>\n<link rel=\"canonical\" href=\"https:\/\/diariodelsurdigital.com.ar\/?p=6130\" \/>\n<meta property=\"og:locale\" content=\"es_ES\" \/>\n<meta property=\"og:type\" content=\"article\" \/>\n<meta property=\"og:title\" content=\"Pacto Parental: c\u00f3mo es la iniciativa que busca retrasar el acceso al celular de los chicos hasta los 13 a\u00f1os - Diario del Sur\" \/>\n<meta property=\"og:description\" content=\"Una organizaci\u00f3n de padres acord\u00f3 postergar el primer tel\u00e9fono m\u00f3vil hasta esa edad y el acceso a redes sociales hasta los 16. \u201cNaturalizamos que los chicos tengan un tel\u00e9fono sin preguntarnos qu\u00e9 impacto real tiene\u201d, dijo uno de sus creadores. Ignacio Castro, uno de los impulsores de lo que dieron en llamar Pacto Parental, se [&hellip;]\" \/>\n<meta property=\"og:url\" content=\"https:\/\/diariodelsurdigital.com.ar\/?p=6130\" \/>\n<meta property=\"og:site_name\" content=\"Diario del Sur\" \/>\n<meta property=\"article:published_time\" content=\"2025-12-11T13:32:01+00:00\" \/>\n<meta property=\"og:image\" content=\"https:\/\/diariodelsurdigital.com.ar\/wp-content\/uploads\/2025\/12\/md-16.webp\" \/>\n\t<meta property=\"og:image:width\" content=\"992\" \/>\n\t<meta property=\"og:image:height\" content=\"660\" \/>\n\t<meta property=\"og:image:type\" content=\"image\/webp\" \/>\n<meta name=\"author\" content=\"Diario del Sur Digital\" \/>\n<meta name=\"twitter:card\" content=\"summary_large_image\" \/>\n<meta name=\"twitter:label1\" content=\"Escrito por\" \/>\n\t<meta name=\"twitter:data1\" content=\"Diario del Sur Digital\" \/>\n\t<meta name=\"twitter:label2\" content=\"Tiempo de lectura\" \/>\n\t<meta name=\"twitter:data2\" content=\"4 minutos\" \/>\n<script type=\"application\/ld+json\" class=\"yoast-schema-graph\">{\"@context\":\"https:\\\/\\\/schema.org\",\"@graph\":[{\"@type\":\"Article\",\"@id\":\"https:\\\/\\\/diariodelsurdigital.com.ar\\\/?p=6130#article\",\"isPartOf\":{\"@id\":\"https:\\\/\\\/diariodelsurdigital.com.ar\\\/?p=6130\"},\"author\":{\"name\":\"Diario del Sur Digital\",\"@id\":\"https:\\\/\\\/diariodelsurdigital.com.ar\\\/#\\\/schema\\\/person\\\/1a4992532ed62965c968031b49195c81\"},\"headline\":\"Pacto Parental: c\u00f3mo es la iniciativa que busca retrasar el acceso al celular de los chicos hasta los 13 a\u00f1os\",\"datePublished\":\"2025-12-11T13:32:01+00:00\",\"mainEntityOfPage\":{\"@id\":\"https:\\\/\\\/diariodelsurdigital.com.ar\\\/?p=6130\"},\"wordCount\":885,\"commentCount\":0,\"image\":{\"@id\":\"https:\\\/\\\/diariodelsurdigital.com.ar\\\/?p=6130#primaryimage\"},\"thumbnailUrl\":\"https:\\\/\\\/diariodelsurdigital.com.ar\\\/wp-content\\\/uploads\\\/2025\\\/12\\\/md-16.webp\",\"articleSection\":[\"Inter\u00e9s General\",\"Nacionales\"],\"inLanguage\":\"es\",\"potentialAction\":[{\"@type\":\"CommentAction\",\"name\":\"Comment\",\"target\":[\"https:\\\/\\\/diariodelsurdigital.com.ar\\\/?p=6130#respond\"]}]},{\"@type\":\"WebPage\",\"@id\":\"https:\\\/\\\/diariodelsurdigital.com.ar\\\/?p=6130\",\"url\":\"https:\\\/\\\/diariodelsurdigital.com.ar\\\/?p=6130\",\"name\":\"Pacto Parental: c\u00f3mo es la iniciativa que busca retrasar el acceso al celular de los chicos hasta los 13 a\u00f1os - Diario del Sur\",\"isPartOf\":{\"@id\":\"https:\\\/\\\/diariodelsurdigital.com.ar\\\/#website\"},\"primaryImageOfPage\":{\"@id\":\"https:\\\/\\\/diariodelsurdigital.com.ar\\\/?p=6130#primaryimage\"},\"image\":{\"@id\":\"https:\\\/\\\/diariodelsurdigital.com.ar\\\/?p=6130#primaryimage\"},\"thumbnailUrl\":\"https:\\\/\\\/diariodelsurdigital.com.ar\\\/wp-content\\\/uploads\\\/2025\\\/12\\\/md-16.webp\",\"datePublished\":\"2025-12-11T13:32:01+00:00\",\"author\":{\"@id\":\"https:\\\/\\\/diariodelsurdigital.com.ar\\\/#\\\/schema\\\/person\\\/1a4992532ed62965c968031b49195c81\"},\"breadcrumb\":{\"@id\":\"https:\\\/\\\/diariodelsurdigital.com.ar\\\/?p=6130#breadcrumb\"},\"inLanguage\":\"es\",\"potentialAction\":[{\"@type\":\"ReadAction\",\"target\":[\"https:\\\/\\\/diariodelsurdigital.com.ar\\\/?p=6130\"]}]},{\"@type\":\"ImageObject\",\"inLanguage\":\"es\",\"@id\":\"https:\\\/\\\/diariodelsurdigital.com.ar\\\/?p=6130#primaryimage\",\"url\":\"https:\\\/\\\/diariodelsurdigital.com.ar\\\/wp-content\\\/uploads\\\/2025\\\/12\\\/md-16.webp\",\"contentUrl\":\"https:\\\/\\\/diariodelsurdigital.com.ar\\\/wp-content\\\/uploads\\\/2025\\\/12\\\/md-16.webp\",\"width\":992,\"height\":660},{\"@type\":\"BreadcrumbList\",\"@id\":\"https:\\\/\\\/diariodelsurdigital.com.ar\\\/?p=6130#breadcrumb\",\"itemListElement\":[{\"@type\":\"ListItem\",\"position\":1,\"name\":\"Portada\",\"item\":\"https:\\\/\\\/diariodelsurdigital.com.ar\\\/\"},{\"@type\":\"ListItem\",\"position\":2,\"name\":\"Pacto Parental: c\u00f3mo es la iniciativa que busca retrasar el acceso al celular de los chicos hasta los 13 a\u00f1os\"}]},{\"@type\":\"WebSite\",\"@id\":\"https:\\\/\\\/diariodelsurdigital.com.ar\\\/#website\",\"url\":\"https:\\\/\\\/diariodelsurdigital.com.ar\\\/\",\"name\":\"Diario del Sur\",\"description\":\"Digital\",\"potentialAction\":[{\"@type\":\"SearchAction\",\"target\":{\"@type\":\"EntryPoint\",\"urlTemplate\":\"https:\\\/\\\/diariodelsurdigital.com.ar\\\/?s={search_term_string}\"},\"query-input\":{\"@type\":\"PropertyValueSpecification\",\"valueRequired\":true,\"valueName\":\"search_term_string\"}}],\"inLanguage\":\"es\"},{\"@type\":\"Person\",\"@id\":\"https:\\\/\\\/diariodelsurdigital.com.ar\\\/#\\\/schema\\\/person\\\/1a4992532ed62965c968031b49195c81\",\"name\":\"Diario del Sur Digital\",\"image\":{\"@type\":\"ImageObject\",\"inLanguage\":\"es\",\"@id\":\"https:\\\/\\\/secure.gravatar.com\\\/avatar\\\/f0c7c47fc7146d19828273b9b8eda651c9c7ab583767e6338d3d3bee825adf76?s=96&d=mm&r=g\",\"url\":\"https:\\\/\\\/secure.gravatar.com\\\/avatar\\\/f0c7c47fc7146d19828273b9b8eda651c9c7ab583767e6338d3d3bee825adf76?s=96&d=mm&r=g\",\"contentUrl\":\"https:\\\/\\\/secure.gravatar.com\\\/avatar\\\/f0c7c47fc7146d19828273b9b8eda651c9c7ab583767e6338d3d3bee825adf76?s=96&d=mm&r=g\",\"caption\":\"Diario del Sur Digital\"},\"url\":\"https:\\\/\\\/diariodelsurdigital.com.ar\\\/?author=4\"}]}<\/script>\n<!-- \/ Yoast SEO plugin. -->","yoast_head_json":{"title":"Pacto Parental: c\u00f3mo es la iniciativa que busca retrasar el acceso al celular de los chicos hasta los 13 a\u00f1os - Diario del Sur","robots":{"index":"index","follow":"follow","max-snippet":"max-snippet:-1","max-image-preview":"max-image-preview:large","max-video-preview":"max-video-preview:-1"},"canonical":"https:\/\/diariodelsurdigital.com.ar\/?p=6130","og_locale":"es_ES","og_type":"article","og_title":"Pacto Parental: c\u00f3mo es la iniciativa que busca retrasar el acceso al celular de los chicos hasta los 13 a\u00f1os - Diario del Sur","og_description":"Una organizaci\u00f3n de padres acord\u00f3 postergar el primer tel\u00e9fono m\u00f3vil hasta esa edad y el acceso a redes sociales hasta los 16. \u201cNaturalizamos que los chicos tengan un tel\u00e9fono sin preguntarnos qu\u00e9 impacto real tiene\u201d, dijo uno de sus creadores. Ignacio Castro, uno de los impulsores de lo que dieron en llamar Pacto Parental, se [&hellip;]","og_url":"https:\/\/diariodelsurdigital.com.ar\/?p=6130","og_site_name":"Diario del Sur","article_published_time":"2025-12-11T13:32:01+00:00","og_image":[{"width":992,"height":660,"url":"https:\/\/diariodelsurdigital.com.ar\/wp-content\/uploads\/2025\/12\/md-16.webp","type":"image\/webp"}],"author":"Diario del Sur Digital","twitter_card":"summary_large_image","twitter_misc":{"Escrito por":"Diario del Sur Digital","Tiempo de lectura":"4 minutos"},"schema":{"@context":"https:\/\/schema.org","@graph":[{"@type":"Article","@id":"https:\/\/diariodelsurdigital.com.ar\/?p=6130#article","isPartOf":{"@id":"https:\/\/diariodelsurdigital.com.ar\/?p=6130"},"author":{"name":"Diario del Sur Digital","@id":"https:\/\/diariodelsurdigital.com.ar\/#\/schema\/person\/1a4992532ed62965c968031b49195c81"},"headline":"Pacto Parental: c\u00f3mo es la iniciativa que busca retrasar el acceso al celular de los chicos hasta los 13 a\u00f1os","datePublished":"2025-12-11T13:32:01+00:00","mainEntityOfPage":{"@id":"https:\/\/diariodelsurdigital.com.ar\/?p=6130"},"wordCount":885,"commentCount":0,"image":{"@id":"https:\/\/diariodelsurdigital.com.ar\/?p=6130#primaryimage"},"thumbnailUrl":"https:\/\/diariodelsurdigital.com.ar\/wp-content\/uploads\/2025\/12\/md-16.webp","articleSection":["Inter\u00e9s General","Nacionales"],"inLanguage":"es","potentialAction":[{"@type":"CommentAction","name":"Comment","target":["https:\/\/diariodelsurdigital.com.ar\/?p=6130#respond"]}]},{"@type":"WebPage","@id":"https:\/\/diariodelsurdigital.com.ar\/?p=6130","url":"https:\/\/diariodelsurdigital.com.ar\/?p=6130","name":"Pacto Parental: c\u00f3mo es la iniciativa que busca retrasar el acceso al celular de los chicos hasta los 13 a\u00f1os - Diario del Sur","isPartOf":{"@id":"https:\/\/diariodelsurdigital.com.ar\/#website"},"primaryImageOfPage":{"@id":"https:\/\/diariodelsurdigital.com.ar\/?p=6130#primaryimage"},"image":{"@id":"https:\/\/diariodelsurdigital.com.ar\/?p=6130#primaryimage"},"thumbnailUrl":"https:\/\/diariodelsurdigital.com.ar\/wp-content\/uploads\/2025\/12\/md-16.webp","datePublished":"2025-12-11T13:32:01+00:00","author":{"@id":"https:\/\/diariodelsurdigital.com.ar\/#\/schema\/person\/1a4992532ed62965c968031b49195c81"},"breadcrumb":{"@id":"https:\/\/diariodelsurdigital.com.ar\/?p=6130#breadcrumb"},"inLanguage":"es","potentialAction":[{"@type":"ReadAction","target":["https:\/\/diariodelsurdigital.com.ar\/?p=6130"]}]},{"@type":"ImageObject","inLanguage":"es","@id":"https:\/\/diariodelsurdigital.com.ar\/?p=6130#primaryimage","url":"https:\/\/diariodelsurdigital.com.ar\/wp-content\/uploads\/2025\/12\/md-16.webp","contentUrl":"https:\/\/diariodelsurdigital.com.ar\/wp-content\/uploads\/2025\/12\/md-16.webp","width":992,"height":660},{"@type":"BreadcrumbList","@id":"https:\/\/diariodelsurdigital.com.ar\/?p=6130#breadcrumb","itemListElement":[{"@type":"ListItem","position":1,"name":"Portada","item":"https:\/\/diariodelsurdigital.com.ar\/"},{"@type":"ListItem","position":2,"name":"Pacto Parental: c\u00f3mo es la iniciativa que busca retrasar el acceso al celular de los chicos hasta los 13 a\u00f1os"}]},{"@type":"WebSite","@id":"https:\/\/diariodelsurdigital.com.ar\/#website","url":"https:\/\/diariodelsurdigital.com.ar\/","name":"Diario del Sur","description":"Digital","potentialAction":[{"@type":"SearchAction","target":{"@type":"EntryPoint","urlTemplate":"https:\/\/diariodelsurdigital.com.ar\/?s={search_term_string}"},"query-input":{"@type":"PropertyValueSpecification","valueRequired":true,"valueName":"search_term_string"}}],"inLanguage":"es"},{"@type":"Person","@id":"https:\/\/diariodelsurdigital.com.ar\/#\/schema\/person\/1a4992532ed62965c968031b49195c81","name":"Diario del Sur Digital","image":{"@type":"ImageObject","inLanguage":"es","@id":"https:\/\/secure.gravatar.com\/avatar\/f0c7c47fc7146d19828273b9b8eda651c9c7ab583767e6338d3d3bee825adf76?s=96&d=mm&r=g","url":"https:\/\/secure.gravatar.com\/avatar\/f0c7c47fc7146d19828273b9b8eda651c9c7ab583767e6338d3d3bee825adf76?s=96&d=mm&r=g","contentUrl":"https:\/\/secure.gravatar.com\/avatar\/f0c7c47fc7146d19828273b9b8eda651c9c7ab583767e6338d3d3bee825adf76?s=96&d=mm&r=g","caption":"Diario del Sur Digital"},"url":"https:\/\/diariodelsurdigital.com.ar\/?author=4"}]}},"_links":{"self":[{"href":"https:\/\/diariodelsurdigital.com.ar\/index.php?rest_route=\/wp\/v2\/posts\/6130","targetHints":{"allow":["GET"]}}],"collection":[{"href":"https:\/\/diariodelsurdigital.com.ar\/index.php?rest_route=\/wp\/v2\/posts"}],"about":[{"href":"https:\/\/diariodelsurdigital.com.ar\/index.php?rest_route=\/wp\/v2\/types\/post"}],"author":[{"embeddable":true,"href":"https:\/\/diariodelsurdigital.com.ar\/index.php?rest_route=\/wp\/v2\/users\/4"}],"replies":[{"embeddable":true,"href":"https:\/\/diariodelsurdigital.com.ar\/index.php?rest_route=%2Fwp%2Fv2%2Fcomments&post=6130"}],"version-history":[{"count":1,"href":"https:\/\/diariodelsurdigital.com.ar\/index.php?rest_route=\/wp\/v2\/posts\/6130\/revisions"}],"predecessor-version":[{"id":6132,"href":"https:\/\/diariodelsurdigital.com.ar\/index.php?rest_route=\/wp\/v2\/posts\/6130\/revisions\/6132"}],"wp:featuredmedia":[{"embeddable":true,"href":"https:\/\/diariodelsurdigital.com.ar\/index.php?rest_route=\/wp\/v2\/media\/6131"}],"wp:attachment":[{"href":"https:\/\/diariodelsurdigital.com.ar\/index.php?rest_route=%2Fwp%2Fv2%2Fmedia&parent=6130"}],"wp:term":[{"taxonomy":"category","embeddable":true,"href":"https:\/\/diariodelsurdigital.com.ar\/index.php?rest_route=%2Fwp%2Fv2%2Fcategories&post=6130"},{"taxonomy":"post_tag","embeddable":true,"href":"https:\/\/diariodelsurdigital.com.ar\/index.php?rest_route=%2Fwp%2Fv2%2Ftags&post=6130"}],"curies":[{"name":"wp","href":"https:\/\/api.w.org\/{rel}","templated":true}]}}