{"id":6133,"date":"2025-12-12T13:56:13","date_gmt":"2025-12-12T16:56:13","guid":{"rendered":"https:\/\/diariodelsurdigital.com.ar\/?p=6133"},"modified":"2025-12-12T13:57:54","modified_gmt":"2025-12-12T16:57:54","slug":"apelan-al-superior-tribunal-de-justicia-por-presunta-coersion-judicial","status":"publish","type":"post","link":"https:\/\/diariodelsurdigital.com.ar\/?p=6133","title":{"rendered":"CASO HERLEIN: Apelan al Superior Tribunal de Justicia por \u00abpresunta coerci\u00f3n judicial\u00bb"},"content":{"rendered":"\n<p><br>Lo realiz\u00f3 un organismo internacional de derechos humanos. Denuncian presunta coerci\u00f3n judicial y defensa ineficaz en condena por<br>abuso sexual Subt\u00edtulo: La familia de Gast\u00f3n Aurelio Herlein alega irregularidades en el proceso y reclama por su inocencia, tras una condena firmada bajo un \u201cacuerdo obligado\u201d en juicio abreviado.<\/p>\n\n\n\n<p><br>CONCORDIA \u2013 Gast\u00f3n Aurelio Herlein, tiene 30 a\u00f1os, fue condenado el 11 de abril de 2024 a seis a\u00f1os de prisi\u00f3n efectiva por el delito de \u201cAbuso Sexual con Acceso Carnal\u201d en perjuicio de una adolescente, entonces menor de 17 a\u00f1os. Sin embargo, su familia y \u00e9l mismo sostienen que se trat\u00f3 de una condena injusta, firmada bajo coerci\u00f3n y tras un proceso judicial marcado por una<br>defensa ineficaz. El caso se remonta al a\u00f1o 2017, cuando la madre de la joven, Claudia Liliana Gallo, radic\u00f3 la denuncia. <\/p>\n\n\n\n<p>La investigaci\u00f3n fiscal comenz\u00f3 ese mismo a\u00f1o a cargo del fiscal Su\u00f1er, pero no fue hasta febrero de 2021 que se reabri\u00f3 la causa con modificaciones, bajo la direcci\u00f3n del fiscal Mart\u00edn N\u00fa\u00f1ez. En esa nueva etapa, Herlein fue sometido a una indagatoria con la defensa del Dr. Sebasti\u00e1n Tito, quien \u2013 seg\u00fan relatan\u2013 en un primer momento le habr\u00eda recomendado no declarar. El hecho crucial se produjo a\u00f1os despu\u00e9s, en abril de 2024. Seg\u00fan la versi\u00f3n de Herlein, fue citado para firmar un acuerdo de juicio abreviado. Al manifestar su desacuerdo, al d\u00eda siguiente \u2013el 11 de abril\u2013 se fij\u00f3 de manera inmediata una audiencia de homologaci\u00f3n donde, finalmente, se lo conden\u00f3 a seis a\u00f1os de prisi\u00f3n. <\/p>\n\n\n\n<p>Herlein asegura que fue obligado a firmar ese acuerdo en contra de su voluntad, a pesar de declararse inocente en todo momento. \u201cPor confiar en el Poder Judicial y en el Ministerio de la Defensa, representado por el Dr. Sebasti\u00e1n Tito, Gast\u00f3n fue v\u00edctima de una manipulaci\u00f3n de la Justicia\u201d, denuncia la familia en un escrito. Se\u00f1alan que existi\u00f3 una \u201cfalta de representaci\u00f3n eficaz\u201d a lo largo del proceso, lo que habr\u00eda culminado en una condena que consideran ileg\u00edtima. El propio Herlein es enf\u00e1tico al declarar: \u201cNo soy el autor del hecho investigado, no he cometido el delito, no tuve relaciones sexuales con esta menor\u201d. <\/p>\n\n\n\n<p>La familia lleva tiempo realizando presentaciones judiciales en busca de revisar el caso y demostrar su inocencia. \u00daltimamente se present\u00f3 Recurso de Revisi\u00f3n de la causa Expte N\u00ba 94, ante el Superior Tribunal de Justicia de la Provincia de Entre R\u00edos el dia 9 de noviembre de 2025, Ahora, apelan a la difusi\u00f3n p\u00fablica de su situaci\u00f3n para visibilizar lo que califican como un grave error judicial y presionar por una revisi\u00f3n transparente del proceso. \u201cHacemos p\u00fablico este caso con el firme objetivo de que se conozca la verdad y se haga justicia\u201d, concluyen, al tiempo que piden a la comunidad y a los medios acompa\u00f1ar este reclamo por la presunta inocencia de Gast\u00f3n Aurelio Herlein.<\/p>\n","protected":false},"excerpt":{"rendered":"<p>Lo realiz\u00f3 un organismo internacional de derechos humanos. Denuncian presunta coerci\u00f3n judicial y defensa ineficaz en condena porabuso sexual Subt\u00edtulo: La familia de Gast\u00f3n Aurelio Herlein alega irregularidades en el proceso y reclama por su inocencia, tras una condena firmada bajo un \u201cacuerdo obligado\u201d en juicio abreviado. CONCORDIA \u2013 Gast\u00f3n Aurelio Herlein, tiene 30 a\u00f1os, [&hellip;]<\/p>\n","protected":false},"author":2,"featured_media":6134,"comment_status":"open","ping_status":"open","sticky":false,"template":"","format":"standard","meta":{"footnotes":""},"categories":[26,16],"tags":[],"class_list":{"0":"post-6133","1":"post","2":"type-post","3":"status-publish","4":"format-standard","5":"has-post-thumbnail","7":"category-judiciales","8":"category-locales"},"yoast_head":"<!-- This site is optimized with the Yoast SEO plugin v27.4 - https:\/\/yoast.com\/product\/yoast-seo-wordpress\/ -->\n<title>CASO HERLEIN: Apelan al Superior Tribunal de Justicia por &quot;presunta coerci\u00f3n judicial&quot; - Diario del Sur<\/title>\n<meta name=\"robots\" content=\"index, follow, max-snippet:-1, max-image-preview:large, max-video-preview:-1\" \/>\n<link rel=\"canonical\" href=\"https:\/\/diariodelsurdigital.com.ar\/?p=6133\" \/>\n<meta property=\"og:locale\" content=\"es_ES\" \/>\n<meta property=\"og:type\" content=\"article\" \/>\n<meta property=\"og:title\" content=\"CASO HERLEIN: Apelan al Superior Tribunal de Justicia por &quot;presunta coerci\u00f3n judicial&quot; - Diario del Sur\" \/>\n<meta property=\"og:description\" content=\"Lo realiz\u00f3 un organismo internacional de derechos humanos. Denuncian presunta coerci\u00f3n judicial y defensa ineficaz en condena porabuso sexual Subt\u00edtulo: La familia de Gast\u00f3n Aurelio Herlein alega irregularidades en el proceso y reclama por su inocencia, tras una condena firmada bajo un \u201cacuerdo obligado\u201d en juicio abreviado. CONCORDIA \u2013 Gast\u00f3n Aurelio Herlein, tiene 30 a\u00f1os, [&hellip;]\" \/>\n<meta property=\"og:url\" content=\"https:\/\/diariodelsurdigital.com.ar\/?p=6133\" \/>\n<meta property=\"og:site_name\" content=\"Diario del Sur\" \/>\n<meta property=\"article:published_time\" content=\"2025-12-12T16:56:13+00:00\" \/>\n<meta property=\"article:modified_time\" content=\"2025-12-12T16:57:54+00:00\" \/>\n<meta property=\"og:image\" content=\"https:\/\/diariodelsurdigital.com.ar\/wp-content\/uploads\/2025\/12\/justicia-no-ciega.jpg\" \/>\n\t<meta property=\"og:image:width\" content=\"505\" \/>\n\t<meta property=\"og:image:height\" content=\"300\" \/>\n\t<meta property=\"og:image:type\" content=\"image\/jpeg\" \/>\n<meta name=\"author\" content=\"Diario del Sur Digital\" \/>\n<meta name=\"twitter:card\" content=\"summary_large_image\" \/>\n<meta name=\"twitter:label1\" content=\"Escrito por\" \/>\n\t<meta name=\"twitter:data1\" content=\"Diario del Sur Digital\" \/>\n\t<meta name=\"twitter:label2\" content=\"Tiempo de lectura\" \/>\n\t<meta name=\"twitter:data2\" content=\"3 minutos\" \/>\n<script type=\"application\/ld+json\" class=\"yoast-schema-graph\">{\"@context\":\"https:\\\/\\\/schema.org\",\"@graph\":[{\"@type\":\"Article\",\"@id\":\"https:\\\/\\\/diariodelsurdigital.com.ar\\\/?p=6133#article\",\"isPartOf\":{\"@id\":\"https:\\\/\\\/diariodelsurdigital.com.ar\\\/?p=6133\"},\"author\":{\"name\":\"Diario del Sur Digital\",\"@id\":\"https:\\\/\\\/diariodelsurdigital.com.ar\\\/#\\\/schema\\\/person\\\/6136a32571657f7dba980b88b04c5465\"},\"headline\":\"CASO HERLEIN: Apelan al Superior Tribunal de Justicia por \u00abpresunta coerci\u00f3n judicial\u00bb\",\"datePublished\":\"2025-12-12T16:56:13+00:00\",\"dateModified\":\"2025-12-12T16:57:54+00:00\",\"mainEntityOfPage\":{\"@id\":\"https:\\\/\\\/diariodelsurdigital.com.ar\\\/?p=6133\"},\"wordCount\":518,\"commentCount\":0,\"image\":{\"@id\":\"https:\\\/\\\/diariodelsurdigital.com.ar\\\/?p=6133#primaryimage\"},\"thumbnailUrl\":\"https:\\\/\\\/diariodelsurdigital.com.ar\\\/wp-content\\\/uploads\\\/2025\\\/12\\\/justicia-no-ciega.jpg\",\"articleSection\":[\"Judiciales\",\"Locales\"],\"inLanguage\":\"es\",\"potentialAction\":[{\"@type\":\"CommentAction\",\"name\":\"Comment\",\"target\":[\"https:\\\/\\\/diariodelsurdigital.com.ar\\\/?p=6133#respond\"]}]},{\"@type\":\"WebPage\",\"@id\":\"https:\\\/\\\/diariodelsurdigital.com.ar\\\/?p=6133\",\"url\":\"https:\\\/\\\/diariodelsurdigital.com.ar\\\/?p=6133\",\"name\":\"CASO HERLEIN: Apelan al Superior Tribunal de Justicia por \\\"presunta coerci\u00f3n judicial\\\" - Diario del Sur\",\"isPartOf\":{\"@id\":\"https:\\\/\\\/diariodelsurdigital.com.ar\\\/#website\"},\"primaryImageOfPage\":{\"@id\":\"https:\\\/\\\/diariodelsurdigital.com.ar\\\/?p=6133#primaryimage\"},\"image\":{\"@id\":\"https:\\\/\\\/diariodelsurdigital.com.ar\\\/?p=6133#primaryimage\"},\"thumbnailUrl\":\"https:\\\/\\\/diariodelsurdigital.com.ar\\\/wp-content\\\/uploads\\\/2025\\\/12\\\/justicia-no-ciega.jpg\",\"datePublished\":\"2025-12-12T16:56:13+00:00\",\"dateModified\":\"2025-12-12T16:57:54+00:00\",\"author\":{\"@id\":\"https:\\\/\\\/diariodelsurdigital.com.ar\\\/#\\\/schema\\\/person\\\/6136a32571657f7dba980b88b04c5465\"},\"breadcrumb\":{\"@id\":\"https:\\\/\\\/diariodelsurdigital.com.ar\\\/?p=6133#breadcrumb\"},\"inLanguage\":\"es\",\"potentialAction\":[{\"@type\":\"ReadAction\",\"target\":[\"https:\\\/\\\/diariodelsurdigital.com.ar\\\/?p=6133\"]}]},{\"@type\":\"ImageObject\",\"inLanguage\":\"es\",\"@id\":\"https:\\\/\\\/diariodelsurdigital.com.ar\\\/?p=6133#primaryimage\",\"url\":\"https:\\\/\\\/diariodelsurdigital.com.ar\\\/wp-content\\\/uploads\\\/2025\\\/12\\\/justicia-no-ciega.jpg\",\"contentUrl\":\"https:\\\/\\\/diariodelsurdigital.com.ar\\\/wp-content\\\/uploads\\\/2025\\\/12\\\/justicia-no-ciega.jpg\",\"width\":505,\"height\":300},{\"@type\":\"BreadcrumbList\",\"@id\":\"https:\\\/\\\/diariodelsurdigital.com.ar\\\/?p=6133#breadcrumb\",\"itemListElement\":[{\"@type\":\"ListItem\",\"position\":1,\"name\":\"Portada\",\"item\":\"https:\\\/\\\/diariodelsurdigital.com.ar\\\/\"},{\"@type\":\"ListItem\",\"position\":2,\"name\":\"CASO HERLEIN: Apelan al Superior Tribunal de Justicia por \u00abpresunta coerci\u00f3n judicial\u00bb\"}]},{\"@type\":\"WebSite\",\"@id\":\"https:\\\/\\\/diariodelsurdigital.com.ar\\\/#website\",\"url\":\"https:\\\/\\\/diariodelsurdigital.com.ar\\\/\",\"name\":\"Diario del Sur\",\"description\":\"Digital\",\"potentialAction\":[{\"@type\":\"SearchAction\",\"target\":{\"@type\":\"EntryPoint\",\"urlTemplate\":\"https:\\\/\\\/diariodelsurdigital.com.ar\\\/?s={search_term_string}\"},\"query-input\":{\"@type\":\"PropertyValueSpecification\",\"valueRequired\":true,\"valueName\":\"search_term_string\"}}],\"inLanguage\":\"es\"},{\"@type\":\"Person\",\"@id\":\"https:\\\/\\\/diariodelsurdigital.com.ar\\\/#\\\/schema\\\/person\\\/6136a32571657f7dba980b88b04c5465\",\"name\":\"Diario del Sur Digital\",\"image\":{\"@type\":\"ImageObject\",\"inLanguage\":\"es\",\"@id\":\"https:\\\/\\\/secure.gravatar.com\\\/avatar\\\/4c29ceac98541dd42460b2474aaa5dd37594d6ce6cb3cf2c101d09b48ee287ba?s=96&d=mm&r=g\",\"url\":\"https:\\\/\\\/secure.gravatar.com\\\/avatar\\\/4c29ceac98541dd42460b2474aaa5dd37594d6ce6cb3cf2c101d09b48ee287ba?s=96&d=mm&r=g\",\"contentUrl\":\"https:\\\/\\\/secure.gravatar.com\\\/avatar\\\/4c29ceac98541dd42460b2474aaa5dd37594d6ce6cb3cf2c101d09b48ee287ba?s=96&d=mm&r=g\",\"caption\":\"Diario del Sur Digital\"},\"url\":\"https:\\\/\\\/diariodelsurdigital.com.ar\\\/?author=2\"}]}<\/script>\n<!-- \/ Yoast SEO plugin. -->","yoast_head_json":{"title":"CASO HERLEIN: Apelan al Superior Tribunal de Justicia por \"presunta coerci\u00f3n judicial\" - Diario del Sur","robots":{"index":"index","follow":"follow","max-snippet":"max-snippet:-1","max-image-preview":"max-image-preview:large","max-video-preview":"max-video-preview:-1"},"canonical":"https:\/\/diariodelsurdigital.com.ar\/?p=6133","og_locale":"es_ES","og_type":"article","og_title":"CASO HERLEIN: Apelan al Superior Tribunal de Justicia por \"presunta coerci\u00f3n judicial\" - Diario del Sur","og_description":"Lo realiz\u00f3 un organismo internacional de derechos humanos. Denuncian presunta coerci\u00f3n judicial y defensa ineficaz en condena porabuso sexual Subt\u00edtulo: La familia de Gast\u00f3n Aurelio Herlein alega irregularidades en el proceso y reclama por su inocencia, tras una condena firmada bajo un \u201cacuerdo obligado\u201d en juicio abreviado. CONCORDIA \u2013 Gast\u00f3n Aurelio Herlein, tiene 30 a\u00f1os, [&hellip;]","og_url":"https:\/\/diariodelsurdigital.com.ar\/?p=6133","og_site_name":"Diario del Sur","article_published_time":"2025-12-12T16:56:13+00:00","article_modified_time":"2025-12-12T16:57:54+00:00","og_image":[{"width":505,"height":300,"url":"https:\/\/diariodelsurdigital.com.ar\/wp-content\/uploads\/2025\/12\/justicia-no-ciega.jpg","type":"image\/jpeg"}],"author":"Diario del Sur Digital","twitter_card":"summary_large_image","twitter_misc":{"Escrito por":"Diario del Sur Digital","Tiempo de lectura":"3 minutos"},"schema":{"@context":"https:\/\/schema.org","@graph":[{"@type":"Article","@id":"https:\/\/diariodelsurdigital.com.ar\/?p=6133#article","isPartOf":{"@id":"https:\/\/diariodelsurdigital.com.ar\/?p=6133"},"author":{"name":"Diario del Sur Digital","@id":"https:\/\/diariodelsurdigital.com.ar\/#\/schema\/person\/6136a32571657f7dba980b88b04c5465"},"headline":"CASO HERLEIN: Apelan al Superior Tribunal de Justicia por \u00abpresunta coerci\u00f3n judicial\u00bb","datePublished":"2025-12-12T16:56:13+00:00","dateModified":"2025-12-12T16:57:54+00:00","mainEntityOfPage":{"@id":"https:\/\/diariodelsurdigital.com.ar\/?p=6133"},"wordCount":518,"commentCount":0,"image":{"@id":"https:\/\/diariodelsurdigital.com.ar\/?p=6133#primaryimage"},"thumbnailUrl":"https:\/\/diariodelsurdigital.com.ar\/wp-content\/uploads\/2025\/12\/justicia-no-ciega.jpg","articleSection":["Judiciales","Locales"],"inLanguage":"es","potentialAction":[{"@type":"CommentAction","name":"Comment","target":["https:\/\/diariodelsurdigital.com.ar\/?p=6133#respond"]}]},{"@type":"WebPage","@id":"https:\/\/diariodelsurdigital.com.ar\/?p=6133","url":"https:\/\/diariodelsurdigital.com.ar\/?p=6133","name":"CASO HERLEIN: Apelan al Superior Tribunal de Justicia por \"presunta coerci\u00f3n judicial\" - Diario del Sur","isPartOf":{"@id":"https:\/\/diariodelsurdigital.com.ar\/#website"},"primaryImageOfPage":{"@id":"https:\/\/diariodelsurdigital.com.ar\/?p=6133#primaryimage"},"image":{"@id":"https:\/\/diariodelsurdigital.com.ar\/?p=6133#primaryimage"},"thumbnailUrl":"https:\/\/diariodelsurdigital.com.ar\/wp-content\/uploads\/2025\/12\/justicia-no-ciega.jpg","datePublished":"2025-12-12T16:56:13+00:00","dateModified":"2025-12-12T16:57:54+00:00","author":{"@id":"https:\/\/diariodelsurdigital.com.ar\/#\/schema\/person\/6136a32571657f7dba980b88b04c5465"},"breadcrumb":{"@id":"https:\/\/diariodelsurdigital.com.ar\/?p=6133#breadcrumb"},"inLanguage":"es","potentialAction":[{"@type":"ReadAction","target":["https:\/\/diariodelsurdigital.com.ar\/?p=6133"]}]},{"@type":"ImageObject","inLanguage":"es","@id":"https:\/\/diariodelsurdigital.com.ar\/?p=6133#primaryimage","url":"https:\/\/diariodelsurdigital.com.ar\/wp-content\/uploads\/2025\/12\/justicia-no-ciega.jpg","contentUrl":"https:\/\/diariodelsurdigital.com.ar\/wp-content\/uploads\/2025\/12\/justicia-no-ciega.jpg","width":505,"height":300},{"@type":"BreadcrumbList","@id":"https:\/\/diariodelsurdigital.com.ar\/?p=6133#breadcrumb","itemListElement":[{"@type":"ListItem","position":1,"name":"Portada","item":"https:\/\/diariodelsurdigital.com.ar\/"},{"@type":"ListItem","position":2,"name":"CASO HERLEIN: Apelan al Superior Tribunal de Justicia por \u00abpresunta coerci\u00f3n judicial\u00bb"}]},{"@type":"WebSite","@id":"https:\/\/diariodelsurdigital.com.ar\/#website","url":"https:\/\/diariodelsurdigital.com.ar\/","name":"Diario del Sur","description":"Digital","potentialAction":[{"@type":"SearchAction","target":{"@type":"EntryPoint","urlTemplate":"https:\/\/diariodelsurdigital.com.ar\/?s={search_term_string}"},"query-input":{"@type":"PropertyValueSpecification","valueRequired":true,"valueName":"search_term_string"}}],"inLanguage":"es"},{"@type":"Person","@id":"https:\/\/diariodelsurdigital.com.ar\/#\/schema\/person\/6136a32571657f7dba980b88b04c5465","name":"Diario del Sur Digital","image":{"@type":"ImageObject","inLanguage":"es","@id":"https:\/\/secure.gravatar.com\/avatar\/4c29ceac98541dd42460b2474aaa5dd37594d6ce6cb3cf2c101d09b48ee287ba?s=96&d=mm&r=g","url":"https:\/\/secure.gravatar.com\/avatar\/4c29ceac98541dd42460b2474aaa5dd37594d6ce6cb3cf2c101d09b48ee287ba?s=96&d=mm&r=g","contentUrl":"https:\/\/secure.gravatar.com\/avatar\/4c29ceac98541dd42460b2474aaa5dd37594d6ce6cb3cf2c101d09b48ee287ba?s=96&d=mm&r=g","caption":"Diario del Sur Digital"},"url":"https:\/\/diariodelsurdigital.com.ar\/?author=2"}]}},"_links":{"self":[{"href":"https:\/\/diariodelsurdigital.com.ar\/index.php?rest_route=\/wp\/v2\/posts\/6133","targetHints":{"allow":["GET"]}}],"collection":[{"href":"https:\/\/diariodelsurdigital.com.ar\/index.php?rest_route=\/wp\/v2\/posts"}],"about":[{"href":"https:\/\/diariodelsurdigital.com.ar\/index.php?rest_route=\/wp\/v2\/types\/post"}],"author":[{"embeddable":true,"href":"https:\/\/diariodelsurdigital.com.ar\/index.php?rest_route=\/wp\/v2\/users\/2"}],"replies":[{"embeddable":true,"href":"https:\/\/diariodelsurdigital.com.ar\/index.php?rest_route=%2Fwp%2Fv2%2Fcomments&post=6133"}],"version-history":[{"count":3,"href":"https:\/\/diariodelsurdigital.com.ar\/index.php?rest_route=\/wp\/v2\/posts\/6133\/revisions"}],"predecessor-version":[{"id":6138,"href":"https:\/\/diariodelsurdigital.com.ar\/index.php?rest_route=\/wp\/v2\/posts\/6133\/revisions\/6138"}],"wp:featuredmedia":[{"embeddable":true,"href":"https:\/\/diariodelsurdigital.com.ar\/index.php?rest_route=\/wp\/v2\/media\/6134"}],"wp:attachment":[{"href":"https:\/\/diariodelsurdigital.com.ar\/index.php?rest_route=%2Fwp%2Fv2%2Fmedia&parent=6133"}],"wp:term":[{"taxonomy":"category","embeddable":true,"href":"https:\/\/diariodelsurdigital.com.ar\/index.php?rest_route=%2Fwp%2Fv2%2Fcategories&post=6133"},{"taxonomy":"post_tag","embeddable":true,"href":"https:\/\/diariodelsurdigital.com.ar\/index.php?rest_route=%2Fwp%2Fv2%2Ftags&post=6133"}],"curies":[{"name":"wp","href":"https:\/\/api.w.org\/{rel}","templated":true}]}}