{"id":6143,"date":"2025-12-12T17:40:17","date_gmt":"2025-12-12T20:40:17","guid":{"rendered":"https:\/\/diariodelsurdigital.com.ar\/?p=6143"},"modified":"2025-12-12T17:40:18","modified_gmt":"2025-12-12T20:40:18","slug":"chajari-este-sabado-y-domingo-se-realiza-exponavidad","status":"publish","type":"post","link":"https:\/\/diariodelsurdigital.com.ar\/?p=6143","title":{"rendered":"Chajar\u00ed: este s\u00e1bado y domingo se realiza Exponavidad"},"content":{"rendered":"\n<p>Ambos d\u00edas habr\u00e1 diferentes propuestas art\u00edsticas y musicales a partir de las 17 hs. Tambi\u00e9n habr\u00e1 feriantes y emprendedores.<\/p>\n\n\n\n<p>La Exponavidad contar\u00e1 este a\u00f1o con la participaci\u00f3n de m\u00e1s de 70 emprendedores, artesanos y manualistas de nuestra localidad ofreciendo productos variados de elaboraci\u00f3n propia, que estar\u00e1n instalados en diferentes gazebos ubicados en la Estaci\u00f3n del Ferrocarril.<\/p>\n\n\n\n<p>Habr\u00e1 puestos con marroquineria, bijouteri, cer\u00e1mica, gastronom\u00eda, velas aromatizadas, trabajos a crochet, dibujo y dise\u00f1o, plantas y macetas, trabajos en madera, entre otros. Tambi\u00e9n habr\u00e1 un patio gastron\u00f3mico y se realizar\u00e1n espect\u00e1culos art\u00edsticos para toda la familia.<\/p>\n\n\n\n<p>Todas las actividades se llevar\u00e1n a cabo con entrada libre y gratuita, comenzando el d\u00eda s\u00e1bado 13 de diciembre a las 18 horas con un puesto de maquillaje art\u00edstico. A las 20 horas se presentar\u00e1 un show de pat\u00edn art\u00edstico a cargo de alumnas de Flavia Versalli. A las 20:30 horas habr\u00e1 un n\u00famero de arte danza con la coreograf\u00eda de Maira Men\u00e9ndez. A las 21 horas habr\u00e1 un set a cargo del DJ Juanchi Rojas.<\/p>\n\n\n\n<p>El domingo 14 de diciembre, desde las 19 horas, actuar\u00e1 el Coro Polif\u00f3nico Municipal dirigido por Graciela Castro Bagnasco, entonando villancicos navide\u00f1os. A las 19:30 horas se realizar\u00e1 un desfile de indumentaria y accesorios de los emprendedores con show de zancos y la m\u00fasica del DJ Juanchi Rojas. A las 21 horas se estar\u00e1 presentando el cantante federaense Maxi Frutos con un show de cierre para bailar y cantar con el p\u00fablico presente.<\/p>\n\n\n\n<p>Desde el Municipio de Chajar\u00ed recordaron que cada a\u00f1o se realiza una convocatoria abierta a manualistas, emprendedores y artesanos, residentes de Chajar\u00ed, que vendan productos de producci\u00f3n propia. Resaltaron que participar de esta propuesta, no tiene costo.<\/p>\n","protected":false},"excerpt":{"rendered":"<p>Ambos d\u00edas habr\u00e1 diferentes propuestas art\u00edsticas y musicales a partir de las 17 hs. Tambi\u00e9n habr\u00e1 feriantes y emprendedores. La Exponavidad contar\u00e1 este a\u00f1o con la participaci\u00f3n de m\u00e1s de 70 emprendedores, artesanos y manualistas de nuestra localidad ofreciendo productos variados de elaboraci\u00f3n propia, que estar\u00e1n instalados en diferentes gazebos ubicados en la Estaci\u00f3n del [&hellip;]<\/p>\n","protected":false},"author":4,"featured_media":6144,"comment_status":"open","ping_status":"open","sticky":false,"template":"","format":"standard","meta":{"footnotes":""},"categories":[19,17],"tags":[],"class_list":{"0":"post-6143","1":"post","2":"type-post","3":"status-publish","4":"format-standard","5":"has-post-thumbnail","7":"category-interes-general","8":"category-provinciales"},"yoast_head":"<!-- This site is optimized with the Yoast SEO plugin v27.4 - https:\/\/yoast.com\/product\/yoast-seo-wordpress\/ -->\n<title>Chajar\u00ed: este s\u00e1bado y domingo se realiza Exponavidad - Diario del Sur<\/title>\n<meta name=\"robots\" content=\"index, follow, max-snippet:-1, max-image-preview:large, max-video-preview:-1\" \/>\n<link rel=\"canonical\" href=\"https:\/\/diariodelsurdigital.com.ar\/?p=6143\" \/>\n<meta property=\"og:locale\" content=\"es_ES\" \/>\n<meta property=\"og:type\" content=\"article\" \/>\n<meta property=\"og:title\" content=\"Chajar\u00ed: este s\u00e1bado y domingo se realiza Exponavidad - Diario del Sur\" \/>\n<meta property=\"og:description\" content=\"Ambos d\u00edas habr\u00e1 diferentes propuestas art\u00edsticas y musicales a partir de las 17 hs. Tambi\u00e9n habr\u00e1 feriantes y emprendedores. La Exponavidad contar\u00e1 este a\u00f1o con la participaci\u00f3n de m\u00e1s de 70 emprendedores, artesanos y manualistas de nuestra localidad ofreciendo productos variados de elaboraci\u00f3n propia, que estar\u00e1n instalados en diferentes gazebos ubicados en la Estaci\u00f3n del [&hellip;]\" \/>\n<meta property=\"og:url\" content=\"https:\/\/diariodelsurdigital.com.ar\/?p=6143\" \/>\n<meta property=\"og:site_name\" content=\"Diario del Sur\" \/>\n<meta property=\"article:published_time\" content=\"2025-12-12T20:40:17+00:00\" \/>\n<meta property=\"article:modified_time\" content=\"2025-12-12T20:40:18+00:00\" \/>\n<meta property=\"og:image\" content=\"https:\/\/diariodelsurdigital.com.ar\/wp-content\/uploads\/2025\/12\/md-18-1.webp\" \/>\n\t<meta property=\"og:image:width\" content=\"992\" \/>\n\t<meta property=\"og:image:height\" content=\"744\" \/>\n\t<meta property=\"og:image:type\" content=\"image\/webp\" \/>\n<meta name=\"author\" content=\"Diario del Sur Digital\" \/>\n<meta name=\"twitter:card\" content=\"summary_large_image\" \/>\n<meta name=\"twitter:label1\" content=\"Escrito por\" \/>\n\t<meta name=\"twitter:data1\" content=\"Diario del Sur Digital\" \/>\n\t<meta name=\"twitter:label2\" content=\"Tiempo de lectura\" \/>\n\t<meta name=\"twitter:data2\" content=\"2 minutos\" \/>\n<script type=\"application\/ld+json\" class=\"yoast-schema-graph\">{\"@context\":\"https:\\\/\\\/schema.org\",\"@graph\":[{\"@type\":\"Article\",\"@id\":\"https:\\\/\\\/diariodelsurdigital.com.ar\\\/?p=6143#article\",\"isPartOf\":{\"@id\":\"https:\\\/\\\/diariodelsurdigital.com.ar\\\/?p=6143\"},\"author\":{\"name\":\"Diario del Sur Digital\",\"@id\":\"https:\\\/\\\/diariodelsurdigital.com.ar\\\/#\\\/schema\\\/person\\\/1a4992532ed62965c968031b49195c81\"},\"headline\":\"Chajar\u00ed: este s\u00e1bado y domingo se realiza Exponavidad\",\"datePublished\":\"2025-12-12T20:40:17+00:00\",\"dateModified\":\"2025-12-12T20:40:18+00:00\",\"mainEntityOfPage\":{\"@id\":\"https:\\\/\\\/diariodelsurdigital.com.ar\\\/?p=6143\"},\"wordCount\":309,\"commentCount\":0,\"image\":{\"@id\":\"https:\\\/\\\/diariodelsurdigital.com.ar\\\/?p=6143#primaryimage\"},\"thumbnailUrl\":\"https:\\\/\\\/diariodelsurdigital.com.ar\\\/wp-content\\\/uploads\\\/2025\\\/12\\\/md-18-1.webp\",\"articleSection\":[\"Inter\u00e9s General\",\"Provinciales\"],\"inLanguage\":\"es\",\"potentialAction\":[{\"@type\":\"CommentAction\",\"name\":\"Comment\",\"target\":[\"https:\\\/\\\/diariodelsurdigital.com.ar\\\/?p=6143#respond\"]}]},{\"@type\":\"WebPage\",\"@id\":\"https:\\\/\\\/diariodelsurdigital.com.ar\\\/?p=6143\",\"url\":\"https:\\\/\\\/diariodelsurdigital.com.ar\\\/?p=6143\",\"name\":\"Chajar\u00ed: este s\u00e1bado y domingo se realiza Exponavidad - Diario del Sur\",\"isPartOf\":{\"@id\":\"https:\\\/\\\/diariodelsurdigital.com.ar\\\/#website\"},\"primaryImageOfPage\":{\"@id\":\"https:\\\/\\\/diariodelsurdigital.com.ar\\\/?p=6143#primaryimage\"},\"image\":{\"@id\":\"https:\\\/\\\/diariodelsurdigital.com.ar\\\/?p=6143#primaryimage\"},\"thumbnailUrl\":\"https:\\\/\\\/diariodelsurdigital.com.ar\\\/wp-content\\\/uploads\\\/2025\\\/12\\\/md-18-1.webp\",\"datePublished\":\"2025-12-12T20:40:17+00:00\",\"dateModified\":\"2025-12-12T20:40:18+00:00\",\"author\":{\"@id\":\"https:\\\/\\\/diariodelsurdigital.com.ar\\\/#\\\/schema\\\/person\\\/1a4992532ed62965c968031b49195c81\"},\"breadcrumb\":{\"@id\":\"https:\\\/\\\/diariodelsurdigital.com.ar\\\/?p=6143#breadcrumb\"},\"inLanguage\":\"es\",\"potentialAction\":[{\"@type\":\"ReadAction\",\"target\":[\"https:\\\/\\\/diariodelsurdigital.com.ar\\\/?p=6143\"]}]},{\"@type\":\"ImageObject\",\"inLanguage\":\"es\",\"@id\":\"https:\\\/\\\/diariodelsurdigital.com.ar\\\/?p=6143#primaryimage\",\"url\":\"https:\\\/\\\/diariodelsurdigital.com.ar\\\/wp-content\\\/uploads\\\/2025\\\/12\\\/md-18-1.webp\",\"contentUrl\":\"https:\\\/\\\/diariodelsurdigital.com.ar\\\/wp-content\\\/uploads\\\/2025\\\/12\\\/md-18-1.webp\",\"width\":992,\"height\":744},{\"@type\":\"BreadcrumbList\",\"@id\":\"https:\\\/\\\/diariodelsurdigital.com.ar\\\/?p=6143#breadcrumb\",\"itemListElement\":[{\"@type\":\"ListItem\",\"position\":1,\"name\":\"Portada\",\"item\":\"https:\\\/\\\/diariodelsurdigital.com.ar\\\/\"},{\"@type\":\"ListItem\",\"position\":2,\"name\":\"Chajar\u00ed: este s\u00e1bado y domingo se realiza Exponavidad\"}]},{\"@type\":\"WebSite\",\"@id\":\"https:\\\/\\\/diariodelsurdigital.com.ar\\\/#website\",\"url\":\"https:\\\/\\\/diariodelsurdigital.com.ar\\\/\",\"name\":\"Diario del Sur\",\"description\":\"Digital\",\"potentialAction\":[{\"@type\":\"SearchAction\",\"target\":{\"@type\":\"EntryPoint\",\"urlTemplate\":\"https:\\\/\\\/diariodelsurdigital.com.ar\\\/?s={search_term_string}\"},\"query-input\":{\"@type\":\"PropertyValueSpecification\",\"valueRequired\":true,\"valueName\":\"search_term_string\"}}],\"inLanguage\":\"es\"},{\"@type\":\"Person\",\"@id\":\"https:\\\/\\\/diariodelsurdigital.com.ar\\\/#\\\/schema\\\/person\\\/1a4992532ed62965c968031b49195c81\",\"name\":\"Diario del Sur Digital\",\"image\":{\"@type\":\"ImageObject\",\"inLanguage\":\"es\",\"@id\":\"https:\\\/\\\/secure.gravatar.com\\\/avatar\\\/f0c7c47fc7146d19828273b9b8eda651c9c7ab583767e6338d3d3bee825adf76?s=96&d=mm&r=g\",\"url\":\"https:\\\/\\\/secure.gravatar.com\\\/avatar\\\/f0c7c47fc7146d19828273b9b8eda651c9c7ab583767e6338d3d3bee825adf76?s=96&d=mm&r=g\",\"contentUrl\":\"https:\\\/\\\/secure.gravatar.com\\\/avatar\\\/f0c7c47fc7146d19828273b9b8eda651c9c7ab583767e6338d3d3bee825adf76?s=96&d=mm&r=g\",\"caption\":\"Diario del Sur Digital\"},\"url\":\"https:\\\/\\\/diariodelsurdigital.com.ar\\\/?author=4\"}]}<\/script>\n<!-- \/ Yoast SEO plugin. -->","yoast_head_json":{"title":"Chajar\u00ed: este s\u00e1bado y domingo se realiza Exponavidad - Diario del Sur","robots":{"index":"index","follow":"follow","max-snippet":"max-snippet:-1","max-image-preview":"max-image-preview:large","max-video-preview":"max-video-preview:-1"},"canonical":"https:\/\/diariodelsurdigital.com.ar\/?p=6143","og_locale":"es_ES","og_type":"article","og_title":"Chajar\u00ed: este s\u00e1bado y domingo se realiza Exponavidad - Diario del Sur","og_description":"Ambos d\u00edas habr\u00e1 diferentes propuestas art\u00edsticas y musicales a partir de las 17 hs. Tambi\u00e9n habr\u00e1 feriantes y emprendedores. La Exponavidad contar\u00e1 este a\u00f1o con la participaci\u00f3n de m\u00e1s de 70 emprendedores, artesanos y manualistas de nuestra localidad ofreciendo productos variados de elaboraci\u00f3n propia, que estar\u00e1n instalados en diferentes gazebos ubicados en la Estaci\u00f3n del [&hellip;]","og_url":"https:\/\/diariodelsurdigital.com.ar\/?p=6143","og_site_name":"Diario del Sur","article_published_time":"2025-12-12T20:40:17+00:00","article_modified_time":"2025-12-12T20:40:18+00:00","og_image":[{"width":992,"height":744,"url":"https:\/\/diariodelsurdigital.com.ar\/wp-content\/uploads\/2025\/12\/md-18-1.webp","type":"image\/webp"}],"author":"Diario del Sur Digital","twitter_card":"summary_large_image","twitter_misc":{"Escrito por":"Diario del Sur Digital","Tiempo de lectura":"2 minutos"},"schema":{"@context":"https:\/\/schema.org","@graph":[{"@type":"Article","@id":"https:\/\/diariodelsurdigital.com.ar\/?p=6143#article","isPartOf":{"@id":"https:\/\/diariodelsurdigital.com.ar\/?p=6143"},"author":{"name":"Diario del Sur Digital","@id":"https:\/\/diariodelsurdigital.com.ar\/#\/schema\/person\/1a4992532ed62965c968031b49195c81"},"headline":"Chajar\u00ed: este s\u00e1bado y domingo se realiza Exponavidad","datePublished":"2025-12-12T20:40:17+00:00","dateModified":"2025-12-12T20:40:18+00:00","mainEntityOfPage":{"@id":"https:\/\/diariodelsurdigital.com.ar\/?p=6143"},"wordCount":309,"commentCount":0,"image":{"@id":"https:\/\/diariodelsurdigital.com.ar\/?p=6143#primaryimage"},"thumbnailUrl":"https:\/\/diariodelsurdigital.com.ar\/wp-content\/uploads\/2025\/12\/md-18-1.webp","articleSection":["Inter\u00e9s General","Provinciales"],"inLanguage":"es","potentialAction":[{"@type":"CommentAction","name":"Comment","target":["https:\/\/diariodelsurdigital.com.ar\/?p=6143#respond"]}]},{"@type":"WebPage","@id":"https:\/\/diariodelsurdigital.com.ar\/?p=6143","url":"https:\/\/diariodelsurdigital.com.ar\/?p=6143","name":"Chajar\u00ed: este s\u00e1bado y domingo se realiza Exponavidad - Diario del Sur","isPartOf":{"@id":"https:\/\/diariodelsurdigital.com.ar\/#website"},"primaryImageOfPage":{"@id":"https:\/\/diariodelsurdigital.com.ar\/?p=6143#primaryimage"},"image":{"@id":"https:\/\/diariodelsurdigital.com.ar\/?p=6143#primaryimage"},"thumbnailUrl":"https:\/\/diariodelsurdigital.com.ar\/wp-content\/uploads\/2025\/12\/md-18-1.webp","datePublished":"2025-12-12T20:40:17+00:00","dateModified":"2025-12-12T20:40:18+00:00","author":{"@id":"https:\/\/diariodelsurdigital.com.ar\/#\/schema\/person\/1a4992532ed62965c968031b49195c81"},"breadcrumb":{"@id":"https:\/\/diariodelsurdigital.com.ar\/?p=6143#breadcrumb"},"inLanguage":"es","potentialAction":[{"@type":"ReadAction","target":["https:\/\/diariodelsurdigital.com.ar\/?p=6143"]}]},{"@type":"ImageObject","inLanguage":"es","@id":"https:\/\/diariodelsurdigital.com.ar\/?p=6143#primaryimage","url":"https:\/\/diariodelsurdigital.com.ar\/wp-content\/uploads\/2025\/12\/md-18-1.webp","contentUrl":"https:\/\/diariodelsurdigital.com.ar\/wp-content\/uploads\/2025\/12\/md-18-1.webp","width":992,"height":744},{"@type":"BreadcrumbList","@id":"https:\/\/diariodelsurdigital.com.ar\/?p=6143#breadcrumb","itemListElement":[{"@type":"ListItem","position":1,"name":"Portada","item":"https:\/\/diariodelsurdigital.com.ar\/"},{"@type":"ListItem","position":2,"name":"Chajar\u00ed: este s\u00e1bado y domingo se realiza Exponavidad"}]},{"@type":"WebSite","@id":"https:\/\/diariodelsurdigital.com.ar\/#website","url":"https:\/\/diariodelsurdigital.com.ar\/","name":"Diario del Sur","description":"Digital","potentialAction":[{"@type":"SearchAction","target":{"@type":"EntryPoint","urlTemplate":"https:\/\/diariodelsurdigital.com.ar\/?s={search_term_string}"},"query-input":{"@type":"PropertyValueSpecification","valueRequired":true,"valueName":"search_term_string"}}],"inLanguage":"es"},{"@type":"Person","@id":"https:\/\/diariodelsurdigital.com.ar\/#\/schema\/person\/1a4992532ed62965c968031b49195c81","name":"Diario del Sur Digital","image":{"@type":"ImageObject","inLanguage":"es","@id":"https:\/\/secure.gravatar.com\/avatar\/f0c7c47fc7146d19828273b9b8eda651c9c7ab583767e6338d3d3bee825adf76?s=96&d=mm&r=g","url":"https:\/\/secure.gravatar.com\/avatar\/f0c7c47fc7146d19828273b9b8eda651c9c7ab583767e6338d3d3bee825adf76?s=96&d=mm&r=g","contentUrl":"https:\/\/secure.gravatar.com\/avatar\/f0c7c47fc7146d19828273b9b8eda651c9c7ab583767e6338d3d3bee825adf76?s=96&d=mm&r=g","caption":"Diario del Sur Digital"},"url":"https:\/\/diariodelsurdigital.com.ar\/?author=4"}]}},"_links":{"self":[{"href":"https:\/\/diariodelsurdigital.com.ar\/index.php?rest_route=\/wp\/v2\/posts\/6143","targetHints":{"allow":["GET"]}}],"collection":[{"href":"https:\/\/diariodelsurdigital.com.ar\/index.php?rest_route=\/wp\/v2\/posts"}],"about":[{"href":"https:\/\/diariodelsurdigital.com.ar\/index.php?rest_route=\/wp\/v2\/types\/post"}],"author":[{"embeddable":true,"href":"https:\/\/diariodelsurdigital.com.ar\/index.php?rest_route=\/wp\/v2\/users\/4"}],"replies":[{"embeddable":true,"href":"https:\/\/diariodelsurdigital.com.ar\/index.php?rest_route=%2Fwp%2Fv2%2Fcomments&post=6143"}],"version-history":[{"count":1,"href":"https:\/\/diariodelsurdigital.com.ar\/index.php?rest_route=\/wp\/v2\/posts\/6143\/revisions"}],"predecessor-version":[{"id":6145,"href":"https:\/\/diariodelsurdigital.com.ar\/index.php?rest_route=\/wp\/v2\/posts\/6143\/revisions\/6145"}],"wp:featuredmedia":[{"embeddable":true,"href":"https:\/\/diariodelsurdigital.com.ar\/index.php?rest_route=\/wp\/v2\/media\/6144"}],"wp:attachment":[{"href":"https:\/\/diariodelsurdigital.com.ar\/index.php?rest_route=%2Fwp%2Fv2%2Fmedia&parent=6143"}],"wp:term":[{"taxonomy":"category","embeddable":true,"href":"https:\/\/diariodelsurdigital.com.ar\/index.php?rest_route=%2Fwp%2Fv2%2Fcategories&post=6143"},{"taxonomy":"post_tag","embeddable":true,"href":"https:\/\/diariodelsurdigital.com.ar\/index.php?rest_route=%2Fwp%2Fv2%2Ftags&post=6143"}],"curies":[{"name":"wp","href":"https:\/\/api.w.org\/{rel}","templated":true}]}}