{"id":6149,"date":"2025-12-12T17:43:43","date_gmt":"2025-12-12T20:43:43","guid":{"rendered":"https:\/\/diariodelsurdigital.com.ar\/?p=6149"},"modified":"2025-12-12T17:43:44","modified_gmt":"2025-12-12T20:43:44","slug":"piden-una-ley-que-obligue-al-estado-entrerriano-a-elaborar-el-presupuesto-general-con-perspectiva-ambiental","status":"publish","type":"post","link":"https:\/\/diariodelsurdigital.com.ar\/?p=6149","title":{"rendered":"Piden una ley que obligue al Estado entrerriano a elaborar el Presupuesto General con perspectiva ambiental"},"content":{"rendered":"\n<p>La iniciativa reconoce la \u201cnecesidad imperiosa\u201d de incorporar la \u201csostenibilidad ambiental\u201d como un eje central en el proceso de planificaci\u00f3n de pol\u00edticas p\u00fablicas y reconocer que, sin esta perspectiva, no es posible el desarrollo estrat\u00e9gico provincial. Se destac\u00f3 que es necesario que las y los habitantes de la provincia \u201cgocen de pol\u00edticas p\u00fablicas acordes a las demandas actuales de un mundo globalizado, impactado por la problem\u00e1tica ambiental\u201d.<\/p>\n\n\n\n<p><\/p>\n\n\n\n<p>Este jueves ingres\u00f3 a la C\u00e1mara de Diputados un proyecto de ley que tiene por objeto \u201cinstituir la perspectiva ambiental como eje central en el proceso de planificaci\u00f3n de pol\u00edticas p\u00fablicas de la Provincia de Entre R\u00edos\u201d. Para ello se propone implementar \u201cuna metodolog\u00eda de etiquetado ambiental del presupuesto provincial para incluir la perspectiva ambiental en la formulaci\u00f3n presupuestaria\u201d.<\/p>\n\n\n\n<p>El proyecto de la diputada justicialista, Silvia Moreno, comprende tambi\u00e9n que el \u201cpresupuesto con Perspectiva Ambiental (PPA) se aplica al proceso de formulaci\u00f3n presupuestaria con el fin de identificar pol\u00edticas y programas que tengan impacto ambiental facilitando la coordinaci\u00f3n, planificaci\u00f3n y control para alcanzar el m\u00e1ximo nivel de protecci\u00f3n ambiental en la provincia de Entre R\u00edos\u201d.<\/p>\n\n\n\n<p>La iniciativa, seg\u00fan se fundament\u00f3, \u201cresponde a la necesidad imperiosa de incorporar la sostenibilidad ambiental como un eje central en el proceso de planificaci\u00f3n de pol\u00edticas p\u00fablicas y reconocer que, sin esta perspectiva, no es posible el desarrollo estrat\u00e9gico provincial\u201d. Reconoci\u00f3 que \u201cdurante las \u00faltimas d\u00e9cadas, la intensificaci\u00f3n del uso de los bienes comunes naturales ha generado diversas consecuencias socioambientales\u201d.<\/p>\n\n\n\n<p>Tambi\u00e9n considera que aquellas \u201cproblem\u00e1ticas implican el deterioro de los ecosistemas y tienen un impacto directo en la calidad de vida. Ante este escenario, existe un creciente inter\u00e9s a nivel global y subnacional por incorporar la perspectiva ambiental en los procesos de formulaci\u00f3n presupuestaria\u201d.<\/p>\n\n\n\n<p>Moreno sostuvo que \u201cel presupuesto, como instrumento de pol\u00edtica econ\u00f3mica y planificaci\u00f3n gubernamental, debe ser utilizado como una herramienta para fomentar la transici\u00f3n hacia nuevos modelos de desarrollo y garantizar el derecho a un ambiente sano desde un marco de justicia social\u201d. A\u00f1adi\u00f3 que \u201cel Presupuesto con Perspectiva Ambiental (PPA) se define como el anexo del presupuesto provincial que utiliza el proceso de formulaci\u00f3n presupuestaria para identificar y promover objetivos ambientales\u201d.<\/p>\n\n\n\n<p>La legisladora detallo que aquel anexo \u201cdetalla las pol\u00edticas, planes, programas y acciones destinadas a prevenir, mitigar y recomponer el da\u00f1o ambiental causado por desastres naturales y acci\u00f3n humana, indicando los recursos asignados\u201d.<\/p>\n\n\n\n<p>A\u00f1adi\u00f3 que \u201cel presupuesto con perspectiva ambiental permitir\u00e1 a todos los entrerriano y entrerrianas saber cu\u00e1ntos son los recursos invertidos en la tem\u00e1tica, compararlos con otras jurisdicciones, comparar interanualmente el grado de inversi\u00f3n en la materia, y a su vez, a los ejecutores de pol\u00edticas p\u00fablicas a repensar en clave ambiental la estrategia para abordar de forma integral y transversal, los dilemas que el desarrollo sostenible demanda\u201d.<\/p>\n\n\n\n<p>El proyecto sostiene que \u201cla creaci\u00f3n del Presupuesto con Perspectiva Ambiental es un hito para la transversalizaci\u00f3n de la perspectiva ambiental en todas las \u00e1reas de gobierno, ofreciendo una herramienta eficaz para la toma de decisiones informada, la transparencia y la rendici\u00f3n de cuentas sobre c\u00f3mo el gobierno prioriza los objetivos ambientales\u201d.<\/p>\n\n\n\n<p>Moreno entendi\u00f3 que \u201cel factor decisivo para el \u00e9xito ser\u00e1 el compromiso de todas las jurisdicciones con la integraci\u00f3n de esta perspectiva en el proceso presupuestario. Es necesario que las y los habitantes de esta Provincia gocen de pol\u00edticas p\u00fablicas acordes a las demandas actuales de un mundo globalizado, impactado por la problem\u00e1tica ambiental y es por ello que solicitamos la aprobaci\u00f3n del presente proyecto de ley\u201d.<\/p>\n","protected":false},"excerpt":{"rendered":"<p>La iniciativa reconoce la \u201cnecesidad imperiosa\u201d de incorporar la \u201csostenibilidad ambiental\u201d como un eje central en el proceso de planificaci\u00f3n de pol\u00edticas p\u00fablicas y reconocer que, sin esta perspectiva, no es posible el desarrollo estrat\u00e9gico provincial. Se destac\u00f3 que es necesario que las y los habitantes de la provincia \u201cgocen de pol\u00edticas p\u00fablicas acordes a [&hellip;]<\/p>\n","protected":false},"author":4,"featured_media":6150,"comment_status":"open","ping_status":"open","sticky":false,"template":"","format":"standard","meta":{"footnotes":""},"categories":[19,17],"tags":[],"class_list":{"0":"post-6149","1":"post","2":"type-post","3":"status-publish","4":"format-standard","5":"has-post-thumbnail","7":"category-interes-general","8":"category-provinciales"},"yoast_head":"<!-- This site is optimized with the Yoast SEO plugin v27.4 - https:\/\/yoast.com\/product\/yoast-seo-wordpress\/ -->\n<title>Piden una ley que obligue al Estado entrerriano a elaborar el Presupuesto General con perspectiva ambiental - Diario del Sur<\/title>\n<meta name=\"robots\" content=\"index, follow, max-snippet:-1, max-image-preview:large, max-video-preview:-1\" \/>\n<link rel=\"canonical\" href=\"https:\/\/diariodelsurdigital.com.ar\/?p=6149\" \/>\n<meta property=\"og:locale\" content=\"es_ES\" \/>\n<meta property=\"og:type\" content=\"article\" \/>\n<meta property=\"og:title\" content=\"Piden una ley que obligue al Estado entrerriano a elaborar el Presupuesto General con perspectiva ambiental - Diario del Sur\" \/>\n<meta property=\"og:description\" content=\"La iniciativa reconoce la \u201cnecesidad imperiosa\u201d de incorporar la \u201csostenibilidad ambiental\u201d como un eje central en el proceso de planificaci\u00f3n de pol\u00edticas p\u00fablicas y reconocer que, sin esta perspectiva, no es posible el desarrollo estrat\u00e9gico provincial. Se destac\u00f3 que es necesario que las y los habitantes de la provincia \u201cgocen de pol\u00edticas p\u00fablicas acordes a [&hellip;]\" \/>\n<meta property=\"og:url\" content=\"https:\/\/diariodelsurdigital.com.ar\/?p=6149\" \/>\n<meta property=\"og:site_name\" content=\"Diario del Sur\" \/>\n<meta property=\"article:published_time\" content=\"2025-12-12T20:43:43+00:00\" \/>\n<meta property=\"article:modified_time\" content=\"2025-12-12T20:43:44+00:00\" \/>\n<meta property=\"og:image\" content=\"https:\/\/diariodelsurdigital.com.ar\/wp-content\/uploads\/2025\/12\/md-20-1.webp\" \/>\n\t<meta property=\"og:image:width\" content=\"992\" \/>\n\t<meta property=\"og:image:height\" content=\"798\" \/>\n\t<meta property=\"og:image:type\" content=\"image\/webp\" \/>\n<meta name=\"author\" content=\"Diario del Sur Digital\" \/>\n<meta name=\"twitter:card\" content=\"summary_large_image\" \/>\n<meta name=\"twitter:label1\" content=\"Escrito por\" \/>\n\t<meta name=\"twitter:data1\" content=\"Diario del Sur Digital\" \/>\n\t<meta name=\"twitter:label2\" content=\"Tiempo de lectura\" \/>\n\t<meta name=\"twitter:data2\" content=\"3 minutos\" \/>\n<script type=\"application\/ld+json\" class=\"yoast-schema-graph\">{\"@context\":\"https:\\\/\\\/schema.org\",\"@graph\":[{\"@type\":\"Article\",\"@id\":\"https:\\\/\\\/diariodelsurdigital.com.ar\\\/?p=6149#article\",\"isPartOf\":{\"@id\":\"https:\\\/\\\/diariodelsurdigital.com.ar\\\/?p=6149\"},\"author\":{\"name\":\"Diario del Sur Digital\",\"@id\":\"https:\\\/\\\/diariodelsurdigital.com.ar\\\/#\\\/schema\\\/person\\\/1a4992532ed62965c968031b49195c81\"},\"headline\":\"Piden una ley que obligue al Estado entrerriano a elaborar el Presupuesto General con perspectiva ambiental\",\"datePublished\":\"2025-12-12T20:43:43+00:00\",\"dateModified\":\"2025-12-12T20:43:44+00:00\",\"mainEntityOfPage\":{\"@id\":\"https:\\\/\\\/diariodelsurdigital.com.ar\\\/?p=6149\"},\"wordCount\":649,\"commentCount\":0,\"image\":{\"@id\":\"https:\\\/\\\/diariodelsurdigital.com.ar\\\/?p=6149#primaryimage\"},\"thumbnailUrl\":\"https:\\\/\\\/diariodelsurdigital.com.ar\\\/wp-content\\\/uploads\\\/2025\\\/12\\\/md-20-1.webp\",\"articleSection\":[\"Inter\u00e9s General\",\"Provinciales\"],\"inLanguage\":\"es\",\"potentialAction\":[{\"@type\":\"CommentAction\",\"name\":\"Comment\",\"target\":[\"https:\\\/\\\/diariodelsurdigital.com.ar\\\/?p=6149#respond\"]}]},{\"@type\":\"WebPage\",\"@id\":\"https:\\\/\\\/diariodelsurdigital.com.ar\\\/?p=6149\",\"url\":\"https:\\\/\\\/diariodelsurdigital.com.ar\\\/?p=6149\",\"name\":\"Piden una ley que obligue al Estado entrerriano a elaborar el Presupuesto General con perspectiva ambiental - Diario del Sur\",\"isPartOf\":{\"@id\":\"https:\\\/\\\/diariodelsurdigital.com.ar\\\/#website\"},\"primaryImageOfPage\":{\"@id\":\"https:\\\/\\\/diariodelsurdigital.com.ar\\\/?p=6149#primaryimage\"},\"image\":{\"@id\":\"https:\\\/\\\/diariodelsurdigital.com.ar\\\/?p=6149#primaryimage\"},\"thumbnailUrl\":\"https:\\\/\\\/diariodelsurdigital.com.ar\\\/wp-content\\\/uploads\\\/2025\\\/12\\\/md-20-1.webp\",\"datePublished\":\"2025-12-12T20:43:43+00:00\",\"dateModified\":\"2025-12-12T20:43:44+00:00\",\"author\":{\"@id\":\"https:\\\/\\\/diariodelsurdigital.com.ar\\\/#\\\/schema\\\/person\\\/1a4992532ed62965c968031b49195c81\"},\"breadcrumb\":{\"@id\":\"https:\\\/\\\/diariodelsurdigital.com.ar\\\/?p=6149#breadcrumb\"},\"inLanguage\":\"es\",\"potentialAction\":[{\"@type\":\"ReadAction\",\"target\":[\"https:\\\/\\\/diariodelsurdigital.com.ar\\\/?p=6149\"]}]},{\"@type\":\"ImageObject\",\"inLanguage\":\"es\",\"@id\":\"https:\\\/\\\/diariodelsurdigital.com.ar\\\/?p=6149#primaryimage\",\"url\":\"https:\\\/\\\/diariodelsurdigital.com.ar\\\/wp-content\\\/uploads\\\/2025\\\/12\\\/md-20-1.webp\",\"contentUrl\":\"https:\\\/\\\/diariodelsurdigital.com.ar\\\/wp-content\\\/uploads\\\/2025\\\/12\\\/md-20-1.webp\",\"width\":992,\"height\":798},{\"@type\":\"BreadcrumbList\",\"@id\":\"https:\\\/\\\/diariodelsurdigital.com.ar\\\/?p=6149#breadcrumb\",\"itemListElement\":[{\"@type\":\"ListItem\",\"position\":1,\"name\":\"Portada\",\"item\":\"https:\\\/\\\/diariodelsurdigital.com.ar\\\/\"},{\"@type\":\"ListItem\",\"position\":2,\"name\":\"Piden una ley que obligue al Estado entrerriano a elaborar el Presupuesto General con perspectiva ambiental\"}]},{\"@type\":\"WebSite\",\"@id\":\"https:\\\/\\\/diariodelsurdigital.com.ar\\\/#website\",\"url\":\"https:\\\/\\\/diariodelsurdigital.com.ar\\\/\",\"name\":\"Diario del Sur\",\"description\":\"Digital\",\"potentialAction\":[{\"@type\":\"SearchAction\",\"target\":{\"@type\":\"EntryPoint\",\"urlTemplate\":\"https:\\\/\\\/diariodelsurdigital.com.ar\\\/?s={search_term_string}\"},\"query-input\":{\"@type\":\"PropertyValueSpecification\",\"valueRequired\":true,\"valueName\":\"search_term_string\"}}],\"inLanguage\":\"es\"},{\"@type\":\"Person\",\"@id\":\"https:\\\/\\\/diariodelsurdigital.com.ar\\\/#\\\/schema\\\/person\\\/1a4992532ed62965c968031b49195c81\",\"name\":\"Diario del Sur Digital\",\"image\":{\"@type\":\"ImageObject\",\"inLanguage\":\"es\",\"@id\":\"https:\\\/\\\/secure.gravatar.com\\\/avatar\\\/f0c7c47fc7146d19828273b9b8eda651c9c7ab583767e6338d3d3bee825adf76?s=96&d=mm&r=g\",\"url\":\"https:\\\/\\\/secure.gravatar.com\\\/avatar\\\/f0c7c47fc7146d19828273b9b8eda651c9c7ab583767e6338d3d3bee825adf76?s=96&d=mm&r=g\",\"contentUrl\":\"https:\\\/\\\/secure.gravatar.com\\\/avatar\\\/f0c7c47fc7146d19828273b9b8eda651c9c7ab583767e6338d3d3bee825adf76?s=96&d=mm&r=g\",\"caption\":\"Diario del Sur Digital\"},\"url\":\"https:\\\/\\\/diariodelsurdigital.com.ar\\\/?author=4\"}]}<\/script>\n<!-- \/ Yoast SEO plugin. -->","yoast_head_json":{"title":"Piden una ley que obligue al Estado entrerriano a elaborar el Presupuesto General con perspectiva ambiental - Diario del Sur","robots":{"index":"index","follow":"follow","max-snippet":"max-snippet:-1","max-image-preview":"max-image-preview:large","max-video-preview":"max-video-preview:-1"},"canonical":"https:\/\/diariodelsurdigital.com.ar\/?p=6149","og_locale":"es_ES","og_type":"article","og_title":"Piden una ley que obligue al Estado entrerriano a elaborar el Presupuesto General con perspectiva ambiental - Diario del Sur","og_description":"La iniciativa reconoce la \u201cnecesidad imperiosa\u201d de incorporar la \u201csostenibilidad ambiental\u201d como un eje central en el proceso de planificaci\u00f3n de pol\u00edticas p\u00fablicas y reconocer que, sin esta perspectiva, no es posible el desarrollo estrat\u00e9gico provincial. Se destac\u00f3 que es necesario que las y los habitantes de la provincia \u201cgocen de pol\u00edticas p\u00fablicas acordes a [&hellip;]","og_url":"https:\/\/diariodelsurdigital.com.ar\/?p=6149","og_site_name":"Diario del Sur","article_published_time":"2025-12-12T20:43:43+00:00","article_modified_time":"2025-12-12T20:43:44+00:00","og_image":[{"width":992,"height":798,"url":"https:\/\/diariodelsurdigital.com.ar\/wp-content\/uploads\/2025\/12\/md-20-1.webp","type":"image\/webp"}],"author":"Diario del Sur Digital","twitter_card":"summary_large_image","twitter_misc":{"Escrito por":"Diario del Sur Digital","Tiempo de lectura":"3 minutos"},"schema":{"@context":"https:\/\/schema.org","@graph":[{"@type":"Article","@id":"https:\/\/diariodelsurdigital.com.ar\/?p=6149#article","isPartOf":{"@id":"https:\/\/diariodelsurdigital.com.ar\/?p=6149"},"author":{"name":"Diario del Sur Digital","@id":"https:\/\/diariodelsurdigital.com.ar\/#\/schema\/person\/1a4992532ed62965c968031b49195c81"},"headline":"Piden una ley que obligue al Estado entrerriano a elaborar el Presupuesto General con perspectiva ambiental","datePublished":"2025-12-12T20:43:43+00:00","dateModified":"2025-12-12T20:43:44+00:00","mainEntityOfPage":{"@id":"https:\/\/diariodelsurdigital.com.ar\/?p=6149"},"wordCount":649,"commentCount":0,"image":{"@id":"https:\/\/diariodelsurdigital.com.ar\/?p=6149#primaryimage"},"thumbnailUrl":"https:\/\/diariodelsurdigital.com.ar\/wp-content\/uploads\/2025\/12\/md-20-1.webp","articleSection":["Inter\u00e9s General","Provinciales"],"inLanguage":"es","potentialAction":[{"@type":"CommentAction","name":"Comment","target":["https:\/\/diariodelsurdigital.com.ar\/?p=6149#respond"]}]},{"@type":"WebPage","@id":"https:\/\/diariodelsurdigital.com.ar\/?p=6149","url":"https:\/\/diariodelsurdigital.com.ar\/?p=6149","name":"Piden una ley que obligue al Estado entrerriano a elaborar el Presupuesto General con perspectiva ambiental - Diario del Sur","isPartOf":{"@id":"https:\/\/diariodelsurdigital.com.ar\/#website"},"primaryImageOfPage":{"@id":"https:\/\/diariodelsurdigital.com.ar\/?p=6149#primaryimage"},"image":{"@id":"https:\/\/diariodelsurdigital.com.ar\/?p=6149#primaryimage"},"thumbnailUrl":"https:\/\/diariodelsurdigital.com.ar\/wp-content\/uploads\/2025\/12\/md-20-1.webp","datePublished":"2025-12-12T20:43:43+00:00","dateModified":"2025-12-12T20:43:44+00:00","author":{"@id":"https:\/\/diariodelsurdigital.com.ar\/#\/schema\/person\/1a4992532ed62965c968031b49195c81"},"breadcrumb":{"@id":"https:\/\/diariodelsurdigital.com.ar\/?p=6149#breadcrumb"},"inLanguage":"es","potentialAction":[{"@type":"ReadAction","target":["https:\/\/diariodelsurdigital.com.ar\/?p=6149"]}]},{"@type":"ImageObject","inLanguage":"es","@id":"https:\/\/diariodelsurdigital.com.ar\/?p=6149#primaryimage","url":"https:\/\/diariodelsurdigital.com.ar\/wp-content\/uploads\/2025\/12\/md-20-1.webp","contentUrl":"https:\/\/diariodelsurdigital.com.ar\/wp-content\/uploads\/2025\/12\/md-20-1.webp","width":992,"height":798},{"@type":"BreadcrumbList","@id":"https:\/\/diariodelsurdigital.com.ar\/?p=6149#breadcrumb","itemListElement":[{"@type":"ListItem","position":1,"name":"Portada","item":"https:\/\/diariodelsurdigital.com.ar\/"},{"@type":"ListItem","position":2,"name":"Piden una ley que obligue al Estado entrerriano a elaborar el Presupuesto General con perspectiva ambiental"}]},{"@type":"WebSite","@id":"https:\/\/diariodelsurdigital.com.ar\/#website","url":"https:\/\/diariodelsurdigital.com.ar\/","name":"Diario del Sur","description":"Digital","potentialAction":[{"@type":"SearchAction","target":{"@type":"EntryPoint","urlTemplate":"https:\/\/diariodelsurdigital.com.ar\/?s={search_term_string}"},"query-input":{"@type":"PropertyValueSpecification","valueRequired":true,"valueName":"search_term_string"}}],"inLanguage":"es"},{"@type":"Person","@id":"https:\/\/diariodelsurdigital.com.ar\/#\/schema\/person\/1a4992532ed62965c968031b49195c81","name":"Diario del Sur Digital","image":{"@type":"ImageObject","inLanguage":"es","@id":"https:\/\/secure.gravatar.com\/avatar\/f0c7c47fc7146d19828273b9b8eda651c9c7ab583767e6338d3d3bee825adf76?s=96&d=mm&r=g","url":"https:\/\/secure.gravatar.com\/avatar\/f0c7c47fc7146d19828273b9b8eda651c9c7ab583767e6338d3d3bee825adf76?s=96&d=mm&r=g","contentUrl":"https:\/\/secure.gravatar.com\/avatar\/f0c7c47fc7146d19828273b9b8eda651c9c7ab583767e6338d3d3bee825adf76?s=96&d=mm&r=g","caption":"Diario del Sur Digital"},"url":"https:\/\/diariodelsurdigital.com.ar\/?author=4"}]}},"_links":{"self":[{"href":"https:\/\/diariodelsurdigital.com.ar\/index.php?rest_route=\/wp\/v2\/posts\/6149","targetHints":{"allow":["GET"]}}],"collection":[{"href":"https:\/\/diariodelsurdigital.com.ar\/index.php?rest_route=\/wp\/v2\/posts"}],"about":[{"href":"https:\/\/diariodelsurdigital.com.ar\/index.php?rest_route=\/wp\/v2\/types\/post"}],"author":[{"embeddable":true,"href":"https:\/\/diariodelsurdigital.com.ar\/index.php?rest_route=\/wp\/v2\/users\/4"}],"replies":[{"embeddable":true,"href":"https:\/\/diariodelsurdigital.com.ar\/index.php?rest_route=%2Fwp%2Fv2%2Fcomments&post=6149"}],"version-history":[{"count":1,"href":"https:\/\/diariodelsurdigital.com.ar\/index.php?rest_route=\/wp\/v2\/posts\/6149\/revisions"}],"predecessor-version":[{"id":6151,"href":"https:\/\/diariodelsurdigital.com.ar\/index.php?rest_route=\/wp\/v2\/posts\/6149\/revisions\/6151"}],"wp:featuredmedia":[{"embeddable":true,"href":"https:\/\/diariodelsurdigital.com.ar\/index.php?rest_route=\/wp\/v2\/media\/6150"}],"wp:attachment":[{"href":"https:\/\/diariodelsurdigital.com.ar\/index.php?rest_route=%2Fwp%2Fv2%2Fmedia&parent=6149"}],"wp:term":[{"taxonomy":"category","embeddable":true,"href":"https:\/\/diariodelsurdigital.com.ar\/index.php?rest_route=%2Fwp%2Fv2%2Fcategories&post=6149"},{"taxonomy":"post_tag","embeddable":true,"href":"https:\/\/diariodelsurdigital.com.ar\/index.php?rest_route=%2Fwp%2Fv2%2Ftags&post=6149"}],"curies":[{"name":"wp","href":"https:\/\/api.w.org\/{rel}","templated":true}]}}