{"id":6159,"date":"2025-12-15T09:31:21","date_gmt":"2025-12-15T12:31:21","guid":{"rendered":"https:\/\/diariodelsurdigital.com.ar\/?p=6159"},"modified":"2025-12-15T09:33:24","modified_gmt":"2025-12-15T12:33:24","slug":"se-perdieron-126-000-empleos-en-la-industria","status":"publish","type":"post","link":"https:\/\/diariodelsurdigital.com.ar\/?p=6159","title":{"rendered":"Se perdieron 126.000 empleos en la industria que no ser\u00e1n absorbidos por otros sectores"},"content":{"rendered":"\n<p>La crisis productiva no detiene su curso y surgen datos consolidados de su verdadera dimensi\u00f3n: en la administraci\u00f3n de Javier Milei se perdieron al menos 126.000 empleos en la industria. Los especialistas advierten que estos puestos no ser\u00e1n absorbidos por otros sectores.<\/p>\n\n\n\n<p><\/p>\n\n\n\n<p>En uno de los eventos empresarios m\u00e1s importantes del pa\u00eds se mostraron alarmados por la cuesti\u00f3n. China fue la palabra m\u00e1s repetida y pese a la fuerte retracci\u00f3n de la actividad hubo aplausos para Patricia Bullrich que lleva la bandera de las reformas del Gobierno en el Congreso.<\/p>\n\n\n\n<p>Los datos del Sistema Integrado Previsional Argentino (SIPA) marcan la destrucci\u00f3n de cuarenta mil puestos de trabajo registrados en la industria desde que gobierna Javier Milei. Pero la Cuenta de Generaci\u00f3n de ingreso del INDEC suma a los no registrados y los no asalariados y llega a una cifra m\u00e1s preocupante: al menos 126.000 empleos perdidos en el sector durante la administraci\u00f3n libertaria.<\/p>\n\n\n\n<p>La informaci\u00f3n surge de tomar el \u00faltimo dato comparable, el segundo trimestre de este a\u00f1o contra el mismo per\u00edodo de 2023. Si la cuenta se hiciera contra los \u00faltimos tres meses de la administraci\u00f3n de Alberto Fern\u00e1ndez, el resultado ser\u00eda a\u00fan peor, un neto de 160.000 empleos menos, pero con las inconsistencias metodol\u00f3gicas que puede traer la estacionalidad.<\/p>\n\n\n\n<p>En cualquier caso, queda claro que hay un marcado retroceso en materia laboral que dif\u00edcilmente sea compensado por otros rubros. \u00abLa destrucci\u00f3n del empleo en la industria es un problema, dado que a\u00fan no queda claro qu\u00e9 sector podr\u00e1 absorber estos puestos de trabajo. Los ganadores -energ\u00eda y miner\u00eda- son muy importantes para generar divisas, pero demandan poco empleo\u00bb, dijo a \u00c1mbito el economista Mart\u00edn Alfie, Fundador de Misi\u00f3n Productiva.<\/p>\n\n\n\n<p>El factor China<br>Las repercusiones de un a\u00f1o dif\u00edcil para los industriales llegaron a los pasillos del Centro de Convenciones de Buenos Aires, donde se realiz\u00f3 el seminario ProPymes que organiza el grupo Techint. La palabra m\u00e1s mencionada entre los empresarios fue China. La preocupaci\u00f3n por el acelerado desembarco de los productos provenientes del gigante asi\u00e1tico cruza a los distintos eslabones de la cadena de valor, desde el acero hasta galpones fabriles listos para armar, pasando por heladeras o autopartes.<\/p>\n\n\n\n<p>\u201cNosotros con mejores condiciones laborales e impositivas podemos competir contra otras empresas de nuestra regi\u00f3n, lo que no podemos hacer es competir contra un Estado\u201d, dijo Lucas Salvatore director de IDERO, que tiene cuatro plantas productivas con unos 350 empleados y se dedica al dise\u00f1o, la ingenier\u00eda y construcci\u00f3n de proyectos residenciales, comerciales e industriales. Sostuvo adem\u00e1s que se trata de \u201cun error estrat\u00e9gico de la pol\u00edtica industrial\u201d.<\/p>\n\n\n\n<p>Vaca Muerta fue otro de los temas centrales. Para quienes hoy pierden mercado frente a las importaciones, la retracci\u00f3n del consumo y el parate de la obra p\u00fablica, aparece como una posible v\u00eda de reconversi\u00f3n; para otros, en cambio, corre el riesgo de convertirse en una oportunidad perdida ante la ausencia de pol\u00edticas que permitan agregar valor en torno a los recursos naturales.<\/p>\n\n\n\n<p>La discusi\u00f3n sigue pasando por el contexto: el avance de China y la guerra comercial que obliga al gigante asi\u00e1tico a redireccionar sus excedentes. Mart\u00edn Berardi, presidente Ejecutivo de Ternium, mostr\u00f3 algunos datos: el crecimiento de las exportaciones y una concentraci\u00f3n del 35% de las manufacturas del mundo y la creciente inversi\u00f3n en el sector manufacturero por sobre la infraestructura y los activos fijos. Mientras tanto Argentina se abre y las importaciones de acero se incrementaron alrededor de un 80%.<\/p>\n\n\n\n<p>Aplausos a Bullrich y las reformas en puerta<br>El cierre estuvo a cargo de Paolo Rocca y Patricia Bullrich. Un di\u00e1logo que algunos medios de comunicaci\u00f3n catalogaron como \u201cpicante\u201d. Lo cierto es que hubo algunas humoradas y la exministra de Seguridad se llev\u00f3 m\u00e1s de una ovaci\u00f3n del auditorio. Los aplausos llegaron a pesar del duro contexto para el sector que refrend\u00f3 el INDEC al cierre de la semana con una ca\u00edda interanual de dos puntos porcentuales en el uso de la capacidad instalada.<\/p>\n\n\n\n<p>El reconocimiento de los empresarios a la flamante senadora est\u00e1 vinculado a que Bullrich ser\u00e1 la encargada de impulsar en el Congreso la reforma laboral de Milei, que plasma un viejo anhelo de las grandes entidades sectoriales. El Ejecutivo pretende un tratamiento expr\u00e9s que es rechazado por la oposici\u00f3n y los gremios. La CGT marchar\u00e1 el jueves a Plaza de Mayo para repudiar la iniciativa y Hern\u00e1n Doval, titular de Confederaci\u00f3n de Trabajadores Municipales, que nuclea a m\u00e1s de 300.000 trabajadores pidi\u00f3 ir \u00aba todo o nada\u00bb contra el Gobierno.<\/p>\n\n\n\n<p>Aunque en el proyecto de \u00abmodernizaci\u00f3n laboral\u00bb entraron sobre la hora algunas cuestiones impositivas, los empresarios piden una reforma tributaria m\u00e1s ambiciosa. En el Gobierno piden paciencia, dicen que llegar\u00eda reci\u00e9n a mediados de a\u00f1o y despotrican contra la carga impositiva que suman gobernadores e intendentes en cada una de sus jurisdicciones.<\/p>\n\n\n\n<p>Rocca dijo que para muchas empresas hay \u201cuna presi\u00f3n muy importante y dificultades\u201d. Pidi\u00f3 una \u00abapertura inteligente\u201d y la defensa de la estructura productiva del pa\u00eds. El CEO de Techint sostuvo que debe abrirse un di\u00e1logo con las autoridades para explicar los efectos de la guerra arancelaria. Bullrich sorprendi\u00f3: asegur\u00f3 que \u201cla Argentina tiene una experiencia de apertura acelerada y tuvo problemas con eso\u201d y, a pesar del reciente elogio de Javier Milei a la liberalizaci\u00f3n total del comercio internacional, dijo: \u201cNosotros estamos tratando de no ir a ese modelo\u201d. Por ahora, esa moderaci\u00f3n a\u00fan no se refleja en los hechos.<\/p>\n","protected":false},"excerpt":{"rendered":"<p>La crisis productiva no detiene su curso y surgen datos consolidados de su verdadera dimensi\u00f3n: en la administraci\u00f3n de Javier Milei se perdieron al menos 126.000 empleos en la industria. Los especialistas advierten que estos puestos no ser\u00e1n absorbidos por otros sectores. En uno de los eventos empresarios m\u00e1s importantes del pa\u00eds se mostraron alarmados [&hellip;]<\/p>\n","protected":false},"author":4,"featured_media":6160,"comment_status":"open","ping_status":"open","sticky":false,"template":"","format":"standard","meta":{"footnotes":""},"categories":[19,18],"tags":[],"class_list":{"0":"post-6159","1":"post","2":"type-post","3":"status-publish","4":"format-standard","5":"has-post-thumbnail","7":"category-interes-general","8":"category-nacionales"},"yoast_head":"<!-- This site is optimized with the Yoast SEO plugin v27.4 - https:\/\/yoast.com\/product\/yoast-seo-wordpress\/ -->\n<title>Se perdieron 126.000 empleos en la industria que no ser\u00e1n absorbidos por otros sectores - Diario del Sur<\/title>\n<meta name=\"robots\" content=\"index, follow, max-snippet:-1, max-image-preview:large, max-video-preview:-1\" \/>\n<link rel=\"canonical\" href=\"https:\/\/diariodelsurdigital.com.ar\/?p=6159\" \/>\n<meta property=\"og:locale\" content=\"es_ES\" \/>\n<meta property=\"og:type\" content=\"article\" \/>\n<meta property=\"og:title\" content=\"Se perdieron 126.000 empleos en la industria que no ser\u00e1n absorbidos por otros sectores - Diario del Sur\" \/>\n<meta property=\"og:description\" content=\"La crisis productiva no detiene su curso y surgen datos consolidados de su verdadera dimensi\u00f3n: en la administraci\u00f3n de Javier Milei se perdieron al menos 126.000 empleos en la industria. Los especialistas advierten que estos puestos no ser\u00e1n absorbidos por otros sectores. En uno de los eventos empresarios m\u00e1s importantes del pa\u00eds se mostraron alarmados [&hellip;]\" \/>\n<meta property=\"og:url\" content=\"https:\/\/diariodelsurdigital.com.ar\/?p=6159\" \/>\n<meta property=\"og:site_name\" content=\"Diario del Sur\" \/>\n<meta property=\"article:published_time\" content=\"2025-12-15T12:31:21+00:00\" \/>\n<meta property=\"article:modified_time\" content=\"2025-12-15T12:33:24+00:00\" \/>\n<meta property=\"og:image\" content=\"https:\/\/diariodelsurdigital.com.ar\/wp-content\/uploads\/2025\/12\/md-2-1.webp\" \/>\n\t<meta property=\"og:image:width\" content=\"992\" \/>\n\t<meta property=\"og:image:height\" content=\"557\" \/>\n\t<meta property=\"og:image:type\" content=\"image\/webp\" \/>\n<meta name=\"author\" content=\"Diario del Sur Digital\" \/>\n<meta name=\"twitter:card\" content=\"summary_large_image\" \/>\n<meta name=\"twitter:label1\" content=\"Escrito por\" \/>\n\t<meta name=\"twitter:data1\" content=\"Diario del Sur Digital\" \/>\n\t<meta name=\"twitter:label2\" content=\"Tiempo de lectura\" \/>\n\t<meta name=\"twitter:data2\" content=\"5 minutos\" \/>\n<script type=\"application\/ld+json\" class=\"yoast-schema-graph\">{\"@context\":\"https:\\\/\\\/schema.org\",\"@graph\":[{\"@type\":\"Article\",\"@id\":\"https:\\\/\\\/diariodelsurdigital.com.ar\\\/?p=6159#article\",\"isPartOf\":{\"@id\":\"https:\\\/\\\/diariodelsurdigital.com.ar\\\/?p=6159\"},\"author\":{\"name\":\"Diario del Sur Digital\",\"@id\":\"https:\\\/\\\/diariodelsurdigital.com.ar\\\/#\\\/schema\\\/person\\\/1a4992532ed62965c968031b49195c81\"},\"headline\":\"Se perdieron 126.000 empleos en la industria que no ser\u00e1n absorbidos por otros sectores\",\"datePublished\":\"2025-12-15T12:31:21+00:00\",\"dateModified\":\"2025-12-15T12:33:24+00:00\",\"mainEntityOfPage\":{\"@id\":\"https:\\\/\\\/diariodelsurdigital.com.ar\\\/?p=6159\"},\"wordCount\":973,\"commentCount\":0,\"image\":{\"@id\":\"https:\\\/\\\/diariodelsurdigital.com.ar\\\/?p=6159#primaryimage\"},\"thumbnailUrl\":\"https:\\\/\\\/diariodelsurdigital.com.ar\\\/wp-content\\\/uploads\\\/2025\\\/12\\\/md-2-1.webp\",\"articleSection\":[\"Inter\u00e9s General\",\"Nacionales\"],\"inLanguage\":\"es\",\"potentialAction\":[{\"@type\":\"CommentAction\",\"name\":\"Comment\",\"target\":[\"https:\\\/\\\/diariodelsurdigital.com.ar\\\/?p=6159#respond\"]}]},{\"@type\":\"WebPage\",\"@id\":\"https:\\\/\\\/diariodelsurdigital.com.ar\\\/?p=6159\",\"url\":\"https:\\\/\\\/diariodelsurdigital.com.ar\\\/?p=6159\",\"name\":\"Se perdieron 126.000 empleos en la industria que no ser\u00e1n absorbidos por otros sectores - Diario del Sur\",\"isPartOf\":{\"@id\":\"https:\\\/\\\/diariodelsurdigital.com.ar\\\/#website\"},\"primaryImageOfPage\":{\"@id\":\"https:\\\/\\\/diariodelsurdigital.com.ar\\\/?p=6159#primaryimage\"},\"image\":{\"@id\":\"https:\\\/\\\/diariodelsurdigital.com.ar\\\/?p=6159#primaryimage\"},\"thumbnailUrl\":\"https:\\\/\\\/diariodelsurdigital.com.ar\\\/wp-content\\\/uploads\\\/2025\\\/12\\\/md-2-1.webp\",\"datePublished\":\"2025-12-15T12:31:21+00:00\",\"dateModified\":\"2025-12-15T12:33:24+00:00\",\"author\":{\"@id\":\"https:\\\/\\\/diariodelsurdigital.com.ar\\\/#\\\/schema\\\/person\\\/1a4992532ed62965c968031b49195c81\"},\"breadcrumb\":{\"@id\":\"https:\\\/\\\/diariodelsurdigital.com.ar\\\/?p=6159#breadcrumb\"},\"inLanguage\":\"es\",\"potentialAction\":[{\"@type\":\"ReadAction\",\"target\":[\"https:\\\/\\\/diariodelsurdigital.com.ar\\\/?p=6159\"]}]},{\"@type\":\"ImageObject\",\"inLanguage\":\"es\",\"@id\":\"https:\\\/\\\/diariodelsurdigital.com.ar\\\/?p=6159#primaryimage\",\"url\":\"https:\\\/\\\/diariodelsurdigital.com.ar\\\/wp-content\\\/uploads\\\/2025\\\/12\\\/md-2-1.webp\",\"contentUrl\":\"https:\\\/\\\/diariodelsurdigital.com.ar\\\/wp-content\\\/uploads\\\/2025\\\/12\\\/md-2-1.webp\",\"width\":992,\"height\":557},{\"@type\":\"BreadcrumbList\",\"@id\":\"https:\\\/\\\/diariodelsurdigital.com.ar\\\/?p=6159#breadcrumb\",\"itemListElement\":[{\"@type\":\"ListItem\",\"position\":1,\"name\":\"Portada\",\"item\":\"https:\\\/\\\/diariodelsurdigital.com.ar\\\/\"},{\"@type\":\"ListItem\",\"position\":2,\"name\":\"Se perdieron 126.000 empleos en la industria que no ser\u00e1n absorbidos por otros sectores\"}]},{\"@type\":\"WebSite\",\"@id\":\"https:\\\/\\\/diariodelsurdigital.com.ar\\\/#website\",\"url\":\"https:\\\/\\\/diariodelsurdigital.com.ar\\\/\",\"name\":\"Diario del Sur\",\"description\":\"Digital\",\"potentialAction\":[{\"@type\":\"SearchAction\",\"target\":{\"@type\":\"EntryPoint\",\"urlTemplate\":\"https:\\\/\\\/diariodelsurdigital.com.ar\\\/?s={search_term_string}\"},\"query-input\":{\"@type\":\"PropertyValueSpecification\",\"valueRequired\":true,\"valueName\":\"search_term_string\"}}],\"inLanguage\":\"es\"},{\"@type\":\"Person\",\"@id\":\"https:\\\/\\\/diariodelsurdigital.com.ar\\\/#\\\/schema\\\/person\\\/1a4992532ed62965c968031b49195c81\",\"name\":\"Diario del Sur Digital\",\"image\":{\"@type\":\"ImageObject\",\"inLanguage\":\"es\",\"@id\":\"https:\\\/\\\/secure.gravatar.com\\\/avatar\\\/f0c7c47fc7146d19828273b9b8eda651c9c7ab583767e6338d3d3bee825adf76?s=96&d=mm&r=g\",\"url\":\"https:\\\/\\\/secure.gravatar.com\\\/avatar\\\/f0c7c47fc7146d19828273b9b8eda651c9c7ab583767e6338d3d3bee825adf76?s=96&d=mm&r=g\",\"contentUrl\":\"https:\\\/\\\/secure.gravatar.com\\\/avatar\\\/f0c7c47fc7146d19828273b9b8eda651c9c7ab583767e6338d3d3bee825adf76?s=96&d=mm&r=g\",\"caption\":\"Diario del Sur Digital\"},\"url\":\"https:\\\/\\\/diariodelsurdigital.com.ar\\\/?author=4\"}]}<\/script>\n<!-- \/ Yoast SEO plugin. -->","yoast_head_json":{"title":"Se perdieron 126.000 empleos en la industria que no ser\u00e1n absorbidos por otros sectores - Diario del Sur","robots":{"index":"index","follow":"follow","max-snippet":"max-snippet:-1","max-image-preview":"max-image-preview:large","max-video-preview":"max-video-preview:-1"},"canonical":"https:\/\/diariodelsurdigital.com.ar\/?p=6159","og_locale":"es_ES","og_type":"article","og_title":"Se perdieron 126.000 empleos en la industria que no ser\u00e1n absorbidos por otros sectores - Diario del Sur","og_description":"La crisis productiva no detiene su curso y surgen datos consolidados de su verdadera dimensi\u00f3n: en la administraci\u00f3n de Javier Milei se perdieron al menos 126.000 empleos en la industria. Los especialistas advierten que estos puestos no ser\u00e1n absorbidos por otros sectores. En uno de los eventos empresarios m\u00e1s importantes del pa\u00eds se mostraron alarmados [&hellip;]","og_url":"https:\/\/diariodelsurdigital.com.ar\/?p=6159","og_site_name":"Diario del Sur","article_published_time":"2025-12-15T12:31:21+00:00","article_modified_time":"2025-12-15T12:33:24+00:00","og_image":[{"width":992,"height":557,"url":"https:\/\/diariodelsurdigital.com.ar\/wp-content\/uploads\/2025\/12\/md-2-1.webp","type":"image\/webp"}],"author":"Diario del Sur Digital","twitter_card":"summary_large_image","twitter_misc":{"Escrito por":"Diario del Sur Digital","Tiempo de lectura":"5 minutos"},"schema":{"@context":"https:\/\/schema.org","@graph":[{"@type":"Article","@id":"https:\/\/diariodelsurdigital.com.ar\/?p=6159#article","isPartOf":{"@id":"https:\/\/diariodelsurdigital.com.ar\/?p=6159"},"author":{"name":"Diario del Sur Digital","@id":"https:\/\/diariodelsurdigital.com.ar\/#\/schema\/person\/1a4992532ed62965c968031b49195c81"},"headline":"Se perdieron 126.000 empleos en la industria que no ser\u00e1n absorbidos por otros sectores","datePublished":"2025-12-15T12:31:21+00:00","dateModified":"2025-12-15T12:33:24+00:00","mainEntityOfPage":{"@id":"https:\/\/diariodelsurdigital.com.ar\/?p=6159"},"wordCount":973,"commentCount":0,"image":{"@id":"https:\/\/diariodelsurdigital.com.ar\/?p=6159#primaryimage"},"thumbnailUrl":"https:\/\/diariodelsurdigital.com.ar\/wp-content\/uploads\/2025\/12\/md-2-1.webp","articleSection":["Inter\u00e9s General","Nacionales"],"inLanguage":"es","potentialAction":[{"@type":"CommentAction","name":"Comment","target":["https:\/\/diariodelsurdigital.com.ar\/?p=6159#respond"]}]},{"@type":"WebPage","@id":"https:\/\/diariodelsurdigital.com.ar\/?p=6159","url":"https:\/\/diariodelsurdigital.com.ar\/?p=6159","name":"Se perdieron 126.000 empleos en la industria que no ser\u00e1n absorbidos por otros sectores - Diario del Sur","isPartOf":{"@id":"https:\/\/diariodelsurdigital.com.ar\/#website"},"primaryImageOfPage":{"@id":"https:\/\/diariodelsurdigital.com.ar\/?p=6159#primaryimage"},"image":{"@id":"https:\/\/diariodelsurdigital.com.ar\/?p=6159#primaryimage"},"thumbnailUrl":"https:\/\/diariodelsurdigital.com.ar\/wp-content\/uploads\/2025\/12\/md-2-1.webp","datePublished":"2025-12-15T12:31:21+00:00","dateModified":"2025-12-15T12:33:24+00:00","author":{"@id":"https:\/\/diariodelsurdigital.com.ar\/#\/schema\/person\/1a4992532ed62965c968031b49195c81"},"breadcrumb":{"@id":"https:\/\/diariodelsurdigital.com.ar\/?p=6159#breadcrumb"},"inLanguage":"es","potentialAction":[{"@type":"ReadAction","target":["https:\/\/diariodelsurdigital.com.ar\/?p=6159"]}]},{"@type":"ImageObject","inLanguage":"es","@id":"https:\/\/diariodelsurdigital.com.ar\/?p=6159#primaryimage","url":"https:\/\/diariodelsurdigital.com.ar\/wp-content\/uploads\/2025\/12\/md-2-1.webp","contentUrl":"https:\/\/diariodelsurdigital.com.ar\/wp-content\/uploads\/2025\/12\/md-2-1.webp","width":992,"height":557},{"@type":"BreadcrumbList","@id":"https:\/\/diariodelsurdigital.com.ar\/?p=6159#breadcrumb","itemListElement":[{"@type":"ListItem","position":1,"name":"Portada","item":"https:\/\/diariodelsurdigital.com.ar\/"},{"@type":"ListItem","position":2,"name":"Se perdieron 126.000 empleos en la industria que no ser\u00e1n absorbidos por otros sectores"}]},{"@type":"WebSite","@id":"https:\/\/diariodelsurdigital.com.ar\/#website","url":"https:\/\/diariodelsurdigital.com.ar\/","name":"Diario del Sur","description":"Digital","potentialAction":[{"@type":"SearchAction","target":{"@type":"EntryPoint","urlTemplate":"https:\/\/diariodelsurdigital.com.ar\/?s={search_term_string}"},"query-input":{"@type":"PropertyValueSpecification","valueRequired":true,"valueName":"search_term_string"}}],"inLanguage":"es"},{"@type":"Person","@id":"https:\/\/diariodelsurdigital.com.ar\/#\/schema\/person\/1a4992532ed62965c968031b49195c81","name":"Diario del Sur Digital","image":{"@type":"ImageObject","inLanguage":"es","@id":"https:\/\/secure.gravatar.com\/avatar\/f0c7c47fc7146d19828273b9b8eda651c9c7ab583767e6338d3d3bee825adf76?s=96&d=mm&r=g","url":"https:\/\/secure.gravatar.com\/avatar\/f0c7c47fc7146d19828273b9b8eda651c9c7ab583767e6338d3d3bee825adf76?s=96&d=mm&r=g","contentUrl":"https:\/\/secure.gravatar.com\/avatar\/f0c7c47fc7146d19828273b9b8eda651c9c7ab583767e6338d3d3bee825adf76?s=96&d=mm&r=g","caption":"Diario del Sur Digital"},"url":"https:\/\/diariodelsurdigital.com.ar\/?author=4"}]}},"_links":{"self":[{"href":"https:\/\/diariodelsurdigital.com.ar\/index.php?rest_route=\/wp\/v2\/posts\/6159","targetHints":{"allow":["GET"]}}],"collection":[{"href":"https:\/\/diariodelsurdigital.com.ar\/index.php?rest_route=\/wp\/v2\/posts"}],"about":[{"href":"https:\/\/diariodelsurdigital.com.ar\/index.php?rest_route=\/wp\/v2\/types\/post"}],"author":[{"embeddable":true,"href":"https:\/\/diariodelsurdigital.com.ar\/index.php?rest_route=\/wp\/v2\/users\/4"}],"replies":[{"embeddable":true,"href":"https:\/\/diariodelsurdigital.com.ar\/index.php?rest_route=%2Fwp%2Fv2%2Fcomments&post=6159"}],"version-history":[{"count":2,"href":"https:\/\/diariodelsurdigital.com.ar\/index.php?rest_route=\/wp\/v2\/posts\/6159\/revisions"}],"predecessor-version":[{"id":6162,"href":"https:\/\/diariodelsurdigital.com.ar\/index.php?rest_route=\/wp\/v2\/posts\/6159\/revisions\/6162"}],"wp:featuredmedia":[{"embeddable":true,"href":"https:\/\/diariodelsurdigital.com.ar\/index.php?rest_route=\/wp\/v2\/media\/6160"}],"wp:attachment":[{"href":"https:\/\/diariodelsurdigital.com.ar\/index.php?rest_route=%2Fwp%2Fv2%2Fmedia&parent=6159"}],"wp:term":[{"taxonomy":"category","embeddable":true,"href":"https:\/\/diariodelsurdigital.com.ar\/index.php?rest_route=%2Fwp%2Fv2%2Fcategories&post=6159"},{"taxonomy":"post_tag","embeddable":true,"href":"https:\/\/diariodelsurdigital.com.ar\/index.php?rest_route=%2Fwp%2Fv2%2Ftags&post=6159"}],"curies":[{"name":"wp","href":"https:\/\/api.w.org\/{rel}","templated":true}]}}