{"id":6163,"date":"2025-12-15T09:35:20","date_gmt":"2025-12-15T12:35:20","guid":{"rendered":"https:\/\/diariodelsurdigital.com.ar\/?p=6163"},"modified":"2025-12-15T09:35:21","modified_gmt":"2025-12-15T12:35:21","slug":"ypf-anuncio-que-la-nafta-bajara-en-promedio-un-2-esta-semana","status":"publish","type":"post","link":"https:\/\/diariodelsurdigital.com.ar\/?p=6163","title":{"rendered":"YPF anunci\u00f3 que la nafta bajar\u00e1 en promedio un 2% esta semana"},"content":{"rendered":"\n<p>YPF inform\u00f3 que esta semana los precios de la nafta registrar\u00e1n una baja promedio del 2% en todo el pa\u00eds. El anuncio fue realizado por el presidente y CEO de la compa\u00f1\u00eda, Horacio Mar\u00edn, quien explic\u00f3 que la medida responde a la din\u00e1mica del mercado y que los ajustes no se aplicar\u00e1n de manera uniforme en todas las regiones.<\/p>\n\n\n\n<p>Seg\u00fan detall\u00f3 el directivo, la empresa realiza un seguimiento permanente de las variables que inciden en el precio final de los combustibles, lo que permite realizar correcciones graduales. \u201cTodos los d\u00edas un poquito, no en todos los lados iguales\u201d, precis\u00f3 Mar\u00edn al referirse a la forma en que se implementar\u00e1n las reducciones.<\/p>\n\n\n\n<p>El titular de YPF se\u00f1al\u00f3 adem\u00e1s que, desde el inicio de su gesti\u00f3n a fines de 2023, la compa\u00f1\u00eda busca sostener un \u201cacuerdo de honestidad con los consumidores\u201d, en el cual los precios de los combustibles suben o bajan en funci\u00f3n de la oferta y la demanda.<\/p>\n\n\n\n<p>En cuanto al gasoil, Mar\u00edn indic\u00f3 que la situaci\u00f3n presenta mayor complejidad y que se aplicar\u00e1n ajustes diferenciados seg\u00fan el tipo de producto. \u201cUno hay que subir y uno hay que bajar\u201d, explic\u00f3 al referirse a los cambios previstos en ese segmento.<\/p>\n\n\n\n<p>La actualizaci\u00f3n de precios comenzar\u00e1 a reflejarse en los surtidores a lo largo de la semana, de acuerdo con las condiciones espec\u00edficas de cada zona del pa\u00eds.<\/p>\n","protected":false},"excerpt":{"rendered":"<p>YPF inform\u00f3 que esta semana los precios de la nafta registrar\u00e1n una baja promedio del 2% en todo el pa\u00eds. El anuncio fue realizado por el presidente y CEO de la compa\u00f1\u00eda, Horacio Mar\u00edn, quien explic\u00f3 que la medida responde a la din\u00e1mica del mercado y que los ajustes no se aplicar\u00e1n de manera uniforme [&hellip;]<\/p>\n","protected":false},"author":4,"featured_media":6164,"comment_status":"open","ping_status":"open","sticky":false,"template":"","format":"standard","meta":{"footnotes":""},"categories":[19,18],"tags":[],"class_list":{"0":"post-6163","1":"post","2":"type-post","3":"status-publish","4":"format-standard","5":"has-post-thumbnail","7":"category-interes-general","8":"category-nacionales"},"yoast_head":"<!-- This site is optimized with the Yoast SEO plugin v27.4 - https:\/\/yoast.com\/product\/yoast-seo-wordpress\/ -->\n<title>YPF anunci\u00f3 que la nafta bajar\u00e1 en promedio un 2% esta semana - Diario del Sur<\/title>\n<meta name=\"robots\" content=\"index, follow, max-snippet:-1, max-image-preview:large, max-video-preview:-1\" \/>\n<link rel=\"canonical\" href=\"https:\/\/diariodelsurdigital.com.ar\/?p=6163\" \/>\n<meta property=\"og:locale\" content=\"es_ES\" \/>\n<meta property=\"og:type\" content=\"article\" \/>\n<meta property=\"og:title\" content=\"YPF anunci\u00f3 que la nafta bajar\u00e1 en promedio un 2% esta semana - Diario del Sur\" \/>\n<meta property=\"og:description\" content=\"YPF inform\u00f3 que esta semana los precios de la nafta registrar\u00e1n una baja promedio del 2% en todo el pa\u00eds. El anuncio fue realizado por el presidente y CEO de la compa\u00f1\u00eda, Horacio Mar\u00edn, quien explic\u00f3 que la medida responde a la din\u00e1mica del mercado y que los ajustes no se aplicar\u00e1n de manera uniforme [&hellip;]\" \/>\n<meta property=\"og:url\" content=\"https:\/\/diariodelsurdigital.com.ar\/?p=6163\" \/>\n<meta property=\"og:site_name\" content=\"Diario del Sur\" \/>\n<meta property=\"article:published_time\" content=\"2025-12-15T12:35:20+00:00\" \/>\n<meta property=\"article:modified_time\" content=\"2025-12-15T12:35:21+00:00\" \/>\n<meta property=\"og:image\" content=\"https:\/\/diariodelsurdigital.com.ar\/wp-content\/uploads\/2025\/12\/md-3-1.webp\" \/>\n\t<meta property=\"og:image:width\" content=\"992\" \/>\n\t<meta property=\"og:image:height\" content=\"602\" \/>\n\t<meta property=\"og:image:type\" content=\"image\/webp\" \/>\n<meta name=\"author\" content=\"Diario del Sur Digital\" \/>\n<meta name=\"twitter:card\" content=\"summary_large_image\" \/>\n<meta name=\"twitter:label1\" content=\"Escrito por\" \/>\n\t<meta name=\"twitter:data1\" content=\"Diario del Sur Digital\" \/>\n\t<meta name=\"twitter:label2\" content=\"Tiempo de lectura\" \/>\n\t<meta name=\"twitter:data2\" content=\"2 minutos\" \/>\n<script type=\"application\/ld+json\" class=\"yoast-schema-graph\">{\"@context\":\"https:\\\/\\\/schema.org\",\"@graph\":[{\"@type\":\"Article\",\"@id\":\"https:\\\/\\\/diariodelsurdigital.com.ar\\\/?p=6163#article\",\"isPartOf\":{\"@id\":\"https:\\\/\\\/diariodelsurdigital.com.ar\\\/?p=6163\"},\"author\":{\"name\":\"Diario del Sur Digital\",\"@id\":\"https:\\\/\\\/diariodelsurdigital.com.ar\\\/#\\\/schema\\\/person\\\/1a4992532ed62965c968031b49195c81\"},\"headline\":\"YPF anunci\u00f3 que la nafta bajar\u00e1 en promedio un 2% esta semana\",\"datePublished\":\"2025-12-15T12:35:20+00:00\",\"dateModified\":\"2025-12-15T12:35:21+00:00\",\"mainEntityOfPage\":{\"@id\":\"https:\\\/\\\/diariodelsurdigital.com.ar\\\/?p=6163\"},\"wordCount\":258,\"commentCount\":0,\"image\":{\"@id\":\"https:\\\/\\\/diariodelsurdigital.com.ar\\\/?p=6163#primaryimage\"},\"thumbnailUrl\":\"https:\\\/\\\/diariodelsurdigital.com.ar\\\/wp-content\\\/uploads\\\/2025\\\/12\\\/md-3-1.webp\",\"articleSection\":[\"Inter\u00e9s General\",\"Nacionales\"],\"inLanguage\":\"es\",\"potentialAction\":[{\"@type\":\"CommentAction\",\"name\":\"Comment\",\"target\":[\"https:\\\/\\\/diariodelsurdigital.com.ar\\\/?p=6163#respond\"]}]},{\"@type\":\"WebPage\",\"@id\":\"https:\\\/\\\/diariodelsurdigital.com.ar\\\/?p=6163\",\"url\":\"https:\\\/\\\/diariodelsurdigital.com.ar\\\/?p=6163\",\"name\":\"YPF anunci\u00f3 que la nafta bajar\u00e1 en promedio un 2% esta semana - Diario del Sur\",\"isPartOf\":{\"@id\":\"https:\\\/\\\/diariodelsurdigital.com.ar\\\/#website\"},\"primaryImageOfPage\":{\"@id\":\"https:\\\/\\\/diariodelsurdigital.com.ar\\\/?p=6163#primaryimage\"},\"image\":{\"@id\":\"https:\\\/\\\/diariodelsurdigital.com.ar\\\/?p=6163#primaryimage\"},\"thumbnailUrl\":\"https:\\\/\\\/diariodelsurdigital.com.ar\\\/wp-content\\\/uploads\\\/2025\\\/12\\\/md-3-1.webp\",\"datePublished\":\"2025-12-15T12:35:20+00:00\",\"dateModified\":\"2025-12-15T12:35:21+00:00\",\"author\":{\"@id\":\"https:\\\/\\\/diariodelsurdigital.com.ar\\\/#\\\/schema\\\/person\\\/1a4992532ed62965c968031b49195c81\"},\"breadcrumb\":{\"@id\":\"https:\\\/\\\/diariodelsurdigital.com.ar\\\/?p=6163#breadcrumb\"},\"inLanguage\":\"es\",\"potentialAction\":[{\"@type\":\"ReadAction\",\"target\":[\"https:\\\/\\\/diariodelsurdigital.com.ar\\\/?p=6163\"]}]},{\"@type\":\"ImageObject\",\"inLanguage\":\"es\",\"@id\":\"https:\\\/\\\/diariodelsurdigital.com.ar\\\/?p=6163#primaryimage\",\"url\":\"https:\\\/\\\/diariodelsurdigital.com.ar\\\/wp-content\\\/uploads\\\/2025\\\/12\\\/md-3-1.webp\",\"contentUrl\":\"https:\\\/\\\/diariodelsurdigital.com.ar\\\/wp-content\\\/uploads\\\/2025\\\/12\\\/md-3-1.webp\",\"width\":992,\"height\":602},{\"@type\":\"BreadcrumbList\",\"@id\":\"https:\\\/\\\/diariodelsurdigital.com.ar\\\/?p=6163#breadcrumb\",\"itemListElement\":[{\"@type\":\"ListItem\",\"position\":1,\"name\":\"Portada\",\"item\":\"https:\\\/\\\/diariodelsurdigital.com.ar\\\/\"},{\"@type\":\"ListItem\",\"position\":2,\"name\":\"YPF anunci\u00f3 que la nafta bajar\u00e1 en promedio un 2% esta semana\"}]},{\"@type\":\"WebSite\",\"@id\":\"https:\\\/\\\/diariodelsurdigital.com.ar\\\/#website\",\"url\":\"https:\\\/\\\/diariodelsurdigital.com.ar\\\/\",\"name\":\"Diario del Sur\",\"description\":\"Digital\",\"potentialAction\":[{\"@type\":\"SearchAction\",\"target\":{\"@type\":\"EntryPoint\",\"urlTemplate\":\"https:\\\/\\\/diariodelsurdigital.com.ar\\\/?s={search_term_string}\"},\"query-input\":{\"@type\":\"PropertyValueSpecification\",\"valueRequired\":true,\"valueName\":\"search_term_string\"}}],\"inLanguage\":\"es\"},{\"@type\":\"Person\",\"@id\":\"https:\\\/\\\/diariodelsurdigital.com.ar\\\/#\\\/schema\\\/person\\\/1a4992532ed62965c968031b49195c81\",\"name\":\"Diario del Sur Digital\",\"image\":{\"@type\":\"ImageObject\",\"inLanguage\":\"es\",\"@id\":\"https:\\\/\\\/secure.gravatar.com\\\/avatar\\\/f0c7c47fc7146d19828273b9b8eda651c9c7ab583767e6338d3d3bee825adf76?s=96&d=mm&r=g\",\"url\":\"https:\\\/\\\/secure.gravatar.com\\\/avatar\\\/f0c7c47fc7146d19828273b9b8eda651c9c7ab583767e6338d3d3bee825adf76?s=96&d=mm&r=g\",\"contentUrl\":\"https:\\\/\\\/secure.gravatar.com\\\/avatar\\\/f0c7c47fc7146d19828273b9b8eda651c9c7ab583767e6338d3d3bee825adf76?s=96&d=mm&r=g\",\"caption\":\"Diario del Sur Digital\"},\"url\":\"https:\\\/\\\/diariodelsurdigital.com.ar\\\/?author=4\"}]}<\/script>\n<!-- \/ Yoast SEO plugin. -->","yoast_head_json":{"title":"YPF anunci\u00f3 que la nafta bajar\u00e1 en promedio un 2% esta semana - Diario del Sur","robots":{"index":"index","follow":"follow","max-snippet":"max-snippet:-1","max-image-preview":"max-image-preview:large","max-video-preview":"max-video-preview:-1"},"canonical":"https:\/\/diariodelsurdigital.com.ar\/?p=6163","og_locale":"es_ES","og_type":"article","og_title":"YPF anunci\u00f3 que la nafta bajar\u00e1 en promedio un 2% esta semana - Diario del Sur","og_description":"YPF inform\u00f3 que esta semana los precios de la nafta registrar\u00e1n una baja promedio del 2% en todo el pa\u00eds. El anuncio fue realizado por el presidente y CEO de la compa\u00f1\u00eda, Horacio Mar\u00edn, quien explic\u00f3 que la medida responde a la din\u00e1mica del mercado y que los ajustes no se aplicar\u00e1n de manera uniforme [&hellip;]","og_url":"https:\/\/diariodelsurdigital.com.ar\/?p=6163","og_site_name":"Diario del Sur","article_published_time":"2025-12-15T12:35:20+00:00","article_modified_time":"2025-12-15T12:35:21+00:00","og_image":[{"width":992,"height":602,"url":"https:\/\/diariodelsurdigital.com.ar\/wp-content\/uploads\/2025\/12\/md-3-1.webp","type":"image\/webp"}],"author":"Diario del Sur Digital","twitter_card":"summary_large_image","twitter_misc":{"Escrito por":"Diario del Sur Digital","Tiempo de lectura":"2 minutos"},"schema":{"@context":"https:\/\/schema.org","@graph":[{"@type":"Article","@id":"https:\/\/diariodelsurdigital.com.ar\/?p=6163#article","isPartOf":{"@id":"https:\/\/diariodelsurdigital.com.ar\/?p=6163"},"author":{"name":"Diario del Sur Digital","@id":"https:\/\/diariodelsurdigital.com.ar\/#\/schema\/person\/1a4992532ed62965c968031b49195c81"},"headline":"YPF anunci\u00f3 que la nafta bajar\u00e1 en promedio un 2% esta semana","datePublished":"2025-12-15T12:35:20+00:00","dateModified":"2025-12-15T12:35:21+00:00","mainEntityOfPage":{"@id":"https:\/\/diariodelsurdigital.com.ar\/?p=6163"},"wordCount":258,"commentCount":0,"image":{"@id":"https:\/\/diariodelsurdigital.com.ar\/?p=6163#primaryimage"},"thumbnailUrl":"https:\/\/diariodelsurdigital.com.ar\/wp-content\/uploads\/2025\/12\/md-3-1.webp","articleSection":["Inter\u00e9s General","Nacionales"],"inLanguage":"es","potentialAction":[{"@type":"CommentAction","name":"Comment","target":["https:\/\/diariodelsurdigital.com.ar\/?p=6163#respond"]}]},{"@type":"WebPage","@id":"https:\/\/diariodelsurdigital.com.ar\/?p=6163","url":"https:\/\/diariodelsurdigital.com.ar\/?p=6163","name":"YPF anunci\u00f3 que la nafta bajar\u00e1 en promedio un 2% esta semana - Diario del Sur","isPartOf":{"@id":"https:\/\/diariodelsurdigital.com.ar\/#website"},"primaryImageOfPage":{"@id":"https:\/\/diariodelsurdigital.com.ar\/?p=6163#primaryimage"},"image":{"@id":"https:\/\/diariodelsurdigital.com.ar\/?p=6163#primaryimage"},"thumbnailUrl":"https:\/\/diariodelsurdigital.com.ar\/wp-content\/uploads\/2025\/12\/md-3-1.webp","datePublished":"2025-12-15T12:35:20+00:00","dateModified":"2025-12-15T12:35:21+00:00","author":{"@id":"https:\/\/diariodelsurdigital.com.ar\/#\/schema\/person\/1a4992532ed62965c968031b49195c81"},"breadcrumb":{"@id":"https:\/\/diariodelsurdigital.com.ar\/?p=6163#breadcrumb"},"inLanguage":"es","potentialAction":[{"@type":"ReadAction","target":["https:\/\/diariodelsurdigital.com.ar\/?p=6163"]}]},{"@type":"ImageObject","inLanguage":"es","@id":"https:\/\/diariodelsurdigital.com.ar\/?p=6163#primaryimage","url":"https:\/\/diariodelsurdigital.com.ar\/wp-content\/uploads\/2025\/12\/md-3-1.webp","contentUrl":"https:\/\/diariodelsurdigital.com.ar\/wp-content\/uploads\/2025\/12\/md-3-1.webp","width":992,"height":602},{"@type":"BreadcrumbList","@id":"https:\/\/diariodelsurdigital.com.ar\/?p=6163#breadcrumb","itemListElement":[{"@type":"ListItem","position":1,"name":"Portada","item":"https:\/\/diariodelsurdigital.com.ar\/"},{"@type":"ListItem","position":2,"name":"YPF anunci\u00f3 que la nafta bajar\u00e1 en promedio un 2% esta semana"}]},{"@type":"WebSite","@id":"https:\/\/diariodelsurdigital.com.ar\/#website","url":"https:\/\/diariodelsurdigital.com.ar\/","name":"Diario del Sur","description":"Digital","potentialAction":[{"@type":"SearchAction","target":{"@type":"EntryPoint","urlTemplate":"https:\/\/diariodelsurdigital.com.ar\/?s={search_term_string}"},"query-input":{"@type":"PropertyValueSpecification","valueRequired":true,"valueName":"search_term_string"}}],"inLanguage":"es"},{"@type":"Person","@id":"https:\/\/diariodelsurdigital.com.ar\/#\/schema\/person\/1a4992532ed62965c968031b49195c81","name":"Diario del Sur Digital","image":{"@type":"ImageObject","inLanguage":"es","@id":"https:\/\/secure.gravatar.com\/avatar\/f0c7c47fc7146d19828273b9b8eda651c9c7ab583767e6338d3d3bee825adf76?s=96&d=mm&r=g","url":"https:\/\/secure.gravatar.com\/avatar\/f0c7c47fc7146d19828273b9b8eda651c9c7ab583767e6338d3d3bee825adf76?s=96&d=mm&r=g","contentUrl":"https:\/\/secure.gravatar.com\/avatar\/f0c7c47fc7146d19828273b9b8eda651c9c7ab583767e6338d3d3bee825adf76?s=96&d=mm&r=g","caption":"Diario del Sur Digital"},"url":"https:\/\/diariodelsurdigital.com.ar\/?author=4"}]}},"_links":{"self":[{"href":"https:\/\/diariodelsurdigital.com.ar\/index.php?rest_route=\/wp\/v2\/posts\/6163","targetHints":{"allow":["GET"]}}],"collection":[{"href":"https:\/\/diariodelsurdigital.com.ar\/index.php?rest_route=\/wp\/v2\/posts"}],"about":[{"href":"https:\/\/diariodelsurdigital.com.ar\/index.php?rest_route=\/wp\/v2\/types\/post"}],"author":[{"embeddable":true,"href":"https:\/\/diariodelsurdigital.com.ar\/index.php?rest_route=\/wp\/v2\/users\/4"}],"replies":[{"embeddable":true,"href":"https:\/\/diariodelsurdigital.com.ar\/index.php?rest_route=%2Fwp%2Fv2%2Fcomments&post=6163"}],"version-history":[{"count":1,"href":"https:\/\/diariodelsurdigital.com.ar\/index.php?rest_route=\/wp\/v2\/posts\/6163\/revisions"}],"predecessor-version":[{"id":6165,"href":"https:\/\/diariodelsurdigital.com.ar\/index.php?rest_route=\/wp\/v2\/posts\/6163\/revisions\/6165"}],"wp:featuredmedia":[{"embeddable":true,"href":"https:\/\/diariodelsurdigital.com.ar\/index.php?rest_route=\/wp\/v2\/media\/6164"}],"wp:attachment":[{"href":"https:\/\/diariodelsurdigital.com.ar\/index.php?rest_route=%2Fwp%2Fv2%2Fmedia&parent=6163"}],"wp:term":[{"taxonomy":"category","embeddable":true,"href":"https:\/\/diariodelsurdigital.com.ar\/index.php?rest_route=%2Fwp%2Fv2%2Fcategories&post=6163"},{"taxonomy":"post_tag","embeddable":true,"href":"https:\/\/diariodelsurdigital.com.ar\/index.php?rest_route=%2Fwp%2Fv2%2Ftags&post=6163"}],"curies":[{"name":"wp","href":"https:\/\/api.w.org\/{rel}","templated":true}]}}