{"id":618,"date":"2025-01-16T15:57:36","date_gmt":"2025-01-16T18:57:36","guid":{"rendered":"https:\/\/diariodelsurdigital.com.ar\/?p=618"},"modified":"2025-01-16T15:57:37","modified_gmt":"2025-01-16T18:57:37","slug":"tercera-posicion-peronistas-entrerrianos-no-descartan-promover-el-voto-en-blanco-en-este-2025","status":"publish","type":"post","link":"https:\/\/diariodelsurdigital.com.ar\/?p=618","title":{"rendered":"TERCERA POSICI\u00d3N: Peronistas entrerrianos no descartan promover el voto en blanco en este 2025"},"content":{"rendered":"\n<p><\/p>\n\n\n\n<p>Lo vienen charlando entre militantes peronistas de la costa del r\u00edo Uruguay y Paran\u00e1. Aducen que es una manera de fijar posici\u00f3n ante la rosca pejotista liderada por Gustavo Bordet, Rosario Romero, Eduardo Lauritto y otros que ya comenzaron a salir por los distintos medios de comunicaci\u00f3n de la provincia.<\/p>\n\n\n\n<p>\u201cA la rosca le llaman ahora consenso, a la institucionalidad, militancia territorial. Solo le interesan sus intereses mezquinos de clase rica a la cual pertenecen ahora. Los diputados provinciales justicialistas responden todos al dedo de Gustavo Bordet, o sea, del patr\u00f3n que los puso en sus lugares. Los autodenominados intendentes sub 40, son todos unos desconocidos y aparte la mayor\u00eda de ellos ni siquiera aportan al Partido Justicialista\u201d, dispararon.<\/p>\n\n\n\n<p>El espacio indic\u00f3 a <strong>Diario del SUR Digital<\/strong> que por una cuesti\u00f3n de estrategia pol\u00edtica y de crecimiento, dar\u00e1n a conocer los nombres a partir del mes de marzo \u00f3 abril.<\/p>\n\n\n\n<p>\u201cQueremos dejar bien claro que nos nos comemos las falsas antinomias. Tanto del partido de gobierno de Frigerio que le votar\u00e1n con las dos manos al mile\u00edsmo, como la camarilla pejotista que no nos representan. No vamos a legitimarlos con nuestro voto\u201d, sostuvieron.<\/p>\n\n\n\n<p>Con respecto al caso Kueider, los militantes se\u00f1alaron que \u201cEl turco es el mejor alumno de Bordet. Tiene la misma escuela. Habr\u00eda que preguntarle a la intendente de Paran\u00e1 Rosario Romero y a Jos\u00e9 C\u00e1ceres porqu\u00e9 no se lo expuls\u00f3 al ex senador Kueider del PJ. \u00bfAcaso tienen miedo de lo que pueda decir?\u201d, se preguntaron.<\/p>\n\n\n\n<p>En otro orden de cosas, le enviaron un mensaje al Presidente del Consejo Provincial del Partido Justicialista, Jos\u00e9 C\u00e1ceres, \u201cLo que tiene que hacer C\u00e1ceres si realmente tiene lo que hay que tener, es dar a publicidad de quienes son los que todav\u00eda nunca aportaron al Partido Justicialista y quieren encima ser candidatos en el 2027. Hay al menos medio centenar entre intendentes y funcionarios que se niegan a poner el 10% de sus haberes al Partido, como si los cargos fueran de ellos\u201d, desafiaron.<\/p>\n\n\n\n<p>Por \u00faltimo, sostuvieron que \u201cen el peronismo tenemos historia con respecto al voto en blanco. Ya lo hicimos hace m\u00e1s de 60 a\u00f1os, cuando el peronismo estaba proscripto y en las elecciones legislativas del 2001. Salvando las grandes distancias del tiempo, hoy entendemos que la militancia peronista est\u00e1 proscripta en las grandes decisiones. Hoy a las decisiones la toman entre unos pocos y a espaldas de la militancia. Nos quieren imponer candidatos y nombres de hombres y mujeres que pareciera no se cansan de estar en lugares p\u00fablicos. Ellos lo saben perfectamente. Algunos buscan impunidad detr\u00e1s de los fueros que les puede dar un cargo legislativo.\u00a0 Otros u otras, quieren seguir comiendo del Estado. En s\u00edntesis, somos la tercera posici\u00f3n, ni frigerismo, ni bordetismo, queremos peronismo en serio\u201d.<\/p>\n","protected":false},"excerpt":{"rendered":"<p>Lo vienen charlando entre militantes peronistas de la costa del r\u00edo Uruguay y Paran\u00e1. Aducen que es una manera de fijar posici\u00f3n ante la rosca pejotista liderada por Gustavo Bordet, Rosario Romero, Eduardo Lauritto y otros que ya comenzaron a salir por los distintos medios de comunicaci\u00f3n de la provincia. \u201cA la rosca le llaman [&hellip;]<\/p>\n","protected":false},"author":2,"featured_media":619,"comment_status":"open","ping_status":"open","sticky":false,"template":"","format":"standard","meta":{"footnotes":""},"categories":[17],"tags":[],"class_list":{"0":"post-618","1":"post","2":"type-post","3":"status-publish","4":"format-standard","5":"has-post-thumbnail","7":"category-provinciales"},"yoast_head":"<!-- This site is optimized with the Yoast SEO plugin v27.4 - https:\/\/yoast.com\/product\/yoast-seo-wordpress\/ -->\n<title>TERCERA POSICI\u00d3N: Peronistas entrerrianos no descartan promover el voto en blanco en este 2025 - Diario del Sur<\/title>\n<meta name=\"robots\" content=\"index, follow, max-snippet:-1, max-image-preview:large, max-video-preview:-1\" \/>\n<link rel=\"canonical\" href=\"https:\/\/diariodelsurdigital.com.ar\/?p=618\" \/>\n<meta property=\"og:locale\" content=\"es_ES\" \/>\n<meta property=\"og:type\" content=\"article\" \/>\n<meta property=\"og:title\" content=\"TERCERA POSICI\u00d3N: Peronistas entrerrianos no descartan promover el voto en blanco en este 2025 - Diario del Sur\" \/>\n<meta property=\"og:description\" content=\"Lo vienen charlando entre militantes peronistas de la costa del r\u00edo Uruguay y Paran\u00e1. Aducen que es una manera de fijar posici\u00f3n ante la rosca pejotista liderada por Gustavo Bordet, Rosario Romero, Eduardo Lauritto y otros que ya comenzaron a salir por los distintos medios de comunicaci\u00f3n de la provincia. \u201cA la rosca le llaman [&hellip;]\" \/>\n<meta property=\"og:url\" content=\"https:\/\/diariodelsurdigital.com.ar\/?p=618\" \/>\n<meta property=\"og:site_name\" content=\"Diario del Sur\" \/>\n<meta property=\"article:published_time\" content=\"2025-01-16T18:57:36+00:00\" \/>\n<meta property=\"article:modified_time\" content=\"2025-01-16T18:57:37+00:00\" \/>\n<meta property=\"og:image\" content=\"https:\/\/diariodelsurdigital.com.ar\/wp-content\/uploads\/2025\/01\/md-4.webp\" \/>\n\t<meta property=\"og:image:width\" content=\"992\" \/>\n\t<meta property=\"og:image:height\" content=\"558\" \/>\n\t<meta property=\"og:image:type\" content=\"image\/webp\" \/>\n<meta name=\"author\" content=\"Diario del Sur Digital\" \/>\n<meta name=\"twitter:card\" content=\"summary_large_image\" \/>\n<meta name=\"twitter:label1\" content=\"Escrito por\" \/>\n\t<meta name=\"twitter:data1\" content=\"Diario del Sur Digital\" \/>\n\t<meta name=\"twitter:label2\" content=\"Tiempo de lectura\" \/>\n\t<meta name=\"twitter:data2\" content=\"3 minutos\" \/>\n<script type=\"application\/ld+json\" class=\"yoast-schema-graph\">{\"@context\":\"https:\\\/\\\/schema.org\",\"@graph\":[{\"@type\":\"Article\",\"@id\":\"https:\\\/\\\/diariodelsurdigital.com.ar\\\/?p=618#article\",\"isPartOf\":{\"@id\":\"https:\\\/\\\/diariodelsurdigital.com.ar\\\/?p=618\"},\"author\":{\"name\":\"Diario del Sur Digital\",\"@id\":\"https:\\\/\\\/diariodelsurdigital.com.ar\\\/#\\\/schema\\\/person\\\/6136a32571657f7dba980b88b04c5465\"},\"headline\":\"TERCERA POSICI\u00d3N: Peronistas entrerrianos no descartan promover el voto en blanco en este 2025\",\"datePublished\":\"2025-01-16T18:57:36+00:00\",\"dateModified\":\"2025-01-16T18:57:37+00:00\",\"mainEntityOfPage\":{\"@id\":\"https:\\\/\\\/diariodelsurdigital.com.ar\\\/?p=618\"},\"wordCount\":492,\"commentCount\":0,\"image\":{\"@id\":\"https:\\\/\\\/diariodelsurdigital.com.ar\\\/?p=618#primaryimage\"},\"thumbnailUrl\":\"https:\\\/\\\/diariodelsurdigital.com.ar\\\/wp-content\\\/uploads\\\/2025\\\/01\\\/md-4.webp\",\"articleSection\":[\"Provinciales\"],\"inLanguage\":\"es\",\"potentialAction\":[{\"@type\":\"CommentAction\",\"name\":\"Comment\",\"target\":[\"https:\\\/\\\/diariodelsurdigital.com.ar\\\/?p=618#respond\"]}]},{\"@type\":\"WebPage\",\"@id\":\"https:\\\/\\\/diariodelsurdigital.com.ar\\\/?p=618\",\"url\":\"https:\\\/\\\/diariodelsurdigital.com.ar\\\/?p=618\",\"name\":\"TERCERA POSICI\u00d3N: Peronistas entrerrianos no descartan promover el voto en blanco en este 2025 - Diario del Sur\",\"isPartOf\":{\"@id\":\"https:\\\/\\\/diariodelsurdigital.com.ar\\\/#website\"},\"primaryImageOfPage\":{\"@id\":\"https:\\\/\\\/diariodelsurdigital.com.ar\\\/?p=618#primaryimage\"},\"image\":{\"@id\":\"https:\\\/\\\/diariodelsurdigital.com.ar\\\/?p=618#primaryimage\"},\"thumbnailUrl\":\"https:\\\/\\\/diariodelsurdigital.com.ar\\\/wp-content\\\/uploads\\\/2025\\\/01\\\/md-4.webp\",\"datePublished\":\"2025-01-16T18:57:36+00:00\",\"dateModified\":\"2025-01-16T18:57:37+00:00\",\"author\":{\"@id\":\"https:\\\/\\\/diariodelsurdigital.com.ar\\\/#\\\/schema\\\/person\\\/6136a32571657f7dba980b88b04c5465\"},\"breadcrumb\":{\"@id\":\"https:\\\/\\\/diariodelsurdigital.com.ar\\\/?p=618#breadcrumb\"},\"inLanguage\":\"es\",\"potentialAction\":[{\"@type\":\"ReadAction\",\"target\":[\"https:\\\/\\\/diariodelsurdigital.com.ar\\\/?p=618\"]}]},{\"@type\":\"ImageObject\",\"inLanguage\":\"es\",\"@id\":\"https:\\\/\\\/diariodelsurdigital.com.ar\\\/?p=618#primaryimage\",\"url\":\"https:\\\/\\\/diariodelsurdigital.com.ar\\\/wp-content\\\/uploads\\\/2025\\\/01\\\/md-4.webp\",\"contentUrl\":\"https:\\\/\\\/diariodelsurdigital.com.ar\\\/wp-content\\\/uploads\\\/2025\\\/01\\\/md-4.webp\",\"width\":992,\"height\":558},{\"@type\":\"BreadcrumbList\",\"@id\":\"https:\\\/\\\/diariodelsurdigital.com.ar\\\/?p=618#breadcrumb\",\"itemListElement\":[{\"@type\":\"ListItem\",\"position\":1,\"name\":\"Portada\",\"item\":\"https:\\\/\\\/diariodelsurdigital.com.ar\\\/\"},{\"@type\":\"ListItem\",\"position\":2,\"name\":\"TERCERA POSICI\u00d3N: Peronistas entrerrianos no descartan promover el voto en blanco en este 2025\"}]},{\"@type\":\"WebSite\",\"@id\":\"https:\\\/\\\/diariodelsurdigital.com.ar\\\/#website\",\"url\":\"https:\\\/\\\/diariodelsurdigital.com.ar\\\/\",\"name\":\"Diario del Sur\",\"description\":\"Digital\",\"potentialAction\":[{\"@type\":\"SearchAction\",\"target\":{\"@type\":\"EntryPoint\",\"urlTemplate\":\"https:\\\/\\\/diariodelsurdigital.com.ar\\\/?s={search_term_string}\"},\"query-input\":{\"@type\":\"PropertyValueSpecification\",\"valueRequired\":true,\"valueName\":\"search_term_string\"}}],\"inLanguage\":\"es\"},{\"@type\":\"Person\",\"@id\":\"https:\\\/\\\/diariodelsurdigital.com.ar\\\/#\\\/schema\\\/person\\\/6136a32571657f7dba980b88b04c5465\",\"name\":\"Diario del Sur Digital\",\"image\":{\"@type\":\"ImageObject\",\"inLanguage\":\"es\",\"@id\":\"https:\\\/\\\/secure.gravatar.com\\\/avatar\\\/4c29ceac98541dd42460b2474aaa5dd37594d6ce6cb3cf2c101d09b48ee287ba?s=96&d=mm&r=g\",\"url\":\"https:\\\/\\\/secure.gravatar.com\\\/avatar\\\/4c29ceac98541dd42460b2474aaa5dd37594d6ce6cb3cf2c101d09b48ee287ba?s=96&d=mm&r=g\",\"contentUrl\":\"https:\\\/\\\/secure.gravatar.com\\\/avatar\\\/4c29ceac98541dd42460b2474aaa5dd37594d6ce6cb3cf2c101d09b48ee287ba?s=96&d=mm&r=g\",\"caption\":\"Diario del Sur Digital\"},\"url\":\"https:\\\/\\\/diariodelsurdigital.com.ar\\\/?author=2\"}]}<\/script>\n<!-- \/ Yoast SEO plugin. -->","yoast_head_json":{"title":"TERCERA POSICI\u00d3N: Peronistas entrerrianos no descartan promover el voto en blanco en este 2025 - Diario del Sur","robots":{"index":"index","follow":"follow","max-snippet":"max-snippet:-1","max-image-preview":"max-image-preview:large","max-video-preview":"max-video-preview:-1"},"canonical":"https:\/\/diariodelsurdigital.com.ar\/?p=618","og_locale":"es_ES","og_type":"article","og_title":"TERCERA POSICI\u00d3N: Peronistas entrerrianos no descartan promover el voto en blanco en este 2025 - Diario del Sur","og_description":"Lo vienen charlando entre militantes peronistas de la costa del r\u00edo Uruguay y Paran\u00e1. Aducen que es una manera de fijar posici\u00f3n ante la rosca pejotista liderada por Gustavo Bordet, Rosario Romero, Eduardo Lauritto y otros que ya comenzaron a salir por los distintos medios de comunicaci\u00f3n de la provincia. \u201cA la rosca le llaman [&hellip;]","og_url":"https:\/\/diariodelsurdigital.com.ar\/?p=618","og_site_name":"Diario del Sur","article_published_time":"2025-01-16T18:57:36+00:00","article_modified_time":"2025-01-16T18:57:37+00:00","og_image":[{"width":992,"height":558,"url":"https:\/\/diariodelsurdigital.com.ar\/wp-content\/uploads\/2025\/01\/md-4.webp","type":"image\/webp"}],"author":"Diario del Sur Digital","twitter_card":"summary_large_image","twitter_misc":{"Escrito por":"Diario del Sur Digital","Tiempo de lectura":"3 minutos"},"schema":{"@context":"https:\/\/schema.org","@graph":[{"@type":"Article","@id":"https:\/\/diariodelsurdigital.com.ar\/?p=618#article","isPartOf":{"@id":"https:\/\/diariodelsurdigital.com.ar\/?p=618"},"author":{"name":"Diario del Sur Digital","@id":"https:\/\/diariodelsurdigital.com.ar\/#\/schema\/person\/6136a32571657f7dba980b88b04c5465"},"headline":"TERCERA POSICI\u00d3N: Peronistas entrerrianos no descartan promover el voto en blanco en este 2025","datePublished":"2025-01-16T18:57:36+00:00","dateModified":"2025-01-16T18:57:37+00:00","mainEntityOfPage":{"@id":"https:\/\/diariodelsurdigital.com.ar\/?p=618"},"wordCount":492,"commentCount":0,"image":{"@id":"https:\/\/diariodelsurdigital.com.ar\/?p=618#primaryimage"},"thumbnailUrl":"https:\/\/diariodelsurdigital.com.ar\/wp-content\/uploads\/2025\/01\/md-4.webp","articleSection":["Provinciales"],"inLanguage":"es","potentialAction":[{"@type":"CommentAction","name":"Comment","target":["https:\/\/diariodelsurdigital.com.ar\/?p=618#respond"]}]},{"@type":"WebPage","@id":"https:\/\/diariodelsurdigital.com.ar\/?p=618","url":"https:\/\/diariodelsurdigital.com.ar\/?p=618","name":"TERCERA POSICI\u00d3N: Peronistas entrerrianos no descartan promover el voto en blanco en este 2025 - Diario del Sur","isPartOf":{"@id":"https:\/\/diariodelsurdigital.com.ar\/#website"},"primaryImageOfPage":{"@id":"https:\/\/diariodelsurdigital.com.ar\/?p=618#primaryimage"},"image":{"@id":"https:\/\/diariodelsurdigital.com.ar\/?p=618#primaryimage"},"thumbnailUrl":"https:\/\/diariodelsurdigital.com.ar\/wp-content\/uploads\/2025\/01\/md-4.webp","datePublished":"2025-01-16T18:57:36+00:00","dateModified":"2025-01-16T18:57:37+00:00","author":{"@id":"https:\/\/diariodelsurdigital.com.ar\/#\/schema\/person\/6136a32571657f7dba980b88b04c5465"},"breadcrumb":{"@id":"https:\/\/diariodelsurdigital.com.ar\/?p=618#breadcrumb"},"inLanguage":"es","potentialAction":[{"@type":"ReadAction","target":["https:\/\/diariodelsurdigital.com.ar\/?p=618"]}]},{"@type":"ImageObject","inLanguage":"es","@id":"https:\/\/diariodelsurdigital.com.ar\/?p=618#primaryimage","url":"https:\/\/diariodelsurdigital.com.ar\/wp-content\/uploads\/2025\/01\/md-4.webp","contentUrl":"https:\/\/diariodelsurdigital.com.ar\/wp-content\/uploads\/2025\/01\/md-4.webp","width":992,"height":558},{"@type":"BreadcrumbList","@id":"https:\/\/diariodelsurdigital.com.ar\/?p=618#breadcrumb","itemListElement":[{"@type":"ListItem","position":1,"name":"Portada","item":"https:\/\/diariodelsurdigital.com.ar\/"},{"@type":"ListItem","position":2,"name":"TERCERA POSICI\u00d3N: Peronistas entrerrianos no descartan promover el voto en blanco en este 2025"}]},{"@type":"WebSite","@id":"https:\/\/diariodelsurdigital.com.ar\/#website","url":"https:\/\/diariodelsurdigital.com.ar\/","name":"Diario del Sur","description":"Digital","potentialAction":[{"@type":"SearchAction","target":{"@type":"EntryPoint","urlTemplate":"https:\/\/diariodelsurdigital.com.ar\/?s={search_term_string}"},"query-input":{"@type":"PropertyValueSpecification","valueRequired":true,"valueName":"search_term_string"}}],"inLanguage":"es"},{"@type":"Person","@id":"https:\/\/diariodelsurdigital.com.ar\/#\/schema\/person\/6136a32571657f7dba980b88b04c5465","name":"Diario del Sur Digital","image":{"@type":"ImageObject","inLanguage":"es","@id":"https:\/\/secure.gravatar.com\/avatar\/4c29ceac98541dd42460b2474aaa5dd37594d6ce6cb3cf2c101d09b48ee287ba?s=96&d=mm&r=g","url":"https:\/\/secure.gravatar.com\/avatar\/4c29ceac98541dd42460b2474aaa5dd37594d6ce6cb3cf2c101d09b48ee287ba?s=96&d=mm&r=g","contentUrl":"https:\/\/secure.gravatar.com\/avatar\/4c29ceac98541dd42460b2474aaa5dd37594d6ce6cb3cf2c101d09b48ee287ba?s=96&d=mm&r=g","caption":"Diario del Sur Digital"},"url":"https:\/\/diariodelsurdigital.com.ar\/?author=2"}]}},"_links":{"self":[{"href":"https:\/\/diariodelsurdigital.com.ar\/index.php?rest_route=\/wp\/v2\/posts\/618","targetHints":{"allow":["GET"]}}],"collection":[{"href":"https:\/\/diariodelsurdigital.com.ar\/index.php?rest_route=\/wp\/v2\/posts"}],"about":[{"href":"https:\/\/diariodelsurdigital.com.ar\/index.php?rest_route=\/wp\/v2\/types\/post"}],"author":[{"embeddable":true,"href":"https:\/\/diariodelsurdigital.com.ar\/index.php?rest_route=\/wp\/v2\/users\/2"}],"replies":[{"embeddable":true,"href":"https:\/\/diariodelsurdigital.com.ar\/index.php?rest_route=%2Fwp%2Fv2%2Fcomments&post=618"}],"version-history":[{"count":1,"href":"https:\/\/diariodelsurdigital.com.ar\/index.php?rest_route=\/wp\/v2\/posts\/618\/revisions"}],"predecessor-version":[{"id":620,"href":"https:\/\/diariodelsurdigital.com.ar\/index.php?rest_route=\/wp\/v2\/posts\/618\/revisions\/620"}],"wp:featuredmedia":[{"embeddable":true,"href":"https:\/\/diariodelsurdigital.com.ar\/index.php?rest_route=\/wp\/v2\/media\/619"}],"wp:attachment":[{"href":"https:\/\/diariodelsurdigital.com.ar\/index.php?rest_route=%2Fwp%2Fv2%2Fmedia&parent=618"}],"wp:term":[{"taxonomy":"category","embeddable":true,"href":"https:\/\/diariodelsurdigital.com.ar\/index.php?rest_route=%2Fwp%2Fv2%2Fcategories&post=618"},{"taxonomy":"post_tag","embeddable":true,"href":"https:\/\/diariodelsurdigital.com.ar\/index.php?rest_route=%2Fwp%2Fv2%2Ftags&post=618"}],"curies":[{"name":"wp","href":"https:\/\/api.w.org\/{rel}","templated":true}]}}