{"id":6180,"date":"2025-12-16T09:12:17","date_gmt":"2025-12-16T12:12:17","guid":{"rendered":"https:\/\/diariodelsurdigital.com.ar\/?p=6180"},"modified":"2025-12-16T09:12:18","modified_gmt":"2025-12-16T12:12:18","slug":"upcn-entre-rios-rechaza-de-plano-la-reforma-laboral-y-llama-a-movilizar-este-jueves","status":"publish","type":"post","link":"https:\/\/diariodelsurdigital.com.ar\/?p=6180","title":{"rendered":"UPCN Entre R\u00edos rechaza de plano la reforma laboral y llama a movilizar este jueves"},"content":{"rendered":"\n<p>UPCN expres\u00f3 su repudio al proyecto de reforma laboral que impulsa el gobierno nacional, a la que consider\u00f3 \u00abpeligroso\u00bb y sostuvo que marca un \u00abretroceso hist\u00f3rico\u00bb. \u00abRechazamos de plano este ataque y reafirmamos nuestro compromiso con la defensa del trabajo digno, la negociaci\u00f3n colectiva, la organizaci\u00f3n sindical y la justicia social\u00bb, subray\u00f3 el sindicato. Adem\u00e1s anunci\u00f3 que se movilizar\u00e1 \u00aben forma masiva y desde todos los lugares de la provincia\u00bb a la marcha que convoca la CGT.<\/p>\n\n\n\n<p>\u00abEl proyecto de &#8216;Modernizaci\u00f3n Laboral&#8217; que impulsa el Poder Ejecutivo no es una simple reforma: es un ataque directo a las trabajadoras y los trabajadores de la Argentina. Es un retroceso hist\u00f3rico que pretende desmontar de un solo golpe derechos que nuestro pueblo gan\u00f3 con d\u00e9cadas de organizaci\u00f3n, lucha y sacrificio\u00bb, cuestion\u00f3 UPCN Entre R\u00edos.<\/p>\n\n\n\n<p>Advirti\u00f3 que \u00aba contramano de la Constituci\u00f3n, del art\u00edculo 14 bis y de todos los tratados internacionales que protegen el trabajo digno, el Gobierno quiere barrer con los pilares del derecho laboral: el principio protectorio, la estabilidad, la negociaci\u00f3n colectiva y la libertad sindical. Quieren desarmar el equilibrio entre el poder econ\u00f3mico y quienes vivimos de nuestro esfuerzo cotidiano\u00bb.<\/p>\n\n\n\n<p>\u00abFiel al estilo de quienes deciden en contra del pueblo, intentan avanzar a fin de a\u00f1o y a las apuradas con un proyecto que abre la puerta a la precarizaci\u00f3n masiva: contratos sin relaci\u00f3n de dependencia, m\u00e1s monotributo encubierto, menos responsabilidad de las empresas que tercerizan y una presunci\u00f3n de laboralidad debilitada que deja a millones a merced del abuso patronal. Es la pesadilla de cualquier trabajador\u00bb, alert\u00f3.<\/p>\n\n\n\n<p>\u00abEl objetivo es claro: desarmar el modelo sindical argentino, reconocido por la OIT y respetado en el mundo. Buscan que los convenios colectivos dejen de regir cuando vencen y que una herramienta tan importante como la huelga quede totalmente condicionada\u00bb, se\u00f1al\u00f3 m\u00e1s adelante. Y remarc\u00f3: \u00abNos quieren dejar sin garant\u00edas: convenios que pueden desaparecer, despidos m\u00e1s f\u00e1ciles, menos derechos y sindicatos con menos herramientas para defender a quienes representamos\u00bb.<\/p>\n\n\n\n<p>\u00abComo representantes de los trabajadores del sector p\u00fablico pero con conciencia de que se afectar\u00e1 a todos los sectores, rechazamos de plano este ataque, y reafirmamos nuestro compromiso con la defensa del trabajo digno, de la negociaci\u00f3n colectiva, de la organizaci\u00f3n sindical y de la justicia social\u00bb, remarc\u00f3 el sindicato.<\/p>\n\n\n\n<p>En el mismo sentido asever\u00f3: \u00abEstamos en alerta y en lucha. No vamos a entregar derechos. No vamos a retroceder porque sabemos que la \u00fanica modernizaci\u00f3n posible es aquella que ampl\u00eda oportunidades, mejora la vida del pueblo y fortalece la democracia laboral\u00bb.<\/p>\n\n\n\n<p>Por \u00faltimo, anunci\u00f3: \u00abPor todos estos motivos nuestra Seccional va a movilizar masivamente, desde todos los lugares de la provincia, a la marcha que convoca la CGT en apoyo a todos los trabajadores y trabajadoras de Argentina\u00bb.<\/p>\n\n\n\n<p><\/p>\n","protected":false},"excerpt":{"rendered":"<p>UPCN expres\u00f3 su repudio al proyecto de reforma laboral que impulsa el gobierno nacional, a la que consider\u00f3 \u00abpeligroso\u00bb y sostuvo que marca un \u00abretroceso hist\u00f3rico\u00bb. \u00abRechazamos de plano este ataque y reafirmamos nuestro compromiso con la defensa del trabajo digno, la negociaci\u00f3n colectiva, la organizaci\u00f3n sindical y la justicia social\u00bb, subray\u00f3 el sindicato. Adem\u00e1s [&hellip;]<\/p>\n","protected":false},"author":4,"featured_media":6181,"comment_status":"open","ping_status":"open","sticky":false,"template":"","format":"standard","meta":{"footnotes":""},"categories":[19,17],"tags":[],"class_list":{"0":"post-6180","1":"post","2":"type-post","3":"status-publish","4":"format-standard","5":"has-post-thumbnail","7":"category-interes-general","8":"category-provinciales"},"yoast_head":"<!-- This site is optimized with the Yoast SEO plugin v27.4 - https:\/\/yoast.com\/product\/yoast-seo-wordpress\/ -->\n<title>UPCN Entre R\u00edos rechaza de plano la reforma laboral y llama a movilizar este jueves - Diario del Sur<\/title>\n<meta name=\"robots\" content=\"index, follow, max-snippet:-1, max-image-preview:large, max-video-preview:-1\" \/>\n<link rel=\"canonical\" href=\"https:\/\/diariodelsurdigital.com.ar\/?p=6180\" \/>\n<meta property=\"og:locale\" content=\"es_ES\" \/>\n<meta property=\"og:type\" content=\"article\" \/>\n<meta property=\"og:title\" content=\"UPCN Entre R\u00edos rechaza de plano la reforma laboral y llama a movilizar este jueves - Diario del Sur\" \/>\n<meta property=\"og:description\" content=\"UPCN expres\u00f3 su repudio al proyecto de reforma laboral que impulsa el gobierno nacional, a la que consider\u00f3 \u00abpeligroso\u00bb y sostuvo que marca un \u00abretroceso hist\u00f3rico\u00bb. \u00abRechazamos de plano este ataque y reafirmamos nuestro compromiso con la defensa del trabajo digno, la negociaci\u00f3n colectiva, la organizaci\u00f3n sindical y la justicia social\u00bb, subray\u00f3 el sindicato. Adem\u00e1s [&hellip;]\" \/>\n<meta property=\"og:url\" content=\"https:\/\/diariodelsurdigital.com.ar\/?p=6180\" \/>\n<meta property=\"og:site_name\" content=\"Diario del Sur\" \/>\n<meta property=\"article:published_time\" content=\"2025-12-16T12:12:17+00:00\" \/>\n<meta property=\"article:modified_time\" content=\"2025-12-16T12:12:18+00:00\" \/>\n<meta property=\"og:image\" content=\"https:\/\/diariodelsurdigital.com.ar\/wp-content\/uploads\/2025\/12\/md-6-1.webp\" \/>\n\t<meta property=\"og:image:width\" content=\"992\" \/>\n\t<meta property=\"og:image:height\" content=\"645\" \/>\n\t<meta property=\"og:image:type\" content=\"image\/webp\" \/>\n<meta name=\"author\" content=\"Diario del Sur Digital\" \/>\n<meta name=\"twitter:card\" content=\"summary_large_image\" \/>\n<meta name=\"twitter:label1\" content=\"Escrito por\" \/>\n\t<meta name=\"twitter:data1\" content=\"Diario del Sur Digital\" \/>\n\t<meta name=\"twitter:label2\" content=\"Tiempo de lectura\" \/>\n\t<meta name=\"twitter:data2\" content=\"3 minutos\" \/>\n<script type=\"application\/ld+json\" class=\"yoast-schema-graph\">{\"@context\":\"https:\\\/\\\/schema.org\",\"@graph\":[{\"@type\":\"Article\",\"@id\":\"https:\\\/\\\/diariodelsurdigital.com.ar\\\/?p=6180#article\",\"isPartOf\":{\"@id\":\"https:\\\/\\\/diariodelsurdigital.com.ar\\\/?p=6180\"},\"author\":{\"name\":\"Diario del Sur Digital\",\"@id\":\"https:\\\/\\\/diariodelsurdigital.com.ar\\\/#\\\/schema\\\/person\\\/1a4992532ed62965c968031b49195c81\"},\"headline\":\"UPCN Entre R\u00edos rechaza de plano la reforma laboral y llama a movilizar este jueves\",\"datePublished\":\"2025-12-16T12:12:17+00:00\",\"dateModified\":\"2025-12-16T12:12:18+00:00\",\"mainEntityOfPage\":{\"@id\":\"https:\\\/\\\/diariodelsurdigital.com.ar\\\/?p=6180\"},\"wordCount\":500,\"commentCount\":0,\"image\":{\"@id\":\"https:\\\/\\\/diariodelsurdigital.com.ar\\\/?p=6180#primaryimage\"},\"thumbnailUrl\":\"https:\\\/\\\/diariodelsurdigital.com.ar\\\/wp-content\\\/uploads\\\/2025\\\/12\\\/md-6-1.webp\",\"articleSection\":[\"Inter\u00e9s General\",\"Provinciales\"],\"inLanguage\":\"es\",\"potentialAction\":[{\"@type\":\"CommentAction\",\"name\":\"Comment\",\"target\":[\"https:\\\/\\\/diariodelsurdigital.com.ar\\\/?p=6180#respond\"]}]},{\"@type\":\"WebPage\",\"@id\":\"https:\\\/\\\/diariodelsurdigital.com.ar\\\/?p=6180\",\"url\":\"https:\\\/\\\/diariodelsurdigital.com.ar\\\/?p=6180\",\"name\":\"UPCN Entre R\u00edos rechaza de plano la reforma laboral y llama a movilizar este jueves - Diario del Sur\",\"isPartOf\":{\"@id\":\"https:\\\/\\\/diariodelsurdigital.com.ar\\\/#website\"},\"primaryImageOfPage\":{\"@id\":\"https:\\\/\\\/diariodelsurdigital.com.ar\\\/?p=6180#primaryimage\"},\"image\":{\"@id\":\"https:\\\/\\\/diariodelsurdigital.com.ar\\\/?p=6180#primaryimage\"},\"thumbnailUrl\":\"https:\\\/\\\/diariodelsurdigital.com.ar\\\/wp-content\\\/uploads\\\/2025\\\/12\\\/md-6-1.webp\",\"datePublished\":\"2025-12-16T12:12:17+00:00\",\"dateModified\":\"2025-12-16T12:12:18+00:00\",\"author\":{\"@id\":\"https:\\\/\\\/diariodelsurdigital.com.ar\\\/#\\\/schema\\\/person\\\/1a4992532ed62965c968031b49195c81\"},\"breadcrumb\":{\"@id\":\"https:\\\/\\\/diariodelsurdigital.com.ar\\\/?p=6180#breadcrumb\"},\"inLanguage\":\"es\",\"potentialAction\":[{\"@type\":\"ReadAction\",\"target\":[\"https:\\\/\\\/diariodelsurdigital.com.ar\\\/?p=6180\"]}]},{\"@type\":\"ImageObject\",\"inLanguage\":\"es\",\"@id\":\"https:\\\/\\\/diariodelsurdigital.com.ar\\\/?p=6180#primaryimage\",\"url\":\"https:\\\/\\\/diariodelsurdigital.com.ar\\\/wp-content\\\/uploads\\\/2025\\\/12\\\/md-6-1.webp\",\"contentUrl\":\"https:\\\/\\\/diariodelsurdigital.com.ar\\\/wp-content\\\/uploads\\\/2025\\\/12\\\/md-6-1.webp\",\"width\":992,\"height\":645},{\"@type\":\"BreadcrumbList\",\"@id\":\"https:\\\/\\\/diariodelsurdigital.com.ar\\\/?p=6180#breadcrumb\",\"itemListElement\":[{\"@type\":\"ListItem\",\"position\":1,\"name\":\"Portada\",\"item\":\"https:\\\/\\\/diariodelsurdigital.com.ar\\\/\"},{\"@type\":\"ListItem\",\"position\":2,\"name\":\"UPCN Entre R\u00edos rechaza de plano la reforma laboral y llama a movilizar este jueves\"}]},{\"@type\":\"WebSite\",\"@id\":\"https:\\\/\\\/diariodelsurdigital.com.ar\\\/#website\",\"url\":\"https:\\\/\\\/diariodelsurdigital.com.ar\\\/\",\"name\":\"Diario del Sur\",\"description\":\"Digital\",\"potentialAction\":[{\"@type\":\"SearchAction\",\"target\":{\"@type\":\"EntryPoint\",\"urlTemplate\":\"https:\\\/\\\/diariodelsurdigital.com.ar\\\/?s={search_term_string}\"},\"query-input\":{\"@type\":\"PropertyValueSpecification\",\"valueRequired\":true,\"valueName\":\"search_term_string\"}}],\"inLanguage\":\"es\"},{\"@type\":\"Person\",\"@id\":\"https:\\\/\\\/diariodelsurdigital.com.ar\\\/#\\\/schema\\\/person\\\/1a4992532ed62965c968031b49195c81\",\"name\":\"Diario del Sur Digital\",\"image\":{\"@type\":\"ImageObject\",\"inLanguage\":\"es\",\"@id\":\"https:\\\/\\\/secure.gravatar.com\\\/avatar\\\/f0c7c47fc7146d19828273b9b8eda651c9c7ab583767e6338d3d3bee825adf76?s=96&d=mm&r=g\",\"url\":\"https:\\\/\\\/secure.gravatar.com\\\/avatar\\\/f0c7c47fc7146d19828273b9b8eda651c9c7ab583767e6338d3d3bee825adf76?s=96&d=mm&r=g\",\"contentUrl\":\"https:\\\/\\\/secure.gravatar.com\\\/avatar\\\/f0c7c47fc7146d19828273b9b8eda651c9c7ab583767e6338d3d3bee825adf76?s=96&d=mm&r=g\",\"caption\":\"Diario del Sur Digital\"},\"url\":\"https:\\\/\\\/diariodelsurdigital.com.ar\\\/?author=4\"}]}<\/script>\n<!-- \/ Yoast SEO plugin. -->","yoast_head_json":{"title":"UPCN Entre R\u00edos rechaza de plano la reforma laboral y llama a movilizar este jueves - Diario del Sur","robots":{"index":"index","follow":"follow","max-snippet":"max-snippet:-1","max-image-preview":"max-image-preview:large","max-video-preview":"max-video-preview:-1"},"canonical":"https:\/\/diariodelsurdigital.com.ar\/?p=6180","og_locale":"es_ES","og_type":"article","og_title":"UPCN Entre R\u00edos rechaza de plano la reforma laboral y llama a movilizar este jueves - Diario del Sur","og_description":"UPCN expres\u00f3 su repudio al proyecto de reforma laboral que impulsa el gobierno nacional, a la que consider\u00f3 \u00abpeligroso\u00bb y sostuvo que marca un \u00abretroceso hist\u00f3rico\u00bb. \u00abRechazamos de plano este ataque y reafirmamos nuestro compromiso con la defensa del trabajo digno, la negociaci\u00f3n colectiva, la organizaci\u00f3n sindical y la justicia social\u00bb, subray\u00f3 el sindicato. Adem\u00e1s [&hellip;]","og_url":"https:\/\/diariodelsurdigital.com.ar\/?p=6180","og_site_name":"Diario del Sur","article_published_time":"2025-12-16T12:12:17+00:00","article_modified_time":"2025-12-16T12:12:18+00:00","og_image":[{"width":992,"height":645,"url":"https:\/\/diariodelsurdigital.com.ar\/wp-content\/uploads\/2025\/12\/md-6-1.webp","type":"image\/webp"}],"author":"Diario del Sur Digital","twitter_card":"summary_large_image","twitter_misc":{"Escrito por":"Diario del Sur Digital","Tiempo de lectura":"3 minutos"},"schema":{"@context":"https:\/\/schema.org","@graph":[{"@type":"Article","@id":"https:\/\/diariodelsurdigital.com.ar\/?p=6180#article","isPartOf":{"@id":"https:\/\/diariodelsurdigital.com.ar\/?p=6180"},"author":{"name":"Diario del Sur Digital","@id":"https:\/\/diariodelsurdigital.com.ar\/#\/schema\/person\/1a4992532ed62965c968031b49195c81"},"headline":"UPCN Entre R\u00edos rechaza de plano la reforma laboral y llama a movilizar este jueves","datePublished":"2025-12-16T12:12:17+00:00","dateModified":"2025-12-16T12:12:18+00:00","mainEntityOfPage":{"@id":"https:\/\/diariodelsurdigital.com.ar\/?p=6180"},"wordCount":500,"commentCount":0,"image":{"@id":"https:\/\/diariodelsurdigital.com.ar\/?p=6180#primaryimage"},"thumbnailUrl":"https:\/\/diariodelsurdigital.com.ar\/wp-content\/uploads\/2025\/12\/md-6-1.webp","articleSection":["Inter\u00e9s General","Provinciales"],"inLanguage":"es","potentialAction":[{"@type":"CommentAction","name":"Comment","target":["https:\/\/diariodelsurdigital.com.ar\/?p=6180#respond"]}]},{"@type":"WebPage","@id":"https:\/\/diariodelsurdigital.com.ar\/?p=6180","url":"https:\/\/diariodelsurdigital.com.ar\/?p=6180","name":"UPCN Entre R\u00edos rechaza de plano la reforma laboral y llama a movilizar este jueves - Diario del Sur","isPartOf":{"@id":"https:\/\/diariodelsurdigital.com.ar\/#website"},"primaryImageOfPage":{"@id":"https:\/\/diariodelsurdigital.com.ar\/?p=6180#primaryimage"},"image":{"@id":"https:\/\/diariodelsurdigital.com.ar\/?p=6180#primaryimage"},"thumbnailUrl":"https:\/\/diariodelsurdigital.com.ar\/wp-content\/uploads\/2025\/12\/md-6-1.webp","datePublished":"2025-12-16T12:12:17+00:00","dateModified":"2025-12-16T12:12:18+00:00","author":{"@id":"https:\/\/diariodelsurdigital.com.ar\/#\/schema\/person\/1a4992532ed62965c968031b49195c81"},"breadcrumb":{"@id":"https:\/\/diariodelsurdigital.com.ar\/?p=6180#breadcrumb"},"inLanguage":"es","potentialAction":[{"@type":"ReadAction","target":["https:\/\/diariodelsurdigital.com.ar\/?p=6180"]}]},{"@type":"ImageObject","inLanguage":"es","@id":"https:\/\/diariodelsurdigital.com.ar\/?p=6180#primaryimage","url":"https:\/\/diariodelsurdigital.com.ar\/wp-content\/uploads\/2025\/12\/md-6-1.webp","contentUrl":"https:\/\/diariodelsurdigital.com.ar\/wp-content\/uploads\/2025\/12\/md-6-1.webp","width":992,"height":645},{"@type":"BreadcrumbList","@id":"https:\/\/diariodelsurdigital.com.ar\/?p=6180#breadcrumb","itemListElement":[{"@type":"ListItem","position":1,"name":"Portada","item":"https:\/\/diariodelsurdigital.com.ar\/"},{"@type":"ListItem","position":2,"name":"UPCN Entre R\u00edos rechaza de plano la reforma laboral y llama a movilizar este jueves"}]},{"@type":"WebSite","@id":"https:\/\/diariodelsurdigital.com.ar\/#website","url":"https:\/\/diariodelsurdigital.com.ar\/","name":"Diario del Sur","description":"Digital","potentialAction":[{"@type":"SearchAction","target":{"@type":"EntryPoint","urlTemplate":"https:\/\/diariodelsurdigital.com.ar\/?s={search_term_string}"},"query-input":{"@type":"PropertyValueSpecification","valueRequired":true,"valueName":"search_term_string"}}],"inLanguage":"es"},{"@type":"Person","@id":"https:\/\/diariodelsurdigital.com.ar\/#\/schema\/person\/1a4992532ed62965c968031b49195c81","name":"Diario del Sur Digital","image":{"@type":"ImageObject","inLanguage":"es","@id":"https:\/\/secure.gravatar.com\/avatar\/f0c7c47fc7146d19828273b9b8eda651c9c7ab583767e6338d3d3bee825adf76?s=96&d=mm&r=g","url":"https:\/\/secure.gravatar.com\/avatar\/f0c7c47fc7146d19828273b9b8eda651c9c7ab583767e6338d3d3bee825adf76?s=96&d=mm&r=g","contentUrl":"https:\/\/secure.gravatar.com\/avatar\/f0c7c47fc7146d19828273b9b8eda651c9c7ab583767e6338d3d3bee825adf76?s=96&d=mm&r=g","caption":"Diario del Sur Digital"},"url":"https:\/\/diariodelsurdigital.com.ar\/?author=4"}]}},"_links":{"self":[{"href":"https:\/\/diariodelsurdigital.com.ar\/index.php?rest_route=\/wp\/v2\/posts\/6180","targetHints":{"allow":["GET"]}}],"collection":[{"href":"https:\/\/diariodelsurdigital.com.ar\/index.php?rest_route=\/wp\/v2\/posts"}],"about":[{"href":"https:\/\/diariodelsurdigital.com.ar\/index.php?rest_route=\/wp\/v2\/types\/post"}],"author":[{"embeddable":true,"href":"https:\/\/diariodelsurdigital.com.ar\/index.php?rest_route=\/wp\/v2\/users\/4"}],"replies":[{"embeddable":true,"href":"https:\/\/diariodelsurdigital.com.ar\/index.php?rest_route=%2Fwp%2Fv2%2Fcomments&post=6180"}],"version-history":[{"count":1,"href":"https:\/\/diariodelsurdigital.com.ar\/index.php?rest_route=\/wp\/v2\/posts\/6180\/revisions"}],"predecessor-version":[{"id":6182,"href":"https:\/\/diariodelsurdigital.com.ar\/index.php?rest_route=\/wp\/v2\/posts\/6180\/revisions\/6182"}],"wp:featuredmedia":[{"embeddable":true,"href":"https:\/\/diariodelsurdigital.com.ar\/index.php?rest_route=\/wp\/v2\/media\/6181"}],"wp:attachment":[{"href":"https:\/\/diariodelsurdigital.com.ar\/index.php?rest_route=%2Fwp%2Fv2%2Fmedia&parent=6180"}],"wp:term":[{"taxonomy":"category","embeddable":true,"href":"https:\/\/diariodelsurdigital.com.ar\/index.php?rest_route=%2Fwp%2Fv2%2Fcategories&post=6180"},{"taxonomy":"post_tag","embeddable":true,"href":"https:\/\/diariodelsurdigital.com.ar\/index.php?rest_route=%2Fwp%2Fv2%2Ftags&post=6180"}],"curies":[{"name":"wp","href":"https:\/\/api.w.org\/{rel}","templated":true}]}}