{"id":6190,"date":"2025-12-17T10:20:15","date_gmt":"2025-12-17T13:20:15","guid":{"rendered":"https:\/\/diariodelsurdigital.com.ar\/?p=6190"},"modified":"2025-12-17T10:20:16","modified_gmt":"2025-12-17T13:20:16","slug":"citricultores-quieren-una-reforma-laboral-que-favorezca-al-productor-y-al-trabajador","status":"publish","type":"post","link":"https:\/\/diariodelsurdigital.com.ar\/?p=6190","title":{"rendered":"Citricultores quieren una reforma laboral que \u201cfavorezca al productor y al trabajador\u201d"},"content":{"rendered":"\n<p>El presidente de la Asociaci\u00f3n de Citricultores de Santa Ana, Mario Toler, realiz\u00f3 una exposici\u00f3n en el marco de la \u00faltima reuni\u00f3n del Consejo de Delegados del Distrito III Entre R\u00edos de Federaci\u00f3n Agraria, donde abord\u00f3 la situaci\u00f3n actual que atraviesan los productores citr\u00edcolas, la denominada \u00abindustria del juicio\u00bb y la necesidad de avanzar en una reforma laboral que beneficie tanto a empleadores como a trabajadores.<\/p>\n\n\n\n<p>En relaci\u00f3n a la reforma laboral, Toler explic\u00f3 que asociaciones de productores e instituciones de Entre R\u00edos y Corrientes presentaron un proyecto con el objetivo de generar un esquema positivo para todas las partes.<\/p>\n\n\n\n<p>\u00abBuscamos solucionar una serie de problemas que afectan al citricultor y tambi\u00e9n al trabajador, especialmente durante la cosecha, que es la etapa en la que se presentan mayores inconvenientes. Hoy el operario no cuenta con beneficios sociales ni con la posibilidad de realizar aportes para una futura jubilaci\u00f3n\u00bb, se\u00f1al\u00f3.<\/p>\n\n\n\n<p>En ese sentido, lament\u00f3 que se hayan registrado numerosos juicios laborales, en los que \u00abel trabajador se hace de unos pesos que no van precisamente a una caja de jubilaciones\u00bb. Asimismo, reconoci\u00f3 que el cambio propuesto implicar\u00e1 un costo para el productor, pero remarc\u00f3 que permitir\u00e1 brindar mayor previsibilidad: \u00abQueremos dormir tranquilos, sabiendo que contamos con una herramienta que nos permita avanzar en la producci\u00f3n\u00bb.<\/p>\n\n\n\n<p>Toler tambi\u00e9n indic\u00f3 que muchos propietarios de galpones de empaque no apuestan a ampliar su estructura por la falta de certezas, raz\u00f3n por la cual mantienen la misma cantidad de hect\u00e1reas productivas en sus quintas.<\/p>\n\n\n\n<p>El productor se\u00f1al\u00f3 adem\u00e1s que la din\u00e1mica del trabajo y de la econom\u00eda ha cambiado. \u00abAntes se trabajaba seis meses en la zafra y todo se terminaba. Hoy tenemos galpones de empaque con c\u00e1maras de fr\u00edo y muchas variedades\u00bb, explic\u00f3. Esta situaci\u00f3n genera que la mayor\u00eda de los productores cosechen uno o dos d\u00edas con 30 o 40 personas, las cuales luego son requeridas por otros citricultores de localidades como Villa del Rosario, Chajar\u00ed u otras zonas del macizo citr\u00edcola. \u00abEsa relaci\u00f3n contractual es la que nos est\u00e1 complicando\u00bb, afirm\u00f3.<\/p>\n\n\n\n<p>Por este motivo, Toler sostuvo la necesidad de implementar un sistema de altas y bajas diarias. \u00abHoy, para dar de alta a un empleado, se necesitan cumplir 16 puntos que resultan sumamente engorrosos. Lo ideal ser\u00eda contar con un sistema \u00e1gil que permita incorporar al trabajador, que los planes sociales no sean una incompatibilidad y que los operarios no pierdan esos beneficios\u00bb, expres\u00f3 y a\u00f1adi\u00f3 \u00abhoy tenemos la posibilidad cierta a futuro, de que los operarios cuenten con los aportes que le corresponden y una obra social. La Reforma Laboral nos puede llegar a dar alguna soluci\u00f3n\u00bb.<\/p>\n\n\n\n<p>Finalmente, remarc\u00f3 que la citricultura, como econom\u00eda regional, genera una gran cantidad de mano de obra y cumple un rol de contenci\u00f3n social en los pueblos. No obstante, explic\u00f3 que este a\u00f1o una serie de eventos clim\u00e1ticos adversos, como heladas y granizo, especialmente la primera, afectaron la calidad de la producci\u00f3n, lo que deriv\u00f3 en una menor demanda de mano de obra y en una zafra que finaliz\u00f3 antes de lo habitual.<\/p>\n","protected":false},"excerpt":{"rendered":"<p>El presidente de la Asociaci\u00f3n de Citricultores de Santa Ana, Mario Toler, realiz\u00f3 una exposici\u00f3n en el marco de la \u00faltima reuni\u00f3n del Consejo de Delegados del Distrito III Entre R\u00edos de Federaci\u00f3n Agraria, donde abord\u00f3 la situaci\u00f3n actual que atraviesan los productores citr\u00edcolas, la denominada \u00abindustria del juicio\u00bb y la necesidad de avanzar en [&hellip;]<\/p>\n","protected":false},"author":4,"featured_media":6191,"comment_status":"open","ping_status":"open","sticky":false,"template":"","format":"standard","meta":{"footnotes":""},"categories":[19,17],"tags":[],"class_list":{"0":"post-6190","1":"post","2":"type-post","3":"status-publish","4":"format-standard","5":"has-post-thumbnail","7":"category-interes-general","8":"category-provinciales"},"yoast_head":"<!-- This site is optimized with the Yoast SEO plugin v27.4 - https:\/\/yoast.com\/product\/yoast-seo-wordpress\/ -->\n<title>Citricultores quieren una reforma laboral que \u201cfavorezca al productor y al trabajador\u201d - Diario del Sur<\/title>\n<meta name=\"robots\" content=\"index, follow, max-snippet:-1, max-image-preview:large, max-video-preview:-1\" \/>\n<link rel=\"canonical\" href=\"https:\/\/diariodelsurdigital.com.ar\/?p=6190\" \/>\n<meta property=\"og:locale\" content=\"es_ES\" \/>\n<meta property=\"og:type\" content=\"article\" \/>\n<meta property=\"og:title\" content=\"Citricultores quieren una reforma laboral que \u201cfavorezca al productor y al trabajador\u201d - Diario del Sur\" \/>\n<meta property=\"og:description\" content=\"El presidente de la Asociaci\u00f3n de Citricultores de Santa Ana, Mario Toler, realiz\u00f3 una exposici\u00f3n en el marco de la \u00faltima reuni\u00f3n del Consejo de Delegados del Distrito III Entre R\u00edos de Federaci\u00f3n Agraria, donde abord\u00f3 la situaci\u00f3n actual que atraviesan los productores citr\u00edcolas, la denominada \u00abindustria del juicio\u00bb y la necesidad de avanzar en [&hellip;]\" \/>\n<meta property=\"og:url\" content=\"https:\/\/diariodelsurdigital.com.ar\/?p=6190\" \/>\n<meta property=\"og:site_name\" content=\"Diario del Sur\" \/>\n<meta property=\"article:published_time\" content=\"2025-12-17T13:20:15+00:00\" \/>\n<meta property=\"article:modified_time\" content=\"2025-12-17T13:20:16+00:00\" \/>\n<meta property=\"og:image\" content=\"https:\/\/diariodelsurdigital.com.ar\/wp-content\/uploads\/2025\/12\/md-9-1.webp\" \/>\n\t<meta property=\"og:image:width\" content=\"992\" \/>\n\t<meta property=\"og:image:height\" content=\"558\" \/>\n\t<meta property=\"og:image:type\" content=\"image\/webp\" \/>\n<meta name=\"author\" content=\"Diario del Sur Digital\" \/>\n<meta name=\"twitter:card\" content=\"summary_large_image\" \/>\n<meta name=\"twitter:label1\" content=\"Escrito por\" \/>\n\t<meta name=\"twitter:data1\" content=\"Diario del Sur Digital\" \/>\n\t<meta name=\"twitter:label2\" content=\"Tiempo de lectura\" \/>\n\t<meta name=\"twitter:data2\" content=\"3 minutos\" \/>\n<script type=\"application\/ld+json\" class=\"yoast-schema-graph\">{\"@context\":\"https:\\\/\\\/schema.org\",\"@graph\":[{\"@type\":\"Article\",\"@id\":\"https:\\\/\\\/diariodelsurdigital.com.ar\\\/?p=6190#article\",\"isPartOf\":{\"@id\":\"https:\\\/\\\/diariodelsurdigital.com.ar\\\/?p=6190\"},\"author\":{\"name\":\"Diario del Sur Digital\",\"@id\":\"https:\\\/\\\/diariodelsurdigital.com.ar\\\/#\\\/schema\\\/person\\\/1a4992532ed62965c968031b49195c81\"},\"headline\":\"Citricultores quieren una reforma laboral que \u201cfavorezca al productor y al trabajador\u201d\",\"datePublished\":\"2025-12-17T13:20:15+00:00\",\"dateModified\":\"2025-12-17T13:20:16+00:00\",\"mainEntityOfPage\":{\"@id\":\"https:\\\/\\\/diariodelsurdigital.com.ar\\\/?p=6190\"},\"wordCount\":552,\"commentCount\":0,\"image\":{\"@id\":\"https:\\\/\\\/diariodelsurdigital.com.ar\\\/?p=6190#primaryimage\"},\"thumbnailUrl\":\"https:\\\/\\\/diariodelsurdigital.com.ar\\\/wp-content\\\/uploads\\\/2025\\\/12\\\/md-9-1.webp\",\"articleSection\":[\"Inter\u00e9s General\",\"Provinciales\"],\"inLanguage\":\"es\",\"potentialAction\":[{\"@type\":\"CommentAction\",\"name\":\"Comment\",\"target\":[\"https:\\\/\\\/diariodelsurdigital.com.ar\\\/?p=6190#respond\"]}]},{\"@type\":\"WebPage\",\"@id\":\"https:\\\/\\\/diariodelsurdigital.com.ar\\\/?p=6190\",\"url\":\"https:\\\/\\\/diariodelsurdigital.com.ar\\\/?p=6190\",\"name\":\"Citricultores quieren una reforma laboral que \u201cfavorezca al productor y al trabajador\u201d - Diario del Sur\",\"isPartOf\":{\"@id\":\"https:\\\/\\\/diariodelsurdigital.com.ar\\\/#website\"},\"primaryImageOfPage\":{\"@id\":\"https:\\\/\\\/diariodelsurdigital.com.ar\\\/?p=6190#primaryimage\"},\"image\":{\"@id\":\"https:\\\/\\\/diariodelsurdigital.com.ar\\\/?p=6190#primaryimage\"},\"thumbnailUrl\":\"https:\\\/\\\/diariodelsurdigital.com.ar\\\/wp-content\\\/uploads\\\/2025\\\/12\\\/md-9-1.webp\",\"datePublished\":\"2025-12-17T13:20:15+00:00\",\"dateModified\":\"2025-12-17T13:20:16+00:00\",\"author\":{\"@id\":\"https:\\\/\\\/diariodelsurdigital.com.ar\\\/#\\\/schema\\\/person\\\/1a4992532ed62965c968031b49195c81\"},\"breadcrumb\":{\"@id\":\"https:\\\/\\\/diariodelsurdigital.com.ar\\\/?p=6190#breadcrumb\"},\"inLanguage\":\"es\",\"potentialAction\":[{\"@type\":\"ReadAction\",\"target\":[\"https:\\\/\\\/diariodelsurdigital.com.ar\\\/?p=6190\"]}]},{\"@type\":\"ImageObject\",\"inLanguage\":\"es\",\"@id\":\"https:\\\/\\\/diariodelsurdigital.com.ar\\\/?p=6190#primaryimage\",\"url\":\"https:\\\/\\\/diariodelsurdigital.com.ar\\\/wp-content\\\/uploads\\\/2025\\\/12\\\/md-9-1.webp\",\"contentUrl\":\"https:\\\/\\\/diariodelsurdigital.com.ar\\\/wp-content\\\/uploads\\\/2025\\\/12\\\/md-9-1.webp\",\"width\":992,\"height\":558},{\"@type\":\"BreadcrumbList\",\"@id\":\"https:\\\/\\\/diariodelsurdigital.com.ar\\\/?p=6190#breadcrumb\",\"itemListElement\":[{\"@type\":\"ListItem\",\"position\":1,\"name\":\"Portada\",\"item\":\"https:\\\/\\\/diariodelsurdigital.com.ar\\\/\"},{\"@type\":\"ListItem\",\"position\":2,\"name\":\"Citricultores quieren una reforma laboral que \u201cfavorezca al productor y al trabajador\u201d\"}]},{\"@type\":\"WebSite\",\"@id\":\"https:\\\/\\\/diariodelsurdigital.com.ar\\\/#website\",\"url\":\"https:\\\/\\\/diariodelsurdigital.com.ar\\\/\",\"name\":\"Diario del Sur\",\"description\":\"Digital\",\"potentialAction\":[{\"@type\":\"SearchAction\",\"target\":{\"@type\":\"EntryPoint\",\"urlTemplate\":\"https:\\\/\\\/diariodelsurdigital.com.ar\\\/?s={search_term_string}\"},\"query-input\":{\"@type\":\"PropertyValueSpecification\",\"valueRequired\":true,\"valueName\":\"search_term_string\"}}],\"inLanguage\":\"es\"},{\"@type\":\"Person\",\"@id\":\"https:\\\/\\\/diariodelsurdigital.com.ar\\\/#\\\/schema\\\/person\\\/1a4992532ed62965c968031b49195c81\",\"name\":\"Diario del Sur Digital\",\"image\":{\"@type\":\"ImageObject\",\"inLanguage\":\"es\",\"@id\":\"https:\\\/\\\/secure.gravatar.com\\\/avatar\\\/f0c7c47fc7146d19828273b9b8eda651c9c7ab583767e6338d3d3bee825adf76?s=96&d=mm&r=g\",\"url\":\"https:\\\/\\\/secure.gravatar.com\\\/avatar\\\/f0c7c47fc7146d19828273b9b8eda651c9c7ab583767e6338d3d3bee825adf76?s=96&d=mm&r=g\",\"contentUrl\":\"https:\\\/\\\/secure.gravatar.com\\\/avatar\\\/f0c7c47fc7146d19828273b9b8eda651c9c7ab583767e6338d3d3bee825adf76?s=96&d=mm&r=g\",\"caption\":\"Diario del Sur Digital\"},\"url\":\"https:\\\/\\\/diariodelsurdigital.com.ar\\\/?author=4\"}]}<\/script>\n<!-- \/ Yoast SEO plugin. -->","yoast_head_json":{"title":"Citricultores quieren una reforma laboral que \u201cfavorezca al productor y al trabajador\u201d - Diario del Sur","robots":{"index":"index","follow":"follow","max-snippet":"max-snippet:-1","max-image-preview":"max-image-preview:large","max-video-preview":"max-video-preview:-1"},"canonical":"https:\/\/diariodelsurdigital.com.ar\/?p=6190","og_locale":"es_ES","og_type":"article","og_title":"Citricultores quieren una reforma laboral que \u201cfavorezca al productor y al trabajador\u201d - Diario del Sur","og_description":"El presidente de la Asociaci\u00f3n de Citricultores de Santa Ana, Mario Toler, realiz\u00f3 una exposici\u00f3n en el marco de la \u00faltima reuni\u00f3n del Consejo de Delegados del Distrito III Entre R\u00edos de Federaci\u00f3n Agraria, donde abord\u00f3 la situaci\u00f3n actual que atraviesan los productores citr\u00edcolas, la denominada \u00abindustria del juicio\u00bb y la necesidad de avanzar en [&hellip;]","og_url":"https:\/\/diariodelsurdigital.com.ar\/?p=6190","og_site_name":"Diario del Sur","article_published_time":"2025-12-17T13:20:15+00:00","article_modified_time":"2025-12-17T13:20:16+00:00","og_image":[{"width":992,"height":558,"url":"https:\/\/diariodelsurdigital.com.ar\/wp-content\/uploads\/2025\/12\/md-9-1.webp","type":"image\/webp"}],"author":"Diario del Sur Digital","twitter_card":"summary_large_image","twitter_misc":{"Escrito por":"Diario del Sur Digital","Tiempo de lectura":"3 minutos"},"schema":{"@context":"https:\/\/schema.org","@graph":[{"@type":"Article","@id":"https:\/\/diariodelsurdigital.com.ar\/?p=6190#article","isPartOf":{"@id":"https:\/\/diariodelsurdigital.com.ar\/?p=6190"},"author":{"name":"Diario del Sur Digital","@id":"https:\/\/diariodelsurdigital.com.ar\/#\/schema\/person\/1a4992532ed62965c968031b49195c81"},"headline":"Citricultores quieren una reforma laboral que \u201cfavorezca al productor y al trabajador\u201d","datePublished":"2025-12-17T13:20:15+00:00","dateModified":"2025-12-17T13:20:16+00:00","mainEntityOfPage":{"@id":"https:\/\/diariodelsurdigital.com.ar\/?p=6190"},"wordCount":552,"commentCount":0,"image":{"@id":"https:\/\/diariodelsurdigital.com.ar\/?p=6190#primaryimage"},"thumbnailUrl":"https:\/\/diariodelsurdigital.com.ar\/wp-content\/uploads\/2025\/12\/md-9-1.webp","articleSection":["Inter\u00e9s General","Provinciales"],"inLanguage":"es","potentialAction":[{"@type":"CommentAction","name":"Comment","target":["https:\/\/diariodelsurdigital.com.ar\/?p=6190#respond"]}]},{"@type":"WebPage","@id":"https:\/\/diariodelsurdigital.com.ar\/?p=6190","url":"https:\/\/diariodelsurdigital.com.ar\/?p=6190","name":"Citricultores quieren una reforma laboral que \u201cfavorezca al productor y al trabajador\u201d - Diario del Sur","isPartOf":{"@id":"https:\/\/diariodelsurdigital.com.ar\/#website"},"primaryImageOfPage":{"@id":"https:\/\/diariodelsurdigital.com.ar\/?p=6190#primaryimage"},"image":{"@id":"https:\/\/diariodelsurdigital.com.ar\/?p=6190#primaryimage"},"thumbnailUrl":"https:\/\/diariodelsurdigital.com.ar\/wp-content\/uploads\/2025\/12\/md-9-1.webp","datePublished":"2025-12-17T13:20:15+00:00","dateModified":"2025-12-17T13:20:16+00:00","author":{"@id":"https:\/\/diariodelsurdigital.com.ar\/#\/schema\/person\/1a4992532ed62965c968031b49195c81"},"breadcrumb":{"@id":"https:\/\/diariodelsurdigital.com.ar\/?p=6190#breadcrumb"},"inLanguage":"es","potentialAction":[{"@type":"ReadAction","target":["https:\/\/diariodelsurdigital.com.ar\/?p=6190"]}]},{"@type":"ImageObject","inLanguage":"es","@id":"https:\/\/diariodelsurdigital.com.ar\/?p=6190#primaryimage","url":"https:\/\/diariodelsurdigital.com.ar\/wp-content\/uploads\/2025\/12\/md-9-1.webp","contentUrl":"https:\/\/diariodelsurdigital.com.ar\/wp-content\/uploads\/2025\/12\/md-9-1.webp","width":992,"height":558},{"@type":"BreadcrumbList","@id":"https:\/\/diariodelsurdigital.com.ar\/?p=6190#breadcrumb","itemListElement":[{"@type":"ListItem","position":1,"name":"Portada","item":"https:\/\/diariodelsurdigital.com.ar\/"},{"@type":"ListItem","position":2,"name":"Citricultores quieren una reforma laboral que \u201cfavorezca al productor y al trabajador\u201d"}]},{"@type":"WebSite","@id":"https:\/\/diariodelsurdigital.com.ar\/#website","url":"https:\/\/diariodelsurdigital.com.ar\/","name":"Diario del Sur","description":"Digital","potentialAction":[{"@type":"SearchAction","target":{"@type":"EntryPoint","urlTemplate":"https:\/\/diariodelsurdigital.com.ar\/?s={search_term_string}"},"query-input":{"@type":"PropertyValueSpecification","valueRequired":true,"valueName":"search_term_string"}}],"inLanguage":"es"},{"@type":"Person","@id":"https:\/\/diariodelsurdigital.com.ar\/#\/schema\/person\/1a4992532ed62965c968031b49195c81","name":"Diario del Sur Digital","image":{"@type":"ImageObject","inLanguage":"es","@id":"https:\/\/secure.gravatar.com\/avatar\/f0c7c47fc7146d19828273b9b8eda651c9c7ab583767e6338d3d3bee825adf76?s=96&d=mm&r=g","url":"https:\/\/secure.gravatar.com\/avatar\/f0c7c47fc7146d19828273b9b8eda651c9c7ab583767e6338d3d3bee825adf76?s=96&d=mm&r=g","contentUrl":"https:\/\/secure.gravatar.com\/avatar\/f0c7c47fc7146d19828273b9b8eda651c9c7ab583767e6338d3d3bee825adf76?s=96&d=mm&r=g","caption":"Diario del Sur Digital"},"url":"https:\/\/diariodelsurdigital.com.ar\/?author=4"}]}},"_links":{"self":[{"href":"https:\/\/diariodelsurdigital.com.ar\/index.php?rest_route=\/wp\/v2\/posts\/6190","targetHints":{"allow":["GET"]}}],"collection":[{"href":"https:\/\/diariodelsurdigital.com.ar\/index.php?rest_route=\/wp\/v2\/posts"}],"about":[{"href":"https:\/\/diariodelsurdigital.com.ar\/index.php?rest_route=\/wp\/v2\/types\/post"}],"author":[{"embeddable":true,"href":"https:\/\/diariodelsurdigital.com.ar\/index.php?rest_route=\/wp\/v2\/users\/4"}],"replies":[{"embeddable":true,"href":"https:\/\/diariodelsurdigital.com.ar\/index.php?rest_route=%2Fwp%2Fv2%2Fcomments&post=6190"}],"version-history":[{"count":1,"href":"https:\/\/diariodelsurdigital.com.ar\/index.php?rest_route=\/wp\/v2\/posts\/6190\/revisions"}],"predecessor-version":[{"id":6192,"href":"https:\/\/diariodelsurdigital.com.ar\/index.php?rest_route=\/wp\/v2\/posts\/6190\/revisions\/6192"}],"wp:featuredmedia":[{"embeddable":true,"href":"https:\/\/diariodelsurdigital.com.ar\/index.php?rest_route=\/wp\/v2\/media\/6191"}],"wp:attachment":[{"href":"https:\/\/diariodelsurdigital.com.ar\/index.php?rest_route=%2Fwp%2Fv2%2Fmedia&parent=6190"}],"wp:term":[{"taxonomy":"category","embeddable":true,"href":"https:\/\/diariodelsurdigital.com.ar\/index.php?rest_route=%2Fwp%2Fv2%2Fcategories&post=6190"},{"taxonomy":"post_tag","embeddable":true,"href":"https:\/\/diariodelsurdigital.com.ar\/index.php?rest_route=%2Fwp%2Fv2%2Ftags&post=6190"}],"curies":[{"name":"wp","href":"https:\/\/api.w.org\/{rel}","templated":true}]}}