{"id":6193,"date":"2025-12-17T10:22:34","date_gmt":"2025-12-17T13:22:34","guid":{"rendered":"https:\/\/diariodelsurdigital.com.ar\/?p=6193"},"modified":"2025-12-17T10:22:35","modified_gmt":"2025-12-17T13:22:35","slug":"comunicado-en-unidad-gobernadores-del-pj-denunciaron-el-desfinanciamiento-de-las-provincias","status":"publish","type":"post","link":"https:\/\/diariodelsurdigital.com.ar\/?p=6193","title":{"rendered":"Comunicado en unidad: Gobernadores del PJ denunciaron el desfinanciamiento de las provincias"},"content":{"rendered":"\n<p>El retiro progresivo del Estado nacional pone en jaque a las provincias. Entre incumplimientos financieros por parte de la gesti\u00f3n de Milei, deudas acumuladas y la interrupci\u00f3n de la obra p\u00fablica en todo el pa\u00eds, se profundizan las desigualdades territoriales. Tiene la firma de Axel Kicillof, Gildo Insfr\u00e1n, Sergio Ziliotto, Ricardo Quintela, Gerardo Zamora y Gustavo Melella. Se\u00f1alaron que las provincias asumieron en soledad la prestaci\u00f3n de servicios p\u00fablicos indelegables.<\/p>\n\n\n\n<p>Gobernadores del Partido Justicialista (PJ) reclamaron la recuperaci\u00f3n de un federalismo inclusivo y advirtieron sobre el creciente desfinanciamiento de las provincias, en un documento conjunto en el que cuestionaron las pol\u00edticas del Gobierno nacional y anticiparon una agenda parlamentaria com\u00fan.<\/p>\n\n\n\n<p>El mensaje lleva la firma de los gobernadores Axel Kicillof (Buenos Aires), Gildo Insfr\u00e1n (Formosa), Sergio Ziliotto (La Pampa), Ricardo Quintela (La Rioja), Gerardo Zamora (Santiago del Estero) y Gustavo Melella (Tierra del Fuego) y fue emitido tras una reuni\u00f3n en la casa de La Pampa en la Ciudad de Buenos Aires, en la que tambi\u00e9n participaron algunos legisladores del PJ.<\/p>\n\n\n\n<p>En el texto, los mandatarios sostuvieron que el federalismo constituye uno de los pilares del sistema de gobierno argentino, y remarcaron que resulta una herramienta clave para alcanzar un desarrollo equilibrado desde lo territorial y justo desde lo social.<\/p>\n\n\n\n<p>Los gobernadores se\u00f1alaron que, ante el retiro progresivo del Estado nacional, las provincias debieron asumir casi en soledad la prestaci\u00f3n de servicios p\u00fablicos indelegables, sin que la transferencia de responsabilidades haya sido acompa\u00f1ada por los recursos correspondientes.<\/p>\n\n\n\n<p>Advirtieron adem\u00e1s que, con la actual administraci\u00f3n nacional, se sumaron incumplimientos financieros, deudas acumuladas y la interrupci\u00f3n de la obra p\u00fablica en todo el pa\u00eds, lo que profundiz\u00f3 las desigualdades territoriales.<\/p>\n\n\n\n<p>En ese marco, remarcaron que desde la sanci\u00f3n de la Ley de Coparticipaci\u00f3n Federal de Impuestos en 1988, la participaci\u00f3n provincial en la distribuci\u00f3n de recursos cay\u00f3 del 58 al 42 por ciento, y alertaron que nuevas iniciativas oficiales, como la reforma laboral en debate, podr\u00edan agravar el desfinanciamiento federal.<\/p>\n\n\n\n<p>Agenda com\u00fan en el Congreso<\/p>\n\n\n\n<p>Frente a este escenario, los firmantes consideraron imprescindible rediscutir el federalismo como una estrategia de desarrollo e inclusi\u00f3n, y anunciaron que impulsar\u00e1n una agenda pol\u00edtica e institucional conjunta en el Congreso Nacional.<\/p>\n\n\n\n<p>En ese sentido, afirmaron que buscar\u00e1n acuerdos transversales, m\u00e1s all\u00e1 de pertenencias partidarias o sectoriales, para conformar mayor\u00edas legislativas que promuevan el bienestar general.<\/p>\n\n\n\n<p>Asimismo, anticiparon que respaldar\u00e1n toda iniciativa que fortalezca la producci\u00f3n, el trabajo y la educaci\u00f3n, y que rechazar\u00e1n aquellas que impliquen la quita de recursos o derechos a las provincias, en especial a productores y trabajadores.<\/p>\n\n\n\n<p>\u201cEstamos convencidos de que otra Argentina es posible\u201d, se\u00f1alaron, y destacaron la necesidad de consolidar una democracia basada en la divisi\u00f3n de poderes, la igualdad de oportunidades y el respeto de los derechos fundamentales.<\/p>\n","protected":false},"excerpt":{"rendered":"<p>El retiro progresivo del Estado nacional pone en jaque a las provincias. Entre incumplimientos financieros por parte de la gesti\u00f3n de Milei, deudas acumuladas y la interrupci\u00f3n de la obra p\u00fablica en todo el pa\u00eds, se profundizan las desigualdades territoriales. Tiene la firma de Axel Kicillof, Gildo Insfr\u00e1n, Sergio Ziliotto, Ricardo Quintela, Gerardo Zamora y [&hellip;]<\/p>\n","protected":false},"author":4,"featured_media":6194,"comment_status":"open","ping_status":"open","sticky":false,"template":"","format":"standard","meta":{"footnotes":""},"categories":[18,22],"tags":[],"class_list":{"0":"post-6193","1":"post","2":"type-post","3":"status-publish","4":"format-standard","5":"has-post-thumbnail","7":"category-nacionales","8":"category-politica"},"yoast_head":"<!-- This site is optimized with the Yoast SEO plugin v27.4 - https:\/\/yoast.com\/product\/yoast-seo-wordpress\/ -->\n<title>Comunicado en unidad: Gobernadores del PJ denunciaron el desfinanciamiento de las provincias - Diario del Sur<\/title>\n<meta name=\"robots\" content=\"index, follow, max-snippet:-1, max-image-preview:large, max-video-preview:-1\" \/>\n<link rel=\"canonical\" href=\"https:\/\/diariodelsurdigital.com.ar\/?p=6193\" \/>\n<meta property=\"og:locale\" content=\"es_ES\" \/>\n<meta property=\"og:type\" content=\"article\" \/>\n<meta property=\"og:title\" content=\"Comunicado en unidad: Gobernadores del PJ denunciaron el desfinanciamiento de las provincias - Diario del Sur\" \/>\n<meta property=\"og:description\" content=\"El retiro progresivo del Estado nacional pone en jaque a las provincias. Entre incumplimientos financieros por parte de la gesti\u00f3n de Milei, deudas acumuladas y la interrupci\u00f3n de la obra p\u00fablica en todo el pa\u00eds, se profundizan las desigualdades territoriales. Tiene la firma de Axel Kicillof, Gildo Insfr\u00e1n, Sergio Ziliotto, Ricardo Quintela, Gerardo Zamora y [&hellip;]\" \/>\n<meta property=\"og:url\" content=\"https:\/\/diariodelsurdigital.com.ar\/?p=6193\" \/>\n<meta property=\"og:site_name\" content=\"Diario del Sur\" \/>\n<meta property=\"article:published_time\" content=\"2025-12-17T13:22:34+00:00\" \/>\n<meta property=\"article:modified_time\" content=\"2025-12-17T13:22:35+00:00\" \/>\n<meta property=\"og:image\" content=\"https:\/\/diariodelsurdigital.com.ar\/wp-content\/uploads\/2025\/12\/md-10-1.webp\" \/>\n\t<meta property=\"og:image:width\" content=\"992\" \/>\n\t<meta property=\"og:image:height\" content=\"660\" \/>\n\t<meta property=\"og:image:type\" content=\"image\/webp\" \/>\n<meta name=\"author\" content=\"Diario del Sur Digital\" \/>\n<meta name=\"twitter:card\" content=\"summary_large_image\" \/>\n<meta name=\"twitter:label1\" content=\"Escrito por\" \/>\n\t<meta name=\"twitter:data1\" content=\"Diario del Sur Digital\" \/>\n\t<meta name=\"twitter:label2\" content=\"Tiempo de lectura\" \/>\n\t<meta name=\"twitter:data2\" content=\"3 minutos\" \/>\n<script type=\"application\/ld+json\" class=\"yoast-schema-graph\">{\"@context\":\"https:\\\/\\\/schema.org\",\"@graph\":[{\"@type\":\"Article\",\"@id\":\"https:\\\/\\\/diariodelsurdigital.com.ar\\\/?p=6193#article\",\"isPartOf\":{\"@id\":\"https:\\\/\\\/diariodelsurdigital.com.ar\\\/?p=6193\"},\"author\":{\"name\":\"Diario del Sur Digital\",\"@id\":\"https:\\\/\\\/diariodelsurdigital.com.ar\\\/#\\\/schema\\\/person\\\/1a4992532ed62965c968031b49195c81\"},\"headline\":\"Comunicado en unidad: Gobernadores del PJ denunciaron el desfinanciamiento de las provincias\",\"datePublished\":\"2025-12-17T13:22:34+00:00\",\"dateModified\":\"2025-12-17T13:22:35+00:00\",\"mainEntityOfPage\":{\"@id\":\"https:\\\/\\\/diariodelsurdigital.com.ar\\\/?p=6193\"},\"wordCount\":509,\"commentCount\":0,\"image\":{\"@id\":\"https:\\\/\\\/diariodelsurdigital.com.ar\\\/?p=6193#primaryimage\"},\"thumbnailUrl\":\"https:\\\/\\\/diariodelsurdigital.com.ar\\\/wp-content\\\/uploads\\\/2025\\\/12\\\/md-10-1.webp\",\"articleSection\":[\"Nacionales\",\"Pol\u00edtica\"],\"inLanguage\":\"es\",\"potentialAction\":[{\"@type\":\"CommentAction\",\"name\":\"Comment\",\"target\":[\"https:\\\/\\\/diariodelsurdigital.com.ar\\\/?p=6193#respond\"]}]},{\"@type\":\"WebPage\",\"@id\":\"https:\\\/\\\/diariodelsurdigital.com.ar\\\/?p=6193\",\"url\":\"https:\\\/\\\/diariodelsurdigital.com.ar\\\/?p=6193\",\"name\":\"Comunicado en unidad: Gobernadores del PJ denunciaron el desfinanciamiento de las provincias - Diario del Sur\",\"isPartOf\":{\"@id\":\"https:\\\/\\\/diariodelsurdigital.com.ar\\\/#website\"},\"primaryImageOfPage\":{\"@id\":\"https:\\\/\\\/diariodelsurdigital.com.ar\\\/?p=6193#primaryimage\"},\"image\":{\"@id\":\"https:\\\/\\\/diariodelsurdigital.com.ar\\\/?p=6193#primaryimage\"},\"thumbnailUrl\":\"https:\\\/\\\/diariodelsurdigital.com.ar\\\/wp-content\\\/uploads\\\/2025\\\/12\\\/md-10-1.webp\",\"datePublished\":\"2025-12-17T13:22:34+00:00\",\"dateModified\":\"2025-12-17T13:22:35+00:00\",\"author\":{\"@id\":\"https:\\\/\\\/diariodelsurdigital.com.ar\\\/#\\\/schema\\\/person\\\/1a4992532ed62965c968031b49195c81\"},\"breadcrumb\":{\"@id\":\"https:\\\/\\\/diariodelsurdigital.com.ar\\\/?p=6193#breadcrumb\"},\"inLanguage\":\"es\",\"potentialAction\":[{\"@type\":\"ReadAction\",\"target\":[\"https:\\\/\\\/diariodelsurdigital.com.ar\\\/?p=6193\"]}]},{\"@type\":\"ImageObject\",\"inLanguage\":\"es\",\"@id\":\"https:\\\/\\\/diariodelsurdigital.com.ar\\\/?p=6193#primaryimage\",\"url\":\"https:\\\/\\\/diariodelsurdigital.com.ar\\\/wp-content\\\/uploads\\\/2025\\\/12\\\/md-10-1.webp\",\"contentUrl\":\"https:\\\/\\\/diariodelsurdigital.com.ar\\\/wp-content\\\/uploads\\\/2025\\\/12\\\/md-10-1.webp\",\"width\":992,\"height\":660},{\"@type\":\"BreadcrumbList\",\"@id\":\"https:\\\/\\\/diariodelsurdigital.com.ar\\\/?p=6193#breadcrumb\",\"itemListElement\":[{\"@type\":\"ListItem\",\"position\":1,\"name\":\"Portada\",\"item\":\"https:\\\/\\\/diariodelsurdigital.com.ar\\\/\"},{\"@type\":\"ListItem\",\"position\":2,\"name\":\"Comunicado en unidad: Gobernadores del PJ denunciaron el desfinanciamiento de las provincias\"}]},{\"@type\":\"WebSite\",\"@id\":\"https:\\\/\\\/diariodelsurdigital.com.ar\\\/#website\",\"url\":\"https:\\\/\\\/diariodelsurdigital.com.ar\\\/\",\"name\":\"Diario del Sur\",\"description\":\"Digital\",\"potentialAction\":[{\"@type\":\"SearchAction\",\"target\":{\"@type\":\"EntryPoint\",\"urlTemplate\":\"https:\\\/\\\/diariodelsurdigital.com.ar\\\/?s={search_term_string}\"},\"query-input\":{\"@type\":\"PropertyValueSpecification\",\"valueRequired\":true,\"valueName\":\"search_term_string\"}}],\"inLanguage\":\"es\"},{\"@type\":\"Person\",\"@id\":\"https:\\\/\\\/diariodelsurdigital.com.ar\\\/#\\\/schema\\\/person\\\/1a4992532ed62965c968031b49195c81\",\"name\":\"Diario del Sur Digital\",\"image\":{\"@type\":\"ImageObject\",\"inLanguage\":\"es\",\"@id\":\"https:\\\/\\\/secure.gravatar.com\\\/avatar\\\/f0c7c47fc7146d19828273b9b8eda651c9c7ab583767e6338d3d3bee825adf76?s=96&d=mm&r=g\",\"url\":\"https:\\\/\\\/secure.gravatar.com\\\/avatar\\\/f0c7c47fc7146d19828273b9b8eda651c9c7ab583767e6338d3d3bee825adf76?s=96&d=mm&r=g\",\"contentUrl\":\"https:\\\/\\\/secure.gravatar.com\\\/avatar\\\/f0c7c47fc7146d19828273b9b8eda651c9c7ab583767e6338d3d3bee825adf76?s=96&d=mm&r=g\",\"caption\":\"Diario del Sur Digital\"},\"url\":\"https:\\\/\\\/diariodelsurdigital.com.ar\\\/?author=4\"}]}<\/script>\n<!-- \/ Yoast SEO plugin. -->","yoast_head_json":{"title":"Comunicado en unidad: Gobernadores del PJ denunciaron el desfinanciamiento de las provincias - Diario del Sur","robots":{"index":"index","follow":"follow","max-snippet":"max-snippet:-1","max-image-preview":"max-image-preview:large","max-video-preview":"max-video-preview:-1"},"canonical":"https:\/\/diariodelsurdigital.com.ar\/?p=6193","og_locale":"es_ES","og_type":"article","og_title":"Comunicado en unidad: Gobernadores del PJ denunciaron el desfinanciamiento de las provincias - Diario del Sur","og_description":"El retiro progresivo del Estado nacional pone en jaque a las provincias. Entre incumplimientos financieros por parte de la gesti\u00f3n de Milei, deudas acumuladas y la interrupci\u00f3n de la obra p\u00fablica en todo el pa\u00eds, se profundizan las desigualdades territoriales. Tiene la firma de Axel Kicillof, Gildo Insfr\u00e1n, Sergio Ziliotto, Ricardo Quintela, Gerardo Zamora y [&hellip;]","og_url":"https:\/\/diariodelsurdigital.com.ar\/?p=6193","og_site_name":"Diario del Sur","article_published_time":"2025-12-17T13:22:34+00:00","article_modified_time":"2025-12-17T13:22:35+00:00","og_image":[{"width":992,"height":660,"url":"https:\/\/diariodelsurdigital.com.ar\/wp-content\/uploads\/2025\/12\/md-10-1.webp","type":"image\/webp"}],"author":"Diario del Sur Digital","twitter_card":"summary_large_image","twitter_misc":{"Escrito por":"Diario del Sur Digital","Tiempo de lectura":"3 minutos"},"schema":{"@context":"https:\/\/schema.org","@graph":[{"@type":"Article","@id":"https:\/\/diariodelsurdigital.com.ar\/?p=6193#article","isPartOf":{"@id":"https:\/\/diariodelsurdigital.com.ar\/?p=6193"},"author":{"name":"Diario del Sur Digital","@id":"https:\/\/diariodelsurdigital.com.ar\/#\/schema\/person\/1a4992532ed62965c968031b49195c81"},"headline":"Comunicado en unidad: Gobernadores del PJ denunciaron el desfinanciamiento de las provincias","datePublished":"2025-12-17T13:22:34+00:00","dateModified":"2025-12-17T13:22:35+00:00","mainEntityOfPage":{"@id":"https:\/\/diariodelsurdigital.com.ar\/?p=6193"},"wordCount":509,"commentCount":0,"image":{"@id":"https:\/\/diariodelsurdigital.com.ar\/?p=6193#primaryimage"},"thumbnailUrl":"https:\/\/diariodelsurdigital.com.ar\/wp-content\/uploads\/2025\/12\/md-10-1.webp","articleSection":["Nacionales","Pol\u00edtica"],"inLanguage":"es","potentialAction":[{"@type":"CommentAction","name":"Comment","target":["https:\/\/diariodelsurdigital.com.ar\/?p=6193#respond"]}]},{"@type":"WebPage","@id":"https:\/\/diariodelsurdigital.com.ar\/?p=6193","url":"https:\/\/diariodelsurdigital.com.ar\/?p=6193","name":"Comunicado en unidad: Gobernadores del PJ denunciaron el desfinanciamiento de las provincias - Diario del Sur","isPartOf":{"@id":"https:\/\/diariodelsurdigital.com.ar\/#website"},"primaryImageOfPage":{"@id":"https:\/\/diariodelsurdigital.com.ar\/?p=6193#primaryimage"},"image":{"@id":"https:\/\/diariodelsurdigital.com.ar\/?p=6193#primaryimage"},"thumbnailUrl":"https:\/\/diariodelsurdigital.com.ar\/wp-content\/uploads\/2025\/12\/md-10-1.webp","datePublished":"2025-12-17T13:22:34+00:00","dateModified":"2025-12-17T13:22:35+00:00","author":{"@id":"https:\/\/diariodelsurdigital.com.ar\/#\/schema\/person\/1a4992532ed62965c968031b49195c81"},"breadcrumb":{"@id":"https:\/\/diariodelsurdigital.com.ar\/?p=6193#breadcrumb"},"inLanguage":"es","potentialAction":[{"@type":"ReadAction","target":["https:\/\/diariodelsurdigital.com.ar\/?p=6193"]}]},{"@type":"ImageObject","inLanguage":"es","@id":"https:\/\/diariodelsurdigital.com.ar\/?p=6193#primaryimage","url":"https:\/\/diariodelsurdigital.com.ar\/wp-content\/uploads\/2025\/12\/md-10-1.webp","contentUrl":"https:\/\/diariodelsurdigital.com.ar\/wp-content\/uploads\/2025\/12\/md-10-1.webp","width":992,"height":660},{"@type":"BreadcrumbList","@id":"https:\/\/diariodelsurdigital.com.ar\/?p=6193#breadcrumb","itemListElement":[{"@type":"ListItem","position":1,"name":"Portada","item":"https:\/\/diariodelsurdigital.com.ar\/"},{"@type":"ListItem","position":2,"name":"Comunicado en unidad: Gobernadores del PJ denunciaron el desfinanciamiento de las provincias"}]},{"@type":"WebSite","@id":"https:\/\/diariodelsurdigital.com.ar\/#website","url":"https:\/\/diariodelsurdigital.com.ar\/","name":"Diario del Sur","description":"Digital","potentialAction":[{"@type":"SearchAction","target":{"@type":"EntryPoint","urlTemplate":"https:\/\/diariodelsurdigital.com.ar\/?s={search_term_string}"},"query-input":{"@type":"PropertyValueSpecification","valueRequired":true,"valueName":"search_term_string"}}],"inLanguage":"es"},{"@type":"Person","@id":"https:\/\/diariodelsurdigital.com.ar\/#\/schema\/person\/1a4992532ed62965c968031b49195c81","name":"Diario del Sur Digital","image":{"@type":"ImageObject","inLanguage":"es","@id":"https:\/\/secure.gravatar.com\/avatar\/f0c7c47fc7146d19828273b9b8eda651c9c7ab583767e6338d3d3bee825adf76?s=96&d=mm&r=g","url":"https:\/\/secure.gravatar.com\/avatar\/f0c7c47fc7146d19828273b9b8eda651c9c7ab583767e6338d3d3bee825adf76?s=96&d=mm&r=g","contentUrl":"https:\/\/secure.gravatar.com\/avatar\/f0c7c47fc7146d19828273b9b8eda651c9c7ab583767e6338d3d3bee825adf76?s=96&d=mm&r=g","caption":"Diario del Sur Digital"},"url":"https:\/\/diariodelsurdigital.com.ar\/?author=4"}]}},"_links":{"self":[{"href":"https:\/\/diariodelsurdigital.com.ar\/index.php?rest_route=\/wp\/v2\/posts\/6193","targetHints":{"allow":["GET"]}}],"collection":[{"href":"https:\/\/diariodelsurdigital.com.ar\/index.php?rest_route=\/wp\/v2\/posts"}],"about":[{"href":"https:\/\/diariodelsurdigital.com.ar\/index.php?rest_route=\/wp\/v2\/types\/post"}],"author":[{"embeddable":true,"href":"https:\/\/diariodelsurdigital.com.ar\/index.php?rest_route=\/wp\/v2\/users\/4"}],"replies":[{"embeddable":true,"href":"https:\/\/diariodelsurdigital.com.ar\/index.php?rest_route=%2Fwp%2Fv2%2Fcomments&post=6193"}],"version-history":[{"count":1,"href":"https:\/\/diariodelsurdigital.com.ar\/index.php?rest_route=\/wp\/v2\/posts\/6193\/revisions"}],"predecessor-version":[{"id":6195,"href":"https:\/\/diariodelsurdigital.com.ar\/index.php?rest_route=\/wp\/v2\/posts\/6193\/revisions\/6195"}],"wp:featuredmedia":[{"embeddable":true,"href":"https:\/\/diariodelsurdigital.com.ar\/index.php?rest_route=\/wp\/v2\/media\/6194"}],"wp:attachment":[{"href":"https:\/\/diariodelsurdigital.com.ar\/index.php?rest_route=%2Fwp%2Fv2%2Fmedia&parent=6193"}],"wp:term":[{"taxonomy":"category","embeddable":true,"href":"https:\/\/diariodelsurdigital.com.ar\/index.php?rest_route=%2Fwp%2Fv2%2Fcategories&post=6193"},{"taxonomy":"post_tag","embeddable":true,"href":"https:\/\/diariodelsurdigital.com.ar\/index.php?rest_route=%2Fwp%2Fv2%2Ftags&post=6193"}],"curies":[{"name":"wp","href":"https:\/\/api.w.org\/{rel}","templated":true}]}}