{"id":6199,"date":"2025-12-17T20:43:20","date_gmt":"2025-12-17T23:43:20","guid":{"rendered":"https:\/\/diariodelsurdigital.com.ar\/?p=6199"},"modified":"2025-12-17T21:12:51","modified_gmt":"2025-12-18T00:12:51","slug":"la-asociacion-artiguista-reconocio-el-esfuerzo-y-la-dedicacion-de-los-egresados-de-la-escuela-secundaria-y-esa-n21-de-puerto-yerua","status":"publish","type":"post","link":"https:\/\/diariodelsurdigital.com.ar\/?p=6199","title":{"rendered":"La Asociaci\u00f3n Artiguista reconoci\u00f3 el esfuerzo y la dedicaci\u00f3n de los Egresados de la Escuela Secundaria y ESA N\u00b021 de Puerto Yeru\u00e1"},"content":{"rendered":"\n<p><\/p>\n\n\n\n<p>La Asociaci\u00f3n Artiguista, desde hace cuatro a\u00f1os, viene colaborado activamente con la Escuela Secundaria y ESA, impulsando proyectos educativos que han puesto en valor tanto el potencial tur\u00edstico de la localidad como la importancia de difundir el ideario Artiguista.<\/p>\n\n\n\n<figure class=\"wp-block-image size-large is-resized\"><img loading=\"lazy\" decoding=\"async\" width=\"692\" height=\"1024\" src=\"https:\/\/diariodelsurdigital.com.ar\/wp-content\/uploads\/2025\/12\/Imagen-de-WhatsApp-2025-12-17-a-las-20.19.02_6482a117-692x1024.jpg\" alt=\"\" class=\"wp-image-6201\" style=\"aspect-ratio:0.6757763027389945;width:400px;height:auto\" srcset=\"https:\/\/diariodelsurdigital.com.ar\/wp-content\/uploads\/2025\/12\/Imagen-de-WhatsApp-2025-12-17-a-las-20.19.02_6482a117-692x1024.jpg 692w, https:\/\/diariodelsurdigital.com.ar\/wp-content\/uploads\/2025\/12\/Imagen-de-WhatsApp-2025-12-17-a-las-20.19.02_6482a117-203x300.jpg 203w, https:\/\/diariodelsurdigital.com.ar\/wp-content\/uploads\/2025\/12\/Imagen-de-WhatsApp-2025-12-17-a-las-20.19.02_6482a117-768x1137.jpg 768w, https:\/\/diariodelsurdigital.com.ar\/wp-content\/uploads\/2025\/12\/Imagen-de-WhatsApp-2025-12-17-a-las-20.19.02_6482a117-1038x1536.jpg 1038w, https:\/\/diariodelsurdigital.com.ar\/wp-content\/uploads\/2025\/12\/Imagen-de-WhatsApp-2025-12-17-a-las-20.19.02_6482a117-284x420.jpg 284w, https:\/\/diariodelsurdigital.com.ar\/wp-content\/uploads\/2025\/12\/Imagen-de-WhatsApp-2025-12-17-a-las-20.19.02_6482a117-696x1030.jpg 696w, https:\/\/diariodelsurdigital.com.ar\/wp-content\/uploads\/2025\/12\/Imagen-de-WhatsApp-2025-12-17-a-las-20.19.02_6482a117-1068x1581.jpg 1068w, https:\/\/diariodelsurdigital.com.ar\/wp-content\/uploads\/2025\/12\/Imagen-de-WhatsApp-2025-12-17-a-las-20.19.02_6482a117.jpg 1081w\" sizes=\"auto, (max-width: 692px) 100vw, 692px\" \/><\/figure>\n\n\n\n<p><br>Durante el acto de colaci\u00f3n, se hizo entrega de cuatro medallas \u00abPremio Jos\u00e9 Gervasio Artigas\u00bb. Dos de ellas fue otorgada al mejor promedio en Turismo (E.S.A.), y las otras dos, al mejor promedio en Historia Argentina. Estos galardones no solo premiaron la excelencia acad\u00e9mica, sino tambi\u00e9n el compromiso de los j\u00f3venes manifestando un profundo inter\u00e9s en el valor hist\u00f3rico de nuestra regi\u00f3n, su riqueza ambiental y la trascendencia de promover un turismo sostenible con el cuidado y la promoci\u00f3n de nuestra hermosa localidad.<\/p>\n\n\n\n<p><br><strong>Becas \u00abMelchora Cuenca\u00bb: Un Faro de Esperanza para el Futuro de Puerto Yeru\u00e1<\/strong><\/p>\n\n\n\n<p><br>Durante el acto escolar, se hicieron entrega de las becas, \u00abMelchora Cuenca\u00bb por parte de la Asociaci\u00f3n a estudiantes de la Escuela Secundaria N\u00b021 Aurora del Yeru\u00e1, lo cual representa un hito de profundo significado para nuestra comunidad. Este programa, m\u00e1s all\u00e1 de ser un apoyo econ\u00f3mico, se erige como un reconocimiento tangible al esfuerzo, la dedicaci\u00f3n y la valent\u00eda de j\u00f3venes que, a pesar de las adversidades, persiguen sus sue\u00f1os educativos.<\/p>\n\n\n\n<figure class=\"wp-block-image size-large is-resized\"><img loading=\"lazy\" decoding=\"async\" width=\"1024\" height=\"634\" src=\"https:\/\/diariodelsurdigital.com.ar\/wp-content\/uploads\/2025\/12\/Imagen-de-WhatsApp-2025-12-17-a-las-20.19.02_c1bf6153-1024x634.jpg\" alt=\"\" class=\"wp-image-6202\" style=\"aspect-ratio:1.6151732673267327;width:518px;height:auto\" srcset=\"https:\/\/diariodelsurdigital.com.ar\/wp-content\/uploads\/2025\/12\/Imagen-de-WhatsApp-2025-12-17-a-las-20.19.02_c1bf6153-1024x634.jpg 1024w, https:\/\/diariodelsurdigital.com.ar\/wp-content\/uploads\/2025\/12\/Imagen-de-WhatsApp-2025-12-17-a-las-20.19.02_c1bf6153-300x186.jpg 300w, https:\/\/diariodelsurdigital.com.ar\/wp-content\/uploads\/2025\/12\/Imagen-de-WhatsApp-2025-12-17-a-las-20.19.02_c1bf6153-768x476.jpg 768w, https:\/\/diariodelsurdigital.com.ar\/wp-content\/uploads\/2025\/12\/Imagen-de-WhatsApp-2025-12-17-a-las-20.19.02_c1bf6153-678x420.jpg 678w, https:\/\/diariodelsurdigital.com.ar\/wp-content\/uploads\/2025\/12\/Imagen-de-WhatsApp-2025-12-17-a-las-20.19.02_c1bf6153-696x431.jpg 696w, https:\/\/diariodelsurdigital.com.ar\/wp-content\/uploads\/2025\/12\/Imagen-de-WhatsApp-2025-12-17-a-las-20.19.02_c1bf6153-1068x662.jpg 1068w, https:\/\/diariodelsurdigital.com.ar\/wp-content\/uploads\/2025\/12\/Imagen-de-WhatsApp-2025-12-17-a-las-20.19.02_c1bf6153-356x220.jpg 356w, https:\/\/diariodelsurdigital.com.ar\/wp-content\/uploads\/2025\/12\/Imagen-de-WhatsApp-2025-12-17-a-las-20.19.02_c1bf6153.jpg 1453w\" sizes=\"auto, (max-width: 1024px) 100vw, 1024px\" \/><\/figure>\n\n\n\n<p><br>En un contexto donde la educaci\u00f3n es la piedra angular del desarrollo personal y colectivo, estas becas act\u00faan como un faro de esperanza. Al invertir en el futuro de estos estudiantes, la Asociaci\u00f3n Artiguista siembra las semillas de un cambio positivo, impulsando la formaci\u00f3n de individuos que no solo se beneficiar\u00e1n a s\u00ed mismos, sino que tambi\u00e9n contribuir\u00e1n al progreso y bienestar de toda la comunidad.<\/p>\n\n\n\n<p><br>La iniciativa aborda de manera directa la necesidad de facilitar el acceso a la educaci\u00f3n superior, especialmente para aquellos provenientes de hogares de menores ingresos. Al mismo tiempo, valora y premia el destacado desempe\u00f1o acad\u00e9mico en el nivel secundario, incentivando la continuidad de los estudios. Adem\u00e1s, el programa se compromete a acompa\u00f1ar las trayectorias de los becados, brindando orientaci\u00f3n y recursos para una transici\u00f3n fluida hacia la educaci\u00f3n superior y asegurando el cumplimiento de sus planes de estudio.<\/p>\n\n\n\n<figure class=\"wp-block-image size-full is-resized\"><img loading=\"lazy\" decoding=\"async\" width=\"720\" height=\"911\" src=\"https:\/\/diariodelsurdigital.com.ar\/wp-content\/uploads\/2025\/12\/Imagen-de-WhatsApp-2025-12-17-a-las-20.18.48_154047b8.jpg\" alt=\"\" class=\"wp-image-6203\" style=\"aspect-ratio:0.7903538411402501;width:480px;height:auto\" srcset=\"https:\/\/diariodelsurdigital.com.ar\/wp-content\/uploads\/2025\/12\/Imagen-de-WhatsApp-2025-12-17-a-las-20.18.48_154047b8.jpg 720w, https:\/\/diariodelsurdigital.com.ar\/wp-content\/uploads\/2025\/12\/Imagen-de-WhatsApp-2025-12-17-a-las-20.18.48_154047b8-237x300.jpg 237w, https:\/\/diariodelsurdigital.com.ar\/wp-content\/uploads\/2025\/12\/Imagen-de-WhatsApp-2025-12-17-a-las-20.18.48_154047b8-332x420.jpg 332w, https:\/\/diariodelsurdigital.com.ar\/wp-content\/uploads\/2025\/12\/Imagen-de-WhatsApp-2025-12-17-a-las-20.18.48_154047b8-696x881.jpg 696w\" sizes=\"auto, (max-width: 720px) 100vw, 720px\" \/><\/figure>\n\n\n\n<p><br>La entrega de estas becas es un claro reflejo del compromiso social de la Asociaci\u00f3n Artiguista, reafirmando la convicci\u00f3n de que la educaci\u00f3n debe ser un derecho accesible para todos. Esta acci\u00f3n no solo brinda una oportunidad invaluable a los j\u00f3venes beneficiados, sino que tambi\u00e9n inspira a toda la comunidad a seguir trabajando unida, creando un entorno propicio donde cada joven pueda alcanzar su m\u00e1ximo potencial y forjar un futuro m\u00e1s justo e igualitario para Puerto Yeru\u00e1<\/p>\n\n\n\n<p><\/p>\n","protected":false},"excerpt":{"rendered":"<p>La Asociaci\u00f3n Artiguista, desde hace cuatro a\u00f1os, viene colaborado activamente con la Escuela Secundaria y ESA, impulsando proyectos educativos que han puesto en valor tanto el potencial tur\u00edstico de la localidad como la importancia de difundir el ideario Artiguista. Durante el acto de colaci\u00f3n, se hizo entrega de cuatro medallas \u00abPremio Jos\u00e9 Gervasio Artigas\u00bb. Dos [&hellip;]<\/p>\n","protected":false},"author":2,"featured_media":6200,"comment_status":"open","ping_status":"open","sticky":false,"template":"","format":"standard","meta":{"footnotes":""},"categories":[19,16],"tags":[],"class_list":{"0":"post-6199","1":"post","2":"type-post","3":"status-publish","4":"format-standard","5":"has-post-thumbnail","7":"category-interes-general","8":"category-locales"},"yoast_head":"<!-- This site is optimized with the Yoast SEO plugin v27.4 - https:\/\/yoast.com\/product\/yoast-seo-wordpress\/ -->\n<title>La Asociaci\u00f3n Artiguista reconoci\u00f3 el esfuerzo y la dedicaci\u00f3n de los Egresados de la Escuela Secundaria y ESA N\u00b021 de Puerto Yeru\u00e1 - Diario del Sur<\/title>\n<meta name=\"robots\" content=\"index, follow, max-snippet:-1, max-image-preview:large, max-video-preview:-1\" \/>\n<link rel=\"canonical\" href=\"https:\/\/diariodelsurdigital.com.ar\/?p=6199\" \/>\n<meta property=\"og:locale\" content=\"es_ES\" \/>\n<meta property=\"og:type\" content=\"article\" \/>\n<meta property=\"og:title\" content=\"La Asociaci\u00f3n Artiguista reconoci\u00f3 el esfuerzo y la dedicaci\u00f3n de los Egresados de la Escuela Secundaria y ESA N\u00b021 de Puerto Yeru\u00e1 - Diario del Sur\" \/>\n<meta property=\"og:description\" content=\"La Asociaci\u00f3n Artiguista, desde hace cuatro a\u00f1os, viene colaborado activamente con la Escuela Secundaria y ESA, impulsando proyectos educativos que han puesto en valor tanto el potencial tur\u00edstico de la localidad como la importancia de difundir el ideario Artiguista. Durante el acto de colaci\u00f3n, se hizo entrega de cuatro medallas \u00abPremio Jos\u00e9 Gervasio Artigas\u00bb. Dos [&hellip;]\" \/>\n<meta property=\"og:url\" content=\"https:\/\/diariodelsurdigital.com.ar\/?p=6199\" \/>\n<meta property=\"og:site_name\" content=\"Diario del Sur\" \/>\n<meta property=\"article:published_time\" content=\"2025-12-17T23:43:20+00:00\" \/>\n<meta property=\"article:modified_time\" content=\"2025-12-18T00:12:51+00:00\" \/>\n<meta property=\"og:image\" content=\"https:\/\/diariodelsurdigital.com.ar\/wp-content\/uploads\/2025\/12\/Imagen-de-WhatsApp-2025-12-17-a-las-20.19.03_45651f4b.jpg\" \/>\n\t<meta property=\"og:image:width\" content=\"569\" \/>\n\t<meta property=\"og:image:height\" content=\"354\" \/>\n\t<meta property=\"og:image:type\" content=\"image\/jpeg\" \/>\n<meta name=\"author\" content=\"Diario del Sur Digital\" \/>\n<meta name=\"twitter:card\" content=\"summary_large_image\" \/>\n<meta name=\"twitter:label1\" content=\"Escrito por\" \/>\n\t<meta name=\"twitter:data1\" content=\"Diario del Sur Digital\" \/>\n\t<meta name=\"twitter:label2\" content=\"Tiempo de lectura\" \/>\n\t<meta name=\"twitter:data2\" content=\"3 minutos\" \/>\n<script type=\"application\/ld+json\" class=\"yoast-schema-graph\">{\"@context\":\"https:\\\/\\\/schema.org\",\"@graph\":[{\"@type\":\"Article\",\"@id\":\"https:\\\/\\\/diariodelsurdigital.com.ar\\\/?p=6199#article\",\"isPartOf\":{\"@id\":\"https:\\\/\\\/diariodelsurdigital.com.ar\\\/?p=6199\"},\"author\":{\"name\":\"Diario del Sur Digital\",\"@id\":\"https:\\\/\\\/diariodelsurdigital.com.ar\\\/#\\\/schema\\\/person\\\/6136a32571657f7dba980b88b04c5465\"},\"headline\":\"La Asociaci\u00f3n Artiguista reconoci\u00f3 el esfuerzo y la dedicaci\u00f3n de los Egresados de la Escuela Secundaria y ESA N\u00b021 de Puerto Yeru\u00e1\",\"datePublished\":\"2025-12-17T23:43:20+00:00\",\"dateModified\":\"2025-12-18T00:12:51+00:00\",\"mainEntityOfPage\":{\"@id\":\"https:\\\/\\\/diariodelsurdigital.com.ar\\\/?p=6199\"},\"wordCount\":495,\"commentCount\":0,\"image\":{\"@id\":\"https:\\\/\\\/diariodelsurdigital.com.ar\\\/?p=6199#primaryimage\"},\"thumbnailUrl\":\"https:\\\/\\\/diariodelsurdigital.com.ar\\\/wp-content\\\/uploads\\\/2025\\\/12\\\/Imagen-de-WhatsApp-2025-12-17-a-las-20.19.03_45651f4b.jpg\",\"articleSection\":[\"Inter\u00e9s General\",\"Locales\"],\"inLanguage\":\"es\",\"potentialAction\":[{\"@type\":\"CommentAction\",\"name\":\"Comment\",\"target\":[\"https:\\\/\\\/diariodelsurdigital.com.ar\\\/?p=6199#respond\"]}]},{\"@type\":\"WebPage\",\"@id\":\"https:\\\/\\\/diariodelsurdigital.com.ar\\\/?p=6199\",\"url\":\"https:\\\/\\\/diariodelsurdigital.com.ar\\\/?p=6199\",\"name\":\"La Asociaci\u00f3n Artiguista reconoci\u00f3 el esfuerzo y la dedicaci\u00f3n de los Egresados de la Escuela Secundaria y ESA N\u00b021 de Puerto Yeru\u00e1 - Diario del Sur\",\"isPartOf\":{\"@id\":\"https:\\\/\\\/diariodelsurdigital.com.ar\\\/#website\"},\"primaryImageOfPage\":{\"@id\":\"https:\\\/\\\/diariodelsurdigital.com.ar\\\/?p=6199#primaryimage\"},\"image\":{\"@id\":\"https:\\\/\\\/diariodelsurdigital.com.ar\\\/?p=6199#primaryimage\"},\"thumbnailUrl\":\"https:\\\/\\\/diariodelsurdigital.com.ar\\\/wp-content\\\/uploads\\\/2025\\\/12\\\/Imagen-de-WhatsApp-2025-12-17-a-las-20.19.03_45651f4b.jpg\",\"datePublished\":\"2025-12-17T23:43:20+00:00\",\"dateModified\":\"2025-12-18T00:12:51+00:00\",\"author\":{\"@id\":\"https:\\\/\\\/diariodelsurdigital.com.ar\\\/#\\\/schema\\\/person\\\/6136a32571657f7dba980b88b04c5465\"},\"breadcrumb\":{\"@id\":\"https:\\\/\\\/diariodelsurdigital.com.ar\\\/?p=6199#breadcrumb\"},\"inLanguage\":\"es\",\"potentialAction\":[{\"@type\":\"ReadAction\",\"target\":[\"https:\\\/\\\/diariodelsurdigital.com.ar\\\/?p=6199\"]}]},{\"@type\":\"ImageObject\",\"inLanguage\":\"es\",\"@id\":\"https:\\\/\\\/diariodelsurdigital.com.ar\\\/?p=6199#primaryimage\",\"url\":\"https:\\\/\\\/diariodelsurdigital.com.ar\\\/wp-content\\\/uploads\\\/2025\\\/12\\\/Imagen-de-WhatsApp-2025-12-17-a-las-20.19.03_45651f4b.jpg\",\"contentUrl\":\"https:\\\/\\\/diariodelsurdigital.com.ar\\\/wp-content\\\/uploads\\\/2025\\\/12\\\/Imagen-de-WhatsApp-2025-12-17-a-las-20.19.03_45651f4b.jpg\",\"width\":569,\"height\":354},{\"@type\":\"BreadcrumbList\",\"@id\":\"https:\\\/\\\/diariodelsurdigital.com.ar\\\/?p=6199#breadcrumb\",\"itemListElement\":[{\"@type\":\"ListItem\",\"position\":1,\"name\":\"Portada\",\"item\":\"https:\\\/\\\/diariodelsurdigital.com.ar\\\/\"},{\"@type\":\"ListItem\",\"position\":2,\"name\":\"La Asociaci\u00f3n Artiguista reconoci\u00f3 el esfuerzo y la dedicaci\u00f3n de los Egresados de la Escuela Secundaria y ESA N\u00b021 de Puerto Yeru\u00e1\"}]},{\"@type\":\"WebSite\",\"@id\":\"https:\\\/\\\/diariodelsurdigital.com.ar\\\/#website\",\"url\":\"https:\\\/\\\/diariodelsurdigital.com.ar\\\/\",\"name\":\"Diario del Sur\",\"description\":\"Digital\",\"potentialAction\":[{\"@type\":\"SearchAction\",\"target\":{\"@type\":\"EntryPoint\",\"urlTemplate\":\"https:\\\/\\\/diariodelsurdigital.com.ar\\\/?s={search_term_string}\"},\"query-input\":{\"@type\":\"PropertyValueSpecification\",\"valueRequired\":true,\"valueName\":\"search_term_string\"}}],\"inLanguage\":\"es\"},{\"@type\":\"Person\",\"@id\":\"https:\\\/\\\/diariodelsurdigital.com.ar\\\/#\\\/schema\\\/person\\\/6136a32571657f7dba980b88b04c5465\",\"name\":\"Diario del Sur Digital\",\"image\":{\"@type\":\"ImageObject\",\"inLanguage\":\"es\",\"@id\":\"https:\\\/\\\/secure.gravatar.com\\\/avatar\\\/4c29ceac98541dd42460b2474aaa5dd37594d6ce6cb3cf2c101d09b48ee287ba?s=96&d=mm&r=g\",\"url\":\"https:\\\/\\\/secure.gravatar.com\\\/avatar\\\/4c29ceac98541dd42460b2474aaa5dd37594d6ce6cb3cf2c101d09b48ee287ba?s=96&d=mm&r=g\",\"contentUrl\":\"https:\\\/\\\/secure.gravatar.com\\\/avatar\\\/4c29ceac98541dd42460b2474aaa5dd37594d6ce6cb3cf2c101d09b48ee287ba?s=96&d=mm&r=g\",\"caption\":\"Diario del Sur Digital\"},\"url\":\"https:\\\/\\\/diariodelsurdigital.com.ar\\\/?author=2\"}]}<\/script>\n<!-- \/ Yoast SEO plugin. -->","yoast_head_json":{"title":"La Asociaci\u00f3n Artiguista reconoci\u00f3 el esfuerzo y la dedicaci\u00f3n de los Egresados de la Escuela Secundaria y ESA N\u00b021 de Puerto Yeru\u00e1 - Diario del Sur","robots":{"index":"index","follow":"follow","max-snippet":"max-snippet:-1","max-image-preview":"max-image-preview:large","max-video-preview":"max-video-preview:-1"},"canonical":"https:\/\/diariodelsurdigital.com.ar\/?p=6199","og_locale":"es_ES","og_type":"article","og_title":"La Asociaci\u00f3n Artiguista reconoci\u00f3 el esfuerzo y la dedicaci\u00f3n de los Egresados de la Escuela Secundaria y ESA N\u00b021 de Puerto Yeru\u00e1 - Diario del Sur","og_description":"La Asociaci\u00f3n Artiguista, desde hace cuatro a\u00f1os, viene colaborado activamente con la Escuela Secundaria y ESA, impulsando proyectos educativos que han puesto en valor tanto el potencial tur\u00edstico de la localidad como la importancia de difundir el ideario Artiguista. Durante el acto de colaci\u00f3n, se hizo entrega de cuatro medallas \u00abPremio Jos\u00e9 Gervasio Artigas\u00bb. Dos [&hellip;]","og_url":"https:\/\/diariodelsurdigital.com.ar\/?p=6199","og_site_name":"Diario del Sur","article_published_time":"2025-12-17T23:43:20+00:00","article_modified_time":"2025-12-18T00:12:51+00:00","og_image":[{"width":569,"height":354,"url":"https:\/\/diariodelsurdigital.com.ar\/wp-content\/uploads\/2025\/12\/Imagen-de-WhatsApp-2025-12-17-a-las-20.19.03_45651f4b.jpg","type":"image\/jpeg"}],"author":"Diario del Sur Digital","twitter_card":"summary_large_image","twitter_misc":{"Escrito por":"Diario del Sur Digital","Tiempo de lectura":"3 minutos"},"schema":{"@context":"https:\/\/schema.org","@graph":[{"@type":"Article","@id":"https:\/\/diariodelsurdigital.com.ar\/?p=6199#article","isPartOf":{"@id":"https:\/\/diariodelsurdigital.com.ar\/?p=6199"},"author":{"name":"Diario del Sur Digital","@id":"https:\/\/diariodelsurdigital.com.ar\/#\/schema\/person\/6136a32571657f7dba980b88b04c5465"},"headline":"La Asociaci\u00f3n Artiguista reconoci\u00f3 el esfuerzo y la dedicaci\u00f3n de los Egresados de la Escuela Secundaria y ESA N\u00b021 de Puerto Yeru\u00e1","datePublished":"2025-12-17T23:43:20+00:00","dateModified":"2025-12-18T00:12:51+00:00","mainEntityOfPage":{"@id":"https:\/\/diariodelsurdigital.com.ar\/?p=6199"},"wordCount":495,"commentCount":0,"image":{"@id":"https:\/\/diariodelsurdigital.com.ar\/?p=6199#primaryimage"},"thumbnailUrl":"https:\/\/diariodelsurdigital.com.ar\/wp-content\/uploads\/2025\/12\/Imagen-de-WhatsApp-2025-12-17-a-las-20.19.03_45651f4b.jpg","articleSection":["Inter\u00e9s General","Locales"],"inLanguage":"es","potentialAction":[{"@type":"CommentAction","name":"Comment","target":["https:\/\/diariodelsurdigital.com.ar\/?p=6199#respond"]}]},{"@type":"WebPage","@id":"https:\/\/diariodelsurdigital.com.ar\/?p=6199","url":"https:\/\/diariodelsurdigital.com.ar\/?p=6199","name":"La Asociaci\u00f3n Artiguista reconoci\u00f3 el esfuerzo y la dedicaci\u00f3n de los Egresados de la Escuela Secundaria y ESA N\u00b021 de Puerto Yeru\u00e1 - Diario del Sur","isPartOf":{"@id":"https:\/\/diariodelsurdigital.com.ar\/#website"},"primaryImageOfPage":{"@id":"https:\/\/diariodelsurdigital.com.ar\/?p=6199#primaryimage"},"image":{"@id":"https:\/\/diariodelsurdigital.com.ar\/?p=6199#primaryimage"},"thumbnailUrl":"https:\/\/diariodelsurdigital.com.ar\/wp-content\/uploads\/2025\/12\/Imagen-de-WhatsApp-2025-12-17-a-las-20.19.03_45651f4b.jpg","datePublished":"2025-12-17T23:43:20+00:00","dateModified":"2025-12-18T00:12:51+00:00","author":{"@id":"https:\/\/diariodelsurdigital.com.ar\/#\/schema\/person\/6136a32571657f7dba980b88b04c5465"},"breadcrumb":{"@id":"https:\/\/diariodelsurdigital.com.ar\/?p=6199#breadcrumb"},"inLanguage":"es","potentialAction":[{"@type":"ReadAction","target":["https:\/\/diariodelsurdigital.com.ar\/?p=6199"]}]},{"@type":"ImageObject","inLanguage":"es","@id":"https:\/\/diariodelsurdigital.com.ar\/?p=6199#primaryimage","url":"https:\/\/diariodelsurdigital.com.ar\/wp-content\/uploads\/2025\/12\/Imagen-de-WhatsApp-2025-12-17-a-las-20.19.03_45651f4b.jpg","contentUrl":"https:\/\/diariodelsurdigital.com.ar\/wp-content\/uploads\/2025\/12\/Imagen-de-WhatsApp-2025-12-17-a-las-20.19.03_45651f4b.jpg","width":569,"height":354},{"@type":"BreadcrumbList","@id":"https:\/\/diariodelsurdigital.com.ar\/?p=6199#breadcrumb","itemListElement":[{"@type":"ListItem","position":1,"name":"Portada","item":"https:\/\/diariodelsurdigital.com.ar\/"},{"@type":"ListItem","position":2,"name":"La Asociaci\u00f3n Artiguista reconoci\u00f3 el esfuerzo y la dedicaci\u00f3n de los Egresados de la Escuela Secundaria y ESA N\u00b021 de Puerto Yeru\u00e1"}]},{"@type":"WebSite","@id":"https:\/\/diariodelsurdigital.com.ar\/#website","url":"https:\/\/diariodelsurdigital.com.ar\/","name":"Diario del Sur","description":"Digital","potentialAction":[{"@type":"SearchAction","target":{"@type":"EntryPoint","urlTemplate":"https:\/\/diariodelsurdigital.com.ar\/?s={search_term_string}"},"query-input":{"@type":"PropertyValueSpecification","valueRequired":true,"valueName":"search_term_string"}}],"inLanguage":"es"},{"@type":"Person","@id":"https:\/\/diariodelsurdigital.com.ar\/#\/schema\/person\/6136a32571657f7dba980b88b04c5465","name":"Diario del Sur Digital","image":{"@type":"ImageObject","inLanguage":"es","@id":"https:\/\/secure.gravatar.com\/avatar\/4c29ceac98541dd42460b2474aaa5dd37594d6ce6cb3cf2c101d09b48ee287ba?s=96&d=mm&r=g","url":"https:\/\/secure.gravatar.com\/avatar\/4c29ceac98541dd42460b2474aaa5dd37594d6ce6cb3cf2c101d09b48ee287ba?s=96&d=mm&r=g","contentUrl":"https:\/\/secure.gravatar.com\/avatar\/4c29ceac98541dd42460b2474aaa5dd37594d6ce6cb3cf2c101d09b48ee287ba?s=96&d=mm&r=g","caption":"Diario del Sur Digital"},"url":"https:\/\/diariodelsurdigital.com.ar\/?author=2"}]}},"_links":{"self":[{"href":"https:\/\/diariodelsurdigital.com.ar\/index.php?rest_route=\/wp\/v2\/posts\/6199","targetHints":{"allow":["GET"]}}],"collection":[{"href":"https:\/\/diariodelsurdigital.com.ar\/index.php?rest_route=\/wp\/v2\/posts"}],"about":[{"href":"https:\/\/diariodelsurdigital.com.ar\/index.php?rest_route=\/wp\/v2\/types\/post"}],"author":[{"embeddable":true,"href":"https:\/\/diariodelsurdigital.com.ar\/index.php?rest_route=\/wp\/v2\/users\/2"}],"replies":[{"embeddable":true,"href":"https:\/\/diariodelsurdigital.com.ar\/index.php?rest_route=%2Fwp%2Fv2%2Fcomments&post=6199"}],"version-history":[{"count":4,"href":"https:\/\/diariodelsurdigital.com.ar\/index.php?rest_route=\/wp\/v2\/posts\/6199\/revisions"}],"predecessor-version":[{"id":6207,"href":"https:\/\/diariodelsurdigital.com.ar\/index.php?rest_route=\/wp\/v2\/posts\/6199\/revisions\/6207"}],"wp:featuredmedia":[{"embeddable":true,"href":"https:\/\/diariodelsurdigital.com.ar\/index.php?rest_route=\/wp\/v2\/media\/6200"}],"wp:attachment":[{"href":"https:\/\/diariodelsurdigital.com.ar\/index.php?rest_route=%2Fwp%2Fv2%2Fmedia&parent=6199"}],"wp:term":[{"taxonomy":"category","embeddable":true,"href":"https:\/\/diariodelsurdigital.com.ar\/index.php?rest_route=%2Fwp%2Fv2%2Fcategories&post=6199"},{"taxonomy":"post_tag","embeddable":true,"href":"https:\/\/diariodelsurdigital.com.ar\/index.php?rest_route=%2Fwp%2Fv2%2Ftags&post=6199"}],"curies":[{"name":"wp","href":"https:\/\/api.w.org\/{rel}","templated":true}]}}