{"id":621,"date":"2025-01-16T22:33:57","date_gmt":"2025-01-17T01:33:57","guid":{"rendered":"https:\/\/diariodelsurdigital.com.ar\/?p=621"},"modified":"2025-01-16T22:33:58","modified_gmt":"2025-01-17T01:33:58","slug":"un-panchero-al-ente-de-desarrollo-aerocomercial-de-concordia","status":"publish","type":"post","link":"https:\/\/diariodelsurdigital.com.ar\/?p=621","title":{"rendered":"Un panchero al Ente de Desarrollo Aerocomercial de Concordia"},"content":{"rendered":"\n<p>El Ente Mixto Concordiense de Turismo (EMCONTUR) celebr\u00f3 este jueves una reuni\u00f3n extraordinaria de su directorio en la que design\u00f3 a Mario Doval como su representante en el Ente de Desarrollo Aerocomercial del Aeropuerto de Concordia (EDAAC). Doval, quien forma parte del EMCONTUR en representaci\u00f3n del Centro de Comercio, Industria y Servicios de Concordia, asumir\u00e1 el rol de vocal en el organismo encargado de la administraci\u00f3n del Aeropuerto Comodoro J.J. Pierrestegui.<\/p>\n\n\n\n<p>La decisi\u00f3n se tom\u00f3 tras una serie de encuentros entre autoridades locales, representantes del sector privado y concejales, en los que se busc\u00f3 garantizar el cumplimiento de la ordenanza que regula la conformaci\u00f3n del directorio del EDAAC. En una reuni\u00f3n previa realizada el lunes, el presidente del EMCONTUR y secretario de Turismo, Laureano Schwartzman, recibi\u00f3 el mandato de informar al intendente Francisco Azcu\u00e9 sobre la intenci\u00f3n de la entidad de formalizar la designaci\u00f3n de su representante.<\/p>\n\n\n\n<p>La resoluci\u00f3n del EMCONTUR llega en un marco de pol\u00e9micas en torno a la conformaci\u00f3n del EDAAC. En los \u00faltimos d\u00edas, el intendente Azcu\u00e9 y el secretario de Gobierno, Luciano Dell\u2019Olio, enfrentaron cuestionamientos por la designaci\u00f3n de Facundo Antonio Spinelli Galicho como vocal del organismo, en una decisi\u00f3n que sectores privados y la oposici\u00f3n se\u00f1alaron como unilateral y contraria a los procedimientos establecidos. Spinelli, hijo del presidente de la Cooperativa El\u00e9ctrica de Concordia, Marcelo Spinelli, est\u00e1 vinculado al radicalismo, lo que encendi\u00f3 cr\u00edticas por posibles favoritismos pol\u00edticos.<\/p>\n\n\n\n<p>La ordenanza aprobada en noviembre de 2023 establece que el directorio del EDAAC debe estar compuesto por cinco miembros, entre ellos un vocal designado por el EMCONTUR y otro por la primera minor\u00eda del Concejo Deliberante. En este contexto, el peronismo, como primera minor\u00eda, ya anticip\u00f3 que su representante ser\u00e1 el concejal Pablo Bovino.<\/p>\n\n\n\n<p>Con la incorporaci\u00f3n de Mario Doval como representante del sector tur\u00edstico, se espera que el directorio avance en la planificaci\u00f3n de acciones destinadas a mejorar la infraestructura y la operatividad del Aeropuerto Comodoro J.J. Pierrestegui.<\/p>\n","protected":false},"excerpt":{"rendered":"<p>El Ente Mixto Concordiense de Turismo (EMCONTUR) celebr\u00f3 este jueves una reuni\u00f3n extraordinaria de su directorio en la que design\u00f3 a Mario Doval como su representante en el Ente de Desarrollo Aerocomercial del Aeropuerto de Concordia (EDAAC). Doval, quien forma parte del EMCONTUR en representaci\u00f3n del Centro de Comercio, Industria y Servicios de Concordia, asumir\u00e1 [&hellip;]<\/p>\n","protected":false},"author":2,"featured_media":622,"comment_status":"open","ping_status":"open","sticky":false,"template":"","format":"standard","meta":{"footnotes":""},"categories":[16],"tags":[],"class_list":{"0":"post-621","1":"post","2":"type-post","3":"status-publish","4":"format-standard","5":"has-post-thumbnail","7":"category-locales"},"yoast_head":"<!-- This site is optimized with the Yoast SEO plugin v27.4 - https:\/\/yoast.com\/product\/yoast-seo-wordpress\/ -->\n<title>Un panchero al Ente de Desarrollo Aerocomercial de Concordia - Diario del Sur<\/title>\n<meta name=\"robots\" content=\"index, follow, max-snippet:-1, max-image-preview:large, max-video-preview:-1\" \/>\n<link rel=\"canonical\" href=\"https:\/\/diariodelsurdigital.com.ar\/?p=621\" \/>\n<meta property=\"og:locale\" content=\"es_ES\" \/>\n<meta property=\"og:type\" content=\"article\" \/>\n<meta property=\"og:title\" content=\"Un panchero al Ente de Desarrollo Aerocomercial de Concordia - Diario del Sur\" \/>\n<meta property=\"og:description\" content=\"El Ente Mixto Concordiense de Turismo (EMCONTUR) celebr\u00f3 este jueves una reuni\u00f3n extraordinaria de su directorio en la que design\u00f3 a Mario Doval como su representante en el Ente de Desarrollo Aerocomercial del Aeropuerto de Concordia (EDAAC). Doval, quien forma parte del EMCONTUR en representaci\u00f3n del Centro de Comercio, Industria y Servicios de Concordia, asumir\u00e1 [&hellip;]\" \/>\n<meta property=\"og:url\" content=\"https:\/\/diariodelsurdigital.com.ar\/?p=621\" \/>\n<meta property=\"og:site_name\" content=\"Diario del Sur\" \/>\n<meta property=\"article:published_time\" content=\"2025-01-17T01:33:57+00:00\" \/>\n<meta property=\"article:modified_time\" content=\"2025-01-17T01:33:58+00:00\" \/>\n<meta property=\"og:image\" content=\"https:\/\/diariodelsurdigital.com.ar\/wp-content\/uploads\/2025\/01\/emcontur-1536x1152-1.jpg\" \/>\n\t<meta property=\"og:image:width\" content=\"491\" \/>\n\t<meta property=\"og:image:height\" content=\"336\" \/>\n\t<meta property=\"og:image:type\" content=\"image\/jpeg\" \/>\n<meta name=\"author\" content=\"Diario del Sur Digital\" \/>\n<meta name=\"twitter:card\" content=\"summary_large_image\" \/>\n<meta name=\"twitter:label1\" content=\"Escrito por\" \/>\n\t<meta name=\"twitter:data1\" content=\"Diario del Sur Digital\" \/>\n\t<meta name=\"twitter:label2\" content=\"Tiempo de lectura\" \/>\n\t<meta name=\"twitter:data2\" content=\"2 minutos\" \/>\n<script type=\"application\/ld+json\" class=\"yoast-schema-graph\">{\"@context\":\"https:\\\/\\\/schema.org\",\"@graph\":[{\"@type\":\"Article\",\"@id\":\"https:\\\/\\\/diariodelsurdigital.com.ar\\\/?p=621#article\",\"isPartOf\":{\"@id\":\"https:\\\/\\\/diariodelsurdigital.com.ar\\\/?p=621\"},\"author\":{\"name\":\"Diario del Sur Digital\",\"@id\":\"https:\\\/\\\/diariodelsurdigital.com.ar\\\/#\\\/schema\\\/person\\\/6136a32571657f7dba980b88b04c5465\"},\"headline\":\"Un panchero al Ente de Desarrollo Aerocomercial de Concordia\",\"datePublished\":\"2025-01-17T01:33:57+00:00\",\"dateModified\":\"2025-01-17T01:33:58+00:00\",\"mainEntityOfPage\":{\"@id\":\"https:\\\/\\\/diariodelsurdigital.com.ar\\\/?p=621\"},\"wordCount\":358,\"commentCount\":0,\"image\":{\"@id\":\"https:\\\/\\\/diariodelsurdigital.com.ar\\\/?p=621#primaryimage\"},\"thumbnailUrl\":\"https:\\\/\\\/diariodelsurdigital.com.ar\\\/wp-content\\\/uploads\\\/2025\\\/01\\\/emcontur-1536x1152-1.jpg\",\"articleSection\":[\"Locales\"],\"inLanguage\":\"es\",\"potentialAction\":[{\"@type\":\"CommentAction\",\"name\":\"Comment\",\"target\":[\"https:\\\/\\\/diariodelsurdigital.com.ar\\\/?p=621#respond\"]}]},{\"@type\":\"WebPage\",\"@id\":\"https:\\\/\\\/diariodelsurdigital.com.ar\\\/?p=621\",\"url\":\"https:\\\/\\\/diariodelsurdigital.com.ar\\\/?p=621\",\"name\":\"Un panchero al Ente de Desarrollo Aerocomercial de Concordia - Diario del Sur\",\"isPartOf\":{\"@id\":\"https:\\\/\\\/diariodelsurdigital.com.ar\\\/#website\"},\"primaryImageOfPage\":{\"@id\":\"https:\\\/\\\/diariodelsurdigital.com.ar\\\/?p=621#primaryimage\"},\"image\":{\"@id\":\"https:\\\/\\\/diariodelsurdigital.com.ar\\\/?p=621#primaryimage\"},\"thumbnailUrl\":\"https:\\\/\\\/diariodelsurdigital.com.ar\\\/wp-content\\\/uploads\\\/2025\\\/01\\\/emcontur-1536x1152-1.jpg\",\"datePublished\":\"2025-01-17T01:33:57+00:00\",\"dateModified\":\"2025-01-17T01:33:58+00:00\",\"author\":{\"@id\":\"https:\\\/\\\/diariodelsurdigital.com.ar\\\/#\\\/schema\\\/person\\\/6136a32571657f7dba980b88b04c5465\"},\"breadcrumb\":{\"@id\":\"https:\\\/\\\/diariodelsurdigital.com.ar\\\/?p=621#breadcrumb\"},\"inLanguage\":\"es\",\"potentialAction\":[{\"@type\":\"ReadAction\",\"target\":[\"https:\\\/\\\/diariodelsurdigital.com.ar\\\/?p=621\"]}]},{\"@type\":\"ImageObject\",\"inLanguage\":\"es\",\"@id\":\"https:\\\/\\\/diariodelsurdigital.com.ar\\\/?p=621#primaryimage\",\"url\":\"https:\\\/\\\/diariodelsurdigital.com.ar\\\/wp-content\\\/uploads\\\/2025\\\/01\\\/emcontur-1536x1152-1.jpg\",\"contentUrl\":\"https:\\\/\\\/diariodelsurdigital.com.ar\\\/wp-content\\\/uploads\\\/2025\\\/01\\\/emcontur-1536x1152-1.jpg\",\"width\":491,\"height\":336},{\"@type\":\"BreadcrumbList\",\"@id\":\"https:\\\/\\\/diariodelsurdigital.com.ar\\\/?p=621#breadcrumb\",\"itemListElement\":[{\"@type\":\"ListItem\",\"position\":1,\"name\":\"Portada\",\"item\":\"https:\\\/\\\/diariodelsurdigital.com.ar\\\/\"},{\"@type\":\"ListItem\",\"position\":2,\"name\":\"Un panchero al Ente de Desarrollo Aerocomercial de Concordia\"}]},{\"@type\":\"WebSite\",\"@id\":\"https:\\\/\\\/diariodelsurdigital.com.ar\\\/#website\",\"url\":\"https:\\\/\\\/diariodelsurdigital.com.ar\\\/\",\"name\":\"Diario del Sur\",\"description\":\"Digital\",\"potentialAction\":[{\"@type\":\"SearchAction\",\"target\":{\"@type\":\"EntryPoint\",\"urlTemplate\":\"https:\\\/\\\/diariodelsurdigital.com.ar\\\/?s={search_term_string}\"},\"query-input\":{\"@type\":\"PropertyValueSpecification\",\"valueRequired\":true,\"valueName\":\"search_term_string\"}}],\"inLanguage\":\"es\"},{\"@type\":\"Person\",\"@id\":\"https:\\\/\\\/diariodelsurdigital.com.ar\\\/#\\\/schema\\\/person\\\/6136a32571657f7dba980b88b04c5465\",\"name\":\"Diario del Sur Digital\",\"image\":{\"@type\":\"ImageObject\",\"inLanguage\":\"es\",\"@id\":\"https:\\\/\\\/secure.gravatar.com\\\/avatar\\\/4c29ceac98541dd42460b2474aaa5dd37594d6ce6cb3cf2c101d09b48ee287ba?s=96&d=mm&r=g\",\"url\":\"https:\\\/\\\/secure.gravatar.com\\\/avatar\\\/4c29ceac98541dd42460b2474aaa5dd37594d6ce6cb3cf2c101d09b48ee287ba?s=96&d=mm&r=g\",\"contentUrl\":\"https:\\\/\\\/secure.gravatar.com\\\/avatar\\\/4c29ceac98541dd42460b2474aaa5dd37594d6ce6cb3cf2c101d09b48ee287ba?s=96&d=mm&r=g\",\"caption\":\"Diario del Sur Digital\"},\"url\":\"https:\\\/\\\/diariodelsurdigital.com.ar\\\/?author=2\"}]}<\/script>\n<!-- \/ Yoast SEO plugin. -->","yoast_head_json":{"title":"Un panchero al Ente de Desarrollo Aerocomercial de Concordia - Diario del Sur","robots":{"index":"index","follow":"follow","max-snippet":"max-snippet:-1","max-image-preview":"max-image-preview:large","max-video-preview":"max-video-preview:-1"},"canonical":"https:\/\/diariodelsurdigital.com.ar\/?p=621","og_locale":"es_ES","og_type":"article","og_title":"Un panchero al Ente de Desarrollo Aerocomercial de Concordia - Diario del Sur","og_description":"El Ente Mixto Concordiense de Turismo (EMCONTUR) celebr\u00f3 este jueves una reuni\u00f3n extraordinaria de su directorio en la que design\u00f3 a Mario Doval como su representante en el Ente de Desarrollo Aerocomercial del Aeropuerto de Concordia (EDAAC). Doval, quien forma parte del EMCONTUR en representaci\u00f3n del Centro de Comercio, Industria y Servicios de Concordia, asumir\u00e1 [&hellip;]","og_url":"https:\/\/diariodelsurdigital.com.ar\/?p=621","og_site_name":"Diario del Sur","article_published_time":"2025-01-17T01:33:57+00:00","article_modified_time":"2025-01-17T01:33:58+00:00","og_image":[{"width":491,"height":336,"url":"https:\/\/diariodelsurdigital.com.ar\/wp-content\/uploads\/2025\/01\/emcontur-1536x1152-1.jpg","type":"image\/jpeg"}],"author":"Diario del Sur Digital","twitter_card":"summary_large_image","twitter_misc":{"Escrito por":"Diario del Sur Digital","Tiempo de lectura":"2 minutos"},"schema":{"@context":"https:\/\/schema.org","@graph":[{"@type":"Article","@id":"https:\/\/diariodelsurdigital.com.ar\/?p=621#article","isPartOf":{"@id":"https:\/\/diariodelsurdigital.com.ar\/?p=621"},"author":{"name":"Diario del Sur Digital","@id":"https:\/\/diariodelsurdigital.com.ar\/#\/schema\/person\/6136a32571657f7dba980b88b04c5465"},"headline":"Un panchero al Ente de Desarrollo Aerocomercial de Concordia","datePublished":"2025-01-17T01:33:57+00:00","dateModified":"2025-01-17T01:33:58+00:00","mainEntityOfPage":{"@id":"https:\/\/diariodelsurdigital.com.ar\/?p=621"},"wordCount":358,"commentCount":0,"image":{"@id":"https:\/\/diariodelsurdigital.com.ar\/?p=621#primaryimage"},"thumbnailUrl":"https:\/\/diariodelsurdigital.com.ar\/wp-content\/uploads\/2025\/01\/emcontur-1536x1152-1.jpg","articleSection":["Locales"],"inLanguage":"es","potentialAction":[{"@type":"CommentAction","name":"Comment","target":["https:\/\/diariodelsurdigital.com.ar\/?p=621#respond"]}]},{"@type":"WebPage","@id":"https:\/\/diariodelsurdigital.com.ar\/?p=621","url":"https:\/\/diariodelsurdigital.com.ar\/?p=621","name":"Un panchero al Ente de Desarrollo Aerocomercial de Concordia - Diario del Sur","isPartOf":{"@id":"https:\/\/diariodelsurdigital.com.ar\/#website"},"primaryImageOfPage":{"@id":"https:\/\/diariodelsurdigital.com.ar\/?p=621#primaryimage"},"image":{"@id":"https:\/\/diariodelsurdigital.com.ar\/?p=621#primaryimage"},"thumbnailUrl":"https:\/\/diariodelsurdigital.com.ar\/wp-content\/uploads\/2025\/01\/emcontur-1536x1152-1.jpg","datePublished":"2025-01-17T01:33:57+00:00","dateModified":"2025-01-17T01:33:58+00:00","author":{"@id":"https:\/\/diariodelsurdigital.com.ar\/#\/schema\/person\/6136a32571657f7dba980b88b04c5465"},"breadcrumb":{"@id":"https:\/\/diariodelsurdigital.com.ar\/?p=621#breadcrumb"},"inLanguage":"es","potentialAction":[{"@type":"ReadAction","target":["https:\/\/diariodelsurdigital.com.ar\/?p=621"]}]},{"@type":"ImageObject","inLanguage":"es","@id":"https:\/\/diariodelsurdigital.com.ar\/?p=621#primaryimage","url":"https:\/\/diariodelsurdigital.com.ar\/wp-content\/uploads\/2025\/01\/emcontur-1536x1152-1.jpg","contentUrl":"https:\/\/diariodelsurdigital.com.ar\/wp-content\/uploads\/2025\/01\/emcontur-1536x1152-1.jpg","width":491,"height":336},{"@type":"BreadcrumbList","@id":"https:\/\/diariodelsurdigital.com.ar\/?p=621#breadcrumb","itemListElement":[{"@type":"ListItem","position":1,"name":"Portada","item":"https:\/\/diariodelsurdigital.com.ar\/"},{"@type":"ListItem","position":2,"name":"Un panchero al Ente de Desarrollo Aerocomercial de Concordia"}]},{"@type":"WebSite","@id":"https:\/\/diariodelsurdigital.com.ar\/#website","url":"https:\/\/diariodelsurdigital.com.ar\/","name":"Diario del Sur","description":"Digital","potentialAction":[{"@type":"SearchAction","target":{"@type":"EntryPoint","urlTemplate":"https:\/\/diariodelsurdigital.com.ar\/?s={search_term_string}"},"query-input":{"@type":"PropertyValueSpecification","valueRequired":true,"valueName":"search_term_string"}}],"inLanguage":"es"},{"@type":"Person","@id":"https:\/\/diariodelsurdigital.com.ar\/#\/schema\/person\/6136a32571657f7dba980b88b04c5465","name":"Diario del Sur Digital","image":{"@type":"ImageObject","inLanguage":"es","@id":"https:\/\/secure.gravatar.com\/avatar\/4c29ceac98541dd42460b2474aaa5dd37594d6ce6cb3cf2c101d09b48ee287ba?s=96&d=mm&r=g","url":"https:\/\/secure.gravatar.com\/avatar\/4c29ceac98541dd42460b2474aaa5dd37594d6ce6cb3cf2c101d09b48ee287ba?s=96&d=mm&r=g","contentUrl":"https:\/\/secure.gravatar.com\/avatar\/4c29ceac98541dd42460b2474aaa5dd37594d6ce6cb3cf2c101d09b48ee287ba?s=96&d=mm&r=g","caption":"Diario del Sur Digital"},"url":"https:\/\/diariodelsurdigital.com.ar\/?author=2"}]}},"_links":{"self":[{"href":"https:\/\/diariodelsurdigital.com.ar\/index.php?rest_route=\/wp\/v2\/posts\/621","targetHints":{"allow":["GET"]}}],"collection":[{"href":"https:\/\/diariodelsurdigital.com.ar\/index.php?rest_route=\/wp\/v2\/posts"}],"about":[{"href":"https:\/\/diariodelsurdigital.com.ar\/index.php?rest_route=\/wp\/v2\/types\/post"}],"author":[{"embeddable":true,"href":"https:\/\/diariodelsurdigital.com.ar\/index.php?rest_route=\/wp\/v2\/users\/2"}],"replies":[{"embeddable":true,"href":"https:\/\/diariodelsurdigital.com.ar\/index.php?rest_route=%2Fwp%2Fv2%2Fcomments&post=621"}],"version-history":[{"count":1,"href":"https:\/\/diariodelsurdigital.com.ar\/index.php?rest_route=\/wp\/v2\/posts\/621\/revisions"}],"predecessor-version":[{"id":623,"href":"https:\/\/diariodelsurdigital.com.ar\/index.php?rest_route=\/wp\/v2\/posts\/621\/revisions\/623"}],"wp:featuredmedia":[{"embeddable":true,"href":"https:\/\/diariodelsurdigital.com.ar\/index.php?rest_route=\/wp\/v2\/media\/622"}],"wp:attachment":[{"href":"https:\/\/diariodelsurdigital.com.ar\/index.php?rest_route=%2Fwp%2Fv2%2Fmedia&parent=621"}],"wp:term":[{"taxonomy":"category","embeddable":true,"href":"https:\/\/diariodelsurdigital.com.ar\/index.php?rest_route=%2Fwp%2Fv2%2Fcategories&post=621"},{"taxonomy":"post_tag","embeddable":true,"href":"https:\/\/diariodelsurdigital.com.ar\/index.php?rest_route=%2Fwp%2Fv2%2Ftags&post=621"}],"curies":[{"name":"wp","href":"https:\/\/api.w.org\/{rel}","templated":true}]}}