{"id":6212,"date":"2025-12-18T09:55:38","date_gmt":"2025-12-18T12:55:38","guid":{"rendered":"https:\/\/diariodelsurdigital.com.ar\/?p=6212"},"modified":"2025-12-18T09:55:39","modified_gmt":"2025-12-18T12:55:39","slug":"frigerio-recorrio-obras-de-espacios-turisticos-en-el-perilago-de-salto-grande","status":"publish","type":"post","link":"https:\/\/diariodelsurdigital.com.ar\/?p=6212","title":{"rendered":"Frigerio recorri\u00f3 obras de espacios tur\u00edsticos en el perilago de Salto Grande"},"content":{"rendered":"\n<p>El gobernador Rogelio Frigerio recorri\u00f3 dos espacios tur\u00edsticos estrat\u00e9gicos del perilago de Salto Grande que el gobierno provincial recuper\u00f3 y puso en valor con el objetivo de fortalecer la oferta tur\u00edstica y generar desarrollo en la regi\u00f3n de Concordia. Se trat\u00f3 del camping Las Palmeras y del complejo Termas de Ayu\u00ed y Parque Acu\u00e1tico.<\/p>\n\n\n\n<p><\/p>\n\n\n\n<p>En el camping Las Palmeras, junto al intendente de Concordia, Francisco Azcu\u00e9, Frigerio supervis\u00f3 los trabajos realizados tras la recuperaci\u00f3n del predio, concretada a principios de diciembre de 2024. El gobernador destac\u00f3 que fue un proceso que se inici\u00f3 con la decisi\u00f3n de recuperar \u00abbienes que son de todos y que durante mucho tiempo, m\u00e1s de 20 a\u00f1os, estuvieron en las manos de unos vivos que lo usurparon\u00bb.<\/p>\n\n\n\n<p>El proyecto incluy\u00f3 la mejora integral de ese predio, como el del complejo Termas de Ayu\u00ed, y recuperar la posesi\u00f3n de la Tortuga Alegre. El gobernador subray\u00f3 que fue posible gracias a la colaboraci\u00f3n institucional, especialmente en un contexto de recursos limitados, lo que suplieron con \u00abtrabajo en equipo\u00bb. En este sentido, Frigerio mencion\u00f3 la participaci\u00f3n conjunta de la Comisi\u00f3n Administradora para el Fondo Especial de Salto Grande (Cafesg), la Comisi\u00f3n T\u00e9cnica Mixta (CTM), el municipio, la provincia y Corporaci\u00f3n para el Desarrollo de Salto Grande (Codesal). \u00abTrabajamos todos juntos y cada uno aporta lo que puede\u00bb, indic\u00f3.<\/p>\n\n\n\n<p>Por su parte, el secretario General de la Gobernaci\u00f3n, Mauricio Colello valor\u00f3: \u00abNos da un orgullo enorme esto que est\u00e1 sucediendo hoy\u00bb. Mencion\u00f3 que \u00abcon mucha alegr\u00eda podemos decir que el hotel Ayu\u00ed est\u00e1 recuperado, camping Las Palmeras est\u00e1 recuperado y puesto a punto\u00bb. Destac\u00f3 que \u00abdetr\u00e1s de eso hay mucho trabajo; es un orgullo para todos los concordienses, para todos los entrerrianos y es una invitaci\u00f3n a todos los turistas que nos puedan venir a visitar\u00bb.<\/p>\n\n\n\n<p>Mientras que el intendente, Francisco Azcu\u00e9, destac\u00f3 el rol fundamental del gobernador en este proceso y dijo sentirse \u00aborgulloso de pertenecer a este proyecto liderado por Frigerio\u00bb. Para el intendente, esta iniciativa demostr\u00f3 \u00abla importancia de tener l\u00edderes que marquen un camino, que tengan determinaci\u00f3n, porque para hacer esto hubo que tener mucha determinaci\u00f3n, mucha firmeza\u00bb. Reconoci\u00f3 adem\u00e1s la conducci\u00f3n del mandatario provincial, que \u00abnos condujo a todos, al municipio, a todas las \u00e1reas que han intervenido. Y ac\u00e1 est\u00e1 el resultado, la recuperaci\u00f3n de joyas del turismo entrerriano\u00bb. Sostuvo que esta acci\u00f3n de gobierno \u00abes crucial para el desarrollo de Concordia. El objetivo es cuidar esto y que nunca m\u00e1s estos lugares queden en manos de amigos de los pol\u00edticos\u00bb.<\/p>\n\n\n\n<p>El presidente de la Corporaci\u00f3n para el Desarrollo de Salto Grande (Codesal), Eduardo Cristina manifest\u00f3 un \u00aborgullo enorme\u00bb por la recuperaci\u00f3n de los predios tur\u00edsticos. Resalt\u00f3 la magnitud del esfuerzo conjunto, detallando que la puesta a punto de estos lugares demand\u00f3 aproximadamente 650 millones de pesos y cont\u00f3 con la participaci\u00f3n de m\u00faltiples entidades.<\/p>\n\n\n\n<p>El gobernador tambi\u00e9n recorri\u00f3 las termas de Ayu\u00ed y Parque Acu\u00e1tico, donde se llev\u00f3 adelante una puesta en valor integral que comprendi\u00f3 la pintura de piletas, arreglos en sanitarios, recambio de luminarias, renovaci\u00f3n de juegos y recuperaci\u00f3n de jacuzzis, con el objetivo de mejorar la experiencia de los visitantes y dar un nuevo impulso a uno de los principales atractivos tur\u00edsticos de la zona. Los trabajos estuvieron a cargo de la Codesal.<\/p>\n","protected":false},"excerpt":{"rendered":"<p>El gobernador Rogelio Frigerio recorri\u00f3 dos espacios tur\u00edsticos estrat\u00e9gicos del perilago de Salto Grande que el gobierno provincial recuper\u00f3 y puso en valor con el objetivo de fortalecer la oferta tur\u00edstica y generar desarrollo en la regi\u00f3n de Concordia. Se trat\u00f3 del camping Las Palmeras y del complejo Termas de Ayu\u00ed y Parque Acu\u00e1tico. En [&hellip;]<\/p>\n","protected":false},"author":4,"featured_media":6213,"comment_status":"open","ping_status":"open","sticky":false,"template":"","format":"standard","meta":{"footnotes":""},"categories":[16,22],"tags":[],"class_list":{"0":"post-6212","1":"post","2":"type-post","3":"status-publish","4":"format-standard","5":"has-post-thumbnail","7":"category-locales","8":"category-politica"},"yoast_head":"<!-- This site is optimized with the Yoast SEO plugin v27.4 - https:\/\/yoast.com\/product\/yoast-seo-wordpress\/ -->\n<title>Frigerio recorri\u00f3 obras de espacios tur\u00edsticos en el perilago de Salto Grande - Diario del Sur<\/title>\n<meta name=\"robots\" content=\"index, follow, max-snippet:-1, max-image-preview:large, max-video-preview:-1\" \/>\n<link rel=\"canonical\" href=\"https:\/\/diariodelsurdigital.com.ar\/?p=6212\" \/>\n<meta property=\"og:locale\" content=\"es_ES\" \/>\n<meta property=\"og:type\" content=\"article\" \/>\n<meta property=\"og:title\" content=\"Frigerio recorri\u00f3 obras de espacios tur\u00edsticos en el perilago de Salto Grande - Diario del Sur\" \/>\n<meta property=\"og:description\" content=\"El gobernador Rogelio Frigerio recorri\u00f3 dos espacios tur\u00edsticos estrat\u00e9gicos del perilago de Salto Grande que el gobierno provincial recuper\u00f3 y puso en valor con el objetivo de fortalecer la oferta tur\u00edstica y generar desarrollo en la regi\u00f3n de Concordia. Se trat\u00f3 del camping Las Palmeras y del complejo Termas de Ayu\u00ed y Parque Acu\u00e1tico. En [&hellip;]\" \/>\n<meta property=\"og:url\" content=\"https:\/\/diariodelsurdigital.com.ar\/?p=6212\" \/>\n<meta property=\"og:site_name\" content=\"Diario del Sur\" \/>\n<meta property=\"article:published_time\" content=\"2025-12-18T12:55:38+00:00\" \/>\n<meta property=\"article:modified_time\" content=\"2025-12-18T12:55:39+00:00\" \/>\n<meta property=\"og:image\" content=\"https:\/\/diariodelsurdigital.com.ar\/wp-content\/uploads\/2025\/12\/md-13-1.webp\" \/>\n\t<meta property=\"og:image:width\" content=\"992\" \/>\n\t<meta property=\"og:image:height\" content=\"661\" \/>\n\t<meta property=\"og:image:type\" content=\"image\/webp\" \/>\n<meta name=\"author\" content=\"Diario del Sur Digital\" \/>\n<meta name=\"twitter:card\" content=\"summary_large_image\" \/>\n<meta name=\"twitter:label1\" content=\"Escrito por\" \/>\n\t<meta name=\"twitter:data1\" content=\"Diario del Sur Digital\" \/>\n\t<meta name=\"twitter:label2\" content=\"Tiempo de lectura\" \/>\n\t<meta name=\"twitter:data2\" content=\"3 minutos\" \/>\n<script type=\"application\/ld+json\" class=\"yoast-schema-graph\">{\"@context\":\"https:\\\/\\\/schema.org\",\"@graph\":[{\"@type\":\"Article\",\"@id\":\"https:\\\/\\\/diariodelsurdigital.com.ar\\\/?p=6212#article\",\"isPartOf\":{\"@id\":\"https:\\\/\\\/diariodelsurdigital.com.ar\\\/?p=6212\"},\"author\":{\"name\":\"Diario del Sur Digital\",\"@id\":\"https:\\\/\\\/diariodelsurdigital.com.ar\\\/#\\\/schema\\\/person\\\/1a4992532ed62965c968031b49195c81\"},\"headline\":\"Frigerio recorri\u00f3 obras de espacios tur\u00edsticos en el perilago de Salto Grande\",\"datePublished\":\"2025-12-18T12:55:38+00:00\",\"dateModified\":\"2025-12-18T12:55:39+00:00\",\"mainEntityOfPage\":{\"@id\":\"https:\\\/\\\/diariodelsurdigital.com.ar\\\/?p=6212\"},\"wordCount\":593,\"commentCount\":0,\"image\":{\"@id\":\"https:\\\/\\\/diariodelsurdigital.com.ar\\\/?p=6212#primaryimage\"},\"thumbnailUrl\":\"https:\\\/\\\/diariodelsurdigital.com.ar\\\/wp-content\\\/uploads\\\/2025\\\/12\\\/md-13-1.webp\",\"articleSection\":[\"Locales\",\"Pol\u00edtica\"],\"inLanguage\":\"es\",\"potentialAction\":[{\"@type\":\"CommentAction\",\"name\":\"Comment\",\"target\":[\"https:\\\/\\\/diariodelsurdigital.com.ar\\\/?p=6212#respond\"]}]},{\"@type\":\"WebPage\",\"@id\":\"https:\\\/\\\/diariodelsurdigital.com.ar\\\/?p=6212\",\"url\":\"https:\\\/\\\/diariodelsurdigital.com.ar\\\/?p=6212\",\"name\":\"Frigerio recorri\u00f3 obras de espacios tur\u00edsticos en el perilago de Salto Grande - Diario del Sur\",\"isPartOf\":{\"@id\":\"https:\\\/\\\/diariodelsurdigital.com.ar\\\/#website\"},\"primaryImageOfPage\":{\"@id\":\"https:\\\/\\\/diariodelsurdigital.com.ar\\\/?p=6212#primaryimage\"},\"image\":{\"@id\":\"https:\\\/\\\/diariodelsurdigital.com.ar\\\/?p=6212#primaryimage\"},\"thumbnailUrl\":\"https:\\\/\\\/diariodelsurdigital.com.ar\\\/wp-content\\\/uploads\\\/2025\\\/12\\\/md-13-1.webp\",\"datePublished\":\"2025-12-18T12:55:38+00:00\",\"dateModified\":\"2025-12-18T12:55:39+00:00\",\"author\":{\"@id\":\"https:\\\/\\\/diariodelsurdigital.com.ar\\\/#\\\/schema\\\/person\\\/1a4992532ed62965c968031b49195c81\"},\"breadcrumb\":{\"@id\":\"https:\\\/\\\/diariodelsurdigital.com.ar\\\/?p=6212#breadcrumb\"},\"inLanguage\":\"es\",\"potentialAction\":[{\"@type\":\"ReadAction\",\"target\":[\"https:\\\/\\\/diariodelsurdigital.com.ar\\\/?p=6212\"]}]},{\"@type\":\"ImageObject\",\"inLanguage\":\"es\",\"@id\":\"https:\\\/\\\/diariodelsurdigital.com.ar\\\/?p=6212#primaryimage\",\"url\":\"https:\\\/\\\/diariodelsurdigital.com.ar\\\/wp-content\\\/uploads\\\/2025\\\/12\\\/md-13-1.webp\",\"contentUrl\":\"https:\\\/\\\/diariodelsurdigital.com.ar\\\/wp-content\\\/uploads\\\/2025\\\/12\\\/md-13-1.webp\",\"width\":992,\"height\":661},{\"@type\":\"BreadcrumbList\",\"@id\":\"https:\\\/\\\/diariodelsurdigital.com.ar\\\/?p=6212#breadcrumb\",\"itemListElement\":[{\"@type\":\"ListItem\",\"position\":1,\"name\":\"Portada\",\"item\":\"https:\\\/\\\/diariodelsurdigital.com.ar\\\/\"},{\"@type\":\"ListItem\",\"position\":2,\"name\":\"Frigerio recorri\u00f3 obras de espacios tur\u00edsticos en el perilago de Salto Grande\"}]},{\"@type\":\"WebSite\",\"@id\":\"https:\\\/\\\/diariodelsurdigital.com.ar\\\/#website\",\"url\":\"https:\\\/\\\/diariodelsurdigital.com.ar\\\/\",\"name\":\"Diario del Sur\",\"description\":\"Digital\",\"potentialAction\":[{\"@type\":\"SearchAction\",\"target\":{\"@type\":\"EntryPoint\",\"urlTemplate\":\"https:\\\/\\\/diariodelsurdigital.com.ar\\\/?s={search_term_string}\"},\"query-input\":{\"@type\":\"PropertyValueSpecification\",\"valueRequired\":true,\"valueName\":\"search_term_string\"}}],\"inLanguage\":\"es\"},{\"@type\":\"Person\",\"@id\":\"https:\\\/\\\/diariodelsurdigital.com.ar\\\/#\\\/schema\\\/person\\\/1a4992532ed62965c968031b49195c81\",\"name\":\"Diario del Sur Digital\",\"image\":{\"@type\":\"ImageObject\",\"inLanguage\":\"es\",\"@id\":\"https:\\\/\\\/secure.gravatar.com\\\/avatar\\\/f0c7c47fc7146d19828273b9b8eda651c9c7ab583767e6338d3d3bee825adf76?s=96&d=mm&r=g\",\"url\":\"https:\\\/\\\/secure.gravatar.com\\\/avatar\\\/f0c7c47fc7146d19828273b9b8eda651c9c7ab583767e6338d3d3bee825adf76?s=96&d=mm&r=g\",\"contentUrl\":\"https:\\\/\\\/secure.gravatar.com\\\/avatar\\\/f0c7c47fc7146d19828273b9b8eda651c9c7ab583767e6338d3d3bee825adf76?s=96&d=mm&r=g\",\"caption\":\"Diario del Sur Digital\"},\"url\":\"https:\\\/\\\/diariodelsurdigital.com.ar\\\/?author=4\"}]}<\/script>\n<!-- \/ Yoast SEO plugin. -->","yoast_head_json":{"title":"Frigerio recorri\u00f3 obras de espacios tur\u00edsticos en el perilago de Salto Grande - Diario del Sur","robots":{"index":"index","follow":"follow","max-snippet":"max-snippet:-1","max-image-preview":"max-image-preview:large","max-video-preview":"max-video-preview:-1"},"canonical":"https:\/\/diariodelsurdigital.com.ar\/?p=6212","og_locale":"es_ES","og_type":"article","og_title":"Frigerio recorri\u00f3 obras de espacios tur\u00edsticos en el perilago de Salto Grande - Diario del Sur","og_description":"El gobernador Rogelio Frigerio recorri\u00f3 dos espacios tur\u00edsticos estrat\u00e9gicos del perilago de Salto Grande que el gobierno provincial recuper\u00f3 y puso en valor con el objetivo de fortalecer la oferta tur\u00edstica y generar desarrollo en la regi\u00f3n de Concordia. Se trat\u00f3 del camping Las Palmeras y del complejo Termas de Ayu\u00ed y Parque Acu\u00e1tico. En [&hellip;]","og_url":"https:\/\/diariodelsurdigital.com.ar\/?p=6212","og_site_name":"Diario del Sur","article_published_time":"2025-12-18T12:55:38+00:00","article_modified_time":"2025-12-18T12:55:39+00:00","og_image":[{"width":992,"height":661,"url":"https:\/\/diariodelsurdigital.com.ar\/wp-content\/uploads\/2025\/12\/md-13-1.webp","type":"image\/webp"}],"author":"Diario del Sur Digital","twitter_card":"summary_large_image","twitter_misc":{"Escrito por":"Diario del Sur Digital","Tiempo de lectura":"3 minutos"},"schema":{"@context":"https:\/\/schema.org","@graph":[{"@type":"Article","@id":"https:\/\/diariodelsurdigital.com.ar\/?p=6212#article","isPartOf":{"@id":"https:\/\/diariodelsurdigital.com.ar\/?p=6212"},"author":{"name":"Diario del Sur Digital","@id":"https:\/\/diariodelsurdigital.com.ar\/#\/schema\/person\/1a4992532ed62965c968031b49195c81"},"headline":"Frigerio recorri\u00f3 obras de espacios tur\u00edsticos en el perilago de Salto Grande","datePublished":"2025-12-18T12:55:38+00:00","dateModified":"2025-12-18T12:55:39+00:00","mainEntityOfPage":{"@id":"https:\/\/diariodelsurdigital.com.ar\/?p=6212"},"wordCount":593,"commentCount":0,"image":{"@id":"https:\/\/diariodelsurdigital.com.ar\/?p=6212#primaryimage"},"thumbnailUrl":"https:\/\/diariodelsurdigital.com.ar\/wp-content\/uploads\/2025\/12\/md-13-1.webp","articleSection":["Locales","Pol\u00edtica"],"inLanguage":"es","potentialAction":[{"@type":"CommentAction","name":"Comment","target":["https:\/\/diariodelsurdigital.com.ar\/?p=6212#respond"]}]},{"@type":"WebPage","@id":"https:\/\/diariodelsurdigital.com.ar\/?p=6212","url":"https:\/\/diariodelsurdigital.com.ar\/?p=6212","name":"Frigerio recorri\u00f3 obras de espacios tur\u00edsticos en el perilago de Salto Grande - Diario del Sur","isPartOf":{"@id":"https:\/\/diariodelsurdigital.com.ar\/#website"},"primaryImageOfPage":{"@id":"https:\/\/diariodelsurdigital.com.ar\/?p=6212#primaryimage"},"image":{"@id":"https:\/\/diariodelsurdigital.com.ar\/?p=6212#primaryimage"},"thumbnailUrl":"https:\/\/diariodelsurdigital.com.ar\/wp-content\/uploads\/2025\/12\/md-13-1.webp","datePublished":"2025-12-18T12:55:38+00:00","dateModified":"2025-12-18T12:55:39+00:00","author":{"@id":"https:\/\/diariodelsurdigital.com.ar\/#\/schema\/person\/1a4992532ed62965c968031b49195c81"},"breadcrumb":{"@id":"https:\/\/diariodelsurdigital.com.ar\/?p=6212#breadcrumb"},"inLanguage":"es","potentialAction":[{"@type":"ReadAction","target":["https:\/\/diariodelsurdigital.com.ar\/?p=6212"]}]},{"@type":"ImageObject","inLanguage":"es","@id":"https:\/\/diariodelsurdigital.com.ar\/?p=6212#primaryimage","url":"https:\/\/diariodelsurdigital.com.ar\/wp-content\/uploads\/2025\/12\/md-13-1.webp","contentUrl":"https:\/\/diariodelsurdigital.com.ar\/wp-content\/uploads\/2025\/12\/md-13-1.webp","width":992,"height":661},{"@type":"BreadcrumbList","@id":"https:\/\/diariodelsurdigital.com.ar\/?p=6212#breadcrumb","itemListElement":[{"@type":"ListItem","position":1,"name":"Portada","item":"https:\/\/diariodelsurdigital.com.ar\/"},{"@type":"ListItem","position":2,"name":"Frigerio recorri\u00f3 obras de espacios tur\u00edsticos en el perilago de Salto Grande"}]},{"@type":"WebSite","@id":"https:\/\/diariodelsurdigital.com.ar\/#website","url":"https:\/\/diariodelsurdigital.com.ar\/","name":"Diario del Sur","description":"Digital","potentialAction":[{"@type":"SearchAction","target":{"@type":"EntryPoint","urlTemplate":"https:\/\/diariodelsurdigital.com.ar\/?s={search_term_string}"},"query-input":{"@type":"PropertyValueSpecification","valueRequired":true,"valueName":"search_term_string"}}],"inLanguage":"es"},{"@type":"Person","@id":"https:\/\/diariodelsurdigital.com.ar\/#\/schema\/person\/1a4992532ed62965c968031b49195c81","name":"Diario del Sur Digital","image":{"@type":"ImageObject","inLanguage":"es","@id":"https:\/\/secure.gravatar.com\/avatar\/f0c7c47fc7146d19828273b9b8eda651c9c7ab583767e6338d3d3bee825adf76?s=96&d=mm&r=g","url":"https:\/\/secure.gravatar.com\/avatar\/f0c7c47fc7146d19828273b9b8eda651c9c7ab583767e6338d3d3bee825adf76?s=96&d=mm&r=g","contentUrl":"https:\/\/secure.gravatar.com\/avatar\/f0c7c47fc7146d19828273b9b8eda651c9c7ab583767e6338d3d3bee825adf76?s=96&d=mm&r=g","caption":"Diario del Sur Digital"},"url":"https:\/\/diariodelsurdigital.com.ar\/?author=4"}]}},"_links":{"self":[{"href":"https:\/\/diariodelsurdigital.com.ar\/index.php?rest_route=\/wp\/v2\/posts\/6212","targetHints":{"allow":["GET"]}}],"collection":[{"href":"https:\/\/diariodelsurdigital.com.ar\/index.php?rest_route=\/wp\/v2\/posts"}],"about":[{"href":"https:\/\/diariodelsurdigital.com.ar\/index.php?rest_route=\/wp\/v2\/types\/post"}],"author":[{"embeddable":true,"href":"https:\/\/diariodelsurdigital.com.ar\/index.php?rest_route=\/wp\/v2\/users\/4"}],"replies":[{"embeddable":true,"href":"https:\/\/diariodelsurdigital.com.ar\/index.php?rest_route=%2Fwp%2Fv2%2Fcomments&post=6212"}],"version-history":[{"count":1,"href":"https:\/\/diariodelsurdigital.com.ar\/index.php?rest_route=\/wp\/v2\/posts\/6212\/revisions"}],"predecessor-version":[{"id":6214,"href":"https:\/\/diariodelsurdigital.com.ar\/index.php?rest_route=\/wp\/v2\/posts\/6212\/revisions\/6214"}],"wp:featuredmedia":[{"embeddable":true,"href":"https:\/\/diariodelsurdigital.com.ar\/index.php?rest_route=\/wp\/v2\/media\/6213"}],"wp:attachment":[{"href":"https:\/\/diariodelsurdigital.com.ar\/index.php?rest_route=%2Fwp%2Fv2%2Fmedia&parent=6212"}],"wp:term":[{"taxonomy":"category","embeddable":true,"href":"https:\/\/diariodelsurdigital.com.ar\/index.php?rest_route=%2Fwp%2Fv2%2Fcategories&post=6212"},{"taxonomy":"post_tag","embeddable":true,"href":"https:\/\/diariodelsurdigital.com.ar\/index.php?rest_route=%2Fwp%2Fv2%2Ftags&post=6212"}],"curies":[{"name":"wp","href":"https:\/\/api.w.org\/{rel}","templated":true}]}}