{"id":6215,"date":"2025-12-18T09:58:10","date_gmt":"2025-12-18T12:58:10","guid":{"rendered":"https:\/\/diariodelsurdigital.com.ar\/?p=6215"},"modified":"2025-12-18T09:58:11","modified_gmt":"2025-12-18T12:58:11","slug":"reforma-laboral-la-cgt-apuesta-a-una-marcha-masiva-para-forzar-al-gobierno-a-negociar","status":"publish","type":"post","link":"https:\/\/diariodelsurdigital.com.ar\/?p=6215","title":{"rendered":"Reforma laboral: La CGT apuesta a una marcha masiva para forzar al Gobierno a negociar"},"content":{"rendered":"\n<p>Concentrar\u00e1 junto a movimientos sociales, las CTA, gobernadores, intendentes y partidos pol\u00edticos de la oposici\u00f3n. En paralelo, acelera las negociaciones en el Congreso y prepara el camino judicial.<\/p>\n\n\n\n<p><\/p>\n\n\n\n<p>En los \u00faltimos d\u00edas, la Confederaci\u00f3n General del Trabajo (CGT) tuvo una agenda cargada. Luego de conocerse el proyecto de reforma laboral, la central decidi\u00f3 pasar a la acci\u00f3n para intentar frenarla o, al menos, morigerar una iniciativa que consideran \u00abtotalmente regresiva\u00bb y un ataque directo a los sindicatos. El primer paso ser\u00e1 la marcha del jueves a Plaza de Mayo. Apuestan a llenar las calles del centro porte\u00f1o para mostrar m\u00fasculo y torcer un poco el clima favorable al Gobierno, qui\u00e9n sigue sin dialogar con la CGT. Tambi\u00e9n estudian el camino judicial.<\/p>\n\n\n\n<p>\u00abEl rechazo a la reforma laboral, as\u00ed como la present\u00f3 el Gobierno, es total\u00bb, afirm\u00f3 a este medio Andr\u00e9s Rodr\u00edguez, l\u00edder de UPCN y hombre fuerte de la CGT. El proyecto pr\u00e1cticamente no tiene un solo gui\u00f1o al sector obrero. No s\u00f3lo flexibiliza las condiciones laborales, sino que desfinancia a los sindicatos y les quita poder de negociaci\u00f3n.<\/p>\n\n\n\n<p>Por eso, la CGT saldr\u00e1 a la calle este jueves a las 15 en Plaza de Mayo para rechazar el proyecto oficialista. Ser\u00e1 la primera acci\u00f3n fuerte de una pelea que buscar\u00e1n dar en todos los frentes, incluido el digital. Ya en sus redes sociales circula un video de convocatoria con un mensaje claro: \u201cAvanzar sobre los derechos laborales no es una modernizaci\u00f3n. Es un retroceso\u201d.<\/p>\n\n\n\n<p>El escenario estar\u00e1 instalado en el centro de la plaza, de espaldas a la Casa Rosada, todo un s\u00edmbolo. No es un dato menor. Durante el gobierno de Mauricio Macri, la CGT evit\u00f3 movilizarse hasta ah\u00ed para no tensar por dem\u00e1s. Entonces, eligi\u00f3 alternativas como el Monumento al Trabajo, ubicado en Paseo Col\u00f3n al 800. Esta vez ser\u00e1 enfrente del despacho del presidente Javier Milei.<\/p>\n\n\n\n<p>El acceso al escenario ser\u00e1 restringido s\u00f3lo para los principales dirigentes de la CGT. El resto de los concurrentes como las dos CTA, los movimientos sociales y dirigentes del peronismo deber\u00e1n verlo desde abajo. Los oradores ser\u00e1n los miembros del triunvirato que conduce la central: Jorge Sola (seguros), Cristi\u00e1n Jer\u00f3nimo (vidrios) y Octavio Arg\u00fcello (camioneros).<\/p>\n\n\n\n<p>Se espera un tono duro en el mensaje del acto. \u00abLa marcha es la manifestaci\u00f3n del desacuerdo con un proyecto de Ley de Reforma Laboral que atenta contra los derechos adquiridos de los trabajadores que se supieron conseguir tras muchos a\u00f1os de lucha del movimiento sindical argentino\u00bb, adelant\u00f3 Rodr\u00edguez (UPCN) ante la consulta de \u00c1mbito.<\/p>\n\n\n\n<p>Frente al escenario, sobre la plaza, estar\u00e1n los sindicatos m\u00e1s relevantes y, en los costados, los m\u00e1s voluminosos. El resto se acomodar\u00e1 atr\u00e1s. Esta disposici\u00f3n no es casual. En Azopardo 802 quieren evitar cualquier incidente que pueda perjudicar el reclamo. Ya sea de gremios cr\u00edticos o posibles \u00abinfiltrados\u00bb como sucedi\u00f3 en otras manifestaciones contrarias al Gobierno.<\/p>\n\n\n\n<p>La discusi\u00f3n viene empinada para la CGT. El clima post electoral favorece al Gobierno, qui\u00e9n pisa el acelerador para aprovecharlo. Salvo el peronismo (en su mayor\u00eda) y la izquierda, la oposici\u00f3n se muestra permeable a la propuesta de \u201cmodernizar\u201d las relaciones laborales.<\/p>\n\n\n\n<p>La CGT lo sabe e intentar\u00e1, al menos, trabar la discusi\u00f3n parlamentaria hasta que se disipe un poco la luna de miel libertaria. Por eso en los \u00faltimos d\u00edas tuvieron reuniones con los m\u00e1s diversos sectores pol\u00edticos y empresariales; incluso con gobernadores de Provincias Unidas. Dicen en Azopardo que en el Senado, la primera estaci\u00f3n del proyecto, tienen m\u00e1s chances a su favor. Habr\u00e1 que ver.<\/p>\n\n\n\n<p>\u201cEste es el principio de un plan de acci\u00f3n frente a la unilateralidad del Gobierno\u201d, anticipa Rodr\u00edguez (UPCN). No descartan nuevas movilizaciones o, incluso, un paro general. Aunque depender\u00e1 de las negociaciones en el Congreso.<\/p>\n\n\n\n<p>La estrategia de la CGT se completa en el plano judicial. Si avanza lo que consideran \u201cmodificaciones significativas en la legislaci\u00f3n laboral que atacan a la estructura sindical y afecta colectiva e individualmente a los trabajadores\u201d, apelar\u00e1n como lo hicieron antes.<\/p>\n\n\n\n<p>Hay varios \u00edtems de la reforma que entran en conflicto con la propia Constituci\u00f3n nacional, como la limitaci\u00f3n al derecho a huelga. Por eso, si sale, la CGT intentar\u00e1 frenarla en la Justicia, tratando de repetir el \u00e9xito conseguido.<\/p>\n\n\n\n<p>El Gobierno pretende lograr la reforma laboral lo antes posible. El Presidente, incluso, sue\u00f1a con que est\u00e9 aprobada antes de fin de a\u00f1o. Algo improbable, aunque no imposible. Depender\u00e1, tambi\u00e9n, de lo que haga la CGT. El primer paso ser\u00e1 este jueves.<\/p>\n","protected":false},"excerpt":{"rendered":"<p>Concentrar\u00e1 junto a movimientos sociales, las CTA, gobernadores, intendentes y partidos pol\u00edticos de la oposici\u00f3n. En paralelo, acelera las negociaciones en el Congreso y prepara el camino judicial. En los \u00faltimos d\u00edas, la Confederaci\u00f3n General del Trabajo (CGT) tuvo una agenda cargada. Luego de conocerse el proyecto de reforma laboral, la central decidi\u00f3 pasar a [&hellip;]<\/p>\n","protected":false},"author":4,"featured_media":6216,"comment_status":"open","ping_status":"open","sticky":false,"template":"","format":"standard","meta":{"footnotes":""},"categories":[18,22],"tags":[],"class_list":{"0":"post-6215","1":"post","2":"type-post","3":"status-publish","4":"format-standard","5":"has-post-thumbnail","7":"category-nacionales","8":"category-politica"},"yoast_head":"<!-- This site is optimized with the Yoast SEO plugin v27.4 - https:\/\/yoast.com\/product\/yoast-seo-wordpress\/ -->\n<title>Reforma laboral: La CGT apuesta a una marcha masiva para forzar al Gobierno a negociar - Diario del Sur<\/title>\n<meta name=\"robots\" content=\"index, follow, max-snippet:-1, max-image-preview:large, max-video-preview:-1\" \/>\n<link rel=\"canonical\" href=\"https:\/\/diariodelsurdigital.com.ar\/?p=6215\" \/>\n<meta property=\"og:locale\" content=\"es_ES\" \/>\n<meta property=\"og:type\" content=\"article\" \/>\n<meta property=\"og:title\" content=\"Reforma laboral: La CGT apuesta a una marcha masiva para forzar al Gobierno a negociar - Diario del Sur\" \/>\n<meta property=\"og:description\" content=\"Concentrar\u00e1 junto a movimientos sociales, las CTA, gobernadores, intendentes y partidos pol\u00edticos de la oposici\u00f3n. En paralelo, acelera las negociaciones en el Congreso y prepara el camino judicial. En los \u00faltimos d\u00edas, la Confederaci\u00f3n General del Trabajo (CGT) tuvo una agenda cargada. Luego de conocerse el proyecto de reforma laboral, la central decidi\u00f3 pasar a [&hellip;]\" \/>\n<meta property=\"og:url\" content=\"https:\/\/diariodelsurdigital.com.ar\/?p=6215\" \/>\n<meta property=\"og:site_name\" content=\"Diario del Sur\" \/>\n<meta property=\"article:published_time\" content=\"2025-12-18T12:58:10+00:00\" \/>\n<meta property=\"article:modified_time\" content=\"2025-12-18T12:58:11+00:00\" \/>\n<meta property=\"og:image\" content=\"https:\/\/diariodelsurdigital.com.ar\/wp-content\/uploads\/2025\/12\/md-14-1.webp\" \/>\n\t<meta property=\"og:image:width\" content=\"992\" \/>\n\t<meta property=\"og:image:height\" content=\"659\" \/>\n\t<meta property=\"og:image:type\" content=\"image\/webp\" \/>\n<meta name=\"author\" content=\"Diario del Sur Digital\" \/>\n<meta name=\"twitter:card\" content=\"summary_large_image\" \/>\n<meta name=\"twitter:label1\" content=\"Escrito por\" \/>\n\t<meta name=\"twitter:data1\" content=\"Diario del Sur Digital\" \/>\n\t<meta name=\"twitter:label2\" content=\"Tiempo de lectura\" \/>\n\t<meta name=\"twitter:data2\" content=\"4 minutos\" \/>\n<script type=\"application\/ld+json\" class=\"yoast-schema-graph\">{\"@context\":\"https:\\\/\\\/schema.org\",\"@graph\":[{\"@type\":\"Article\",\"@id\":\"https:\\\/\\\/diariodelsurdigital.com.ar\\\/?p=6215#article\",\"isPartOf\":{\"@id\":\"https:\\\/\\\/diariodelsurdigital.com.ar\\\/?p=6215\"},\"author\":{\"name\":\"Diario del Sur Digital\",\"@id\":\"https:\\\/\\\/diariodelsurdigital.com.ar\\\/#\\\/schema\\\/person\\\/1a4992532ed62965c968031b49195c81\"},\"headline\":\"Reforma laboral: La CGT apuesta a una marcha masiva para forzar al Gobierno a negociar\",\"datePublished\":\"2025-12-18T12:58:10+00:00\",\"dateModified\":\"2025-12-18T12:58:11+00:00\",\"mainEntityOfPage\":{\"@id\":\"https:\\\/\\\/diariodelsurdigital.com.ar\\\/?p=6215\"},\"wordCount\":809,\"commentCount\":0,\"image\":{\"@id\":\"https:\\\/\\\/diariodelsurdigital.com.ar\\\/?p=6215#primaryimage\"},\"thumbnailUrl\":\"https:\\\/\\\/diariodelsurdigital.com.ar\\\/wp-content\\\/uploads\\\/2025\\\/12\\\/md-14-1.webp\",\"articleSection\":[\"Nacionales\",\"Pol\u00edtica\"],\"inLanguage\":\"es\",\"potentialAction\":[{\"@type\":\"CommentAction\",\"name\":\"Comment\",\"target\":[\"https:\\\/\\\/diariodelsurdigital.com.ar\\\/?p=6215#respond\"]}]},{\"@type\":\"WebPage\",\"@id\":\"https:\\\/\\\/diariodelsurdigital.com.ar\\\/?p=6215\",\"url\":\"https:\\\/\\\/diariodelsurdigital.com.ar\\\/?p=6215\",\"name\":\"Reforma laboral: La CGT apuesta a una marcha masiva para forzar al Gobierno a negociar - Diario del Sur\",\"isPartOf\":{\"@id\":\"https:\\\/\\\/diariodelsurdigital.com.ar\\\/#website\"},\"primaryImageOfPage\":{\"@id\":\"https:\\\/\\\/diariodelsurdigital.com.ar\\\/?p=6215#primaryimage\"},\"image\":{\"@id\":\"https:\\\/\\\/diariodelsurdigital.com.ar\\\/?p=6215#primaryimage\"},\"thumbnailUrl\":\"https:\\\/\\\/diariodelsurdigital.com.ar\\\/wp-content\\\/uploads\\\/2025\\\/12\\\/md-14-1.webp\",\"datePublished\":\"2025-12-18T12:58:10+00:00\",\"dateModified\":\"2025-12-18T12:58:11+00:00\",\"author\":{\"@id\":\"https:\\\/\\\/diariodelsurdigital.com.ar\\\/#\\\/schema\\\/person\\\/1a4992532ed62965c968031b49195c81\"},\"breadcrumb\":{\"@id\":\"https:\\\/\\\/diariodelsurdigital.com.ar\\\/?p=6215#breadcrumb\"},\"inLanguage\":\"es\",\"potentialAction\":[{\"@type\":\"ReadAction\",\"target\":[\"https:\\\/\\\/diariodelsurdigital.com.ar\\\/?p=6215\"]}]},{\"@type\":\"ImageObject\",\"inLanguage\":\"es\",\"@id\":\"https:\\\/\\\/diariodelsurdigital.com.ar\\\/?p=6215#primaryimage\",\"url\":\"https:\\\/\\\/diariodelsurdigital.com.ar\\\/wp-content\\\/uploads\\\/2025\\\/12\\\/md-14-1.webp\",\"contentUrl\":\"https:\\\/\\\/diariodelsurdigital.com.ar\\\/wp-content\\\/uploads\\\/2025\\\/12\\\/md-14-1.webp\",\"width\":992,\"height\":659},{\"@type\":\"BreadcrumbList\",\"@id\":\"https:\\\/\\\/diariodelsurdigital.com.ar\\\/?p=6215#breadcrumb\",\"itemListElement\":[{\"@type\":\"ListItem\",\"position\":1,\"name\":\"Portada\",\"item\":\"https:\\\/\\\/diariodelsurdigital.com.ar\\\/\"},{\"@type\":\"ListItem\",\"position\":2,\"name\":\"Reforma laboral: La CGT apuesta a una marcha masiva para forzar al Gobierno a negociar\"}]},{\"@type\":\"WebSite\",\"@id\":\"https:\\\/\\\/diariodelsurdigital.com.ar\\\/#website\",\"url\":\"https:\\\/\\\/diariodelsurdigital.com.ar\\\/\",\"name\":\"Diario del Sur\",\"description\":\"Digital\",\"potentialAction\":[{\"@type\":\"SearchAction\",\"target\":{\"@type\":\"EntryPoint\",\"urlTemplate\":\"https:\\\/\\\/diariodelsurdigital.com.ar\\\/?s={search_term_string}\"},\"query-input\":{\"@type\":\"PropertyValueSpecification\",\"valueRequired\":true,\"valueName\":\"search_term_string\"}}],\"inLanguage\":\"es\"},{\"@type\":\"Person\",\"@id\":\"https:\\\/\\\/diariodelsurdigital.com.ar\\\/#\\\/schema\\\/person\\\/1a4992532ed62965c968031b49195c81\",\"name\":\"Diario del Sur Digital\",\"image\":{\"@type\":\"ImageObject\",\"inLanguage\":\"es\",\"@id\":\"https:\\\/\\\/secure.gravatar.com\\\/avatar\\\/f0c7c47fc7146d19828273b9b8eda651c9c7ab583767e6338d3d3bee825adf76?s=96&d=mm&r=g\",\"url\":\"https:\\\/\\\/secure.gravatar.com\\\/avatar\\\/f0c7c47fc7146d19828273b9b8eda651c9c7ab583767e6338d3d3bee825adf76?s=96&d=mm&r=g\",\"contentUrl\":\"https:\\\/\\\/secure.gravatar.com\\\/avatar\\\/f0c7c47fc7146d19828273b9b8eda651c9c7ab583767e6338d3d3bee825adf76?s=96&d=mm&r=g\",\"caption\":\"Diario del Sur Digital\"},\"url\":\"https:\\\/\\\/diariodelsurdigital.com.ar\\\/?author=4\"}]}<\/script>\n<!-- \/ Yoast SEO plugin. -->","yoast_head_json":{"title":"Reforma laboral: La CGT apuesta a una marcha masiva para forzar al Gobierno a negociar - Diario del Sur","robots":{"index":"index","follow":"follow","max-snippet":"max-snippet:-1","max-image-preview":"max-image-preview:large","max-video-preview":"max-video-preview:-1"},"canonical":"https:\/\/diariodelsurdigital.com.ar\/?p=6215","og_locale":"es_ES","og_type":"article","og_title":"Reforma laboral: La CGT apuesta a una marcha masiva para forzar al Gobierno a negociar - Diario del Sur","og_description":"Concentrar\u00e1 junto a movimientos sociales, las CTA, gobernadores, intendentes y partidos pol\u00edticos de la oposici\u00f3n. En paralelo, acelera las negociaciones en el Congreso y prepara el camino judicial. En los \u00faltimos d\u00edas, la Confederaci\u00f3n General del Trabajo (CGT) tuvo una agenda cargada. Luego de conocerse el proyecto de reforma laboral, la central decidi\u00f3 pasar a [&hellip;]","og_url":"https:\/\/diariodelsurdigital.com.ar\/?p=6215","og_site_name":"Diario del Sur","article_published_time":"2025-12-18T12:58:10+00:00","article_modified_time":"2025-12-18T12:58:11+00:00","og_image":[{"width":992,"height":659,"url":"https:\/\/diariodelsurdigital.com.ar\/wp-content\/uploads\/2025\/12\/md-14-1.webp","type":"image\/webp"}],"author":"Diario del Sur Digital","twitter_card":"summary_large_image","twitter_misc":{"Escrito por":"Diario del Sur Digital","Tiempo de lectura":"4 minutos"},"schema":{"@context":"https:\/\/schema.org","@graph":[{"@type":"Article","@id":"https:\/\/diariodelsurdigital.com.ar\/?p=6215#article","isPartOf":{"@id":"https:\/\/diariodelsurdigital.com.ar\/?p=6215"},"author":{"name":"Diario del Sur Digital","@id":"https:\/\/diariodelsurdigital.com.ar\/#\/schema\/person\/1a4992532ed62965c968031b49195c81"},"headline":"Reforma laboral: La CGT apuesta a una marcha masiva para forzar al Gobierno a negociar","datePublished":"2025-12-18T12:58:10+00:00","dateModified":"2025-12-18T12:58:11+00:00","mainEntityOfPage":{"@id":"https:\/\/diariodelsurdigital.com.ar\/?p=6215"},"wordCount":809,"commentCount":0,"image":{"@id":"https:\/\/diariodelsurdigital.com.ar\/?p=6215#primaryimage"},"thumbnailUrl":"https:\/\/diariodelsurdigital.com.ar\/wp-content\/uploads\/2025\/12\/md-14-1.webp","articleSection":["Nacionales","Pol\u00edtica"],"inLanguage":"es","potentialAction":[{"@type":"CommentAction","name":"Comment","target":["https:\/\/diariodelsurdigital.com.ar\/?p=6215#respond"]}]},{"@type":"WebPage","@id":"https:\/\/diariodelsurdigital.com.ar\/?p=6215","url":"https:\/\/diariodelsurdigital.com.ar\/?p=6215","name":"Reforma laboral: La CGT apuesta a una marcha masiva para forzar al Gobierno a negociar - Diario del Sur","isPartOf":{"@id":"https:\/\/diariodelsurdigital.com.ar\/#website"},"primaryImageOfPage":{"@id":"https:\/\/diariodelsurdigital.com.ar\/?p=6215#primaryimage"},"image":{"@id":"https:\/\/diariodelsurdigital.com.ar\/?p=6215#primaryimage"},"thumbnailUrl":"https:\/\/diariodelsurdigital.com.ar\/wp-content\/uploads\/2025\/12\/md-14-1.webp","datePublished":"2025-12-18T12:58:10+00:00","dateModified":"2025-12-18T12:58:11+00:00","author":{"@id":"https:\/\/diariodelsurdigital.com.ar\/#\/schema\/person\/1a4992532ed62965c968031b49195c81"},"breadcrumb":{"@id":"https:\/\/diariodelsurdigital.com.ar\/?p=6215#breadcrumb"},"inLanguage":"es","potentialAction":[{"@type":"ReadAction","target":["https:\/\/diariodelsurdigital.com.ar\/?p=6215"]}]},{"@type":"ImageObject","inLanguage":"es","@id":"https:\/\/diariodelsurdigital.com.ar\/?p=6215#primaryimage","url":"https:\/\/diariodelsurdigital.com.ar\/wp-content\/uploads\/2025\/12\/md-14-1.webp","contentUrl":"https:\/\/diariodelsurdigital.com.ar\/wp-content\/uploads\/2025\/12\/md-14-1.webp","width":992,"height":659},{"@type":"BreadcrumbList","@id":"https:\/\/diariodelsurdigital.com.ar\/?p=6215#breadcrumb","itemListElement":[{"@type":"ListItem","position":1,"name":"Portada","item":"https:\/\/diariodelsurdigital.com.ar\/"},{"@type":"ListItem","position":2,"name":"Reforma laboral: La CGT apuesta a una marcha masiva para forzar al Gobierno a negociar"}]},{"@type":"WebSite","@id":"https:\/\/diariodelsurdigital.com.ar\/#website","url":"https:\/\/diariodelsurdigital.com.ar\/","name":"Diario del Sur","description":"Digital","potentialAction":[{"@type":"SearchAction","target":{"@type":"EntryPoint","urlTemplate":"https:\/\/diariodelsurdigital.com.ar\/?s={search_term_string}"},"query-input":{"@type":"PropertyValueSpecification","valueRequired":true,"valueName":"search_term_string"}}],"inLanguage":"es"},{"@type":"Person","@id":"https:\/\/diariodelsurdigital.com.ar\/#\/schema\/person\/1a4992532ed62965c968031b49195c81","name":"Diario del Sur Digital","image":{"@type":"ImageObject","inLanguage":"es","@id":"https:\/\/secure.gravatar.com\/avatar\/f0c7c47fc7146d19828273b9b8eda651c9c7ab583767e6338d3d3bee825adf76?s=96&d=mm&r=g","url":"https:\/\/secure.gravatar.com\/avatar\/f0c7c47fc7146d19828273b9b8eda651c9c7ab583767e6338d3d3bee825adf76?s=96&d=mm&r=g","contentUrl":"https:\/\/secure.gravatar.com\/avatar\/f0c7c47fc7146d19828273b9b8eda651c9c7ab583767e6338d3d3bee825adf76?s=96&d=mm&r=g","caption":"Diario del Sur Digital"},"url":"https:\/\/diariodelsurdigital.com.ar\/?author=4"}]}},"_links":{"self":[{"href":"https:\/\/diariodelsurdigital.com.ar\/index.php?rest_route=\/wp\/v2\/posts\/6215","targetHints":{"allow":["GET"]}}],"collection":[{"href":"https:\/\/diariodelsurdigital.com.ar\/index.php?rest_route=\/wp\/v2\/posts"}],"about":[{"href":"https:\/\/diariodelsurdigital.com.ar\/index.php?rest_route=\/wp\/v2\/types\/post"}],"author":[{"embeddable":true,"href":"https:\/\/diariodelsurdigital.com.ar\/index.php?rest_route=\/wp\/v2\/users\/4"}],"replies":[{"embeddable":true,"href":"https:\/\/diariodelsurdigital.com.ar\/index.php?rest_route=%2Fwp%2Fv2%2Fcomments&post=6215"}],"version-history":[{"count":1,"href":"https:\/\/diariodelsurdigital.com.ar\/index.php?rest_route=\/wp\/v2\/posts\/6215\/revisions"}],"predecessor-version":[{"id":6217,"href":"https:\/\/diariodelsurdigital.com.ar\/index.php?rest_route=\/wp\/v2\/posts\/6215\/revisions\/6217"}],"wp:featuredmedia":[{"embeddable":true,"href":"https:\/\/diariodelsurdigital.com.ar\/index.php?rest_route=\/wp\/v2\/media\/6216"}],"wp:attachment":[{"href":"https:\/\/diariodelsurdigital.com.ar\/index.php?rest_route=%2Fwp%2Fv2%2Fmedia&parent=6215"}],"wp:term":[{"taxonomy":"category","embeddable":true,"href":"https:\/\/diariodelsurdigital.com.ar\/index.php?rest_route=%2Fwp%2Fv2%2Fcategories&post=6215"},{"taxonomy":"post_tag","embeddable":true,"href":"https:\/\/diariodelsurdigital.com.ar\/index.php?rest_route=%2Fwp%2Fv2%2Ftags&post=6215"}],"curies":[{"name":"wp","href":"https:\/\/api.w.org\/{rel}","templated":true}]}}