{"id":6218,"date":"2025-12-18T10:01:00","date_gmt":"2025-12-18T13:01:00","guid":{"rendered":"https:\/\/diariodelsurdigital.com.ar\/?p=6218"},"modified":"2025-12-18T10:01:02","modified_gmt":"2025-12-18T13:01:02","slug":"agmer-advierte-que-una-eventual-reforma-jubilatoria-implicaria-perdida-de-derechos","status":"publish","type":"post","link":"https:\/\/diariodelsurdigital.com.ar\/?p=6218","title":{"rendered":"Agmer advierte que una eventual reforma jubilatoria implicar\u00eda p\u00e9rdida de derechos"},"content":{"rendered":"\n<p>Dirigentes sindicales se reunieron con el presidente de la Caja de Jubilaciones de Entre R\u00edos para solicitar precisiones sobre los lineamientos que el Gobierno provincial analiza en torno a una posible reforma del sistema previsional. El Secretario de Derechos Humanos y Cultura de la Asociaci\u00f3n Gremial del Magisterio de Entre R\u00edos, Claudio Puntel, dialog\u00f3 con esta Agencia sobre los planteos oficiales y alert\u00f3 que cualquier modificaci\u00f3n podr\u00eda traducirse en un nuevo ajuste sobre trabajadores.<\/p>\n\n\n\n<p><\/p>\n\n\n\n<p>Seg\u00fan explicaron desde Agmer, el objetivo central de la reuni\u00f3n fue exigir informaci\u00f3n concreta sobre las intenciones del Ejecutivo, ante versiones que vienen circulando a trav\u00e9s de medios de comunicaci\u00f3n sobre cambios en el r\u00e9gimen jubilatorio. En ese marco, el titular de la Caja brind\u00f3 algunos datos y ejemplos que, a criterio del sindicato, no reflejan la realidad que atraviesan los trabajadores.<\/p>\n\n\n\n<p><\/p>\n\n\n\n<p>Uno de los puntos cuestionados fue el argumento oficial sobre el impacto de los aumentos salariales municipales en el sistema previsional. Desde la intersindical se\u00f1alaron que si un trabajador activo recibe un incremento salarial significativo, tambi\u00e9n aumenta proporcionalmente su aporte a la Caja, por lo que no se genera el perjuicio que se plantea desde el gobierno. \u201cEs una interpretaci\u00f3n que no coincide con lo que ocurre en la pr\u00e1ctica\u201d, sostuvieron.<\/p>\n\n\n\n<p>Durante la reuni\u00f3n, el presidente de la Caja mencion\u00f3 dos aspectos que considera necesario \u201cmodificar\u201d: por un lado, las edades jubilatorias en los reg\u00edmenes especiales; por otro, los mecanismos que garantizan la movilidad del haber jubilatorio y el hist\u00f3rico 82% m\u00f3vil. Si bien desde el organismo se remarc\u00f3 en reiteradas oportunidades que Entre R\u00edos es una provincia distintiva por sostener ese porcentaje y que se trata de un logro a preservar, los ejemplos expuestos sobre supuestas \u201cdistorsiones\u201d en las paritarias encendieron las alarmas del sector gremial.<\/p>\n\n\n\n<p>Puntel advirti\u00f3 que detr\u00e1s de esos planteos se vislumbra una reforma que podr\u00eda afectar derechos adquiridos. \u201cLo que se est\u00e1 planteando nos pone en estado de alerta, porque todo indica que, una vez m\u00e1s, ser\u00edamos los trabajadores quienes paguemos el ajuste\u201d, expresaron.<\/p>\n\n\n\n<p>En ese sentido, remarc\u00f3 que cualquier intento de modificar la edad jubilatoria o los criterios de movilidad ser\u00e1 rechazado de plano. Subray\u00f3 que el contexto actual, con salarios deteriorados y una inflaci\u00f3n que golpea el poder adquisitivo, vuelve inaceptable cualquier reforma que implique una p\u00e9rdida adicional para activos y pasivos.<\/p>\n\n\n\n<p>Tambi\u00e9n manifestaron especial preocupaci\u00f3n por la posibilidad de que determinados adicionales o \u00edtems salariales dejen de impactar en el c\u00e1lculo jubilatorio. Advirtieron que, de avanzar una iniciativa de ese tipo, con el paso del tiempo los jubilados dejar\u00edan de percibir efectivamente el 82% de lo que cobra un trabajador activo con igual antig\u00fcedad y categor\u00eda, vaciando de contenido ese derecho.<\/p>\n\n\n\n<p>Desde la intersindical reafirmaron que no permitir\u00e1n ninguna medida que implique retrocesos y anticiparon que enfrentar\u00e1n cualquier intento de ajuste en unidad con otros sectores gremiales. Al mismo tiempo, se\u00f1alaron que valoran las instancias de di\u00e1logo, siempre que est\u00e9n basadas en informaci\u00f3n real y transparente que permita anticipar escenarios y tomar definiciones.<\/p>\n\n\n\n<p>En ese marco, adelantaron que llevar\u00e1n propuestas alternativas para garantizar la sustentabilidad de la Caja de Jubilaciones, entre ellas la necesidad de avanzar hacia un esquema tributario m\u00e1s equitativo, donde los grupos econ\u00f3micos concentrados que obtienen ganancias significativas realicen un mayor aporte a la provincia.<\/p>\n\n\n\n<p>Finalmente, el mensaje hacia los trabajadores fue de claridad y organizaci\u00f3n. Puntel asegur\u00f3 que se impulsar\u00e1n instancias de debate interno y comunicaci\u00f3n permanente para definir las acciones necesarias y ratificaron que, en el marco de la m\u00e1s amplia unidad, enfrentar\u00e1n cualquier intento de ajuste sobre el salario y las jubilaciones. \u201cNo estamos dispuestos a perder ninguno de los derechos conquistados por generaciones de trabajadores\u201d, concluy\u00f3.<\/p>\n","protected":false},"excerpt":{"rendered":"<p>Dirigentes sindicales se reunieron con el presidente de la Caja de Jubilaciones de Entre R\u00edos para solicitar precisiones sobre los lineamientos que el Gobierno provincial analiza en torno a una posible reforma del sistema previsional. El Secretario de Derechos Humanos y Cultura de la Asociaci\u00f3n Gremial del Magisterio de Entre R\u00edos, Claudio Puntel, dialog\u00f3 con [&hellip;]<\/p>\n","protected":false},"author":4,"featured_media":6219,"comment_status":"open","ping_status":"open","sticky":false,"template":"","format":"standard","meta":{"footnotes":""},"categories":[19,17],"tags":[],"class_list":{"0":"post-6218","1":"post","2":"type-post","3":"status-publish","4":"format-standard","5":"has-post-thumbnail","7":"category-interes-general","8":"category-provinciales"},"yoast_head":"<!-- This site is optimized with the Yoast SEO plugin v27.4 - https:\/\/yoast.com\/product\/yoast-seo-wordpress\/ -->\n<title>Agmer advierte que una eventual reforma jubilatoria implicar\u00eda p\u00e9rdida de derechos - Diario del Sur<\/title>\n<meta name=\"robots\" content=\"index, follow, max-snippet:-1, max-image-preview:large, max-video-preview:-1\" \/>\n<link rel=\"canonical\" href=\"https:\/\/diariodelsurdigital.com.ar\/?p=6218\" \/>\n<meta property=\"og:locale\" content=\"es_ES\" \/>\n<meta property=\"og:type\" content=\"article\" \/>\n<meta property=\"og:title\" content=\"Agmer advierte que una eventual reforma jubilatoria implicar\u00eda p\u00e9rdida de derechos - Diario del Sur\" \/>\n<meta property=\"og:description\" content=\"Dirigentes sindicales se reunieron con el presidente de la Caja de Jubilaciones de Entre R\u00edos para solicitar precisiones sobre los lineamientos que el Gobierno provincial analiza en torno a una posible reforma del sistema previsional. El Secretario de Derechos Humanos y Cultura de la Asociaci\u00f3n Gremial del Magisterio de Entre R\u00edos, Claudio Puntel, dialog\u00f3 con [&hellip;]\" \/>\n<meta property=\"og:url\" content=\"https:\/\/diariodelsurdigital.com.ar\/?p=6218\" \/>\n<meta property=\"og:site_name\" content=\"Diario del Sur\" \/>\n<meta property=\"article:published_time\" content=\"2025-12-18T13:01:00+00:00\" \/>\n<meta property=\"article:modified_time\" content=\"2025-12-18T13:01:02+00:00\" \/>\n<meta property=\"og:image\" content=\"https:\/\/diariodelsurdigital.com.ar\/wp-content\/uploads\/2025\/12\/md-16-1.webp\" \/>\n\t<meta property=\"og:image:width\" content=\"992\" \/>\n\t<meta property=\"og:image:height\" content=\"662\" \/>\n\t<meta property=\"og:image:type\" content=\"image\/webp\" \/>\n<meta name=\"author\" content=\"Diario del Sur Digital\" \/>\n<meta name=\"twitter:card\" content=\"summary_large_image\" \/>\n<meta name=\"twitter:label1\" content=\"Escrito por\" \/>\n\t<meta name=\"twitter:data1\" content=\"Diario del Sur Digital\" \/>\n\t<meta name=\"twitter:label2\" content=\"Tiempo de lectura\" \/>\n\t<meta name=\"twitter:data2\" content=\"3 minutos\" \/>\n<script type=\"application\/ld+json\" class=\"yoast-schema-graph\">{\"@context\":\"https:\\\/\\\/schema.org\",\"@graph\":[{\"@type\":\"Article\",\"@id\":\"https:\\\/\\\/diariodelsurdigital.com.ar\\\/?p=6218#article\",\"isPartOf\":{\"@id\":\"https:\\\/\\\/diariodelsurdigital.com.ar\\\/?p=6218\"},\"author\":{\"name\":\"Diario del Sur Digital\",\"@id\":\"https:\\\/\\\/diariodelsurdigital.com.ar\\\/#\\\/schema\\\/person\\\/1a4992532ed62965c968031b49195c81\"},\"headline\":\"Agmer advierte que una eventual reforma jubilatoria implicar\u00eda p\u00e9rdida de derechos\",\"datePublished\":\"2025-12-18T13:01:00+00:00\",\"dateModified\":\"2025-12-18T13:01:02+00:00\",\"mainEntityOfPage\":{\"@id\":\"https:\\\/\\\/diariodelsurdigital.com.ar\\\/?p=6218\"},\"wordCount\":664,\"commentCount\":0,\"image\":{\"@id\":\"https:\\\/\\\/diariodelsurdigital.com.ar\\\/?p=6218#primaryimage\"},\"thumbnailUrl\":\"https:\\\/\\\/diariodelsurdigital.com.ar\\\/wp-content\\\/uploads\\\/2025\\\/12\\\/md-16-1.webp\",\"articleSection\":[\"Inter\u00e9s General\",\"Provinciales\"],\"inLanguage\":\"es\",\"potentialAction\":[{\"@type\":\"CommentAction\",\"name\":\"Comment\",\"target\":[\"https:\\\/\\\/diariodelsurdigital.com.ar\\\/?p=6218#respond\"]}]},{\"@type\":\"WebPage\",\"@id\":\"https:\\\/\\\/diariodelsurdigital.com.ar\\\/?p=6218\",\"url\":\"https:\\\/\\\/diariodelsurdigital.com.ar\\\/?p=6218\",\"name\":\"Agmer advierte que una eventual reforma jubilatoria implicar\u00eda p\u00e9rdida de derechos - Diario del Sur\",\"isPartOf\":{\"@id\":\"https:\\\/\\\/diariodelsurdigital.com.ar\\\/#website\"},\"primaryImageOfPage\":{\"@id\":\"https:\\\/\\\/diariodelsurdigital.com.ar\\\/?p=6218#primaryimage\"},\"image\":{\"@id\":\"https:\\\/\\\/diariodelsurdigital.com.ar\\\/?p=6218#primaryimage\"},\"thumbnailUrl\":\"https:\\\/\\\/diariodelsurdigital.com.ar\\\/wp-content\\\/uploads\\\/2025\\\/12\\\/md-16-1.webp\",\"datePublished\":\"2025-12-18T13:01:00+00:00\",\"dateModified\":\"2025-12-18T13:01:02+00:00\",\"author\":{\"@id\":\"https:\\\/\\\/diariodelsurdigital.com.ar\\\/#\\\/schema\\\/person\\\/1a4992532ed62965c968031b49195c81\"},\"breadcrumb\":{\"@id\":\"https:\\\/\\\/diariodelsurdigital.com.ar\\\/?p=6218#breadcrumb\"},\"inLanguage\":\"es\",\"potentialAction\":[{\"@type\":\"ReadAction\",\"target\":[\"https:\\\/\\\/diariodelsurdigital.com.ar\\\/?p=6218\"]}]},{\"@type\":\"ImageObject\",\"inLanguage\":\"es\",\"@id\":\"https:\\\/\\\/diariodelsurdigital.com.ar\\\/?p=6218#primaryimage\",\"url\":\"https:\\\/\\\/diariodelsurdigital.com.ar\\\/wp-content\\\/uploads\\\/2025\\\/12\\\/md-16-1.webp\",\"contentUrl\":\"https:\\\/\\\/diariodelsurdigital.com.ar\\\/wp-content\\\/uploads\\\/2025\\\/12\\\/md-16-1.webp\",\"width\":992,\"height\":662},{\"@type\":\"BreadcrumbList\",\"@id\":\"https:\\\/\\\/diariodelsurdigital.com.ar\\\/?p=6218#breadcrumb\",\"itemListElement\":[{\"@type\":\"ListItem\",\"position\":1,\"name\":\"Portada\",\"item\":\"https:\\\/\\\/diariodelsurdigital.com.ar\\\/\"},{\"@type\":\"ListItem\",\"position\":2,\"name\":\"Agmer advierte que una eventual reforma jubilatoria implicar\u00eda p\u00e9rdida de derechos\"}]},{\"@type\":\"WebSite\",\"@id\":\"https:\\\/\\\/diariodelsurdigital.com.ar\\\/#website\",\"url\":\"https:\\\/\\\/diariodelsurdigital.com.ar\\\/\",\"name\":\"Diario del Sur\",\"description\":\"Digital\",\"potentialAction\":[{\"@type\":\"SearchAction\",\"target\":{\"@type\":\"EntryPoint\",\"urlTemplate\":\"https:\\\/\\\/diariodelsurdigital.com.ar\\\/?s={search_term_string}\"},\"query-input\":{\"@type\":\"PropertyValueSpecification\",\"valueRequired\":true,\"valueName\":\"search_term_string\"}}],\"inLanguage\":\"es\"},{\"@type\":\"Person\",\"@id\":\"https:\\\/\\\/diariodelsurdigital.com.ar\\\/#\\\/schema\\\/person\\\/1a4992532ed62965c968031b49195c81\",\"name\":\"Diario del Sur Digital\",\"image\":{\"@type\":\"ImageObject\",\"inLanguage\":\"es\",\"@id\":\"https:\\\/\\\/secure.gravatar.com\\\/avatar\\\/f0c7c47fc7146d19828273b9b8eda651c9c7ab583767e6338d3d3bee825adf76?s=96&d=mm&r=g\",\"url\":\"https:\\\/\\\/secure.gravatar.com\\\/avatar\\\/f0c7c47fc7146d19828273b9b8eda651c9c7ab583767e6338d3d3bee825adf76?s=96&d=mm&r=g\",\"contentUrl\":\"https:\\\/\\\/secure.gravatar.com\\\/avatar\\\/f0c7c47fc7146d19828273b9b8eda651c9c7ab583767e6338d3d3bee825adf76?s=96&d=mm&r=g\",\"caption\":\"Diario del Sur Digital\"},\"url\":\"https:\\\/\\\/diariodelsurdigital.com.ar\\\/?author=4\"}]}<\/script>\n<!-- \/ Yoast SEO plugin. -->","yoast_head_json":{"title":"Agmer advierte que una eventual reforma jubilatoria implicar\u00eda p\u00e9rdida de derechos - Diario del Sur","robots":{"index":"index","follow":"follow","max-snippet":"max-snippet:-1","max-image-preview":"max-image-preview:large","max-video-preview":"max-video-preview:-1"},"canonical":"https:\/\/diariodelsurdigital.com.ar\/?p=6218","og_locale":"es_ES","og_type":"article","og_title":"Agmer advierte que una eventual reforma jubilatoria implicar\u00eda p\u00e9rdida de derechos - Diario del Sur","og_description":"Dirigentes sindicales se reunieron con el presidente de la Caja de Jubilaciones de Entre R\u00edos para solicitar precisiones sobre los lineamientos que el Gobierno provincial analiza en torno a una posible reforma del sistema previsional. El Secretario de Derechos Humanos y Cultura de la Asociaci\u00f3n Gremial del Magisterio de Entre R\u00edos, Claudio Puntel, dialog\u00f3 con [&hellip;]","og_url":"https:\/\/diariodelsurdigital.com.ar\/?p=6218","og_site_name":"Diario del Sur","article_published_time":"2025-12-18T13:01:00+00:00","article_modified_time":"2025-12-18T13:01:02+00:00","og_image":[{"width":992,"height":662,"url":"https:\/\/diariodelsurdigital.com.ar\/wp-content\/uploads\/2025\/12\/md-16-1.webp","type":"image\/webp"}],"author":"Diario del Sur Digital","twitter_card":"summary_large_image","twitter_misc":{"Escrito por":"Diario del Sur Digital","Tiempo de lectura":"3 minutos"},"schema":{"@context":"https:\/\/schema.org","@graph":[{"@type":"Article","@id":"https:\/\/diariodelsurdigital.com.ar\/?p=6218#article","isPartOf":{"@id":"https:\/\/diariodelsurdigital.com.ar\/?p=6218"},"author":{"name":"Diario del Sur Digital","@id":"https:\/\/diariodelsurdigital.com.ar\/#\/schema\/person\/1a4992532ed62965c968031b49195c81"},"headline":"Agmer advierte que una eventual reforma jubilatoria implicar\u00eda p\u00e9rdida de derechos","datePublished":"2025-12-18T13:01:00+00:00","dateModified":"2025-12-18T13:01:02+00:00","mainEntityOfPage":{"@id":"https:\/\/diariodelsurdigital.com.ar\/?p=6218"},"wordCount":664,"commentCount":0,"image":{"@id":"https:\/\/diariodelsurdigital.com.ar\/?p=6218#primaryimage"},"thumbnailUrl":"https:\/\/diariodelsurdigital.com.ar\/wp-content\/uploads\/2025\/12\/md-16-1.webp","articleSection":["Inter\u00e9s General","Provinciales"],"inLanguage":"es","potentialAction":[{"@type":"CommentAction","name":"Comment","target":["https:\/\/diariodelsurdigital.com.ar\/?p=6218#respond"]}]},{"@type":"WebPage","@id":"https:\/\/diariodelsurdigital.com.ar\/?p=6218","url":"https:\/\/diariodelsurdigital.com.ar\/?p=6218","name":"Agmer advierte que una eventual reforma jubilatoria implicar\u00eda p\u00e9rdida de derechos - Diario del Sur","isPartOf":{"@id":"https:\/\/diariodelsurdigital.com.ar\/#website"},"primaryImageOfPage":{"@id":"https:\/\/diariodelsurdigital.com.ar\/?p=6218#primaryimage"},"image":{"@id":"https:\/\/diariodelsurdigital.com.ar\/?p=6218#primaryimage"},"thumbnailUrl":"https:\/\/diariodelsurdigital.com.ar\/wp-content\/uploads\/2025\/12\/md-16-1.webp","datePublished":"2025-12-18T13:01:00+00:00","dateModified":"2025-12-18T13:01:02+00:00","author":{"@id":"https:\/\/diariodelsurdigital.com.ar\/#\/schema\/person\/1a4992532ed62965c968031b49195c81"},"breadcrumb":{"@id":"https:\/\/diariodelsurdigital.com.ar\/?p=6218#breadcrumb"},"inLanguage":"es","potentialAction":[{"@type":"ReadAction","target":["https:\/\/diariodelsurdigital.com.ar\/?p=6218"]}]},{"@type":"ImageObject","inLanguage":"es","@id":"https:\/\/diariodelsurdigital.com.ar\/?p=6218#primaryimage","url":"https:\/\/diariodelsurdigital.com.ar\/wp-content\/uploads\/2025\/12\/md-16-1.webp","contentUrl":"https:\/\/diariodelsurdigital.com.ar\/wp-content\/uploads\/2025\/12\/md-16-1.webp","width":992,"height":662},{"@type":"BreadcrumbList","@id":"https:\/\/diariodelsurdigital.com.ar\/?p=6218#breadcrumb","itemListElement":[{"@type":"ListItem","position":1,"name":"Portada","item":"https:\/\/diariodelsurdigital.com.ar\/"},{"@type":"ListItem","position":2,"name":"Agmer advierte que una eventual reforma jubilatoria implicar\u00eda p\u00e9rdida de derechos"}]},{"@type":"WebSite","@id":"https:\/\/diariodelsurdigital.com.ar\/#website","url":"https:\/\/diariodelsurdigital.com.ar\/","name":"Diario del Sur","description":"Digital","potentialAction":[{"@type":"SearchAction","target":{"@type":"EntryPoint","urlTemplate":"https:\/\/diariodelsurdigital.com.ar\/?s={search_term_string}"},"query-input":{"@type":"PropertyValueSpecification","valueRequired":true,"valueName":"search_term_string"}}],"inLanguage":"es"},{"@type":"Person","@id":"https:\/\/diariodelsurdigital.com.ar\/#\/schema\/person\/1a4992532ed62965c968031b49195c81","name":"Diario del Sur Digital","image":{"@type":"ImageObject","inLanguage":"es","@id":"https:\/\/secure.gravatar.com\/avatar\/f0c7c47fc7146d19828273b9b8eda651c9c7ab583767e6338d3d3bee825adf76?s=96&d=mm&r=g","url":"https:\/\/secure.gravatar.com\/avatar\/f0c7c47fc7146d19828273b9b8eda651c9c7ab583767e6338d3d3bee825adf76?s=96&d=mm&r=g","contentUrl":"https:\/\/secure.gravatar.com\/avatar\/f0c7c47fc7146d19828273b9b8eda651c9c7ab583767e6338d3d3bee825adf76?s=96&d=mm&r=g","caption":"Diario del Sur Digital"},"url":"https:\/\/diariodelsurdigital.com.ar\/?author=4"}]}},"_links":{"self":[{"href":"https:\/\/diariodelsurdigital.com.ar\/index.php?rest_route=\/wp\/v2\/posts\/6218","targetHints":{"allow":["GET"]}}],"collection":[{"href":"https:\/\/diariodelsurdigital.com.ar\/index.php?rest_route=\/wp\/v2\/posts"}],"about":[{"href":"https:\/\/diariodelsurdigital.com.ar\/index.php?rest_route=\/wp\/v2\/types\/post"}],"author":[{"embeddable":true,"href":"https:\/\/diariodelsurdigital.com.ar\/index.php?rest_route=\/wp\/v2\/users\/4"}],"replies":[{"embeddable":true,"href":"https:\/\/diariodelsurdigital.com.ar\/index.php?rest_route=%2Fwp%2Fv2%2Fcomments&post=6218"}],"version-history":[{"count":1,"href":"https:\/\/diariodelsurdigital.com.ar\/index.php?rest_route=\/wp\/v2\/posts\/6218\/revisions"}],"predecessor-version":[{"id":6220,"href":"https:\/\/diariodelsurdigital.com.ar\/index.php?rest_route=\/wp\/v2\/posts\/6218\/revisions\/6220"}],"wp:featuredmedia":[{"embeddable":true,"href":"https:\/\/diariodelsurdigital.com.ar\/index.php?rest_route=\/wp\/v2\/media\/6219"}],"wp:attachment":[{"href":"https:\/\/diariodelsurdigital.com.ar\/index.php?rest_route=%2Fwp%2Fv2%2Fmedia&parent=6218"}],"wp:term":[{"taxonomy":"category","embeddable":true,"href":"https:\/\/diariodelsurdigital.com.ar\/index.php?rest_route=%2Fwp%2Fv2%2Fcategories&post=6218"},{"taxonomy":"post_tag","embeddable":true,"href":"https:\/\/diariodelsurdigital.com.ar\/index.php?rest_route=%2Fwp%2Fv2%2Ftags&post=6218"}],"curies":[{"name":"wp","href":"https:\/\/api.w.org\/{rel}","templated":true}]}}