{"id":6227,"date":"2025-12-19T10:16:22","date_gmt":"2025-12-19T13:16:22","guid":{"rendered":"https:\/\/diariodelsurdigital.com.ar\/?p=6227"},"modified":"2025-12-19T10:16:24","modified_gmt":"2025-12-19T13:16:24","slug":"lula-confirmo-que-vetara-la-ley-que-reduciria-la-condena-de-jair-bolsonaro","status":"publish","type":"post","link":"https:\/\/diariodelsurdigital.com.ar\/?p=6227","title":{"rendered":"Lula confirm\u00f3 que vetar\u00e1 la ley que reducir\u00eda la condena de Jair Bolsonaro"},"content":{"rendered":"\n<p>El presidente de Brasil, Luiz In\u00e1cio Lula da Silva, confirm\u00f3 este jueves que vetar\u00e1 el proyecto de ley aprobado por el Parlamento que reduce las penas impuestas por el Supremo Tribunal Federal al expresidente Jair Bolsonaro y a otros implicados en el intento de golpe de Estado posterior a las elecciones de 2022.<\/p>\n\n\n\n<p>\u201cCuando llegue a mi mesa, lo vetar\u00e9\u201d, afirm\u00f3 Lula durante una conferencia de prensa, al remarcar que quienes atentaron contra el sistema democr\u00e1tico \u201ctienen que pagar por los actos cometidos\u201d. El mandatario sostuvo que ejercer\u00e1 su derecho constitucional al veto, del mismo modo que el Congreso tiene la facultad de insistir con la norma si as\u00ed lo decide.<\/p>\n\n\n\n<p>En ese marco, el jefe de Estado brasile\u00f1o advirti\u00f3 sobre los riesgos de relativizar lo ocurrido: \u201cSi la democracia olvida la importancia que tiene, terminamos perdiendo todos\u201d. Adem\u00e1s, insisti\u00f3 en la necesidad de dimensionar la gravedad de los hechos registrados en enero de 2023, cuando miles de militantes bolsonaristas asaltaron las sedes de los tres poderes del Estado en Brasilia, una semana despu\u00e9s de su asunci\u00f3n presidencial.<\/p>\n\n\n\n<p>Seg\u00fan la investigaci\u00f3n del Supremo, ese ataque fue el desenlace de un complot golpista liderado por Bolsonaro, que busc\u00f3 arrastrar a las Fuerzas Armadas para derrocar al Gobierno electo.<\/p>\n\n\n\n<p>El proyecto que vetar\u00eda Lula<br>El proyecto de ley, aprobado de manera expr\u00e9s en ambas c\u00e1maras del Congreso, represent\u00f3 una victoria para la mayor\u00eda conservadora antes del receso de fin de a\u00f1o.<\/p>\n\n\n\n<p>La iniciativa no solo beneficiar\u00eda al exmandatario ultraderechista, sino que tambi\u00e9n podr\u00eda otorgar libertad condicional a m\u00e1s de un centenar de detenidos por la asonada del 8 de enero de 2023.<\/p>\n\n\n\n<p>Cabe recordar que el 11 de septiembre, el Supremo Tribunal Federal conden\u00f3 a Bolsonaro a 27 a\u00f1os y 3 meses de prisi\u00f3n por liderar el intento de ruptura institucional. Tras agotarse las instancias de apelaci\u00f3n, el 25 de noviembre se orden\u00f3 la ejecuci\u00f3n de la sentencia, y el expresidente qued\u00f3 detenido en una dependencia de la Polic\u00eda Federal en Brasilia.<\/p>\n\n\n\n<p>De entrar en vigencia la ley ahora vetada por Lula, los aliados de Jair Bolsonaro estiman que el exjefe de Estado podr\u00eda cumplir apenas dos a\u00f1os de prisi\u00f3n efectiva, un escenario que el actual presidente considera incompatible con la defensa plena de la democracia brasile\u00f1a.<\/p>\n\n\n\n<p>Lula afirm\u00f3 que ganar\u00e1 las elecciones<br>Por otro lado, Lula da Silva, insisti\u00f3 este jueves en que ser\u00e1 reelegido para un nuevo mandato en 2026 y asegur\u00f3 que derrotar\u00e1 a cualquier candidato de extrema derecha, entre los que figura un hijo del exmandatario Jair Bolsonaro.<\/p>\n\n\n\n<p>\u00abNo voy a juzgar a los hijos o a la esposa de Bolsonaro\u00bb, porque \u00abel dato concreto es que vamos a ganar las elecciones\u00bb, declar\u00f3 el mandatario progresista en una rueda de prensa, en Brasilia.<\/p>\n\n\n\n<p>Lula respondi\u00f3 as\u00ed a una pregunta sobre la candidatura ya anunciada por el senador Fl\u00e1vio Bolsonaro, uno de los hijos del expresidente condenado a 27 a\u00f1os de c\u00e1rcel por golpismo y que entre sus promesas ya ha citado la posibilidad de indultar a su padre.<\/p>\n\n\n\n<p>\u00abNo tengo ninguna capacidad para juzgar a mis adversarios, y quien crea que pueda ganar que venga para la disputa, pero puedo asegurar que la extrema derecha no volver\u00e1 a gobernar este pa\u00eds\u00bb, afirm\u00f3 Lula, quien aspirar\u00e1 a un cuarto mandato a sus 80 a\u00f1os de edad.<\/p>\n","protected":false},"excerpt":{"rendered":"<p>El presidente de Brasil, Luiz In\u00e1cio Lula da Silva, confirm\u00f3 este jueves que vetar\u00e1 el proyecto de ley aprobado por el Parlamento que reduce las penas impuestas por el Supremo Tribunal Federal al expresidente Jair Bolsonaro y a otros implicados en el intento de golpe de Estado posterior a las elecciones de 2022. \u201cCuando llegue [&hellip;]<\/p>\n","protected":false},"author":4,"featured_media":6228,"comment_status":"open","ping_status":"open","sticky":false,"template":"","format":"standard","meta":{"footnotes":""},"categories":[20],"tags":[],"class_list":{"0":"post-6227","1":"post","2":"type-post","3":"status-publish","4":"format-standard","5":"has-post-thumbnail","7":"category-internacionales"},"yoast_head":"<!-- This site is optimized with the Yoast SEO plugin v27.4 - https:\/\/yoast.com\/product\/yoast-seo-wordpress\/ -->\n<title>Lula confirm\u00f3 que vetar\u00e1 la ley que reducir\u00eda la condena de Jair Bolsonaro - Diario del Sur<\/title>\n<meta name=\"robots\" content=\"index, follow, max-snippet:-1, max-image-preview:large, max-video-preview:-1\" \/>\n<link rel=\"canonical\" href=\"https:\/\/diariodelsurdigital.com.ar\/?p=6227\" \/>\n<meta property=\"og:locale\" content=\"es_ES\" \/>\n<meta property=\"og:type\" content=\"article\" \/>\n<meta property=\"og:title\" content=\"Lula confirm\u00f3 que vetar\u00e1 la ley que reducir\u00eda la condena de Jair Bolsonaro - Diario del Sur\" \/>\n<meta property=\"og:description\" content=\"El presidente de Brasil, Luiz In\u00e1cio Lula da Silva, confirm\u00f3 este jueves que vetar\u00e1 el proyecto de ley aprobado por el Parlamento que reduce las penas impuestas por el Supremo Tribunal Federal al expresidente Jair Bolsonaro y a otros implicados en el intento de golpe de Estado posterior a las elecciones de 2022. \u201cCuando llegue [&hellip;]\" \/>\n<meta property=\"og:url\" content=\"https:\/\/diariodelsurdigital.com.ar\/?p=6227\" \/>\n<meta property=\"og:site_name\" content=\"Diario del Sur\" \/>\n<meta property=\"article:published_time\" content=\"2025-12-19T13:16:22+00:00\" \/>\n<meta property=\"article:modified_time\" content=\"2025-12-19T13:16:24+00:00\" \/>\n<meta property=\"og:image\" content=\"https:\/\/diariodelsurdigital.com.ar\/wp-content\/uploads\/2025\/12\/md-17-2.webp\" \/>\n\t<meta property=\"og:image:width\" content=\"992\" \/>\n\t<meta property=\"og:image:height\" content=\"661\" \/>\n\t<meta property=\"og:image:type\" content=\"image\/webp\" \/>\n<meta name=\"author\" content=\"Diario del Sur Digital\" \/>\n<meta name=\"twitter:card\" content=\"summary_large_image\" \/>\n<meta name=\"twitter:label1\" content=\"Escrito por\" \/>\n\t<meta name=\"twitter:data1\" content=\"Diario del Sur Digital\" \/>\n\t<meta name=\"twitter:label2\" content=\"Tiempo de lectura\" \/>\n\t<meta name=\"twitter:data2\" content=\"3 minutos\" \/>\n<script type=\"application\/ld+json\" class=\"yoast-schema-graph\">{\"@context\":\"https:\\\/\\\/schema.org\",\"@graph\":[{\"@type\":\"Article\",\"@id\":\"https:\\\/\\\/diariodelsurdigital.com.ar\\\/?p=6227#article\",\"isPartOf\":{\"@id\":\"https:\\\/\\\/diariodelsurdigital.com.ar\\\/?p=6227\"},\"author\":{\"name\":\"Diario del Sur Digital\",\"@id\":\"https:\\\/\\\/diariodelsurdigital.com.ar\\\/#\\\/schema\\\/person\\\/1a4992532ed62965c968031b49195c81\"},\"headline\":\"Lula confirm\u00f3 que vetar\u00e1 la ley que reducir\u00eda la condena de Jair Bolsonaro\",\"datePublished\":\"2025-12-19T13:16:22+00:00\",\"dateModified\":\"2025-12-19T13:16:24+00:00\",\"mainEntityOfPage\":{\"@id\":\"https:\\\/\\\/diariodelsurdigital.com.ar\\\/?p=6227\"},\"wordCount\":579,\"commentCount\":0,\"image\":{\"@id\":\"https:\\\/\\\/diariodelsurdigital.com.ar\\\/?p=6227#primaryimage\"},\"thumbnailUrl\":\"https:\\\/\\\/diariodelsurdigital.com.ar\\\/wp-content\\\/uploads\\\/2025\\\/12\\\/md-17-2.webp\",\"articleSection\":[\"Internacionales\"],\"inLanguage\":\"es\",\"potentialAction\":[{\"@type\":\"CommentAction\",\"name\":\"Comment\",\"target\":[\"https:\\\/\\\/diariodelsurdigital.com.ar\\\/?p=6227#respond\"]}]},{\"@type\":\"WebPage\",\"@id\":\"https:\\\/\\\/diariodelsurdigital.com.ar\\\/?p=6227\",\"url\":\"https:\\\/\\\/diariodelsurdigital.com.ar\\\/?p=6227\",\"name\":\"Lula confirm\u00f3 que vetar\u00e1 la ley que reducir\u00eda la condena de Jair Bolsonaro - Diario del Sur\",\"isPartOf\":{\"@id\":\"https:\\\/\\\/diariodelsurdigital.com.ar\\\/#website\"},\"primaryImageOfPage\":{\"@id\":\"https:\\\/\\\/diariodelsurdigital.com.ar\\\/?p=6227#primaryimage\"},\"image\":{\"@id\":\"https:\\\/\\\/diariodelsurdigital.com.ar\\\/?p=6227#primaryimage\"},\"thumbnailUrl\":\"https:\\\/\\\/diariodelsurdigital.com.ar\\\/wp-content\\\/uploads\\\/2025\\\/12\\\/md-17-2.webp\",\"datePublished\":\"2025-12-19T13:16:22+00:00\",\"dateModified\":\"2025-12-19T13:16:24+00:00\",\"author\":{\"@id\":\"https:\\\/\\\/diariodelsurdigital.com.ar\\\/#\\\/schema\\\/person\\\/1a4992532ed62965c968031b49195c81\"},\"breadcrumb\":{\"@id\":\"https:\\\/\\\/diariodelsurdigital.com.ar\\\/?p=6227#breadcrumb\"},\"inLanguage\":\"es\",\"potentialAction\":[{\"@type\":\"ReadAction\",\"target\":[\"https:\\\/\\\/diariodelsurdigital.com.ar\\\/?p=6227\"]}]},{\"@type\":\"ImageObject\",\"inLanguage\":\"es\",\"@id\":\"https:\\\/\\\/diariodelsurdigital.com.ar\\\/?p=6227#primaryimage\",\"url\":\"https:\\\/\\\/diariodelsurdigital.com.ar\\\/wp-content\\\/uploads\\\/2025\\\/12\\\/md-17-2.webp\",\"contentUrl\":\"https:\\\/\\\/diariodelsurdigital.com.ar\\\/wp-content\\\/uploads\\\/2025\\\/12\\\/md-17-2.webp\",\"width\":992,\"height\":661},{\"@type\":\"BreadcrumbList\",\"@id\":\"https:\\\/\\\/diariodelsurdigital.com.ar\\\/?p=6227#breadcrumb\",\"itemListElement\":[{\"@type\":\"ListItem\",\"position\":1,\"name\":\"Portada\",\"item\":\"https:\\\/\\\/diariodelsurdigital.com.ar\\\/\"},{\"@type\":\"ListItem\",\"position\":2,\"name\":\"Lula confirm\u00f3 que vetar\u00e1 la ley que reducir\u00eda la condena de Jair Bolsonaro\"}]},{\"@type\":\"WebSite\",\"@id\":\"https:\\\/\\\/diariodelsurdigital.com.ar\\\/#website\",\"url\":\"https:\\\/\\\/diariodelsurdigital.com.ar\\\/\",\"name\":\"Diario del Sur\",\"description\":\"Digital\",\"potentialAction\":[{\"@type\":\"SearchAction\",\"target\":{\"@type\":\"EntryPoint\",\"urlTemplate\":\"https:\\\/\\\/diariodelsurdigital.com.ar\\\/?s={search_term_string}\"},\"query-input\":{\"@type\":\"PropertyValueSpecification\",\"valueRequired\":true,\"valueName\":\"search_term_string\"}}],\"inLanguage\":\"es\"},{\"@type\":\"Person\",\"@id\":\"https:\\\/\\\/diariodelsurdigital.com.ar\\\/#\\\/schema\\\/person\\\/1a4992532ed62965c968031b49195c81\",\"name\":\"Diario del Sur Digital\",\"image\":{\"@type\":\"ImageObject\",\"inLanguage\":\"es\",\"@id\":\"https:\\\/\\\/secure.gravatar.com\\\/avatar\\\/f0c7c47fc7146d19828273b9b8eda651c9c7ab583767e6338d3d3bee825adf76?s=96&d=mm&r=g\",\"url\":\"https:\\\/\\\/secure.gravatar.com\\\/avatar\\\/f0c7c47fc7146d19828273b9b8eda651c9c7ab583767e6338d3d3bee825adf76?s=96&d=mm&r=g\",\"contentUrl\":\"https:\\\/\\\/secure.gravatar.com\\\/avatar\\\/f0c7c47fc7146d19828273b9b8eda651c9c7ab583767e6338d3d3bee825adf76?s=96&d=mm&r=g\",\"caption\":\"Diario del Sur Digital\"},\"url\":\"https:\\\/\\\/diariodelsurdigital.com.ar\\\/?author=4\"}]}<\/script>\n<!-- \/ Yoast SEO plugin. -->","yoast_head_json":{"title":"Lula confirm\u00f3 que vetar\u00e1 la ley que reducir\u00eda la condena de Jair Bolsonaro - Diario del Sur","robots":{"index":"index","follow":"follow","max-snippet":"max-snippet:-1","max-image-preview":"max-image-preview:large","max-video-preview":"max-video-preview:-1"},"canonical":"https:\/\/diariodelsurdigital.com.ar\/?p=6227","og_locale":"es_ES","og_type":"article","og_title":"Lula confirm\u00f3 que vetar\u00e1 la ley que reducir\u00eda la condena de Jair Bolsonaro - Diario del Sur","og_description":"El presidente de Brasil, Luiz In\u00e1cio Lula da Silva, confirm\u00f3 este jueves que vetar\u00e1 el proyecto de ley aprobado por el Parlamento que reduce las penas impuestas por el Supremo Tribunal Federal al expresidente Jair Bolsonaro y a otros implicados en el intento de golpe de Estado posterior a las elecciones de 2022. \u201cCuando llegue [&hellip;]","og_url":"https:\/\/diariodelsurdigital.com.ar\/?p=6227","og_site_name":"Diario del Sur","article_published_time":"2025-12-19T13:16:22+00:00","article_modified_time":"2025-12-19T13:16:24+00:00","og_image":[{"width":992,"height":661,"url":"https:\/\/diariodelsurdigital.com.ar\/wp-content\/uploads\/2025\/12\/md-17-2.webp","type":"image\/webp"}],"author":"Diario del Sur Digital","twitter_card":"summary_large_image","twitter_misc":{"Escrito por":"Diario del Sur Digital","Tiempo de lectura":"3 minutos"},"schema":{"@context":"https:\/\/schema.org","@graph":[{"@type":"Article","@id":"https:\/\/diariodelsurdigital.com.ar\/?p=6227#article","isPartOf":{"@id":"https:\/\/diariodelsurdigital.com.ar\/?p=6227"},"author":{"name":"Diario del Sur Digital","@id":"https:\/\/diariodelsurdigital.com.ar\/#\/schema\/person\/1a4992532ed62965c968031b49195c81"},"headline":"Lula confirm\u00f3 que vetar\u00e1 la ley que reducir\u00eda la condena de Jair Bolsonaro","datePublished":"2025-12-19T13:16:22+00:00","dateModified":"2025-12-19T13:16:24+00:00","mainEntityOfPage":{"@id":"https:\/\/diariodelsurdigital.com.ar\/?p=6227"},"wordCount":579,"commentCount":0,"image":{"@id":"https:\/\/diariodelsurdigital.com.ar\/?p=6227#primaryimage"},"thumbnailUrl":"https:\/\/diariodelsurdigital.com.ar\/wp-content\/uploads\/2025\/12\/md-17-2.webp","articleSection":["Internacionales"],"inLanguage":"es","potentialAction":[{"@type":"CommentAction","name":"Comment","target":["https:\/\/diariodelsurdigital.com.ar\/?p=6227#respond"]}]},{"@type":"WebPage","@id":"https:\/\/diariodelsurdigital.com.ar\/?p=6227","url":"https:\/\/diariodelsurdigital.com.ar\/?p=6227","name":"Lula confirm\u00f3 que vetar\u00e1 la ley que reducir\u00eda la condena de Jair Bolsonaro - Diario del Sur","isPartOf":{"@id":"https:\/\/diariodelsurdigital.com.ar\/#website"},"primaryImageOfPage":{"@id":"https:\/\/diariodelsurdigital.com.ar\/?p=6227#primaryimage"},"image":{"@id":"https:\/\/diariodelsurdigital.com.ar\/?p=6227#primaryimage"},"thumbnailUrl":"https:\/\/diariodelsurdigital.com.ar\/wp-content\/uploads\/2025\/12\/md-17-2.webp","datePublished":"2025-12-19T13:16:22+00:00","dateModified":"2025-12-19T13:16:24+00:00","author":{"@id":"https:\/\/diariodelsurdigital.com.ar\/#\/schema\/person\/1a4992532ed62965c968031b49195c81"},"breadcrumb":{"@id":"https:\/\/diariodelsurdigital.com.ar\/?p=6227#breadcrumb"},"inLanguage":"es","potentialAction":[{"@type":"ReadAction","target":["https:\/\/diariodelsurdigital.com.ar\/?p=6227"]}]},{"@type":"ImageObject","inLanguage":"es","@id":"https:\/\/diariodelsurdigital.com.ar\/?p=6227#primaryimage","url":"https:\/\/diariodelsurdigital.com.ar\/wp-content\/uploads\/2025\/12\/md-17-2.webp","contentUrl":"https:\/\/diariodelsurdigital.com.ar\/wp-content\/uploads\/2025\/12\/md-17-2.webp","width":992,"height":661},{"@type":"BreadcrumbList","@id":"https:\/\/diariodelsurdigital.com.ar\/?p=6227#breadcrumb","itemListElement":[{"@type":"ListItem","position":1,"name":"Portada","item":"https:\/\/diariodelsurdigital.com.ar\/"},{"@type":"ListItem","position":2,"name":"Lula confirm\u00f3 que vetar\u00e1 la ley que reducir\u00eda la condena de Jair Bolsonaro"}]},{"@type":"WebSite","@id":"https:\/\/diariodelsurdigital.com.ar\/#website","url":"https:\/\/diariodelsurdigital.com.ar\/","name":"Diario del Sur","description":"Digital","potentialAction":[{"@type":"SearchAction","target":{"@type":"EntryPoint","urlTemplate":"https:\/\/diariodelsurdigital.com.ar\/?s={search_term_string}"},"query-input":{"@type":"PropertyValueSpecification","valueRequired":true,"valueName":"search_term_string"}}],"inLanguage":"es"},{"@type":"Person","@id":"https:\/\/diariodelsurdigital.com.ar\/#\/schema\/person\/1a4992532ed62965c968031b49195c81","name":"Diario del Sur Digital","image":{"@type":"ImageObject","inLanguage":"es","@id":"https:\/\/secure.gravatar.com\/avatar\/f0c7c47fc7146d19828273b9b8eda651c9c7ab583767e6338d3d3bee825adf76?s=96&d=mm&r=g","url":"https:\/\/secure.gravatar.com\/avatar\/f0c7c47fc7146d19828273b9b8eda651c9c7ab583767e6338d3d3bee825adf76?s=96&d=mm&r=g","contentUrl":"https:\/\/secure.gravatar.com\/avatar\/f0c7c47fc7146d19828273b9b8eda651c9c7ab583767e6338d3d3bee825adf76?s=96&d=mm&r=g","caption":"Diario del Sur Digital"},"url":"https:\/\/diariodelsurdigital.com.ar\/?author=4"}]}},"_links":{"self":[{"href":"https:\/\/diariodelsurdigital.com.ar\/index.php?rest_route=\/wp\/v2\/posts\/6227","targetHints":{"allow":["GET"]}}],"collection":[{"href":"https:\/\/diariodelsurdigital.com.ar\/index.php?rest_route=\/wp\/v2\/posts"}],"about":[{"href":"https:\/\/diariodelsurdigital.com.ar\/index.php?rest_route=\/wp\/v2\/types\/post"}],"author":[{"embeddable":true,"href":"https:\/\/diariodelsurdigital.com.ar\/index.php?rest_route=\/wp\/v2\/users\/4"}],"replies":[{"embeddable":true,"href":"https:\/\/diariodelsurdigital.com.ar\/index.php?rest_route=%2Fwp%2Fv2%2Fcomments&post=6227"}],"version-history":[{"count":1,"href":"https:\/\/diariodelsurdigital.com.ar\/index.php?rest_route=\/wp\/v2\/posts\/6227\/revisions"}],"predecessor-version":[{"id":6229,"href":"https:\/\/diariodelsurdigital.com.ar\/index.php?rest_route=\/wp\/v2\/posts\/6227\/revisions\/6229"}],"wp:featuredmedia":[{"embeddable":true,"href":"https:\/\/diariodelsurdigital.com.ar\/index.php?rest_route=\/wp\/v2\/media\/6228"}],"wp:attachment":[{"href":"https:\/\/diariodelsurdigital.com.ar\/index.php?rest_route=%2Fwp%2Fv2%2Fmedia&parent=6227"}],"wp:term":[{"taxonomy":"category","embeddable":true,"href":"https:\/\/diariodelsurdigital.com.ar\/index.php?rest_route=%2Fwp%2Fv2%2Fcategories&post=6227"},{"taxonomy":"post_tag","embeddable":true,"href":"https:\/\/diariodelsurdigital.com.ar\/index.php?rest_route=%2Fwp%2Fv2%2Ftags&post=6227"}],"curies":[{"name":"wp","href":"https:\/\/api.w.org\/{rel}","templated":true}]}}