{"id":6230,"date":"2025-12-19T10:19:18","date_gmt":"2025-12-19T13:19:18","guid":{"rendered":"https:\/\/diariodelsurdigital.com.ar\/?p=6230"},"modified":"2025-12-19T10:19:19","modified_gmt":"2025-12-19T13:19:19","slug":"la-provincia-incorporo-equipamiento-y-vehiculos-para-reforzar-la-seguridad","status":"publish","type":"post","link":"https:\/\/diariodelsurdigital.com.ar\/?p=6230","title":{"rendered":"La Provincia incorpor\u00f3 equipamiento y veh\u00edculos para reforzar la seguridad"},"content":{"rendered":"\n<p>Este jueves se realiz\u00f3 la entrega de equipamiento y veh\u00edculos destinados a reforzar el trabajo de la Polic\u00eda, en el marco de una pol\u00edtica orientada a fortalecer la seguridad en todo el territorio provincial. La inversi\u00f3n super\u00f3 los 1.188 millones de pesos.<\/p>\n\n\n\n<p>\u00abSe trata de un momento importante, estamos presentando y entregando 17 camionetas para las fuerzas especiales de cada departamento de la provincia, 40 bicicletas, 12 motos, 39 cascos antibalas y escudos bal\u00edsticos de \u00faltima generaci\u00f3n\u00bb, remarc\u00f3 el jefe de la Polic\u00eda de Entre R\u00edos, Claudio Gonz\u00e1lez, tras observar las unidades dispuestas en la Plaza Mansilla de Paran\u00e1.<\/p>\n\n\n\n<p>En ese marco, resalt\u00f3 que la entrega se da en l\u00ednea \u00abcon lo que venimos haciendo desde el primer momento de la gesti\u00f3n: intentando hacer lo posible para cuidar a los que nos cuidan, dotar a nuestras fuerzas policiales, que son las mejores del pa\u00eds, con elementos de \u00faltima generaci\u00f3n para poder lograr el objetivo de darle paz y tranquilidad a los vecinos\u00bb.<\/p>\n\n\n\n<p>Por su parte, el ministro de Seguridad y Justicia, N\u00e9stor Roncaglia, precis\u00f3 que las camionetas est\u00e1n ploteadas de manera particular porque est\u00e1n destinadas para los grupos especiales de la Polic\u00eda. \u00abEn cada departamental hay grupos especiales que cumplen el rol de guardia de infanter\u00eda y tienen equipamiento motriz para movilizarse\u00bb, explic\u00f3 y resalt\u00f3 que se trata de \u00abuna actividad importante ya que necesitamos de estos grupos para intervenciones especiales\u00bb.<\/p>\n\n\n\n<p>En ese sentido, se refiri\u00f3 tambi\u00e9n a los botiquines donados por el laboratorio Eriochem para la Polic\u00eda de Entre R\u00edos y el Servicio Penitenciario. \u00abEn este caso, cada camioneta cuenta con un botiqu\u00edn, lo cual es fundamental como parte del cuidado del personal, ya que en las intervenciones muchas veces puede resultar de utilidad. En este sentido, se est\u00e1 capacitando a los efectivos para el uso de estos elementos primarios de emergencia hasta la llegada de una ambulancia\u00bb.<\/p>\n\n\n\n<p>Desde el gobierno provincial se destac\u00f3 que esta inversi\u00f3n forma parte de una estrategia integral para dotar a la fuerza policial de mejores recursos, optimizar su capacidad operativa y acompa\u00f1ar el trabajo diario de los efectivos, con el objetivo de brindar mayor seguridad a los entrerrianos.<\/p>\n\n\n\n<p>En esta oportunidad, se incorporaron 12 motos, 17 camionetas, 40 bicicletas, 39 cascos y 26 escudos bal\u00edsticos, adem\u00e1s de la adecuaci\u00f3n de las unidades mediante la colocaci\u00f3n de barrales, ploteado y estribos. La inversi\u00f3n total de la provincia destinada a este refuerzo log\u00edstico ascendi\u00f3 a 1.188.080.000 pesos.<\/p>\n","protected":false},"excerpt":{"rendered":"<p>Este jueves se realiz\u00f3 la entrega de equipamiento y veh\u00edculos destinados a reforzar el trabajo de la Polic\u00eda, en el marco de una pol\u00edtica orientada a fortalecer la seguridad en todo el territorio provincial. La inversi\u00f3n super\u00f3 los 1.188 millones de pesos. \u00abSe trata de un momento importante, estamos presentando y entregando 17 camionetas para [&hellip;]<\/p>\n","protected":false},"author":4,"featured_media":6231,"comment_status":"open","ping_status":"open","sticky":false,"template":"","format":"standard","meta":{"footnotes":""},"categories":[21,17],"tags":[],"class_list":{"0":"post-6230","1":"post","2":"type-post","3":"status-publish","4":"format-standard","5":"has-post-thumbnail","7":"category-policiales","8":"category-provinciales"},"yoast_head":"<!-- This site is optimized with the Yoast SEO plugin v27.4 - https:\/\/yoast.com\/product\/yoast-seo-wordpress\/ -->\n<title>La Provincia incorpor\u00f3 equipamiento y veh\u00edculos para reforzar la seguridad - Diario del Sur<\/title>\n<meta name=\"robots\" content=\"index, follow, max-snippet:-1, max-image-preview:large, max-video-preview:-1\" \/>\n<link rel=\"canonical\" href=\"https:\/\/diariodelsurdigital.com.ar\/?p=6230\" \/>\n<meta property=\"og:locale\" content=\"es_ES\" \/>\n<meta property=\"og:type\" content=\"article\" \/>\n<meta property=\"og:title\" content=\"La Provincia incorpor\u00f3 equipamiento y veh\u00edculos para reforzar la seguridad - Diario del Sur\" \/>\n<meta property=\"og:description\" content=\"Este jueves se realiz\u00f3 la entrega de equipamiento y veh\u00edculos destinados a reforzar el trabajo de la Polic\u00eda, en el marco de una pol\u00edtica orientada a fortalecer la seguridad en todo el territorio provincial. La inversi\u00f3n super\u00f3 los 1.188 millones de pesos. \u00abSe trata de un momento importante, estamos presentando y entregando 17 camionetas para [&hellip;]\" \/>\n<meta property=\"og:url\" content=\"https:\/\/diariodelsurdigital.com.ar\/?p=6230\" \/>\n<meta property=\"og:site_name\" content=\"Diario del Sur\" \/>\n<meta property=\"article:published_time\" content=\"2025-12-19T13:19:18+00:00\" \/>\n<meta property=\"article:modified_time\" content=\"2025-12-19T13:19:19+00:00\" \/>\n<meta property=\"og:image\" content=\"https:\/\/diariodelsurdigital.com.ar\/wp-content\/uploads\/2025\/12\/md-18-2.webp\" \/>\n\t<meta property=\"og:image:width\" content=\"992\" \/>\n\t<meta property=\"og:image:height\" content=\"662\" \/>\n\t<meta property=\"og:image:type\" content=\"image\/webp\" \/>\n<meta name=\"author\" content=\"Diario del Sur Digital\" \/>\n<meta name=\"twitter:card\" content=\"summary_large_image\" \/>\n<meta name=\"twitter:label1\" content=\"Escrito por\" \/>\n\t<meta name=\"twitter:data1\" content=\"Diario del Sur Digital\" \/>\n\t<meta name=\"twitter:label2\" content=\"Tiempo de lectura\" \/>\n\t<meta name=\"twitter:data2\" content=\"3 minutos\" \/>\n<script type=\"application\/ld+json\" class=\"yoast-schema-graph\">{\"@context\":\"https:\\\/\\\/schema.org\",\"@graph\":[{\"@type\":\"Article\",\"@id\":\"https:\\\/\\\/diariodelsurdigital.com.ar\\\/?p=6230#article\",\"isPartOf\":{\"@id\":\"https:\\\/\\\/diariodelsurdigital.com.ar\\\/?p=6230\"},\"author\":{\"name\":\"Diario del Sur Digital\",\"@id\":\"https:\\\/\\\/diariodelsurdigital.com.ar\\\/#\\\/schema\\\/person\\\/1a4992532ed62965c968031b49195c81\"},\"headline\":\"La Provincia incorpor\u00f3 equipamiento y veh\u00edculos para reforzar la seguridad\",\"datePublished\":\"2025-12-19T13:19:18+00:00\",\"dateModified\":\"2025-12-19T13:19:19+00:00\",\"mainEntityOfPage\":{\"@id\":\"https:\\\/\\\/diariodelsurdigital.com.ar\\\/?p=6230\"},\"wordCount\":432,\"commentCount\":0,\"image\":{\"@id\":\"https:\\\/\\\/diariodelsurdigital.com.ar\\\/?p=6230#primaryimage\"},\"thumbnailUrl\":\"https:\\\/\\\/diariodelsurdigital.com.ar\\\/wp-content\\\/uploads\\\/2025\\\/12\\\/md-18-2.webp\",\"articleSection\":[\"Policiales\",\"Provinciales\"],\"inLanguage\":\"es\",\"potentialAction\":[{\"@type\":\"CommentAction\",\"name\":\"Comment\",\"target\":[\"https:\\\/\\\/diariodelsurdigital.com.ar\\\/?p=6230#respond\"]}]},{\"@type\":\"WebPage\",\"@id\":\"https:\\\/\\\/diariodelsurdigital.com.ar\\\/?p=6230\",\"url\":\"https:\\\/\\\/diariodelsurdigital.com.ar\\\/?p=6230\",\"name\":\"La Provincia incorpor\u00f3 equipamiento y veh\u00edculos para reforzar la seguridad - Diario del Sur\",\"isPartOf\":{\"@id\":\"https:\\\/\\\/diariodelsurdigital.com.ar\\\/#website\"},\"primaryImageOfPage\":{\"@id\":\"https:\\\/\\\/diariodelsurdigital.com.ar\\\/?p=6230#primaryimage\"},\"image\":{\"@id\":\"https:\\\/\\\/diariodelsurdigital.com.ar\\\/?p=6230#primaryimage\"},\"thumbnailUrl\":\"https:\\\/\\\/diariodelsurdigital.com.ar\\\/wp-content\\\/uploads\\\/2025\\\/12\\\/md-18-2.webp\",\"datePublished\":\"2025-12-19T13:19:18+00:00\",\"dateModified\":\"2025-12-19T13:19:19+00:00\",\"author\":{\"@id\":\"https:\\\/\\\/diariodelsurdigital.com.ar\\\/#\\\/schema\\\/person\\\/1a4992532ed62965c968031b49195c81\"},\"breadcrumb\":{\"@id\":\"https:\\\/\\\/diariodelsurdigital.com.ar\\\/?p=6230#breadcrumb\"},\"inLanguage\":\"es\",\"potentialAction\":[{\"@type\":\"ReadAction\",\"target\":[\"https:\\\/\\\/diariodelsurdigital.com.ar\\\/?p=6230\"]}]},{\"@type\":\"ImageObject\",\"inLanguage\":\"es\",\"@id\":\"https:\\\/\\\/diariodelsurdigital.com.ar\\\/?p=6230#primaryimage\",\"url\":\"https:\\\/\\\/diariodelsurdigital.com.ar\\\/wp-content\\\/uploads\\\/2025\\\/12\\\/md-18-2.webp\",\"contentUrl\":\"https:\\\/\\\/diariodelsurdigital.com.ar\\\/wp-content\\\/uploads\\\/2025\\\/12\\\/md-18-2.webp\",\"width\":992,\"height\":662},{\"@type\":\"BreadcrumbList\",\"@id\":\"https:\\\/\\\/diariodelsurdigital.com.ar\\\/?p=6230#breadcrumb\",\"itemListElement\":[{\"@type\":\"ListItem\",\"position\":1,\"name\":\"Portada\",\"item\":\"https:\\\/\\\/diariodelsurdigital.com.ar\\\/\"},{\"@type\":\"ListItem\",\"position\":2,\"name\":\"La Provincia incorpor\u00f3 equipamiento y veh\u00edculos para reforzar la seguridad\"}]},{\"@type\":\"WebSite\",\"@id\":\"https:\\\/\\\/diariodelsurdigital.com.ar\\\/#website\",\"url\":\"https:\\\/\\\/diariodelsurdigital.com.ar\\\/\",\"name\":\"Diario del Sur\",\"description\":\"Digital\",\"potentialAction\":[{\"@type\":\"SearchAction\",\"target\":{\"@type\":\"EntryPoint\",\"urlTemplate\":\"https:\\\/\\\/diariodelsurdigital.com.ar\\\/?s={search_term_string}\"},\"query-input\":{\"@type\":\"PropertyValueSpecification\",\"valueRequired\":true,\"valueName\":\"search_term_string\"}}],\"inLanguage\":\"es\"},{\"@type\":\"Person\",\"@id\":\"https:\\\/\\\/diariodelsurdigital.com.ar\\\/#\\\/schema\\\/person\\\/1a4992532ed62965c968031b49195c81\",\"name\":\"Diario del Sur Digital\",\"image\":{\"@type\":\"ImageObject\",\"inLanguage\":\"es\",\"@id\":\"https:\\\/\\\/secure.gravatar.com\\\/avatar\\\/f0c7c47fc7146d19828273b9b8eda651c9c7ab583767e6338d3d3bee825adf76?s=96&d=mm&r=g\",\"url\":\"https:\\\/\\\/secure.gravatar.com\\\/avatar\\\/f0c7c47fc7146d19828273b9b8eda651c9c7ab583767e6338d3d3bee825adf76?s=96&d=mm&r=g\",\"contentUrl\":\"https:\\\/\\\/secure.gravatar.com\\\/avatar\\\/f0c7c47fc7146d19828273b9b8eda651c9c7ab583767e6338d3d3bee825adf76?s=96&d=mm&r=g\",\"caption\":\"Diario del Sur Digital\"},\"url\":\"https:\\\/\\\/diariodelsurdigital.com.ar\\\/?author=4\"}]}<\/script>\n<!-- \/ Yoast SEO plugin. -->","yoast_head_json":{"title":"La Provincia incorpor\u00f3 equipamiento y veh\u00edculos para reforzar la seguridad - Diario del Sur","robots":{"index":"index","follow":"follow","max-snippet":"max-snippet:-1","max-image-preview":"max-image-preview:large","max-video-preview":"max-video-preview:-1"},"canonical":"https:\/\/diariodelsurdigital.com.ar\/?p=6230","og_locale":"es_ES","og_type":"article","og_title":"La Provincia incorpor\u00f3 equipamiento y veh\u00edculos para reforzar la seguridad - Diario del Sur","og_description":"Este jueves se realiz\u00f3 la entrega de equipamiento y veh\u00edculos destinados a reforzar el trabajo de la Polic\u00eda, en el marco de una pol\u00edtica orientada a fortalecer la seguridad en todo el territorio provincial. La inversi\u00f3n super\u00f3 los 1.188 millones de pesos. \u00abSe trata de un momento importante, estamos presentando y entregando 17 camionetas para [&hellip;]","og_url":"https:\/\/diariodelsurdigital.com.ar\/?p=6230","og_site_name":"Diario del Sur","article_published_time":"2025-12-19T13:19:18+00:00","article_modified_time":"2025-12-19T13:19:19+00:00","og_image":[{"width":992,"height":662,"url":"https:\/\/diariodelsurdigital.com.ar\/wp-content\/uploads\/2025\/12\/md-18-2.webp","type":"image\/webp"}],"author":"Diario del Sur Digital","twitter_card":"summary_large_image","twitter_misc":{"Escrito por":"Diario del Sur Digital","Tiempo de lectura":"3 minutos"},"schema":{"@context":"https:\/\/schema.org","@graph":[{"@type":"Article","@id":"https:\/\/diariodelsurdigital.com.ar\/?p=6230#article","isPartOf":{"@id":"https:\/\/diariodelsurdigital.com.ar\/?p=6230"},"author":{"name":"Diario del Sur Digital","@id":"https:\/\/diariodelsurdigital.com.ar\/#\/schema\/person\/1a4992532ed62965c968031b49195c81"},"headline":"La Provincia incorpor\u00f3 equipamiento y veh\u00edculos para reforzar la seguridad","datePublished":"2025-12-19T13:19:18+00:00","dateModified":"2025-12-19T13:19:19+00:00","mainEntityOfPage":{"@id":"https:\/\/diariodelsurdigital.com.ar\/?p=6230"},"wordCount":432,"commentCount":0,"image":{"@id":"https:\/\/diariodelsurdigital.com.ar\/?p=6230#primaryimage"},"thumbnailUrl":"https:\/\/diariodelsurdigital.com.ar\/wp-content\/uploads\/2025\/12\/md-18-2.webp","articleSection":["Policiales","Provinciales"],"inLanguage":"es","potentialAction":[{"@type":"CommentAction","name":"Comment","target":["https:\/\/diariodelsurdigital.com.ar\/?p=6230#respond"]}]},{"@type":"WebPage","@id":"https:\/\/diariodelsurdigital.com.ar\/?p=6230","url":"https:\/\/diariodelsurdigital.com.ar\/?p=6230","name":"La Provincia incorpor\u00f3 equipamiento y veh\u00edculos para reforzar la seguridad - Diario del Sur","isPartOf":{"@id":"https:\/\/diariodelsurdigital.com.ar\/#website"},"primaryImageOfPage":{"@id":"https:\/\/diariodelsurdigital.com.ar\/?p=6230#primaryimage"},"image":{"@id":"https:\/\/diariodelsurdigital.com.ar\/?p=6230#primaryimage"},"thumbnailUrl":"https:\/\/diariodelsurdigital.com.ar\/wp-content\/uploads\/2025\/12\/md-18-2.webp","datePublished":"2025-12-19T13:19:18+00:00","dateModified":"2025-12-19T13:19:19+00:00","author":{"@id":"https:\/\/diariodelsurdigital.com.ar\/#\/schema\/person\/1a4992532ed62965c968031b49195c81"},"breadcrumb":{"@id":"https:\/\/diariodelsurdigital.com.ar\/?p=6230#breadcrumb"},"inLanguage":"es","potentialAction":[{"@type":"ReadAction","target":["https:\/\/diariodelsurdigital.com.ar\/?p=6230"]}]},{"@type":"ImageObject","inLanguage":"es","@id":"https:\/\/diariodelsurdigital.com.ar\/?p=6230#primaryimage","url":"https:\/\/diariodelsurdigital.com.ar\/wp-content\/uploads\/2025\/12\/md-18-2.webp","contentUrl":"https:\/\/diariodelsurdigital.com.ar\/wp-content\/uploads\/2025\/12\/md-18-2.webp","width":992,"height":662},{"@type":"BreadcrumbList","@id":"https:\/\/diariodelsurdigital.com.ar\/?p=6230#breadcrumb","itemListElement":[{"@type":"ListItem","position":1,"name":"Portada","item":"https:\/\/diariodelsurdigital.com.ar\/"},{"@type":"ListItem","position":2,"name":"La Provincia incorpor\u00f3 equipamiento y veh\u00edculos para reforzar la seguridad"}]},{"@type":"WebSite","@id":"https:\/\/diariodelsurdigital.com.ar\/#website","url":"https:\/\/diariodelsurdigital.com.ar\/","name":"Diario del Sur","description":"Digital","potentialAction":[{"@type":"SearchAction","target":{"@type":"EntryPoint","urlTemplate":"https:\/\/diariodelsurdigital.com.ar\/?s={search_term_string}"},"query-input":{"@type":"PropertyValueSpecification","valueRequired":true,"valueName":"search_term_string"}}],"inLanguage":"es"},{"@type":"Person","@id":"https:\/\/diariodelsurdigital.com.ar\/#\/schema\/person\/1a4992532ed62965c968031b49195c81","name":"Diario del Sur Digital","image":{"@type":"ImageObject","inLanguage":"es","@id":"https:\/\/secure.gravatar.com\/avatar\/f0c7c47fc7146d19828273b9b8eda651c9c7ab583767e6338d3d3bee825adf76?s=96&d=mm&r=g","url":"https:\/\/secure.gravatar.com\/avatar\/f0c7c47fc7146d19828273b9b8eda651c9c7ab583767e6338d3d3bee825adf76?s=96&d=mm&r=g","contentUrl":"https:\/\/secure.gravatar.com\/avatar\/f0c7c47fc7146d19828273b9b8eda651c9c7ab583767e6338d3d3bee825adf76?s=96&d=mm&r=g","caption":"Diario del Sur Digital"},"url":"https:\/\/diariodelsurdigital.com.ar\/?author=4"}]}},"_links":{"self":[{"href":"https:\/\/diariodelsurdigital.com.ar\/index.php?rest_route=\/wp\/v2\/posts\/6230","targetHints":{"allow":["GET"]}}],"collection":[{"href":"https:\/\/diariodelsurdigital.com.ar\/index.php?rest_route=\/wp\/v2\/posts"}],"about":[{"href":"https:\/\/diariodelsurdigital.com.ar\/index.php?rest_route=\/wp\/v2\/types\/post"}],"author":[{"embeddable":true,"href":"https:\/\/diariodelsurdigital.com.ar\/index.php?rest_route=\/wp\/v2\/users\/4"}],"replies":[{"embeddable":true,"href":"https:\/\/diariodelsurdigital.com.ar\/index.php?rest_route=%2Fwp%2Fv2%2Fcomments&post=6230"}],"version-history":[{"count":1,"href":"https:\/\/diariodelsurdigital.com.ar\/index.php?rest_route=\/wp\/v2\/posts\/6230\/revisions"}],"predecessor-version":[{"id":6232,"href":"https:\/\/diariodelsurdigital.com.ar\/index.php?rest_route=\/wp\/v2\/posts\/6230\/revisions\/6232"}],"wp:featuredmedia":[{"embeddable":true,"href":"https:\/\/diariodelsurdigital.com.ar\/index.php?rest_route=\/wp\/v2\/media\/6231"}],"wp:attachment":[{"href":"https:\/\/diariodelsurdigital.com.ar\/index.php?rest_route=%2Fwp%2Fv2%2Fmedia&parent=6230"}],"wp:term":[{"taxonomy":"category","embeddable":true,"href":"https:\/\/diariodelsurdigital.com.ar\/index.php?rest_route=%2Fwp%2Fv2%2Fcategories&post=6230"},{"taxonomy":"post_tag","embeddable":true,"href":"https:\/\/diariodelsurdigital.com.ar\/index.php?rest_route=%2Fwp%2Fv2%2Ftags&post=6230"}],"curies":[{"name":"wp","href":"https:\/\/api.w.org\/{rel}","templated":true}]}}