{"id":6233,"date":"2025-12-19T10:24:17","date_gmt":"2025-12-19T13:24:17","guid":{"rendered":"https:\/\/diariodelsurdigital.com.ar\/?p=6233"},"modified":"2025-12-19T10:24:17","modified_gmt":"2025-12-19T13:24:17","slug":"cgt-sigan-sin-escucharnos-y-terminaremos-en-un-paro-nacional","status":"publish","type":"post","link":"https:\/\/diariodelsurdigital.com.ar\/?p=6233","title":{"rendered":"CGT: \u201cSigan sin escucharnos y terminaremos en un paro nacional\u201d"},"content":{"rendered":"\n<p>La central obrera, acompa\u00f1ada de otras centrales sindicales, organizaciones sociales, pol\u00edticas y de derechos humanos, gritaron el rechazo a la reforma laboral y avisaron que comenz\u00f3 un plan de lucha.<\/p>\n\n\n\n<p><\/p>\n\n\n\n<p>\u201cOjo con lo que hacen, porque el pueblo y la patria se defienden\u201d, advirti\u00f3 primero Octavio Arg\u00fcello. Luego lleg\u00f3 el turno de Cristian Jer\u00f3nimo: \u201cEl proyecto est\u00e1 escrito y redactado maliciosamente a favor de las grandes corporaciones y de las grandes empresas de la Argentina\u201d, afirm\u00f3. El \u00faltimo en hablar fue Jorge Sola: \u201cEste es el primer paso, sigan sin escucharnos, terminaremos en un paro nacional en todo el pa\u00eds\u201d, asegur\u00f3.<\/p>\n\n\n\n<p>Las frases retumbaban en Plaza de Mayo. Los triunviros de la CGT hablaban en el escenario -que le daba la espalda a la Casa Rosada- acompa\u00f1ados por todo el universo sindical y referentes del peronismo, la izquierda, organismos de derechos humanos y organizaciones sociales. No eran pocos, como especulaba y afirmaba el oficialismo, era una multitud. Los bombos, platillos y bronces marcaban el ritmo de los discursos sin saber, al menos en ese instante, que el gobierno reculaba y desactivaba el tratamiento expr\u00e9s de la da\u00f1ina reforma laboral. Todo quedaba para febrero porque hab\u00edan confirmado que el proyecto sumaba m\u00e1s detractores que aplaudidores. Al menos por ahora, los derechos de los trabajadores y trabajadoras, quedaron a salvo. No es poco para estos tiempos de crueldad que corren, public\u00f3 P\u00e1gina 12.<\/p>\n\n\n\n<p>A las 14, el sol calcinaba y la temperatura ascend\u00eda sin verg\u00fcenza hasta los 34 grados. Las columnas de los gremios y de organizaciones como la que lidera Axel Kicillof, llegaban una detr\u00e1s de otra a Plaza de Mayo desde el mediod\u00eda. Muchos optaron por quedarse en avenida de Mayo, donde los pl\u00e1tanos que tanto da\u00f1o hacen a los que sufren de alergia, este jueves ofrec\u00eda una gran sombra salvadora. En la plaza, en cambio, todo el mundo se apretujaba debajo de lo que pudiese aliviar del calor, pero ah\u00ed estaban, eran miles.<\/p>\n\n\n\n<p>Atr\u00e1s del escenario hab\u00eda cierto nerviosismo. Era el primer gran acto del nuevo triunvirato de la CGT y, para colmo, enfrentaban el proyecto de reforma laboral con un gobierno que hasta el jueves por la madrugada se sent\u00eda invencible. Las fuerzas de seguridad durante toda la ma\u00f1ana se hab\u00edan encargado de entorpecer la libre circulaci\u00f3n de los colectivos que trasladaban desde el conurbano, pero tambi\u00e9n desde otras provincias, a los trabajadores que quer\u00edan estar en Plaza de Mayo.<\/p>\n\n\n\n<p>El gobierno sufri\u00f3 un rotundo fracaso durante el debate del Presupuesto 2026 en Diputados cuando legisladores aliados se sumaron a las huestes que rechazaron el art\u00edculo que derogaba la emergencia en discapacidad y el financiamiento universitario. Eso se convirti\u00f3 en una dura advertencia que la Rosada tard\u00f3 en interpretar. Patricia Bullrich, senadora oficialista que cabalgaba por los pasillos del Senado en un pony, chicaneaba la movilizaci\u00f3n de la CGT sin percatarse que esa multitud en Plaza de Mayo, pero tambi\u00e9n en otras plazas de las provincias, se agrandaba con la negativa de algunos gobernadores -peronistas incluidos- a acompa\u00f1ar las crueldades legislativas de Milei.<\/p>\n\n\n\n<p>La respuesta que eligi\u00f3 el oficialismo fue dejar el debate de la reforma laboral en el Senado para el 10 de febrero. La CGT y todas las organizaciones sindicales, pol\u00edticas, sociales, los trabajadores y los desempleados que estaban en Plaza de Mayo, se hab\u00edan anotado un triunfo.<\/p>\n","protected":false},"excerpt":{"rendered":"<p>La central obrera, acompa\u00f1ada de otras centrales sindicales, organizaciones sociales, pol\u00edticas y de derechos humanos, gritaron el rechazo a la reforma laboral y avisaron que comenz\u00f3 un plan de lucha. \u201cOjo con lo que hacen, porque el pueblo y la patria se defienden\u201d, advirti\u00f3 primero Octavio Arg\u00fcello. Luego lleg\u00f3 el turno de Cristian Jer\u00f3nimo: \u201cEl [&hellip;]<\/p>\n","protected":false},"author":4,"featured_media":6234,"comment_status":"open","ping_status":"open","sticky":false,"template":"","format":"standard","meta":{"footnotes":""},"categories":[19,18],"tags":[],"class_list":{"0":"post-6233","1":"post","2":"type-post","3":"status-publish","4":"format-standard","5":"has-post-thumbnail","7":"category-interes-general","8":"category-nacionales"},"yoast_head":"<!-- This site is optimized with the Yoast SEO plugin v27.4 - https:\/\/yoast.com\/product\/yoast-seo-wordpress\/ -->\n<title>CGT: \u201cSigan sin escucharnos y terminaremos en un paro nacional\u201d - Diario del Sur<\/title>\n<meta name=\"robots\" content=\"index, follow, max-snippet:-1, max-image-preview:large, max-video-preview:-1\" \/>\n<link rel=\"canonical\" href=\"https:\/\/diariodelsurdigital.com.ar\/?p=6233\" \/>\n<meta property=\"og:locale\" content=\"es_ES\" \/>\n<meta property=\"og:type\" content=\"article\" \/>\n<meta property=\"og:title\" content=\"CGT: \u201cSigan sin escucharnos y terminaremos en un paro nacional\u201d - Diario del Sur\" \/>\n<meta property=\"og:description\" content=\"La central obrera, acompa\u00f1ada de otras centrales sindicales, organizaciones sociales, pol\u00edticas y de derechos humanos, gritaron el rechazo a la reforma laboral y avisaron que comenz\u00f3 un plan de lucha. \u201cOjo con lo que hacen, porque el pueblo y la patria se defienden\u201d, advirti\u00f3 primero Octavio Arg\u00fcello. Luego lleg\u00f3 el turno de Cristian Jer\u00f3nimo: \u201cEl [&hellip;]\" \/>\n<meta property=\"og:url\" content=\"https:\/\/diariodelsurdigital.com.ar\/?p=6233\" \/>\n<meta property=\"og:site_name\" content=\"Diario del Sur\" \/>\n<meta property=\"article:published_time\" content=\"2025-12-19T13:24:17+00:00\" \/>\n<meta property=\"og:image\" content=\"https:\/\/diariodelsurdigital.com.ar\/wp-content\/uploads\/2025\/12\/md-19-2.webp\" \/>\n\t<meta property=\"og:image:width\" content=\"992\" \/>\n\t<meta property=\"og:image:height\" content=\"661\" \/>\n\t<meta property=\"og:image:type\" content=\"image\/webp\" \/>\n<meta name=\"author\" content=\"Diario del Sur Digital\" \/>\n<meta name=\"twitter:card\" content=\"summary_large_image\" \/>\n<meta name=\"twitter:label1\" content=\"Escrito por\" \/>\n\t<meta name=\"twitter:data1\" content=\"Diario del Sur Digital\" \/>\n\t<meta name=\"twitter:label2\" content=\"Tiempo de lectura\" \/>\n\t<meta name=\"twitter:data2\" content=\"3 minutos\" \/>\n<script type=\"application\/ld+json\" class=\"yoast-schema-graph\">{\"@context\":\"https:\\\/\\\/schema.org\",\"@graph\":[{\"@type\":\"Article\",\"@id\":\"https:\\\/\\\/diariodelsurdigital.com.ar\\\/?p=6233#article\",\"isPartOf\":{\"@id\":\"https:\\\/\\\/diariodelsurdigital.com.ar\\\/?p=6233\"},\"author\":{\"name\":\"Diario del Sur Digital\",\"@id\":\"https:\\\/\\\/diariodelsurdigital.com.ar\\\/#\\\/schema\\\/person\\\/1a4992532ed62965c968031b49195c81\"},\"headline\":\"CGT: \u201cSigan sin escucharnos y terminaremos en un paro nacional\u201d\",\"datePublished\":\"2025-12-19T13:24:17+00:00\",\"mainEntityOfPage\":{\"@id\":\"https:\\\/\\\/diariodelsurdigital.com.ar\\\/?p=6233\"},\"wordCount\":589,\"commentCount\":0,\"image\":{\"@id\":\"https:\\\/\\\/diariodelsurdigital.com.ar\\\/?p=6233#primaryimage\"},\"thumbnailUrl\":\"https:\\\/\\\/diariodelsurdigital.com.ar\\\/wp-content\\\/uploads\\\/2025\\\/12\\\/md-19-2.webp\",\"articleSection\":[\"Inter\u00e9s General\",\"Nacionales\"],\"inLanguage\":\"es\",\"potentialAction\":[{\"@type\":\"CommentAction\",\"name\":\"Comment\",\"target\":[\"https:\\\/\\\/diariodelsurdigital.com.ar\\\/?p=6233#respond\"]}]},{\"@type\":\"WebPage\",\"@id\":\"https:\\\/\\\/diariodelsurdigital.com.ar\\\/?p=6233\",\"url\":\"https:\\\/\\\/diariodelsurdigital.com.ar\\\/?p=6233\",\"name\":\"CGT: \u201cSigan sin escucharnos y terminaremos en un paro nacional\u201d - Diario del Sur\",\"isPartOf\":{\"@id\":\"https:\\\/\\\/diariodelsurdigital.com.ar\\\/#website\"},\"primaryImageOfPage\":{\"@id\":\"https:\\\/\\\/diariodelsurdigital.com.ar\\\/?p=6233#primaryimage\"},\"image\":{\"@id\":\"https:\\\/\\\/diariodelsurdigital.com.ar\\\/?p=6233#primaryimage\"},\"thumbnailUrl\":\"https:\\\/\\\/diariodelsurdigital.com.ar\\\/wp-content\\\/uploads\\\/2025\\\/12\\\/md-19-2.webp\",\"datePublished\":\"2025-12-19T13:24:17+00:00\",\"author\":{\"@id\":\"https:\\\/\\\/diariodelsurdigital.com.ar\\\/#\\\/schema\\\/person\\\/1a4992532ed62965c968031b49195c81\"},\"breadcrumb\":{\"@id\":\"https:\\\/\\\/diariodelsurdigital.com.ar\\\/?p=6233#breadcrumb\"},\"inLanguage\":\"es\",\"potentialAction\":[{\"@type\":\"ReadAction\",\"target\":[\"https:\\\/\\\/diariodelsurdigital.com.ar\\\/?p=6233\"]}]},{\"@type\":\"ImageObject\",\"inLanguage\":\"es\",\"@id\":\"https:\\\/\\\/diariodelsurdigital.com.ar\\\/?p=6233#primaryimage\",\"url\":\"https:\\\/\\\/diariodelsurdigital.com.ar\\\/wp-content\\\/uploads\\\/2025\\\/12\\\/md-19-2.webp\",\"contentUrl\":\"https:\\\/\\\/diariodelsurdigital.com.ar\\\/wp-content\\\/uploads\\\/2025\\\/12\\\/md-19-2.webp\",\"width\":992,\"height\":661},{\"@type\":\"BreadcrumbList\",\"@id\":\"https:\\\/\\\/diariodelsurdigital.com.ar\\\/?p=6233#breadcrumb\",\"itemListElement\":[{\"@type\":\"ListItem\",\"position\":1,\"name\":\"Portada\",\"item\":\"https:\\\/\\\/diariodelsurdigital.com.ar\\\/\"},{\"@type\":\"ListItem\",\"position\":2,\"name\":\"CGT: \u201cSigan sin escucharnos y terminaremos en un paro nacional\u201d\"}]},{\"@type\":\"WebSite\",\"@id\":\"https:\\\/\\\/diariodelsurdigital.com.ar\\\/#website\",\"url\":\"https:\\\/\\\/diariodelsurdigital.com.ar\\\/\",\"name\":\"Diario del Sur\",\"description\":\"Digital\",\"potentialAction\":[{\"@type\":\"SearchAction\",\"target\":{\"@type\":\"EntryPoint\",\"urlTemplate\":\"https:\\\/\\\/diariodelsurdigital.com.ar\\\/?s={search_term_string}\"},\"query-input\":{\"@type\":\"PropertyValueSpecification\",\"valueRequired\":true,\"valueName\":\"search_term_string\"}}],\"inLanguage\":\"es\"},{\"@type\":\"Person\",\"@id\":\"https:\\\/\\\/diariodelsurdigital.com.ar\\\/#\\\/schema\\\/person\\\/1a4992532ed62965c968031b49195c81\",\"name\":\"Diario del Sur Digital\",\"image\":{\"@type\":\"ImageObject\",\"inLanguage\":\"es\",\"@id\":\"https:\\\/\\\/secure.gravatar.com\\\/avatar\\\/f0c7c47fc7146d19828273b9b8eda651c9c7ab583767e6338d3d3bee825adf76?s=96&d=mm&r=g\",\"url\":\"https:\\\/\\\/secure.gravatar.com\\\/avatar\\\/f0c7c47fc7146d19828273b9b8eda651c9c7ab583767e6338d3d3bee825adf76?s=96&d=mm&r=g\",\"contentUrl\":\"https:\\\/\\\/secure.gravatar.com\\\/avatar\\\/f0c7c47fc7146d19828273b9b8eda651c9c7ab583767e6338d3d3bee825adf76?s=96&d=mm&r=g\",\"caption\":\"Diario del Sur Digital\"},\"url\":\"https:\\\/\\\/diariodelsurdigital.com.ar\\\/?author=4\"}]}<\/script>\n<!-- \/ Yoast SEO plugin. -->","yoast_head_json":{"title":"CGT: \u201cSigan sin escucharnos y terminaremos en un paro nacional\u201d - Diario del Sur","robots":{"index":"index","follow":"follow","max-snippet":"max-snippet:-1","max-image-preview":"max-image-preview:large","max-video-preview":"max-video-preview:-1"},"canonical":"https:\/\/diariodelsurdigital.com.ar\/?p=6233","og_locale":"es_ES","og_type":"article","og_title":"CGT: \u201cSigan sin escucharnos y terminaremos en un paro nacional\u201d - Diario del Sur","og_description":"La central obrera, acompa\u00f1ada de otras centrales sindicales, organizaciones sociales, pol\u00edticas y de derechos humanos, gritaron el rechazo a la reforma laboral y avisaron que comenz\u00f3 un plan de lucha. \u201cOjo con lo que hacen, porque el pueblo y la patria se defienden\u201d, advirti\u00f3 primero Octavio Arg\u00fcello. Luego lleg\u00f3 el turno de Cristian Jer\u00f3nimo: \u201cEl [&hellip;]","og_url":"https:\/\/diariodelsurdigital.com.ar\/?p=6233","og_site_name":"Diario del Sur","article_published_time":"2025-12-19T13:24:17+00:00","og_image":[{"width":992,"height":661,"url":"https:\/\/diariodelsurdigital.com.ar\/wp-content\/uploads\/2025\/12\/md-19-2.webp","type":"image\/webp"}],"author":"Diario del Sur Digital","twitter_card":"summary_large_image","twitter_misc":{"Escrito por":"Diario del Sur Digital","Tiempo de lectura":"3 minutos"},"schema":{"@context":"https:\/\/schema.org","@graph":[{"@type":"Article","@id":"https:\/\/diariodelsurdigital.com.ar\/?p=6233#article","isPartOf":{"@id":"https:\/\/diariodelsurdigital.com.ar\/?p=6233"},"author":{"name":"Diario del Sur Digital","@id":"https:\/\/diariodelsurdigital.com.ar\/#\/schema\/person\/1a4992532ed62965c968031b49195c81"},"headline":"CGT: \u201cSigan sin escucharnos y terminaremos en un paro nacional\u201d","datePublished":"2025-12-19T13:24:17+00:00","mainEntityOfPage":{"@id":"https:\/\/diariodelsurdigital.com.ar\/?p=6233"},"wordCount":589,"commentCount":0,"image":{"@id":"https:\/\/diariodelsurdigital.com.ar\/?p=6233#primaryimage"},"thumbnailUrl":"https:\/\/diariodelsurdigital.com.ar\/wp-content\/uploads\/2025\/12\/md-19-2.webp","articleSection":["Inter\u00e9s General","Nacionales"],"inLanguage":"es","potentialAction":[{"@type":"CommentAction","name":"Comment","target":["https:\/\/diariodelsurdigital.com.ar\/?p=6233#respond"]}]},{"@type":"WebPage","@id":"https:\/\/diariodelsurdigital.com.ar\/?p=6233","url":"https:\/\/diariodelsurdigital.com.ar\/?p=6233","name":"CGT: \u201cSigan sin escucharnos y terminaremos en un paro nacional\u201d - Diario del Sur","isPartOf":{"@id":"https:\/\/diariodelsurdigital.com.ar\/#website"},"primaryImageOfPage":{"@id":"https:\/\/diariodelsurdigital.com.ar\/?p=6233#primaryimage"},"image":{"@id":"https:\/\/diariodelsurdigital.com.ar\/?p=6233#primaryimage"},"thumbnailUrl":"https:\/\/diariodelsurdigital.com.ar\/wp-content\/uploads\/2025\/12\/md-19-2.webp","datePublished":"2025-12-19T13:24:17+00:00","author":{"@id":"https:\/\/diariodelsurdigital.com.ar\/#\/schema\/person\/1a4992532ed62965c968031b49195c81"},"breadcrumb":{"@id":"https:\/\/diariodelsurdigital.com.ar\/?p=6233#breadcrumb"},"inLanguage":"es","potentialAction":[{"@type":"ReadAction","target":["https:\/\/diariodelsurdigital.com.ar\/?p=6233"]}]},{"@type":"ImageObject","inLanguage":"es","@id":"https:\/\/diariodelsurdigital.com.ar\/?p=6233#primaryimage","url":"https:\/\/diariodelsurdigital.com.ar\/wp-content\/uploads\/2025\/12\/md-19-2.webp","contentUrl":"https:\/\/diariodelsurdigital.com.ar\/wp-content\/uploads\/2025\/12\/md-19-2.webp","width":992,"height":661},{"@type":"BreadcrumbList","@id":"https:\/\/diariodelsurdigital.com.ar\/?p=6233#breadcrumb","itemListElement":[{"@type":"ListItem","position":1,"name":"Portada","item":"https:\/\/diariodelsurdigital.com.ar\/"},{"@type":"ListItem","position":2,"name":"CGT: \u201cSigan sin escucharnos y terminaremos en un paro nacional\u201d"}]},{"@type":"WebSite","@id":"https:\/\/diariodelsurdigital.com.ar\/#website","url":"https:\/\/diariodelsurdigital.com.ar\/","name":"Diario del Sur","description":"Digital","potentialAction":[{"@type":"SearchAction","target":{"@type":"EntryPoint","urlTemplate":"https:\/\/diariodelsurdigital.com.ar\/?s={search_term_string}"},"query-input":{"@type":"PropertyValueSpecification","valueRequired":true,"valueName":"search_term_string"}}],"inLanguage":"es"},{"@type":"Person","@id":"https:\/\/diariodelsurdigital.com.ar\/#\/schema\/person\/1a4992532ed62965c968031b49195c81","name":"Diario del Sur Digital","image":{"@type":"ImageObject","inLanguage":"es","@id":"https:\/\/secure.gravatar.com\/avatar\/f0c7c47fc7146d19828273b9b8eda651c9c7ab583767e6338d3d3bee825adf76?s=96&d=mm&r=g","url":"https:\/\/secure.gravatar.com\/avatar\/f0c7c47fc7146d19828273b9b8eda651c9c7ab583767e6338d3d3bee825adf76?s=96&d=mm&r=g","contentUrl":"https:\/\/secure.gravatar.com\/avatar\/f0c7c47fc7146d19828273b9b8eda651c9c7ab583767e6338d3d3bee825adf76?s=96&d=mm&r=g","caption":"Diario del Sur Digital"},"url":"https:\/\/diariodelsurdigital.com.ar\/?author=4"}]}},"_links":{"self":[{"href":"https:\/\/diariodelsurdigital.com.ar\/index.php?rest_route=\/wp\/v2\/posts\/6233","targetHints":{"allow":["GET"]}}],"collection":[{"href":"https:\/\/diariodelsurdigital.com.ar\/index.php?rest_route=\/wp\/v2\/posts"}],"about":[{"href":"https:\/\/diariodelsurdigital.com.ar\/index.php?rest_route=\/wp\/v2\/types\/post"}],"author":[{"embeddable":true,"href":"https:\/\/diariodelsurdigital.com.ar\/index.php?rest_route=\/wp\/v2\/users\/4"}],"replies":[{"embeddable":true,"href":"https:\/\/diariodelsurdigital.com.ar\/index.php?rest_route=%2Fwp%2Fv2%2Fcomments&post=6233"}],"version-history":[{"count":1,"href":"https:\/\/diariodelsurdigital.com.ar\/index.php?rest_route=\/wp\/v2\/posts\/6233\/revisions"}],"predecessor-version":[{"id":6235,"href":"https:\/\/diariodelsurdigital.com.ar\/index.php?rest_route=\/wp\/v2\/posts\/6233\/revisions\/6235"}],"wp:featuredmedia":[{"embeddable":true,"href":"https:\/\/diariodelsurdigital.com.ar\/index.php?rest_route=\/wp\/v2\/media\/6234"}],"wp:attachment":[{"href":"https:\/\/diariodelsurdigital.com.ar\/index.php?rest_route=%2Fwp%2Fv2%2Fmedia&parent=6233"}],"wp:term":[{"taxonomy":"category","embeddable":true,"href":"https:\/\/diariodelsurdigital.com.ar\/index.php?rest_route=%2Fwp%2Fv2%2Fcategories&post=6233"},{"taxonomy":"post_tag","embeddable":true,"href":"https:\/\/diariodelsurdigital.com.ar\/index.php?rest_route=%2Fwp%2Fv2%2Ftags&post=6233"}],"curies":[{"name":"wp","href":"https:\/\/api.w.org\/{rel}","templated":true}]}}