{"id":6236,"date":"2025-12-19T10:26:21","date_gmt":"2025-12-19T13:26:21","guid":{"rendered":"https:\/\/diariodelsurdigital.com.ar\/?p=6236"},"modified":"2025-12-19T10:26:22","modified_gmt":"2025-12-19T13:26:22","slug":"segun-el-indec-bajo-la-desocupacion-y-el-empleo-crecio-levemente-durante-el-tercer-trimestre-del-ano","status":"publish","type":"post","link":"https:\/\/diariodelsurdigital.com.ar\/?p=6236","title":{"rendered":"Seg\u00fan el Indec baj\u00f3 la desocupaci\u00f3n y el empleo creci\u00f3 levemente durante el tercer trimestre del a\u00f1o"},"content":{"rendered":"\n<p>La estad\u00edstica marca que desempleo en el pa\u00eds fue de 6,6% en el tercer trimestre del 2025. Adem\u00e1s, se presentaron indicadores de las tasas de empleo y de desocupaci\u00f3n, como as\u00ed tambi\u00e9n de la poblaci\u00f3n ocupada y desocupada.<\/p>\n\n\n\n<p>El dato fue difundido por el Indec. Esta cifra representa una baja de 1 punto en relaci\u00f3n con los datos del segundo trimestre, que fue de 7,6%.<\/p>\n\n\n\n<p>Indec tambi\u00e9n indic\u00f3 que la tasa de actividad\u2013que mide la poblaci\u00f3n econ\u00f3micamente activa (PEA) sobre el total\u2013 alcanz\u00f3 el 48,6%; mientras que la tasa de empleo \u2013que mide la proporci\u00f3n de personas ocupadas con relaci\u00f3n a la poblaci\u00f3n total\u2013 se ubic\u00f3 en 45,4%.<\/p>\n\n\n\n<p>Por su parte, la tasa de desocupaci\u00f3n \u2013personas que no tienen ocupaci\u00f3n, est\u00e1n disponibles para trabajar y buscan empleo activamente, como proporci\u00f3n de la PEA\u2013 se ubic\u00f3 en 6,6%.<\/p>\n\n\n\n<p>En la comparaci\u00f3n interanual, el crecimiento del empleo se registr\u00f3 en un contexto de ca\u00edda de la proporci\u00f3n de trabajadores asalariados, que pas\u00f3 de 73,1% a 71,9% de los ocupados y, en paralelo, de aumento de la proporci\u00f3n de poblaci\u00f3n que trabaja independiente o freelance, que subi\u00f3 de 23,3% a 24,5%. A su vez, para el total de ocupados, se observ\u00f3 un leve aumento en la tasa de informalidad: creci\u00f3 de 42,6% a 43,3%.<\/p>\n\n\n\n<p>Qui\u00e9nes son las personas m\u00e1s afectadas por el desempleo, seg\u00fan el Indec<\/p>\n\n\n\n<p>Dentro de la poblaci\u00f3n de personas de 14 a\u00f1os en adelante, la desocupaci\u00f3n fue de 7,4% para las mujeres y de 5,9% para los varones.<\/p>\n\n\n\n<p>En tanto, las regiones que mostraron mayores cifras de desempleo fueron la regi\u00f3n Pampeana y el Gran Buenos Aires, con 7,5% y 6,8% respectivamente. Al mismo tiempo, el informe destac\u00f3 que los lugares con menor desocupaci\u00f3n fueron la Patagonia y el Noroeste, con 5% y 4,7%.<\/p>\n\n\n\n<p>El nivel educativo del 69,5% de las personas desocupadas llega hasta el secundario completo, mientras que un 30,6%, presenta nivel superior y universitario, completo o incompleto.<\/p>\n\n\n\n<p>En cuanto al tiempo de b\u00fasqueda, el 71,1% lleva buscando empleo desde menos de 1 mes hasta 12 meses, mientras que el 28,8% lleva m\u00e1s de un a\u00f1o. <\/p>\n","protected":false},"excerpt":{"rendered":"<p>La estad\u00edstica marca que desempleo en el pa\u00eds fue de 6,6% en el tercer trimestre del 2025. Adem\u00e1s, se presentaron indicadores de las tasas de empleo y de desocupaci\u00f3n, como as\u00ed tambi\u00e9n de la poblaci\u00f3n ocupada y desocupada. El dato fue difundido por el Indec. Esta cifra representa una baja de 1 punto en relaci\u00f3n [&hellip;]<\/p>\n","protected":false},"author":4,"featured_media":6237,"comment_status":"open","ping_status":"open","sticky":false,"template":"","format":"standard","meta":{"footnotes":""},"categories":[18],"tags":[],"class_list":{"0":"post-6236","1":"post","2":"type-post","3":"status-publish","4":"format-standard","5":"has-post-thumbnail","7":"category-nacionales"},"yoast_head":"<!-- This site is optimized with the Yoast SEO plugin v27.4 - https:\/\/yoast.com\/product\/yoast-seo-wordpress\/ -->\n<title>Seg\u00fan el Indec baj\u00f3 la desocupaci\u00f3n y el empleo creci\u00f3 levemente durante el tercer trimestre del a\u00f1o - Diario del Sur<\/title>\n<meta name=\"robots\" content=\"index, follow, max-snippet:-1, max-image-preview:large, max-video-preview:-1\" \/>\n<link rel=\"canonical\" href=\"https:\/\/diariodelsurdigital.com.ar\/?p=6236\" \/>\n<meta property=\"og:locale\" content=\"es_ES\" \/>\n<meta property=\"og:type\" content=\"article\" \/>\n<meta property=\"og:title\" content=\"Seg\u00fan el Indec baj\u00f3 la desocupaci\u00f3n y el empleo creci\u00f3 levemente durante el tercer trimestre del a\u00f1o - Diario del Sur\" \/>\n<meta property=\"og:description\" content=\"La estad\u00edstica marca que desempleo en el pa\u00eds fue de 6,6% en el tercer trimestre del 2025. Adem\u00e1s, se presentaron indicadores de las tasas de empleo y de desocupaci\u00f3n, como as\u00ed tambi\u00e9n de la poblaci\u00f3n ocupada y desocupada. El dato fue difundido por el Indec. Esta cifra representa una baja de 1 punto en relaci\u00f3n [&hellip;]\" \/>\n<meta property=\"og:url\" content=\"https:\/\/diariodelsurdigital.com.ar\/?p=6236\" \/>\n<meta property=\"og:site_name\" content=\"Diario del Sur\" \/>\n<meta property=\"article:published_time\" content=\"2025-12-19T13:26:21+00:00\" \/>\n<meta property=\"article:modified_time\" content=\"2025-12-19T13:26:22+00:00\" \/>\n<meta property=\"og:image\" content=\"https:\/\/diariodelsurdigital.com.ar\/wp-content\/uploads\/2025\/12\/md-20-2.webp\" \/>\n\t<meta property=\"og:image:width\" content=\"992\" \/>\n\t<meta property=\"og:image:height\" content=\"520\" \/>\n\t<meta property=\"og:image:type\" content=\"image\/webp\" \/>\n<meta name=\"author\" content=\"Diario del Sur Digital\" \/>\n<meta name=\"twitter:card\" content=\"summary_large_image\" \/>\n<meta name=\"twitter:label1\" content=\"Escrito por\" \/>\n\t<meta name=\"twitter:data1\" content=\"Diario del Sur Digital\" \/>\n\t<meta name=\"twitter:label2\" content=\"Tiempo de lectura\" \/>\n\t<meta name=\"twitter:data2\" content=\"2 minutos\" \/>\n<script type=\"application\/ld+json\" class=\"yoast-schema-graph\">{\"@context\":\"https:\\\/\\\/schema.org\",\"@graph\":[{\"@type\":\"Article\",\"@id\":\"https:\\\/\\\/diariodelsurdigital.com.ar\\\/?p=6236#article\",\"isPartOf\":{\"@id\":\"https:\\\/\\\/diariodelsurdigital.com.ar\\\/?p=6236\"},\"author\":{\"name\":\"Diario del Sur Digital\",\"@id\":\"https:\\\/\\\/diariodelsurdigital.com.ar\\\/#\\\/schema\\\/person\\\/1a4992532ed62965c968031b49195c81\"},\"headline\":\"Seg\u00fan el Indec baj\u00f3 la desocupaci\u00f3n y el empleo creci\u00f3 levemente durante el tercer trimestre del a\u00f1o\",\"datePublished\":\"2025-12-19T13:26:21+00:00\",\"dateModified\":\"2025-12-19T13:26:22+00:00\",\"mainEntityOfPage\":{\"@id\":\"https:\\\/\\\/diariodelsurdigital.com.ar\\\/?p=6236\"},\"wordCount\":376,\"commentCount\":0,\"image\":{\"@id\":\"https:\\\/\\\/diariodelsurdigital.com.ar\\\/?p=6236#primaryimage\"},\"thumbnailUrl\":\"https:\\\/\\\/diariodelsurdigital.com.ar\\\/wp-content\\\/uploads\\\/2025\\\/12\\\/md-20-2.webp\",\"articleSection\":[\"Nacionales\"],\"inLanguage\":\"es\",\"potentialAction\":[{\"@type\":\"CommentAction\",\"name\":\"Comment\",\"target\":[\"https:\\\/\\\/diariodelsurdigital.com.ar\\\/?p=6236#respond\"]}]},{\"@type\":\"WebPage\",\"@id\":\"https:\\\/\\\/diariodelsurdigital.com.ar\\\/?p=6236\",\"url\":\"https:\\\/\\\/diariodelsurdigital.com.ar\\\/?p=6236\",\"name\":\"Seg\u00fan el Indec baj\u00f3 la desocupaci\u00f3n y el empleo creci\u00f3 levemente durante el tercer trimestre del a\u00f1o - Diario del Sur\",\"isPartOf\":{\"@id\":\"https:\\\/\\\/diariodelsurdigital.com.ar\\\/#website\"},\"primaryImageOfPage\":{\"@id\":\"https:\\\/\\\/diariodelsurdigital.com.ar\\\/?p=6236#primaryimage\"},\"image\":{\"@id\":\"https:\\\/\\\/diariodelsurdigital.com.ar\\\/?p=6236#primaryimage\"},\"thumbnailUrl\":\"https:\\\/\\\/diariodelsurdigital.com.ar\\\/wp-content\\\/uploads\\\/2025\\\/12\\\/md-20-2.webp\",\"datePublished\":\"2025-12-19T13:26:21+00:00\",\"dateModified\":\"2025-12-19T13:26:22+00:00\",\"author\":{\"@id\":\"https:\\\/\\\/diariodelsurdigital.com.ar\\\/#\\\/schema\\\/person\\\/1a4992532ed62965c968031b49195c81\"},\"breadcrumb\":{\"@id\":\"https:\\\/\\\/diariodelsurdigital.com.ar\\\/?p=6236#breadcrumb\"},\"inLanguage\":\"es\",\"potentialAction\":[{\"@type\":\"ReadAction\",\"target\":[\"https:\\\/\\\/diariodelsurdigital.com.ar\\\/?p=6236\"]}]},{\"@type\":\"ImageObject\",\"inLanguage\":\"es\",\"@id\":\"https:\\\/\\\/diariodelsurdigital.com.ar\\\/?p=6236#primaryimage\",\"url\":\"https:\\\/\\\/diariodelsurdigital.com.ar\\\/wp-content\\\/uploads\\\/2025\\\/12\\\/md-20-2.webp\",\"contentUrl\":\"https:\\\/\\\/diariodelsurdigital.com.ar\\\/wp-content\\\/uploads\\\/2025\\\/12\\\/md-20-2.webp\",\"width\":992,\"height\":520},{\"@type\":\"BreadcrumbList\",\"@id\":\"https:\\\/\\\/diariodelsurdigital.com.ar\\\/?p=6236#breadcrumb\",\"itemListElement\":[{\"@type\":\"ListItem\",\"position\":1,\"name\":\"Portada\",\"item\":\"https:\\\/\\\/diariodelsurdigital.com.ar\\\/\"},{\"@type\":\"ListItem\",\"position\":2,\"name\":\"Seg\u00fan el Indec baj\u00f3 la desocupaci\u00f3n y el empleo creci\u00f3 levemente durante el tercer trimestre del a\u00f1o\"}]},{\"@type\":\"WebSite\",\"@id\":\"https:\\\/\\\/diariodelsurdigital.com.ar\\\/#website\",\"url\":\"https:\\\/\\\/diariodelsurdigital.com.ar\\\/\",\"name\":\"Diario del Sur\",\"description\":\"Digital\",\"potentialAction\":[{\"@type\":\"SearchAction\",\"target\":{\"@type\":\"EntryPoint\",\"urlTemplate\":\"https:\\\/\\\/diariodelsurdigital.com.ar\\\/?s={search_term_string}\"},\"query-input\":{\"@type\":\"PropertyValueSpecification\",\"valueRequired\":true,\"valueName\":\"search_term_string\"}}],\"inLanguage\":\"es\"},{\"@type\":\"Person\",\"@id\":\"https:\\\/\\\/diariodelsurdigital.com.ar\\\/#\\\/schema\\\/person\\\/1a4992532ed62965c968031b49195c81\",\"name\":\"Diario del Sur Digital\",\"image\":{\"@type\":\"ImageObject\",\"inLanguage\":\"es\",\"@id\":\"https:\\\/\\\/secure.gravatar.com\\\/avatar\\\/f0c7c47fc7146d19828273b9b8eda651c9c7ab583767e6338d3d3bee825adf76?s=96&d=mm&r=g\",\"url\":\"https:\\\/\\\/secure.gravatar.com\\\/avatar\\\/f0c7c47fc7146d19828273b9b8eda651c9c7ab583767e6338d3d3bee825adf76?s=96&d=mm&r=g\",\"contentUrl\":\"https:\\\/\\\/secure.gravatar.com\\\/avatar\\\/f0c7c47fc7146d19828273b9b8eda651c9c7ab583767e6338d3d3bee825adf76?s=96&d=mm&r=g\",\"caption\":\"Diario del Sur Digital\"},\"url\":\"https:\\\/\\\/diariodelsurdigital.com.ar\\\/?author=4\"}]}<\/script>\n<!-- \/ Yoast SEO plugin. -->","yoast_head_json":{"title":"Seg\u00fan el Indec baj\u00f3 la desocupaci\u00f3n y el empleo creci\u00f3 levemente durante el tercer trimestre del a\u00f1o - Diario del Sur","robots":{"index":"index","follow":"follow","max-snippet":"max-snippet:-1","max-image-preview":"max-image-preview:large","max-video-preview":"max-video-preview:-1"},"canonical":"https:\/\/diariodelsurdigital.com.ar\/?p=6236","og_locale":"es_ES","og_type":"article","og_title":"Seg\u00fan el Indec baj\u00f3 la desocupaci\u00f3n y el empleo creci\u00f3 levemente durante el tercer trimestre del a\u00f1o - Diario del Sur","og_description":"La estad\u00edstica marca que desempleo en el pa\u00eds fue de 6,6% en el tercer trimestre del 2025. Adem\u00e1s, se presentaron indicadores de las tasas de empleo y de desocupaci\u00f3n, como as\u00ed tambi\u00e9n de la poblaci\u00f3n ocupada y desocupada. El dato fue difundido por el Indec. Esta cifra representa una baja de 1 punto en relaci\u00f3n [&hellip;]","og_url":"https:\/\/diariodelsurdigital.com.ar\/?p=6236","og_site_name":"Diario del Sur","article_published_time":"2025-12-19T13:26:21+00:00","article_modified_time":"2025-12-19T13:26:22+00:00","og_image":[{"width":992,"height":520,"url":"https:\/\/diariodelsurdigital.com.ar\/wp-content\/uploads\/2025\/12\/md-20-2.webp","type":"image\/webp"}],"author":"Diario del Sur Digital","twitter_card":"summary_large_image","twitter_misc":{"Escrito por":"Diario del Sur Digital","Tiempo de lectura":"2 minutos"},"schema":{"@context":"https:\/\/schema.org","@graph":[{"@type":"Article","@id":"https:\/\/diariodelsurdigital.com.ar\/?p=6236#article","isPartOf":{"@id":"https:\/\/diariodelsurdigital.com.ar\/?p=6236"},"author":{"name":"Diario del Sur Digital","@id":"https:\/\/diariodelsurdigital.com.ar\/#\/schema\/person\/1a4992532ed62965c968031b49195c81"},"headline":"Seg\u00fan el Indec baj\u00f3 la desocupaci\u00f3n y el empleo creci\u00f3 levemente durante el tercer trimestre del a\u00f1o","datePublished":"2025-12-19T13:26:21+00:00","dateModified":"2025-12-19T13:26:22+00:00","mainEntityOfPage":{"@id":"https:\/\/diariodelsurdigital.com.ar\/?p=6236"},"wordCount":376,"commentCount":0,"image":{"@id":"https:\/\/diariodelsurdigital.com.ar\/?p=6236#primaryimage"},"thumbnailUrl":"https:\/\/diariodelsurdigital.com.ar\/wp-content\/uploads\/2025\/12\/md-20-2.webp","articleSection":["Nacionales"],"inLanguage":"es","potentialAction":[{"@type":"CommentAction","name":"Comment","target":["https:\/\/diariodelsurdigital.com.ar\/?p=6236#respond"]}]},{"@type":"WebPage","@id":"https:\/\/diariodelsurdigital.com.ar\/?p=6236","url":"https:\/\/diariodelsurdigital.com.ar\/?p=6236","name":"Seg\u00fan el Indec baj\u00f3 la desocupaci\u00f3n y el empleo creci\u00f3 levemente durante el tercer trimestre del a\u00f1o - Diario del Sur","isPartOf":{"@id":"https:\/\/diariodelsurdigital.com.ar\/#website"},"primaryImageOfPage":{"@id":"https:\/\/diariodelsurdigital.com.ar\/?p=6236#primaryimage"},"image":{"@id":"https:\/\/diariodelsurdigital.com.ar\/?p=6236#primaryimage"},"thumbnailUrl":"https:\/\/diariodelsurdigital.com.ar\/wp-content\/uploads\/2025\/12\/md-20-2.webp","datePublished":"2025-12-19T13:26:21+00:00","dateModified":"2025-12-19T13:26:22+00:00","author":{"@id":"https:\/\/diariodelsurdigital.com.ar\/#\/schema\/person\/1a4992532ed62965c968031b49195c81"},"breadcrumb":{"@id":"https:\/\/diariodelsurdigital.com.ar\/?p=6236#breadcrumb"},"inLanguage":"es","potentialAction":[{"@type":"ReadAction","target":["https:\/\/diariodelsurdigital.com.ar\/?p=6236"]}]},{"@type":"ImageObject","inLanguage":"es","@id":"https:\/\/diariodelsurdigital.com.ar\/?p=6236#primaryimage","url":"https:\/\/diariodelsurdigital.com.ar\/wp-content\/uploads\/2025\/12\/md-20-2.webp","contentUrl":"https:\/\/diariodelsurdigital.com.ar\/wp-content\/uploads\/2025\/12\/md-20-2.webp","width":992,"height":520},{"@type":"BreadcrumbList","@id":"https:\/\/diariodelsurdigital.com.ar\/?p=6236#breadcrumb","itemListElement":[{"@type":"ListItem","position":1,"name":"Portada","item":"https:\/\/diariodelsurdigital.com.ar\/"},{"@type":"ListItem","position":2,"name":"Seg\u00fan el Indec baj\u00f3 la desocupaci\u00f3n y el empleo creci\u00f3 levemente durante el tercer trimestre del a\u00f1o"}]},{"@type":"WebSite","@id":"https:\/\/diariodelsurdigital.com.ar\/#website","url":"https:\/\/diariodelsurdigital.com.ar\/","name":"Diario del Sur","description":"Digital","potentialAction":[{"@type":"SearchAction","target":{"@type":"EntryPoint","urlTemplate":"https:\/\/diariodelsurdigital.com.ar\/?s={search_term_string}"},"query-input":{"@type":"PropertyValueSpecification","valueRequired":true,"valueName":"search_term_string"}}],"inLanguage":"es"},{"@type":"Person","@id":"https:\/\/diariodelsurdigital.com.ar\/#\/schema\/person\/1a4992532ed62965c968031b49195c81","name":"Diario del Sur Digital","image":{"@type":"ImageObject","inLanguage":"es","@id":"https:\/\/secure.gravatar.com\/avatar\/f0c7c47fc7146d19828273b9b8eda651c9c7ab583767e6338d3d3bee825adf76?s=96&d=mm&r=g","url":"https:\/\/secure.gravatar.com\/avatar\/f0c7c47fc7146d19828273b9b8eda651c9c7ab583767e6338d3d3bee825adf76?s=96&d=mm&r=g","contentUrl":"https:\/\/secure.gravatar.com\/avatar\/f0c7c47fc7146d19828273b9b8eda651c9c7ab583767e6338d3d3bee825adf76?s=96&d=mm&r=g","caption":"Diario del Sur Digital"},"url":"https:\/\/diariodelsurdigital.com.ar\/?author=4"}]}},"_links":{"self":[{"href":"https:\/\/diariodelsurdigital.com.ar\/index.php?rest_route=\/wp\/v2\/posts\/6236","targetHints":{"allow":["GET"]}}],"collection":[{"href":"https:\/\/diariodelsurdigital.com.ar\/index.php?rest_route=\/wp\/v2\/posts"}],"about":[{"href":"https:\/\/diariodelsurdigital.com.ar\/index.php?rest_route=\/wp\/v2\/types\/post"}],"author":[{"embeddable":true,"href":"https:\/\/diariodelsurdigital.com.ar\/index.php?rest_route=\/wp\/v2\/users\/4"}],"replies":[{"embeddable":true,"href":"https:\/\/diariodelsurdigital.com.ar\/index.php?rest_route=%2Fwp%2Fv2%2Fcomments&post=6236"}],"version-history":[{"count":1,"href":"https:\/\/diariodelsurdigital.com.ar\/index.php?rest_route=\/wp\/v2\/posts\/6236\/revisions"}],"predecessor-version":[{"id":6238,"href":"https:\/\/diariodelsurdigital.com.ar\/index.php?rest_route=\/wp\/v2\/posts\/6236\/revisions\/6238"}],"wp:featuredmedia":[{"embeddable":true,"href":"https:\/\/diariodelsurdigital.com.ar\/index.php?rest_route=\/wp\/v2\/media\/6237"}],"wp:attachment":[{"href":"https:\/\/diariodelsurdigital.com.ar\/index.php?rest_route=%2Fwp%2Fv2%2Fmedia&parent=6236"}],"wp:term":[{"taxonomy":"category","embeddable":true,"href":"https:\/\/diariodelsurdigital.com.ar\/index.php?rest_route=%2Fwp%2Fv2%2Fcategories&post=6236"},{"taxonomy":"post_tag","embeddable":true,"href":"https:\/\/diariodelsurdigital.com.ar\/index.php?rest_route=%2Fwp%2Fv2%2Ftags&post=6236"}],"curies":[{"name":"wp","href":"https:\/\/api.w.org\/{rel}","templated":true}]}}