{"id":6240,"date":"2025-12-21T16:36:56","date_gmt":"2025-12-21T19:36:56","guid":{"rendered":"https:\/\/diariodelsurdigital.com.ar\/?p=6240"},"modified":"2025-12-21T16:36:56","modified_gmt":"2025-12-21T19:36:56","slug":"allanaron-a-un-hombre-de-apellido-gaillard-por-presuntas-amenazas-y-creditos-ilegales","status":"publish","type":"post","link":"https:\/\/diariodelsurdigital.com.ar\/?p=6240","title":{"rendered":"Allanaron a un hombre de apellido Gaillard por presuntas amenazas y cr\u00e9ditos ilegales"},"content":{"rendered":"\n<p><br>Funcionarios policiales de la Comisar\u00eda Segunda llevaron a cabo un operativo para dar cumplimiento a orden de allanamiento emitida por el Juzgado de Garant\u00edas local en el marco de causa en etapa de investigaci\u00f3n.<\/p>\n\n\n\n<figure class=\"wp-block-image size-full\"><img loading=\"lazy\" decoding=\"async\" width=\"389\" height=\"252\" src=\"https:\/\/diariodelsurdigital.com.ar\/wp-content\/uploads\/2025\/12\/Imagen-de-WhatsApp-2025-12-21-a-las-14.29.37_b6787d41.jpg\" alt=\"\" class=\"wp-image-6242\" srcset=\"https:\/\/diariodelsurdigital.com.ar\/wp-content\/uploads\/2025\/12\/Imagen-de-WhatsApp-2025-12-21-a-las-14.29.37_b6787d41.jpg 389w, https:\/\/diariodelsurdigital.com.ar\/wp-content\/uploads\/2025\/12\/Imagen-de-WhatsApp-2025-12-21-a-las-14.29.37_b6787d41-300x194.jpg 300w\" sizes=\"auto, (max-width: 389px) 100vw, 389px\" \/><\/figure>\n\n\n\n<p>La misma se inici\u00f3 por la denuncia de un ciudadano, quien expres\u00f3 que un masculino, lo habr\u00eda amenazado con motivo de su reclamo verbal respecto de la cancelaci\u00f3n de un cr\u00e9dito. El ciudadano, expres\u00f3 que hace dos a\u00f1os le solicit\u00f3 al supuesto usurero un cr\u00e9dito por la suma de $1.500.000, a pagar en 12 cuotas de $150.000. Que hasta el d\u00eda de la fecha el sujeto segu\u00eda concurriendo a su domicilio para seguir cobrando, y nunca emiti\u00f3 recibo de todos los pagos que le realiz\u00f3.<\/p>\n\n\n\n<p>Ante el reclamo de la falta de recibos contra sus pagos, y que el cr\u00e9dito ya habr\u00eda sido cancelado hace tiempo, el prestamista le efectu\u00f3 amenazas con el fin de mantenerlo sometido en su posici\u00f3n deudora, y seguir recibiendo pagos.<\/p>\n\n\n\n<p>Seg\u00fan fuentes judiciales, el denunciado ser\u00eda Sergio Gaillard alias \u00abMaqui\u00bb, reconocido en el ambiente por sus dotes altru\u00edstas de prestar dinero. Claro que a cambio de alt\u00edsimos intereses.<\/p>\n\n\n\n<p>El allanamiento efectuado en el domicilio finaliz\u00f3 con resultado positivo, logrando practicar el secuestro de documentos de inter\u00e9s para la investigaci\u00f3n de la causa, y registrar la existencia de efectivo por $25.000.000,00 y USD2.000 (Foto principal).<\/p>\n","protected":false},"excerpt":{"rendered":"<p>Funcionarios policiales de la Comisar\u00eda Segunda llevaron a cabo un operativo para dar cumplimiento a orden de allanamiento emitida por el Juzgado de Garant\u00edas local en el marco de causa en etapa de investigaci\u00f3n. La misma se inici\u00f3 por la denuncia de un ciudadano, quien expres\u00f3 que un masculino, lo habr\u00eda amenazado con motivo de [&hellip;]<\/p>\n","protected":false},"author":2,"featured_media":6241,"comment_status":"open","ping_status":"open","sticky":false,"template":"","format":"standard","meta":{"footnotes":""},"categories":[16,21],"tags":[],"class_list":{"0":"post-6240","1":"post","2":"type-post","3":"status-publish","4":"format-standard","5":"has-post-thumbnail","7":"category-locales","8":"category-policiales"},"yoast_head":"<!-- This site is optimized with the Yoast SEO plugin v27.4 - https:\/\/yoast.com\/product\/yoast-seo-wordpress\/ -->\n<title>Allanaron a un hombre de apellido Gaillard por presuntas amenazas y cr\u00e9ditos ilegales - Diario del Sur<\/title>\n<meta name=\"robots\" content=\"index, follow, max-snippet:-1, max-image-preview:large, max-video-preview:-1\" \/>\n<link rel=\"canonical\" href=\"https:\/\/diariodelsurdigital.com.ar\/?p=6240\" \/>\n<meta property=\"og:locale\" content=\"es_ES\" \/>\n<meta property=\"og:type\" content=\"article\" \/>\n<meta property=\"og:title\" content=\"Allanaron a un hombre de apellido Gaillard por presuntas amenazas y cr\u00e9ditos ilegales - Diario del Sur\" \/>\n<meta property=\"og:description\" content=\"Funcionarios policiales de la Comisar\u00eda Segunda llevaron a cabo un operativo para dar cumplimiento a orden de allanamiento emitida por el Juzgado de Garant\u00edas local en el marco de causa en etapa de investigaci\u00f3n. La misma se inici\u00f3 por la denuncia de un ciudadano, quien expres\u00f3 que un masculino, lo habr\u00eda amenazado con motivo de [&hellip;]\" \/>\n<meta property=\"og:url\" content=\"https:\/\/diariodelsurdigital.com.ar\/?p=6240\" \/>\n<meta property=\"og:site_name\" content=\"Diario del Sur\" \/>\n<meta property=\"article:published_time\" content=\"2025-12-21T19:36:56+00:00\" \/>\n<meta property=\"og:image\" content=\"https:\/\/diariodelsurdigital.com.ar\/wp-content\/uploads\/2025\/12\/Imagen-de-WhatsApp-2025-12-21-a-las-14.29.41_c419888a.jpg\" \/>\n\t<meta property=\"og:image:width\" content=\"468\" \/>\n\t<meta property=\"og:image:height\" content=\"280\" \/>\n\t<meta property=\"og:image:type\" content=\"image\/jpeg\" \/>\n<meta name=\"author\" content=\"Diario del Sur Digital\" \/>\n<meta name=\"twitter:card\" content=\"summary_large_image\" \/>\n<meta name=\"twitter:label1\" content=\"Escrito por\" \/>\n\t<meta name=\"twitter:data1\" content=\"Diario del Sur Digital\" \/>\n\t<meta name=\"twitter:label2\" content=\"Tiempo de lectura\" \/>\n\t<meta name=\"twitter:data2\" content=\"2 minutos\" \/>\n<script type=\"application\/ld+json\" class=\"yoast-schema-graph\">{\"@context\":\"https:\\\/\\\/schema.org\",\"@graph\":[{\"@type\":\"Article\",\"@id\":\"https:\\\/\\\/diariodelsurdigital.com.ar\\\/?p=6240#article\",\"isPartOf\":{\"@id\":\"https:\\\/\\\/diariodelsurdigital.com.ar\\\/?p=6240\"},\"author\":{\"name\":\"Diario del Sur Digital\",\"@id\":\"https:\\\/\\\/diariodelsurdigital.com.ar\\\/#\\\/schema\\\/person\\\/6136a32571657f7dba980b88b04c5465\"},\"headline\":\"Allanaron a un hombre de apellido Gaillard por presuntas amenazas y cr\u00e9ditos ilegales\",\"datePublished\":\"2025-12-21T19:36:56+00:00\",\"mainEntityOfPage\":{\"@id\":\"https:\\\/\\\/diariodelsurdigital.com.ar\\\/?p=6240\"},\"wordCount\":252,\"commentCount\":0,\"image\":{\"@id\":\"https:\\\/\\\/diariodelsurdigital.com.ar\\\/?p=6240#primaryimage\"},\"thumbnailUrl\":\"https:\\\/\\\/diariodelsurdigital.com.ar\\\/wp-content\\\/uploads\\\/2025\\\/12\\\/Imagen-de-WhatsApp-2025-12-21-a-las-14.29.41_c419888a.jpg\",\"articleSection\":[\"Locales\",\"Policiales\"],\"inLanguage\":\"es\",\"potentialAction\":[{\"@type\":\"CommentAction\",\"name\":\"Comment\",\"target\":[\"https:\\\/\\\/diariodelsurdigital.com.ar\\\/?p=6240#respond\"]}]},{\"@type\":\"WebPage\",\"@id\":\"https:\\\/\\\/diariodelsurdigital.com.ar\\\/?p=6240\",\"url\":\"https:\\\/\\\/diariodelsurdigital.com.ar\\\/?p=6240\",\"name\":\"Allanaron a un hombre de apellido Gaillard por presuntas amenazas y cr\u00e9ditos ilegales - Diario del Sur\",\"isPartOf\":{\"@id\":\"https:\\\/\\\/diariodelsurdigital.com.ar\\\/#website\"},\"primaryImageOfPage\":{\"@id\":\"https:\\\/\\\/diariodelsurdigital.com.ar\\\/?p=6240#primaryimage\"},\"image\":{\"@id\":\"https:\\\/\\\/diariodelsurdigital.com.ar\\\/?p=6240#primaryimage\"},\"thumbnailUrl\":\"https:\\\/\\\/diariodelsurdigital.com.ar\\\/wp-content\\\/uploads\\\/2025\\\/12\\\/Imagen-de-WhatsApp-2025-12-21-a-las-14.29.41_c419888a.jpg\",\"datePublished\":\"2025-12-21T19:36:56+00:00\",\"author\":{\"@id\":\"https:\\\/\\\/diariodelsurdigital.com.ar\\\/#\\\/schema\\\/person\\\/6136a32571657f7dba980b88b04c5465\"},\"breadcrumb\":{\"@id\":\"https:\\\/\\\/diariodelsurdigital.com.ar\\\/?p=6240#breadcrumb\"},\"inLanguage\":\"es\",\"potentialAction\":[{\"@type\":\"ReadAction\",\"target\":[\"https:\\\/\\\/diariodelsurdigital.com.ar\\\/?p=6240\"]}]},{\"@type\":\"ImageObject\",\"inLanguage\":\"es\",\"@id\":\"https:\\\/\\\/diariodelsurdigital.com.ar\\\/?p=6240#primaryimage\",\"url\":\"https:\\\/\\\/diariodelsurdigital.com.ar\\\/wp-content\\\/uploads\\\/2025\\\/12\\\/Imagen-de-WhatsApp-2025-12-21-a-las-14.29.41_c419888a.jpg\",\"contentUrl\":\"https:\\\/\\\/diariodelsurdigital.com.ar\\\/wp-content\\\/uploads\\\/2025\\\/12\\\/Imagen-de-WhatsApp-2025-12-21-a-las-14.29.41_c419888a.jpg\",\"width\":468,\"height\":280},{\"@type\":\"BreadcrumbList\",\"@id\":\"https:\\\/\\\/diariodelsurdigital.com.ar\\\/?p=6240#breadcrumb\",\"itemListElement\":[{\"@type\":\"ListItem\",\"position\":1,\"name\":\"Portada\",\"item\":\"https:\\\/\\\/diariodelsurdigital.com.ar\\\/\"},{\"@type\":\"ListItem\",\"position\":2,\"name\":\"Allanaron a un hombre de apellido Gaillard por presuntas amenazas y cr\u00e9ditos ilegales\"}]},{\"@type\":\"WebSite\",\"@id\":\"https:\\\/\\\/diariodelsurdigital.com.ar\\\/#website\",\"url\":\"https:\\\/\\\/diariodelsurdigital.com.ar\\\/\",\"name\":\"Diario del Sur\",\"description\":\"Digital\",\"potentialAction\":[{\"@type\":\"SearchAction\",\"target\":{\"@type\":\"EntryPoint\",\"urlTemplate\":\"https:\\\/\\\/diariodelsurdigital.com.ar\\\/?s={search_term_string}\"},\"query-input\":{\"@type\":\"PropertyValueSpecification\",\"valueRequired\":true,\"valueName\":\"search_term_string\"}}],\"inLanguage\":\"es\"},{\"@type\":\"Person\",\"@id\":\"https:\\\/\\\/diariodelsurdigital.com.ar\\\/#\\\/schema\\\/person\\\/6136a32571657f7dba980b88b04c5465\",\"name\":\"Diario del Sur Digital\",\"image\":{\"@type\":\"ImageObject\",\"inLanguage\":\"es\",\"@id\":\"https:\\\/\\\/secure.gravatar.com\\\/avatar\\\/4c29ceac98541dd42460b2474aaa5dd37594d6ce6cb3cf2c101d09b48ee287ba?s=96&d=mm&r=g\",\"url\":\"https:\\\/\\\/secure.gravatar.com\\\/avatar\\\/4c29ceac98541dd42460b2474aaa5dd37594d6ce6cb3cf2c101d09b48ee287ba?s=96&d=mm&r=g\",\"contentUrl\":\"https:\\\/\\\/secure.gravatar.com\\\/avatar\\\/4c29ceac98541dd42460b2474aaa5dd37594d6ce6cb3cf2c101d09b48ee287ba?s=96&d=mm&r=g\",\"caption\":\"Diario del Sur Digital\"},\"url\":\"https:\\\/\\\/diariodelsurdigital.com.ar\\\/?author=2\"}]}<\/script>\n<!-- \/ Yoast SEO plugin. -->","yoast_head_json":{"title":"Allanaron a un hombre de apellido Gaillard por presuntas amenazas y cr\u00e9ditos ilegales - Diario del Sur","robots":{"index":"index","follow":"follow","max-snippet":"max-snippet:-1","max-image-preview":"max-image-preview:large","max-video-preview":"max-video-preview:-1"},"canonical":"https:\/\/diariodelsurdigital.com.ar\/?p=6240","og_locale":"es_ES","og_type":"article","og_title":"Allanaron a un hombre de apellido Gaillard por presuntas amenazas y cr\u00e9ditos ilegales - Diario del Sur","og_description":"Funcionarios policiales de la Comisar\u00eda Segunda llevaron a cabo un operativo para dar cumplimiento a orden de allanamiento emitida por el Juzgado de Garant\u00edas local en el marco de causa en etapa de investigaci\u00f3n. La misma se inici\u00f3 por la denuncia de un ciudadano, quien expres\u00f3 que un masculino, lo habr\u00eda amenazado con motivo de [&hellip;]","og_url":"https:\/\/diariodelsurdigital.com.ar\/?p=6240","og_site_name":"Diario del Sur","article_published_time":"2025-12-21T19:36:56+00:00","og_image":[{"width":468,"height":280,"url":"https:\/\/diariodelsurdigital.com.ar\/wp-content\/uploads\/2025\/12\/Imagen-de-WhatsApp-2025-12-21-a-las-14.29.41_c419888a.jpg","type":"image\/jpeg"}],"author":"Diario del Sur Digital","twitter_card":"summary_large_image","twitter_misc":{"Escrito por":"Diario del Sur Digital","Tiempo de lectura":"2 minutos"},"schema":{"@context":"https:\/\/schema.org","@graph":[{"@type":"Article","@id":"https:\/\/diariodelsurdigital.com.ar\/?p=6240#article","isPartOf":{"@id":"https:\/\/diariodelsurdigital.com.ar\/?p=6240"},"author":{"name":"Diario del Sur Digital","@id":"https:\/\/diariodelsurdigital.com.ar\/#\/schema\/person\/6136a32571657f7dba980b88b04c5465"},"headline":"Allanaron a un hombre de apellido Gaillard por presuntas amenazas y cr\u00e9ditos ilegales","datePublished":"2025-12-21T19:36:56+00:00","mainEntityOfPage":{"@id":"https:\/\/diariodelsurdigital.com.ar\/?p=6240"},"wordCount":252,"commentCount":0,"image":{"@id":"https:\/\/diariodelsurdigital.com.ar\/?p=6240#primaryimage"},"thumbnailUrl":"https:\/\/diariodelsurdigital.com.ar\/wp-content\/uploads\/2025\/12\/Imagen-de-WhatsApp-2025-12-21-a-las-14.29.41_c419888a.jpg","articleSection":["Locales","Policiales"],"inLanguage":"es","potentialAction":[{"@type":"CommentAction","name":"Comment","target":["https:\/\/diariodelsurdigital.com.ar\/?p=6240#respond"]}]},{"@type":"WebPage","@id":"https:\/\/diariodelsurdigital.com.ar\/?p=6240","url":"https:\/\/diariodelsurdigital.com.ar\/?p=6240","name":"Allanaron a un hombre de apellido Gaillard por presuntas amenazas y cr\u00e9ditos ilegales - Diario del Sur","isPartOf":{"@id":"https:\/\/diariodelsurdigital.com.ar\/#website"},"primaryImageOfPage":{"@id":"https:\/\/diariodelsurdigital.com.ar\/?p=6240#primaryimage"},"image":{"@id":"https:\/\/diariodelsurdigital.com.ar\/?p=6240#primaryimage"},"thumbnailUrl":"https:\/\/diariodelsurdigital.com.ar\/wp-content\/uploads\/2025\/12\/Imagen-de-WhatsApp-2025-12-21-a-las-14.29.41_c419888a.jpg","datePublished":"2025-12-21T19:36:56+00:00","author":{"@id":"https:\/\/diariodelsurdigital.com.ar\/#\/schema\/person\/6136a32571657f7dba980b88b04c5465"},"breadcrumb":{"@id":"https:\/\/diariodelsurdigital.com.ar\/?p=6240#breadcrumb"},"inLanguage":"es","potentialAction":[{"@type":"ReadAction","target":["https:\/\/diariodelsurdigital.com.ar\/?p=6240"]}]},{"@type":"ImageObject","inLanguage":"es","@id":"https:\/\/diariodelsurdigital.com.ar\/?p=6240#primaryimage","url":"https:\/\/diariodelsurdigital.com.ar\/wp-content\/uploads\/2025\/12\/Imagen-de-WhatsApp-2025-12-21-a-las-14.29.41_c419888a.jpg","contentUrl":"https:\/\/diariodelsurdigital.com.ar\/wp-content\/uploads\/2025\/12\/Imagen-de-WhatsApp-2025-12-21-a-las-14.29.41_c419888a.jpg","width":468,"height":280},{"@type":"BreadcrumbList","@id":"https:\/\/diariodelsurdigital.com.ar\/?p=6240#breadcrumb","itemListElement":[{"@type":"ListItem","position":1,"name":"Portada","item":"https:\/\/diariodelsurdigital.com.ar\/"},{"@type":"ListItem","position":2,"name":"Allanaron a un hombre de apellido Gaillard por presuntas amenazas y cr\u00e9ditos ilegales"}]},{"@type":"WebSite","@id":"https:\/\/diariodelsurdigital.com.ar\/#website","url":"https:\/\/diariodelsurdigital.com.ar\/","name":"Diario del Sur","description":"Digital","potentialAction":[{"@type":"SearchAction","target":{"@type":"EntryPoint","urlTemplate":"https:\/\/diariodelsurdigital.com.ar\/?s={search_term_string}"},"query-input":{"@type":"PropertyValueSpecification","valueRequired":true,"valueName":"search_term_string"}}],"inLanguage":"es"},{"@type":"Person","@id":"https:\/\/diariodelsurdigital.com.ar\/#\/schema\/person\/6136a32571657f7dba980b88b04c5465","name":"Diario del Sur Digital","image":{"@type":"ImageObject","inLanguage":"es","@id":"https:\/\/secure.gravatar.com\/avatar\/4c29ceac98541dd42460b2474aaa5dd37594d6ce6cb3cf2c101d09b48ee287ba?s=96&d=mm&r=g","url":"https:\/\/secure.gravatar.com\/avatar\/4c29ceac98541dd42460b2474aaa5dd37594d6ce6cb3cf2c101d09b48ee287ba?s=96&d=mm&r=g","contentUrl":"https:\/\/secure.gravatar.com\/avatar\/4c29ceac98541dd42460b2474aaa5dd37594d6ce6cb3cf2c101d09b48ee287ba?s=96&d=mm&r=g","caption":"Diario del Sur Digital"},"url":"https:\/\/diariodelsurdigital.com.ar\/?author=2"}]}},"_links":{"self":[{"href":"https:\/\/diariodelsurdigital.com.ar\/index.php?rest_route=\/wp\/v2\/posts\/6240","targetHints":{"allow":["GET"]}}],"collection":[{"href":"https:\/\/diariodelsurdigital.com.ar\/index.php?rest_route=\/wp\/v2\/posts"}],"about":[{"href":"https:\/\/diariodelsurdigital.com.ar\/index.php?rest_route=\/wp\/v2\/types\/post"}],"author":[{"embeddable":true,"href":"https:\/\/diariodelsurdigital.com.ar\/index.php?rest_route=\/wp\/v2\/users\/2"}],"replies":[{"embeddable":true,"href":"https:\/\/diariodelsurdigital.com.ar\/index.php?rest_route=%2Fwp%2Fv2%2Fcomments&post=6240"}],"version-history":[{"count":1,"href":"https:\/\/diariodelsurdigital.com.ar\/index.php?rest_route=\/wp\/v2\/posts\/6240\/revisions"}],"predecessor-version":[{"id":6243,"href":"https:\/\/diariodelsurdigital.com.ar\/index.php?rest_route=\/wp\/v2\/posts\/6240\/revisions\/6243"}],"wp:featuredmedia":[{"embeddable":true,"href":"https:\/\/diariodelsurdigital.com.ar\/index.php?rest_route=\/wp\/v2\/media\/6241"}],"wp:attachment":[{"href":"https:\/\/diariodelsurdigital.com.ar\/index.php?rest_route=%2Fwp%2Fv2%2Fmedia&parent=6240"}],"wp:term":[{"taxonomy":"category","embeddable":true,"href":"https:\/\/diariodelsurdigital.com.ar\/index.php?rest_route=%2Fwp%2Fv2%2Fcategories&post=6240"},{"taxonomy":"post_tag","embeddable":true,"href":"https:\/\/diariodelsurdigital.com.ar\/index.php?rest_route=%2Fwp%2Fv2%2Ftags&post=6240"}],"curies":[{"name":"wp","href":"https:\/\/api.w.org\/{rel}","templated":true}]}}