{"id":6255,"date":"2025-12-23T21:54:50","date_gmt":"2025-12-24T00:54:50","guid":{"rendered":"https:\/\/diariodelsurdigital.com.ar\/?p=6255"},"modified":"2025-12-23T22:08:27","modified_gmt":"2025-12-24T01:08:27","slug":"6255","status":"publish","type":"post","link":"https:\/\/diariodelsurdigital.com.ar\/?p=6255","title":{"rendered":"Piden la expulsi\u00f3n por \u00abtraici\u00f3n\u00bb de la senadora Dom\u00ednguez al Partido Justicialista"},"content":{"rendered":"\n<h1 class=\"wp-block-heading\"><\/h1>\n\n\n\n<p><\/p>\n\n\n\n<p>El Consejo Departamental del Partido Justicialista de San Jos\u00e9 de Feliciano pidi\u00f3 al presidente del Consejo Provincial, Jos\u00e9 Orlando C\u00e1ceres, la expulsi\u00f3n de la senadora provincial Gladys Dom\u00ednguez.<\/p>\n\n\n\n<p>La petici\u00f3n se fundamenta en \u201clos numerosos pedidos de nuestros miembros, militantes y dirigentes, quienes manifiestan profunda indignaci\u00f3n y absoluto repudio al comportamiento pol\u00edtico de la senadora Gladys Dom\u00ednguez\u201d.<\/p>\n\n\n\n<p>\u201cSu accionar -dice el texto de la carta enviada a C\u00e1ceres- representa una traici\u00f3n abierta a la doctrina de nuestro movimiento y una enorme estafa a la confianza depositada por los compa\u00f1eros que trabajaron incansablemente por su candidatura, as\u00ed como a la gente que la vot\u00f3 bajo esa l\u00ednea pol\u00edtica\u201d.<\/p>\n\n\n\n<p>La legisladora no ha hecho buenas migas con el intendente de Feliciano, Dami\u00e1n Ar\u00e9valo, con quien mantiene un enfrentamiento.<\/p>\n\n\n\n<p>Dominguez abri\u00f3 una grieta con el bloque de la oposici\u00f3n en la C\u00e1mara de Senadores a mediados de 2025 cuando decidi\u00f3 apartarse y conformar un monobloque Peronismo Federal.<\/p>\n\n\n\n<p>Su alejamiento le hizo perder la mayor\u00eda a la oposici\u00f3n en la C\u00e1mara Alta: la oposici\u00f3n qued\u00f3 con 8 legisladores y el oficialismo de Juntos tambi\u00e9n con 8 representantes.<\/p>\n\n\n\n<p>La piedra de toque para la determinaci\u00f3n que tom\u00f3 Dom\u00ednguez deriv\u00f3 de aquella votaci\u00f3n en el Senado de la ley de creaci\u00f3n de la Obra Social de Entre R\u00edos (OSER), oportunidad en la que la legisladora se abstuvo.<\/p>\n\n\n\n<p>\u201cLa gravedad de sus decisiones legislativas no admite grises: la senadora Dom\u00ednguez se ha convertido en el engranaje necesario para garantizar la impunidad del oficialismo. Con su apoyo incondicional, permite que el gobernador Frigerio ejecute medidas de ajuste que empobrecen a los entrerrianos. El peronismo que la llev\u00f3 a su banca no promovi\u00f3 a una representante para ser c\u00f3mplice de un modelo libertario, sino para ser una oposici\u00f3n firme, constructiva y leal a las demandas del pueblo\u201d, dice la carta del PJ de Feliciano.<\/p>\n\n\n\n<p>Y agrega: \u201cHa nombrado a toda su familia como asesores y ha abandonado a los trabajadores y militantes. Incluso, en Feliciano, durante las elecciones, accion\u00f3 en contra de fiscales de nuestro propio partido, pidiendo su desalojo de las escuelas. Mientras la columna vertebral de nuestro movimiento padece la compleja situaci\u00f3n en materia de salud, la senadora garantiza el perjuicio votando contra quienes debi\u00f3 defender\u201d.<\/p>\n\n\n\n<p>En la parte m\u00e1s dura del texto al PJ con pedido de expulsi\u00f3n de la senadora, observa: \u201cNo ha acompa\u00f1ado el reclamo de los compa\u00f1eros docentes que han perdido sus trabajos o est\u00e1n en la mira de las pol\u00edticas de ajuste del gobierno provincial. Es m\u00e1s, se sospecha que muchas de las iniciativas de cierre de escuelas y cargos son producto de propuestas que ella misma eleva ante el Ejecutivo provincial. Se ha alineado con el oficialismo provincial, malinformando a la gente, tergiversando y pagando medios para alterar la realidad de los hechos y acciones, ocultando la falta de ayuda. Ni la oposici\u00f3n local ni la provincial plantean relatos tan disparatados o alejados de la verdad como los impulsados por la senadora, con tal de conmover in\u00fatilmente a una poblaci\u00f3n que, pese a todo ello, le dio al PJ local un fuerte espaldarazo en las \u00faltimas elecciones legislativas\u201d.<\/p>\n\n\n\n<p>El PJ de Feliciano abunda: &nbsp;\u201cEl abuso de poder conferido la ha llevado a intervenir indirectamente en la justicia (a cambio de futuras designaciones en cargos a crearse), disponiendo la persecuci\u00f3n de quienes se le oponen pol\u00edticamente. Todo esto es parte de un despliegue que nada tiene que ver con la pol\u00edtica que pregonamos\u201d.<\/p>\n\n\n\n<p>Y agrega que \u201cen los actos de colaci\u00f3n de diferentes escuelas, era evidente el malestar entre los padres al ver c\u00f3mo se anunciaban regalos otorgados por la senadora departamental cuando, en realidad, eran obsequios de la Vicegobernaci\u00f3n o del Inaubepro provincial; hasta en eso se notan los `mimos` provinciales. Pocas veces se ha visto un acto de tal taca\u00f1er\u00eda y descaro a la hora de homenajear a los egresados\u201d.<\/p>\n\n\n\n<p>Por \u00faltimo, plantean: \u201cSolicitaremos formalmente que se eval\u00fae y resuelva la expulsi\u00f3n partidaria de la senadora Gladys Dom\u00ednguez como una medida de justicia necesaria para preservar la integridad del Partido Justicialista y devolverle al pueblo la certeza de que representar al peronismo es, ante todo, un compromiso innegociable con la justicia social y no un mero acto comercial o un uso desmedido del poder\u201d.<\/p>\n","protected":false},"excerpt":{"rendered":"<p>El Consejo Departamental del Partido Justicialista de San Jos\u00e9 de Feliciano pidi\u00f3 al presidente del Consejo Provincial, Jos\u00e9 Orlando C\u00e1ceres, la expulsi\u00f3n de la senadora provincial Gladys Dom\u00ednguez. La petici\u00f3n se fundamenta en \u201clos numerosos pedidos de nuestros miembros, militantes y dirigentes, quienes manifiestan profunda indignaci\u00f3n y absoluto repudio al comportamiento pol\u00edtico de la senadora [&hellip;]<\/p>\n","protected":false},"author":2,"featured_media":6256,"comment_status":"open","ping_status":"open","sticky":false,"template":"","format":"standard","meta":{"footnotes":""},"categories":[22,17],"tags":[],"class_list":{"0":"post-6255","1":"post","2":"type-post","3":"status-publish","4":"format-standard","5":"has-post-thumbnail","7":"category-politica","8":"category-provinciales"},"yoast_head":"<!-- This site is optimized with the Yoast SEO plugin v27.4 - https:\/\/yoast.com\/product\/yoast-seo-wordpress\/ -->\n<title>Piden la expulsi\u00f3n por &quot;traici\u00f3n&quot; de la senadora Dom\u00ednguez al Partido Justicialista - Diario del Sur<\/title>\n<meta name=\"robots\" content=\"index, follow, max-snippet:-1, max-image-preview:large, max-video-preview:-1\" \/>\n<link rel=\"canonical\" href=\"https:\/\/diariodelsurdigital.com.ar\/?p=6255\" \/>\n<meta property=\"og:locale\" content=\"es_ES\" \/>\n<meta property=\"og:type\" content=\"article\" \/>\n<meta property=\"og:title\" content=\"Piden la expulsi\u00f3n por &quot;traici\u00f3n&quot; de la senadora Dom\u00ednguez al Partido Justicialista - Diario del Sur\" \/>\n<meta property=\"og:description\" content=\"El Consejo Departamental del Partido Justicialista de San Jos\u00e9 de Feliciano pidi\u00f3 al presidente del Consejo Provincial, Jos\u00e9 Orlando C\u00e1ceres, la expulsi\u00f3n de la senadora provincial Gladys Dom\u00ednguez. La petici\u00f3n se fundamenta en \u201clos numerosos pedidos de nuestros miembros, militantes y dirigentes, quienes manifiestan profunda indignaci\u00f3n y absoluto repudio al comportamiento pol\u00edtico de la senadora [&hellip;]\" \/>\n<meta property=\"og:url\" content=\"https:\/\/diariodelsurdigital.com.ar\/?p=6255\" \/>\n<meta property=\"og:site_name\" content=\"Diario del Sur\" \/>\n<meta property=\"article:published_time\" content=\"2025-12-24T00:54:50+00:00\" \/>\n<meta property=\"article:modified_time\" content=\"2025-12-24T01:08:27+00:00\" \/>\n<meta property=\"og:image\" content=\"https:\/\/diariodelsurdigital.com.ar\/wp-content\/uploads\/2025\/12\/dominguez-759x500-1.jpg\" \/>\n\t<meta property=\"og:image:width\" content=\"434\" \/>\n\t<meta property=\"og:image:height\" content=\"297\" \/>\n\t<meta property=\"og:image:type\" content=\"image\/jpeg\" \/>\n<meta name=\"author\" content=\"Diario del Sur Digital\" \/>\n<meta name=\"twitter:card\" content=\"summary_large_image\" \/>\n<meta name=\"twitter:label1\" content=\"Escrito por\" \/>\n\t<meta name=\"twitter:data1\" content=\"Diario del Sur Digital\" \/>\n\t<meta name=\"twitter:label2\" content=\"Tiempo de lectura\" \/>\n\t<meta name=\"twitter:data2\" content=\"4 minutos\" \/>\n<script type=\"application\/ld+json\" class=\"yoast-schema-graph\">{\"@context\":\"https:\\\/\\\/schema.org\",\"@graph\":[{\"@type\":\"Article\",\"@id\":\"https:\\\/\\\/diariodelsurdigital.com.ar\\\/?p=6255#article\",\"isPartOf\":{\"@id\":\"https:\\\/\\\/diariodelsurdigital.com.ar\\\/?p=6255\"},\"author\":{\"name\":\"Diario del Sur Digital\",\"@id\":\"https:\\\/\\\/diariodelsurdigital.com.ar\\\/#\\\/schema\\\/person\\\/6136a32571657f7dba980b88b04c5465\"},\"headline\":\"Piden la expulsi\u00f3n por \u00abtraici\u00f3n\u00bb de la senadora Dom\u00ednguez al Partido Justicialista\",\"datePublished\":\"2025-12-24T00:54:50+00:00\",\"dateModified\":\"2025-12-24T01:08:27+00:00\",\"mainEntityOfPage\":{\"@id\":\"https:\\\/\\\/diariodelsurdigital.com.ar\\\/?p=6255\"},\"wordCount\":768,\"commentCount\":0,\"image\":{\"@id\":\"https:\\\/\\\/diariodelsurdigital.com.ar\\\/?p=6255#primaryimage\"},\"thumbnailUrl\":\"https:\\\/\\\/diariodelsurdigital.com.ar\\\/wp-content\\\/uploads\\\/2025\\\/12\\\/dominguez-759x500-1.jpg\",\"articleSection\":[\"Pol\u00edtica\",\"Provinciales\"],\"inLanguage\":\"es\",\"potentialAction\":[{\"@type\":\"CommentAction\",\"name\":\"Comment\",\"target\":[\"https:\\\/\\\/diariodelsurdigital.com.ar\\\/?p=6255#respond\"]}]},{\"@type\":\"WebPage\",\"@id\":\"https:\\\/\\\/diariodelsurdigital.com.ar\\\/?p=6255\",\"url\":\"https:\\\/\\\/diariodelsurdigital.com.ar\\\/?p=6255\",\"name\":\"Piden la expulsi\u00f3n por \\\"traici\u00f3n\\\" de la senadora Dom\u00ednguez al Partido Justicialista - Diario del Sur\",\"isPartOf\":{\"@id\":\"https:\\\/\\\/diariodelsurdigital.com.ar\\\/#website\"},\"primaryImageOfPage\":{\"@id\":\"https:\\\/\\\/diariodelsurdigital.com.ar\\\/?p=6255#primaryimage\"},\"image\":{\"@id\":\"https:\\\/\\\/diariodelsurdigital.com.ar\\\/?p=6255#primaryimage\"},\"thumbnailUrl\":\"https:\\\/\\\/diariodelsurdigital.com.ar\\\/wp-content\\\/uploads\\\/2025\\\/12\\\/dominguez-759x500-1.jpg\",\"datePublished\":\"2025-12-24T00:54:50+00:00\",\"dateModified\":\"2025-12-24T01:08:27+00:00\",\"author\":{\"@id\":\"https:\\\/\\\/diariodelsurdigital.com.ar\\\/#\\\/schema\\\/person\\\/6136a32571657f7dba980b88b04c5465\"},\"breadcrumb\":{\"@id\":\"https:\\\/\\\/diariodelsurdigital.com.ar\\\/?p=6255#breadcrumb\"},\"inLanguage\":\"es\",\"potentialAction\":[{\"@type\":\"ReadAction\",\"target\":[\"https:\\\/\\\/diariodelsurdigital.com.ar\\\/?p=6255\"]}]},{\"@type\":\"ImageObject\",\"inLanguage\":\"es\",\"@id\":\"https:\\\/\\\/diariodelsurdigital.com.ar\\\/?p=6255#primaryimage\",\"url\":\"https:\\\/\\\/diariodelsurdigital.com.ar\\\/wp-content\\\/uploads\\\/2025\\\/12\\\/dominguez-759x500-1.jpg\",\"contentUrl\":\"https:\\\/\\\/diariodelsurdigital.com.ar\\\/wp-content\\\/uploads\\\/2025\\\/12\\\/dominguez-759x500-1.jpg\",\"width\":434,\"height\":297},{\"@type\":\"BreadcrumbList\",\"@id\":\"https:\\\/\\\/diariodelsurdigital.com.ar\\\/?p=6255#breadcrumb\",\"itemListElement\":[{\"@type\":\"ListItem\",\"position\":1,\"name\":\"Portada\",\"item\":\"https:\\\/\\\/diariodelsurdigital.com.ar\\\/\"},{\"@type\":\"ListItem\",\"position\":2,\"name\":\"Piden la expulsi\u00f3n por \u00abtraici\u00f3n\u00bb de la senadora Dom\u00ednguez al Partido Justicialista\"}]},{\"@type\":\"WebSite\",\"@id\":\"https:\\\/\\\/diariodelsurdigital.com.ar\\\/#website\",\"url\":\"https:\\\/\\\/diariodelsurdigital.com.ar\\\/\",\"name\":\"Diario del Sur\",\"description\":\"Digital\",\"potentialAction\":[{\"@type\":\"SearchAction\",\"target\":{\"@type\":\"EntryPoint\",\"urlTemplate\":\"https:\\\/\\\/diariodelsurdigital.com.ar\\\/?s={search_term_string}\"},\"query-input\":{\"@type\":\"PropertyValueSpecification\",\"valueRequired\":true,\"valueName\":\"search_term_string\"}}],\"inLanguage\":\"es\"},{\"@type\":\"Person\",\"@id\":\"https:\\\/\\\/diariodelsurdigital.com.ar\\\/#\\\/schema\\\/person\\\/6136a32571657f7dba980b88b04c5465\",\"name\":\"Diario del Sur Digital\",\"image\":{\"@type\":\"ImageObject\",\"inLanguage\":\"es\",\"@id\":\"https:\\\/\\\/secure.gravatar.com\\\/avatar\\\/4c29ceac98541dd42460b2474aaa5dd37594d6ce6cb3cf2c101d09b48ee287ba?s=96&d=mm&r=g\",\"url\":\"https:\\\/\\\/secure.gravatar.com\\\/avatar\\\/4c29ceac98541dd42460b2474aaa5dd37594d6ce6cb3cf2c101d09b48ee287ba?s=96&d=mm&r=g\",\"contentUrl\":\"https:\\\/\\\/secure.gravatar.com\\\/avatar\\\/4c29ceac98541dd42460b2474aaa5dd37594d6ce6cb3cf2c101d09b48ee287ba?s=96&d=mm&r=g\",\"caption\":\"Diario del Sur Digital\"},\"url\":\"https:\\\/\\\/diariodelsurdigital.com.ar\\\/?author=2\"}]}<\/script>\n<!-- \/ Yoast SEO plugin. -->","yoast_head_json":{"title":"Piden la expulsi\u00f3n por \"traici\u00f3n\" de la senadora Dom\u00ednguez al Partido Justicialista - Diario del Sur","robots":{"index":"index","follow":"follow","max-snippet":"max-snippet:-1","max-image-preview":"max-image-preview:large","max-video-preview":"max-video-preview:-1"},"canonical":"https:\/\/diariodelsurdigital.com.ar\/?p=6255","og_locale":"es_ES","og_type":"article","og_title":"Piden la expulsi\u00f3n por \"traici\u00f3n\" de la senadora Dom\u00ednguez al Partido Justicialista - Diario del Sur","og_description":"El Consejo Departamental del Partido Justicialista de San Jos\u00e9 de Feliciano pidi\u00f3 al presidente del Consejo Provincial, Jos\u00e9 Orlando C\u00e1ceres, la expulsi\u00f3n de la senadora provincial Gladys Dom\u00ednguez. La petici\u00f3n se fundamenta en \u201clos numerosos pedidos de nuestros miembros, militantes y dirigentes, quienes manifiestan profunda indignaci\u00f3n y absoluto repudio al comportamiento pol\u00edtico de la senadora [&hellip;]","og_url":"https:\/\/diariodelsurdigital.com.ar\/?p=6255","og_site_name":"Diario del Sur","article_published_time":"2025-12-24T00:54:50+00:00","article_modified_time":"2025-12-24T01:08:27+00:00","og_image":[{"width":434,"height":297,"url":"https:\/\/diariodelsurdigital.com.ar\/wp-content\/uploads\/2025\/12\/dominguez-759x500-1.jpg","type":"image\/jpeg"}],"author":"Diario del Sur Digital","twitter_card":"summary_large_image","twitter_misc":{"Escrito por":"Diario del Sur Digital","Tiempo de lectura":"4 minutos"},"schema":{"@context":"https:\/\/schema.org","@graph":[{"@type":"Article","@id":"https:\/\/diariodelsurdigital.com.ar\/?p=6255#article","isPartOf":{"@id":"https:\/\/diariodelsurdigital.com.ar\/?p=6255"},"author":{"name":"Diario del Sur Digital","@id":"https:\/\/diariodelsurdigital.com.ar\/#\/schema\/person\/6136a32571657f7dba980b88b04c5465"},"headline":"Piden la expulsi\u00f3n por \u00abtraici\u00f3n\u00bb de la senadora Dom\u00ednguez al Partido Justicialista","datePublished":"2025-12-24T00:54:50+00:00","dateModified":"2025-12-24T01:08:27+00:00","mainEntityOfPage":{"@id":"https:\/\/diariodelsurdigital.com.ar\/?p=6255"},"wordCount":768,"commentCount":0,"image":{"@id":"https:\/\/diariodelsurdigital.com.ar\/?p=6255#primaryimage"},"thumbnailUrl":"https:\/\/diariodelsurdigital.com.ar\/wp-content\/uploads\/2025\/12\/dominguez-759x500-1.jpg","articleSection":["Pol\u00edtica","Provinciales"],"inLanguage":"es","potentialAction":[{"@type":"CommentAction","name":"Comment","target":["https:\/\/diariodelsurdigital.com.ar\/?p=6255#respond"]}]},{"@type":"WebPage","@id":"https:\/\/diariodelsurdigital.com.ar\/?p=6255","url":"https:\/\/diariodelsurdigital.com.ar\/?p=6255","name":"Piden la expulsi\u00f3n por \"traici\u00f3n\" de la senadora Dom\u00ednguez al Partido Justicialista - Diario del Sur","isPartOf":{"@id":"https:\/\/diariodelsurdigital.com.ar\/#website"},"primaryImageOfPage":{"@id":"https:\/\/diariodelsurdigital.com.ar\/?p=6255#primaryimage"},"image":{"@id":"https:\/\/diariodelsurdigital.com.ar\/?p=6255#primaryimage"},"thumbnailUrl":"https:\/\/diariodelsurdigital.com.ar\/wp-content\/uploads\/2025\/12\/dominguez-759x500-1.jpg","datePublished":"2025-12-24T00:54:50+00:00","dateModified":"2025-12-24T01:08:27+00:00","author":{"@id":"https:\/\/diariodelsurdigital.com.ar\/#\/schema\/person\/6136a32571657f7dba980b88b04c5465"},"breadcrumb":{"@id":"https:\/\/diariodelsurdigital.com.ar\/?p=6255#breadcrumb"},"inLanguage":"es","potentialAction":[{"@type":"ReadAction","target":["https:\/\/diariodelsurdigital.com.ar\/?p=6255"]}]},{"@type":"ImageObject","inLanguage":"es","@id":"https:\/\/diariodelsurdigital.com.ar\/?p=6255#primaryimage","url":"https:\/\/diariodelsurdigital.com.ar\/wp-content\/uploads\/2025\/12\/dominguez-759x500-1.jpg","contentUrl":"https:\/\/diariodelsurdigital.com.ar\/wp-content\/uploads\/2025\/12\/dominguez-759x500-1.jpg","width":434,"height":297},{"@type":"BreadcrumbList","@id":"https:\/\/diariodelsurdigital.com.ar\/?p=6255#breadcrumb","itemListElement":[{"@type":"ListItem","position":1,"name":"Portada","item":"https:\/\/diariodelsurdigital.com.ar\/"},{"@type":"ListItem","position":2,"name":"Piden la expulsi\u00f3n por \u00abtraici\u00f3n\u00bb de la senadora Dom\u00ednguez al Partido Justicialista"}]},{"@type":"WebSite","@id":"https:\/\/diariodelsurdigital.com.ar\/#website","url":"https:\/\/diariodelsurdigital.com.ar\/","name":"Diario del Sur","description":"Digital","potentialAction":[{"@type":"SearchAction","target":{"@type":"EntryPoint","urlTemplate":"https:\/\/diariodelsurdigital.com.ar\/?s={search_term_string}"},"query-input":{"@type":"PropertyValueSpecification","valueRequired":true,"valueName":"search_term_string"}}],"inLanguage":"es"},{"@type":"Person","@id":"https:\/\/diariodelsurdigital.com.ar\/#\/schema\/person\/6136a32571657f7dba980b88b04c5465","name":"Diario del Sur Digital","image":{"@type":"ImageObject","inLanguage":"es","@id":"https:\/\/secure.gravatar.com\/avatar\/4c29ceac98541dd42460b2474aaa5dd37594d6ce6cb3cf2c101d09b48ee287ba?s=96&d=mm&r=g","url":"https:\/\/secure.gravatar.com\/avatar\/4c29ceac98541dd42460b2474aaa5dd37594d6ce6cb3cf2c101d09b48ee287ba?s=96&d=mm&r=g","contentUrl":"https:\/\/secure.gravatar.com\/avatar\/4c29ceac98541dd42460b2474aaa5dd37594d6ce6cb3cf2c101d09b48ee287ba?s=96&d=mm&r=g","caption":"Diario del Sur Digital"},"url":"https:\/\/diariodelsurdigital.com.ar\/?author=2"}]}},"_links":{"self":[{"href":"https:\/\/diariodelsurdigital.com.ar\/index.php?rest_route=\/wp\/v2\/posts\/6255","targetHints":{"allow":["GET"]}}],"collection":[{"href":"https:\/\/diariodelsurdigital.com.ar\/index.php?rest_route=\/wp\/v2\/posts"}],"about":[{"href":"https:\/\/diariodelsurdigital.com.ar\/index.php?rest_route=\/wp\/v2\/types\/post"}],"author":[{"embeddable":true,"href":"https:\/\/diariodelsurdigital.com.ar\/index.php?rest_route=\/wp\/v2\/users\/2"}],"replies":[{"embeddable":true,"href":"https:\/\/diariodelsurdigital.com.ar\/index.php?rest_route=%2Fwp%2Fv2%2Fcomments&post=6255"}],"version-history":[{"count":2,"href":"https:\/\/diariodelsurdigital.com.ar\/index.php?rest_route=\/wp\/v2\/posts\/6255\/revisions"}],"predecessor-version":[{"id":6258,"href":"https:\/\/diariodelsurdigital.com.ar\/index.php?rest_route=\/wp\/v2\/posts\/6255\/revisions\/6258"}],"wp:featuredmedia":[{"embeddable":true,"href":"https:\/\/diariodelsurdigital.com.ar\/index.php?rest_route=\/wp\/v2\/media\/6256"}],"wp:attachment":[{"href":"https:\/\/diariodelsurdigital.com.ar\/index.php?rest_route=%2Fwp%2Fv2%2Fmedia&parent=6255"}],"wp:term":[{"taxonomy":"category","embeddable":true,"href":"https:\/\/diariodelsurdigital.com.ar\/index.php?rest_route=%2Fwp%2Fv2%2Fcategories&post=6255"},{"taxonomy":"post_tag","embeddable":true,"href":"https:\/\/diariodelsurdigital.com.ar\/index.php?rest_route=%2Fwp%2Fv2%2Ftags&post=6255"}],"curies":[{"name":"wp","href":"https:\/\/api.w.org\/{rel}","templated":true}]}}