{"id":6265,"date":"2025-12-25T14:57:30","date_gmt":"2025-12-25T17:57:30","guid":{"rendered":"https:\/\/diariodelsurdigital.com.ar\/?p=6265"},"modified":"2025-12-25T14:57:31","modified_gmt":"2025-12-25T17:57:31","slug":"tradicion-ochentosa-despide-el-2025-y-recibe-el-2026-con-una-fiesta-inmaculada","status":"publish","type":"post","link":"https:\/\/diariodelsurdigital.com.ar\/?p=6265","title":{"rendered":"Tradici\u00f3n Ochentosa despide el 2025 y recibe el 2026 con una fiesta inmaculada"},"content":{"rendered":"\n<h1 class=\"wp-block-heading\"><\/h1>\n\n\n\n<h4 class=\"wp-block-heading\">Para la llegada del nuevo a\u00f1o, el Grupo Costa prepara para \u00faltima edici\u00f3n de la Tradici\u00f3n Ochentosa en el templo retro del Club H\u00edpico. Al igual que a\u00f1os anteriores, la consigna es una vestimenta especial.<\/h4>\n\n\n\n<p><a target=\"_blank\" href=\"https:\/\/api.whatsapp.com\/send?text=Tradici%C3%B3n%20Ochentosa%20despide%20el%202025%20y%20recibe%20el%202026%20con%20una%20fiesta%20inmaculada%20-%20https:\/\/diarioriouruguay.com\/concordia\/\/ya-tiene-fecha-la-ultima-tradicion-ochentosa-del-anio-con-una-tematica-especial.htm\" rel=\"noreferrer noopener\"><\/a><a href=\"https:\/\/diarioriouruguay.com\/concordia\/ya-tiene-fecha-la-ultima-tradicion-ochentosa-del-anio-con-una-tematica-especial.htm#\"><\/a><a href=\"javascript:copyLink('aviso', 'URL Copiada');\"><\/a><a href=\"https:\/\/diarioriouruguay.com\/concordia\/ya-tiene-fecha-la-ultima-tradicion-ochentosa-del-anio-con-una-tematica-especial.htm#\"><\/a><a target=\"_blank\" href=\"tg:\/\/msg?text=Tradici%C3%B3n%20Ochentosa%20despide%20el%202025%20y%20recibe%20el%202026%20con%20una%20fiesta%20inmaculada-https:\/\/diarioriouruguay.com\/concordia\/\/ya-tiene-fecha-la-ultima-tradicion-ochentosa-del-anio-con-una-tematica-especial.htm\" rel=\"noreferrer noopener\"><\/a><a href=\"https:\/\/diarioriouruguay.com\/concordia\/ya-tiene-fecha-la-ultima-tradicion-ochentosa-del-anio-con-una-tematica-especial.htm#comentarios\"><\/a><\/p>\n\n\n\n<figure class=\"wp-block-image\"><img decoding=\"async\" src=\"https:\/\/diarioriouruguay.com\/galeria\/fotos\/2025\/12\/23\/l_1766533607_7496.webp\" alt=\"El blanco es la consigna identificatoria para la primera madrugada del a\u00f1o\" title=\"El blanco es la consigna identificatoria para la primera madrugada del a\u00f1o\"\/><figcaption class=\"wp-element-caption\">El blanco es la consigna identificatoria para la primera madrugada del a\u00f1o<\/figcaption><\/figure>\n\n\n\n<p>De acuerdo con lo que explicaron<strong>\u00a0<\/strong>desde la reconocida firma de entretenimiento, \u00e9sta se trata de \u201cuna de las ediciones m\u00e1s esperadas y de las m\u00e1s convocantes\u201d, para la que \u201ctenemos preparado lo que nosotros llamamos la Fiesta de Blanco, en su volumen 2\u201d.<\/p>\n\n\n\n<p>De esta manera, confirmaron que \u201cel c\u00f3digo de vestimenta\u201d, que no es obligatorio para el ingreso sino m\u00e1s bien una consigna, coincide con \u201cla tradici\u00f3n de la gente, que suele salir de blanco en A\u00f1o Nuevo por todo lo que implica: las buenas vibras y comenzar el a\u00f1o con una energ\u00eda positiva\u201d.<\/p>\n\n\n\n<p>Dicho esto, aseguraron que \u201ccomo en cada edici\u00f3n de nuestra fiesta, se fusionan amistades, m\u00fasica atemporal, diversi\u00f3n y una energ\u00eda \u00fanica en uno de los spots m\u00e1s lindos de la ciudad, el Club H\u00edpico Concordia, con un amanecer \u00fanico al aire libre\u201d.<\/p>\n\n\n\n<h3 class=\"wp-block-heading\">C\u00f3digo de vestimenta blanca<\/h3>\n\n\n\n<p>Los organizadores se\u00f1alaron que vestirse de blanco en A\u00f1o Nuevo es \u201cotra tradici\u00f3n que se extendi\u00f3 a lo largo del tiempo, representando un s\u00edmbolo de esperanza, renovaci\u00f3n y pureza\u00bb. Este color no es solo una elecci\u00f3n est\u00e9tica, sino una manera de reflejar los deseos para el nuevo ciclo que comienza, buscando iniciar el a\u00f1o con una energ\u00eda limpia y una actitud positiva hacia lo que est\u00e1 por venir.<\/p>\n\n\n\n<p>Por eso, \u00abrecibir A\u00f1o Nuevo en el Templo Retro no es una moda, sino que se transform\u00f3 en un cl\u00e1sico, coleccionando momentos que se vuelven historia\u00bb.<\/p>\n\n\n\n<h3 class=\"wp-block-heading\">Sorpresas<\/h3>\n\n\n\n<p>Al igual que en otras oportunidades, esta edici\u00f3n contar\u00e1 con \u201clos regalos y premios habituales\u201d. Sin embargo, anticiparon que \u201cvamos a sortear una moto, como lo hicimos para el D\u00eda del Amigo\u201d.<\/p>\n\n\n\n<p>Para participar, precisaron que \u201cdeber\u00e1n comprar su entrada anticipada (en los puntos de venta f\u00edsicos u online) o abonar el ingreso en puerta\u201d, por lo que \u201cquienes ingresen free no participar\u00edan del sorteo\u201d.<\/p>\n\n\n\n<p>Adem\u00e1s, detallaron que \u201csi el evento finaliza a las 9:00 como est\u00e1 previsto, alrededor de las 8:00 de la ma\u00f1ana vamos a estar sorteando la moto\u201d. Dicho esto, indicaron que \u201cel ingreso ser\u00e1 el 1\u00b0 de enero a las 2:00 de la ma\u00f1ana\u201d.<\/p>\n\n\n\n<h3 class=\"wp-block-heading\">Edici\u00f3n especial<\/h3>\n\n\n\n<p>Finalmente, recordaron que el c\u00f3digo de vestimenta consistir\u00e1, en gran parte, por prendas de color blanco, pero tambi\u00e9n consideran \u201cque suelen predominar atuendos con mucho brillo, plateados y dorados, que complementen o reemplacen al blanco\u201d.<\/p>\n\n\n\n<figure class=\"wp-block-image\"><img decoding=\"async\" src=\"https:\/\/diarioriouruguay.com\/galeria\/fotos\/2025\/12\/23\/e_1766533607_6147.webp\" alt=\"\"\/><\/figure>\n\n\n\n<p>Por otro lado, destacaron que \u201cdesde nuestra empresa le damos cierre a un a\u00f1o m\u00e1s de trabajo, con la marca emblema de nuestra firma, con la que comenz\u00f3 el grupo, la que nos sostuvo en los momentos m\u00e1s delicados y a la que le debemos gran parte de nuestro presente: la Tradici\u00f3n Ochentosa\u201d.<\/p>\n\n\n\n<p>Al respecto, desde el Grupo Costa manifestaron que \u201cla idea siempre es cerrar el a\u00f1o con esta fiesta, para devolverle el cari\u00f1o y aguante a toda esa gente que nos acompa\u00f1a todos los meses, y hace tanto tiempo\u201d. Adem\u00e1s, reconocieron que \u201cen la anterior edici\u00f3n de a\u00f1o nuevo vinieron m\u00e1s de 1500 personas\u201d, por lo que \u201ccreemos suele ser una fecha en la que la gente est\u00e1 m\u00e1s predispuesta a salir\u201d y \u201cse siente una energ\u00eda distinta\u201d.<\/p>\n\n\n\n<h3 class=\"wp-block-heading\">Entradas<\/h3>\n\n\n\n<p>Por \u00faltimo, desde la organizaci\u00f3n comentaron que en esta edici\u00f3n se volver\u00e1n a ofrecer entradas mediante el formato PREVENTA \u201ca trav\u00e9s de dos plataformas online: Passline y Central Ticket\u201d y manifestaron que \u201cse har\u00e1 de la misma manera que venimos implement\u00e1ndolo, con tandas de precios m\u00e1s econ\u00f3micos al de la anticipada durante la \u00faltima semana\u201d.<\/p>\n\n\n\n<p>De esta manera, precisaron que \u201cestamos transitando la preventa 3, y ya est\u00e1n disponibles en dichas plataformas online o f\u00edsicos en el Club H\u00edpico (Presidente Illia 80 Bis), hasta este Domingo 28 de Diciembre inclusive o hasta agotar stock a un valor de $9.000\u201d.<\/p>\n\n\n\n<p>Una vez finalizada esta tanda, las entradas a precios generales se podr\u00e1n obtener en el Club H\u00edpico Concordia y Drugstore Full (Bernardo de Irigoyen esquina San Luis).<\/p>\n\n\n\n<p>Fuente: Diario R\u00edo Uruguay<\/p>\n","protected":false},"excerpt":{"rendered":"<p>Para la llegada del nuevo a\u00f1o, el Grupo Costa prepara para \u00faltima edici\u00f3n de la Tradici\u00f3n Ochentosa en el templo retro del Club H\u00edpico. Al igual que a\u00f1os anteriores, la consigna es una vestimenta especial. De acuerdo con lo que explicaron\u00a0desde la reconocida firma de entretenimiento, \u00e9sta se trata de \u201cuna de las ediciones m\u00e1s [&hellip;]<\/p>\n","protected":false},"author":2,"featured_media":6266,"comment_status":"open","ping_status":"open","sticky":false,"template":"","format":"standard","meta":{"footnotes":""},"categories":[19,16],"tags":[],"class_list":{"0":"post-6265","1":"post","2":"type-post","3":"status-publish","4":"format-standard","5":"has-post-thumbnail","7":"category-interes-general","8":"category-locales"},"yoast_head":"<!-- This site is optimized with the Yoast SEO plugin v27.4 - https:\/\/yoast.com\/product\/yoast-seo-wordpress\/ -->\n<title>Tradici\u00f3n Ochentosa despide el 2025 y recibe el 2026 con una fiesta inmaculada - Diario del Sur<\/title>\n<meta name=\"robots\" content=\"index, follow, max-snippet:-1, max-image-preview:large, max-video-preview:-1\" \/>\n<link rel=\"canonical\" href=\"https:\/\/diariodelsurdigital.com.ar\/?p=6265\" \/>\n<meta property=\"og:locale\" content=\"es_ES\" \/>\n<meta property=\"og:type\" content=\"article\" \/>\n<meta property=\"og:title\" content=\"Tradici\u00f3n Ochentosa despide el 2025 y recibe el 2026 con una fiesta inmaculada - Diario del Sur\" \/>\n<meta property=\"og:description\" content=\"Para la llegada del nuevo a\u00f1o, el Grupo Costa prepara para \u00faltima edici\u00f3n de la Tradici\u00f3n Ochentosa en el templo retro del Club H\u00edpico. Al igual que a\u00f1os anteriores, la consigna es una vestimenta especial. De acuerdo con lo que explicaron\u00a0desde la reconocida firma de entretenimiento, \u00e9sta se trata de \u201cuna de las ediciones m\u00e1s [&hellip;]\" \/>\n<meta property=\"og:url\" content=\"https:\/\/diariodelsurdigital.com.ar\/?p=6265\" \/>\n<meta property=\"og:site_name\" content=\"Diario del Sur\" \/>\n<meta property=\"article:published_time\" content=\"2025-12-25T17:57:30+00:00\" \/>\n<meta property=\"article:modified_time\" content=\"2025-12-25T17:57:31+00:00\" \/>\n<meta property=\"og:image\" content=\"https:\/\/diariodelsurdigital.com.ar\/wp-content\/uploads\/2025\/12\/e_1766533607_66914.png\" \/>\n\t<meta property=\"og:image:width\" content=\"450\" \/>\n\t<meta property=\"og:image:height\" content=\"300\" \/>\n\t<meta property=\"og:image:type\" content=\"image\/png\" \/>\n<meta name=\"author\" content=\"Diario del Sur Digital\" \/>\n<meta name=\"twitter:card\" content=\"summary_large_image\" \/>\n<meta name=\"twitter:label1\" content=\"Escrito por\" \/>\n\t<meta name=\"twitter:data1\" content=\"Diario del Sur Digital\" \/>\n\t<meta name=\"twitter:label2\" content=\"Tiempo de lectura\" \/>\n\t<meta name=\"twitter:data2\" content=\"4 minutos\" \/>\n<script type=\"application\/ld+json\" class=\"yoast-schema-graph\">{\"@context\":\"https:\\\/\\\/schema.org\",\"@graph\":[{\"@type\":\"Article\",\"@id\":\"https:\\\/\\\/diariodelsurdigital.com.ar\\\/?p=6265#article\",\"isPartOf\":{\"@id\":\"https:\\\/\\\/diariodelsurdigital.com.ar\\\/?p=6265\"},\"author\":{\"name\":\"Diario del Sur Digital\",\"@id\":\"https:\\\/\\\/diariodelsurdigital.com.ar\\\/#\\\/schema\\\/person\\\/6136a32571657f7dba980b88b04c5465\"},\"headline\":\"Tradici\u00f3n Ochentosa despide el 2025 y recibe el 2026 con una fiesta inmaculada\",\"datePublished\":\"2025-12-25T17:57:30+00:00\",\"dateModified\":\"2025-12-25T17:57:31+00:00\",\"mainEntityOfPage\":{\"@id\":\"https:\\\/\\\/diariodelsurdigital.com.ar\\\/?p=6265\"},\"wordCount\":761,\"commentCount\":0,\"image\":{\"@id\":\"https:\\\/\\\/diariodelsurdigital.com.ar\\\/?p=6265#primaryimage\"},\"thumbnailUrl\":\"https:\\\/\\\/diariodelsurdigital.com.ar\\\/wp-content\\\/uploads\\\/2025\\\/12\\\/e_1766533607_66914.png\",\"articleSection\":[\"Inter\u00e9s General\",\"Locales\"],\"inLanguage\":\"es\",\"potentialAction\":[{\"@type\":\"CommentAction\",\"name\":\"Comment\",\"target\":[\"https:\\\/\\\/diariodelsurdigital.com.ar\\\/?p=6265#respond\"]}]},{\"@type\":\"WebPage\",\"@id\":\"https:\\\/\\\/diariodelsurdigital.com.ar\\\/?p=6265\",\"url\":\"https:\\\/\\\/diariodelsurdigital.com.ar\\\/?p=6265\",\"name\":\"Tradici\u00f3n Ochentosa despide el 2025 y recibe el 2026 con una fiesta inmaculada - Diario del Sur\",\"isPartOf\":{\"@id\":\"https:\\\/\\\/diariodelsurdigital.com.ar\\\/#website\"},\"primaryImageOfPage\":{\"@id\":\"https:\\\/\\\/diariodelsurdigital.com.ar\\\/?p=6265#primaryimage\"},\"image\":{\"@id\":\"https:\\\/\\\/diariodelsurdigital.com.ar\\\/?p=6265#primaryimage\"},\"thumbnailUrl\":\"https:\\\/\\\/diariodelsurdigital.com.ar\\\/wp-content\\\/uploads\\\/2025\\\/12\\\/e_1766533607_66914.png\",\"datePublished\":\"2025-12-25T17:57:30+00:00\",\"dateModified\":\"2025-12-25T17:57:31+00:00\",\"author\":{\"@id\":\"https:\\\/\\\/diariodelsurdigital.com.ar\\\/#\\\/schema\\\/person\\\/6136a32571657f7dba980b88b04c5465\"},\"breadcrumb\":{\"@id\":\"https:\\\/\\\/diariodelsurdigital.com.ar\\\/?p=6265#breadcrumb\"},\"inLanguage\":\"es\",\"potentialAction\":[{\"@type\":\"ReadAction\",\"target\":[\"https:\\\/\\\/diariodelsurdigital.com.ar\\\/?p=6265\"]}]},{\"@type\":\"ImageObject\",\"inLanguage\":\"es\",\"@id\":\"https:\\\/\\\/diariodelsurdigital.com.ar\\\/?p=6265#primaryimage\",\"url\":\"https:\\\/\\\/diariodelsurdigital.com.ar\\\/wp-content\\\/uploads\\\/2025\\\/12\\\/e_1766533607_66914.png\",\"contentUrl\":\"https:\\\/\\\/diariodelsurdigital.com.ar\\\/wp-content\\\/uploads\\\/2025\\\/12\\\/e_1766533607_66914.png\",\"width\":450,\"height\":300},{\"@type\":\"BreadcrumbList\",\"@id\":\"https:\\\/\\\/diariodelsurdigital.com.ar\\\/?p=6265#breadcrumb\",\"itemListElement\":[{\"@type\":\"ListItem\",\"position\":1,\"name\":\"Portada\",\"item\":\"https:\\\/\\\/diariodelsurdigital.com.ar\\\/\"},{\"@type\":\"ListItem\",\"position\":2,\"name\":\"Tradici\u00f3n Ochentosa despide el 2025 y recibe el 2026 con una fiesta inmaculada\"}]},{\"@type\":\"WebSite\",\"@id\":\"https:\\\/\\\/diariodelsurdigital.com.ar\\\/#website\",\"url\":\"https:\\\/\\\/diariodelsurdigital.com.ar\\\/\",\"name\":\"Diario del Sur\",\"description\":\"Digital\",\"potentialAction\":[{\"@type\":\"SearchAction\",\"target\":{\"@type\":\"EntryPoint\",\"urlTemplate\":\"https:\\\/\\\/diariodelsurdigital.com.ar\\\/?s={search_term_string}\"},\"query-input\":{\"@type\":\"PropertyValueSpecification\",\"valueRequired\":true,\"valueName\":\"search_term_string\"}}],\"inLanguage\":\"es\"},{\"@type\":\"Person\",\"@id\":\"https:\\\/\\\/diariodelsurdigital.com.ar\\\/#\\\/schema\\\/person\\\/6136a32571657f7dba980b88b04c5465\",\"name\":\"Diario del Sur Digital\",\"image\":{\"@type\":\"ImageObject\",\"inLanguage\":\"es\",\"@id\":\"https:\\\/\\\/secure.gravatar.com\\\/avatar\\\/4c29ceac98541dd42460b2474aaa5dd37594d6ce6cb3cf2c101d09b48ee287ba?s=96&d=mm&r=g\",\"url\":\"https:\\\/\\\/secure.gravatar.com\\\/avatar\\\/4c29ceac98541dd42460b2474aaa5dd37594d6ce6cb3cf2c101d09b48ee287ba?s=96&d=mm&r=g\",\"contentUrl\":\"https:\\\/\\\/secure.gravatar.com\\\/avatar\\\/4c29ceac98541dd42460b2474aaa5dd37594d6ce6cb3cf2c101d09b48ee287ba?s=96&d=mm&r=g\",\"caption\":\"Diario del Sur Digital\"},\"url\":\"https:\\\/\\\/diariodelsurdigital.com.ar\\\/?author=2\"}]}<\/script>\n<!-- \/ Yoast SEO plugin. -->","yoast_head_json":{"title":"Tradici\u00f3n Ochentosa despide el 2025 y recibe el 2026 con una fiesta inmaculada - Diario del Sur","robots":{"index":"index","follow":"follow","max-snippet":"max-snippet:-1","max-image-preview":"max-image-preview:large","max-video-preview":"max-video-preview:-1"},"canonical":"https:\/\/diariodelsurdigital.com.ar\/?p=6265","og_locale":"es_ES","og_type":"article","og_title":"Tradici\u00f3n Ochentosa despide el 2025 y recibe el 2026 con una fiesta inmaculada - Diario del Sur","og_description":"Para la llegada del nuevo a\u00f1o, el Grupo Costa prepara para \u00faltima edici\u00f3n de la Tradici\u00f3n Ochentosa en el templo retro del Club H\u00edpico. Al igual que a\u00f1os anteriores, la consigna es una vestimenta especial. De acuerdo con lo que explicaron\u00a0desde la reconocida firma de entretenimiento, \u00e9sta se trata de \u201cuna de las ediciones m\u00e1s [&hellip;]","og_url":"https:\/\/diariodelsurdigital.com.ar\/?p=6265","og_site_name":"Diario del Sur","article_published_time":"2025-12-25T17:57:30+00:00","article_modified_time":"2025-12-25T17:57:31+00:00","og_image":[{"width":450,"height":300,"url":"https:\/\/diariodelsurdigital.com.ar\/wp-content\/uploads\/2025\/12\/e_1766533607_66914.png","type":"image\/png"}],"author":"Diario del Sur Digital","twitter_card":"summary_large_image","twitter_misc":{"Escrito por":"Diario del Sur Digital","Tiempo de lectura":"4 minutos"},"schema":{"@context":"https:\/\/schema.org","@graph":[{"@type":"Article","@id":"https:\/\/diariodelsurdigital.com.ar\/?p=6265#article","isPartOf":{"@id":"https:\/\/diariodelsurdigital.com.ar\/?p=6265"},"author":{"name":"Diario del Sur Digital","@id":"https:\/\/diariodelsurdigital.com.ar\/#\/schema\/person\/6136a32571657f7dba980b88b04c5465"},"headline":"Tradici\u00f3n Ochentosa despide el 2025 y recibe el 2026 con una fiesta inmaculada","datePublished":"2025-12-25T17:57:30+00:00","dateModified":"2025-12-25T17:57:31+00:00","mainEntityOfPage":{"@id":"https:\/\/diariodelsurdigital.com.ar\/?p=6265"},"wordCount":761,"commentCount":0,"image":{"@id":"https:\/\/diariodelsurdigital.com.ar\/?p=6265#primaryimage"},"thumbnailUrl":"https:\/\/diariodelsurdigital.com.ar\/wp-content\/uploads\/2025\/12\/e_1766533607_66914.png","articleSection":["Inter\u00e9s General","Locales"],"inLanguage":"es","potentialAction":[{"@type":"CommentAction","name":"Comment","target":["https:\/\/diariodelsurdigital.com.ar\/?p=6265#respond"]}]},{"@type":"WebPage","@id":"https:\/\/diariodelsurdigital.com.ar\/?p=6265","url":"https:\/\/diariodelsurdigital.com.ar\/?p=6265","name":"Tradici\u00f3n Ochentosa despide el 2025 y recibe el 2026 con una fiesta inmaculada - Diario del Sur","isPartOf":{"@id":"https:\/\/diariodelsurdigital.com.ar\/#website"},"primaryImageOfPage":{"@id":"https:\/\/diariodelsurdigital.com.ar\/?p=6265#primaryimage"},"image":{"@id":"https:\/\/diariodelsurdigital.com.ar\/?p=6265#primaryimage"},"thumbnailUrl":"https:\/\/diariodelsurdigital.com.ar\/wp-content\/uploads\/2025\/12\/e_1766533607_66914.png","datePublished":"2025-12-25T17:57:30+00:00","dateModified":"2025-12-25T17:57:31+00:00","author":{"@id":"https:\/\/diariodelsurdigital.com.ar\/#\/schema\/person\/6136a32571657f7dba980b88b04c5465"},"breadcrumb":{"@id":"https:\/\/diariodelsurdigital.com.ar\/?p=6265#breadcrumb"},"inLanguage":"es","potentialAction":[{"@type":"ReadAction","target":["https:\/\/diariodelsurdigital.com.ar\/?p=6265"]}]},{"@type":"ImageObject","inLanguage":"es","@id":"https:\/\/diariodelsurdigital.com.ar\/?p=6265#primaryimage","url":"https:\/\/diariodelsurdigital.com.ar\/wp-content\/uploads\/2025\/12\/e_1766533607_66914.png","contentUrl":"https:\/\/diariodelsurdigital.com.ar\/wp-content\/uploads\/2025\/12\/e_1766533607_66914.png","width":450,"height":300},{"@type":"BreadcrumbList","@id":"https:\/\/diariodelsurdigital.com.ar\/?p=6265#breadcrumb","itemListElement":[{"@type":"ListItem","position":1,"name":"Portada","item":"https:\/\/diariodelsurdigital.com.ar\/"},{"@type":"ListItem","position":2,"name":"Tradici\u00f3n Ochentosa despide el 2025 y recibe el 2026 con una fiesta inmaculada"}]},{"@type":"WebSite","@id":"https:\/\/diariodelsurdigital.com.ar\/#website","url":"https:\/\/diariodelsurdigital.com.ar\/","name":"Diario del Sur","description":"Digital","potentialAction":[{"@type":"SearchAction","target":{"@type":"EntryPoint","urlTemplate":"https:\/\/diariodelsurdigital.com.ar\/?s={search_term_string}"},"query-input":{"@type":"PropertyValueSpecification","valueRequired":true,"valueName":"search_term_string"}}],"inLanguage":"es"},{"@type":"Person","@id":"https:\/\/diariodelsurdigital.com.ar\/#\/schema\/person\/6136a32571657f7dba980b88b04c5465","name":"Diario del Sur Digital","image":{"@type":"ImageObject","inLanguage":"es","@id":"https:\/\/secure.gravatar.com\/avatar\/4c29ceac98541dd42460b2474aaa5dd37594d6ce6cb3cf2c101d09b48ee287ba?s=96&d=mm&r=g","url":"https:\/\/secure.gravatar.com\/avatar\/4c29ceac98541dd42460b2474aaa5dd37594d6ce6cb3cf2c101d09b48ee287ba?s=96&d=mm&r=g","contentUrl":"https:\/\/secure.gravatar.com\/avatar\/4c29ceac98541dd42460b2474aaa5dd37594d6ce6cb3cf2c101d09b48ee287ba?s=96&d=mm&r=g","caption":"Diario del Sur Digital"},"url":"https:\/\/diariodelsurdigital.com.ar\/?author=2"}]}},"_links":{"self":[{"href":"https:\/\/diariodelsurdigital.com.ar\/index.php?rest_route=\/wp\/v2\/posts\/6265","targetHints":{"allow":["GET"]}}],"collection":[{"href":"https:\/\/diariodelsurdigital.com.ar\/index.php?rest_route=\/wp\/v2\/posts"}],"about":[{"href":"https:\/\/diariodelsurdigital.com.ar\/index.php?rest_route=\/wp\/v2\/types\/post"}],"author":[{"embeddable":true,"href":"https:\/\/diariodelsurdigital.com.ar\/index.php?rest_route=\/wp\/v2\/users\/2"}],"replies":[{"embeddable":true,"href":"https:\/\/diariodelsurdigital.com.ar\/index.php?rest_route=%2Fwp%2Fv2%2Fcomments&post=6265"}],"version-history":[{"count":1,"href":"https:\/\/diariodelsurdigital.com.ar\/index.php?rest_route=\/wp\/v2\/posts\/6265\/revisions"}],"predecessor-version":[{"id":6267,"href":"https:\/\/diariodelsurdigital.com.ar\/index.php?rest_route=\/wp\/v2\/posts\/6265\/revisions\/6267"}],"wp:featuredmedia":[{"embeddable":true,"href":"https:\/\/diariodelsurdigital.com.ar\/index.php?rest_route=\/wp\/v2\/media\/6266"}],"wp:attachment":[{"href":"https:\/\/diariodelsurdigital.com.ar\/index.php?rest_route=%2Fwp%2Fv2%2Fmedia&parent=6265"}],"wp:term":[{"taxonomy":"category","embeddable":true,"href":"https:\/\/diariodelsurdigital.com.ar\/index.php?rest_route=%2Fwp%2Fv2%2Fcategories&post=6265"},{"taxonomy":"post_tag","embeddable":true,"href":"https:\/\/diariodelsurdigital.com.ar\/index.php?rest_route=%2Fwp%2Fv2%2Ftags&post=6265"}],"curies":[{"name":"wp","href":"https:\/\/api.w.org\/{rel}","templated":true}]}}