{"id":6271,"date":"2025-12-26T20:07:07","date_gmt":"2025-12-26T23:07:07","guid":{"rendered":"https:\/\/diariodelsurdigital.com.ar\/?p=6271"},"modified":"2025-12-26T20:07:07","modified_gmt":"2025-12-26T23:07:07","slug":"tras-la-sesion-fallida-diputados-peronistas-afirmaron-que-las-denuncias-no-se-trataron-por-decision-del-oficialismo","status":"publish","type":"post","link":"https:\/\/diariodelsurdigital.com.ar\/?p=6271","title":{"rendered":"Tras la sesi\u00f3n fallida, diputados peronistas afirmaron que \u201clas denuncias no se trataron por decisi\u00f3n del oficialismo\u201d"},"content":{"rendered":"\n<h2 class=\"wp-block-heading\" id=\"nota-title\"><\/h2>\n\n\n\n<p>Luego, indicaron: \u201cVale aclarar a todos los entrerrianos y entrerrianas que no es cierto que el dictamen de la citada comisi\u00f3n no se produjo por responsabilidad del peronismo. El oficialismo de \u2018Juntos por Entre R\u00edos\u2019 tiene la suficiente cantidad de representantes para producir un dictamen de mayor\u00eda, y por lo tanto no es necesario que el peronismo -que tiene 6 de los 15 integrantes- acompa\u00f1e esa decisi\u00f3n\u201d.<\/p>\n\n\n\n<p>\u201cSi ese dictamen no contara con las firmas suficientes, obedecer\u00eda a una situaci\u00f3n interna del oficialismo\u201d, aclararon.<\/p>\n\n\n\n<p>\u201cLos legisladores y legisladoras de \u2018M\u00e1s para Entre R\u00edos\u2019 estuvimos este viernes en la Legislatura dispuestos a permitir el quorum necesario para sesionar, pero con la postura de no votar el dictamen elaborado por \u2018Juntos por Entre R\u00edos\u2019. Fue por eso que el oficialismo dej\u00f3 caer la sesi\u00f3n de las 14 y tampoco incluy\u00f3 el tema en la de las 16\u201d, se\u00f1alaron seguidamente.<\/p>\n\n\n\n<p>Finalmente, expresaron que \u201cen estos dos a\u00f1os de gesti\u00f3n el oficialismo ha tratado numerosas iniciativas con dict\u00e1menes firmados solo por integrantes de su bloque y sin considerar las posturas de la oposici\u00f3n. Al oficialismo le sobran votos para emitir el dictamen y tambi\u00e9n para aprobarlo en el recinto\u201d.<\/p>\n\n\n\n<p>Fuente:\u00a0Bloque de Diputados \u00abM\u00e1s para Entre R\u00edos\u00bb<\/p>\n\n\n\n<p><\/p>\n","protected":false},"excerpt":{"rendered":"<p>Luego, indicaron: \u201cVale aclarar a todos los entrerrianos y entrerrianas que no es cierto que el dictamen de la citada comisi\u00f3n no se produjo por responsabilidad del peronismo. El oficialismo de \u2018Juntos por Entre R\u00edos\u2019 tiene la suficiente cantidad de representantes para producir un dictamen de mayor\u00eda, y por lo tanto no es necesario que [&hellip;]<\/p>\n","protected":false},"author":2,"featured_media":6272,"comment_status":"open","ping_status":"open","sticky":false,"template":"","format":"standard","meta":{"footnotes":""},"categories":[22,17],"tags":[],"class_list":{"0":"post-6271","1":"post","2":"type-post","3":"status-publish","4":"format-standard","5":"has-post-thumbnail","7":"category-politica","8":"category-provinciales"},"yoast_head":"<!-- This site is optimized with the Yoast SEO plugin v27.4 - https:\/\/yoast.com\/product\/yoast-seo-wordpress\/ -->\n<title>Tras la sesi\u00f3n fallida, diputados peronistas afirmaron que \u201clas denuncias no se trataron por decisi\u00f3n del oficialismo\u201d - Diario del Sur<\/title>\n<meta name=\"robots\" content=\"index, follow, max-snippet:-1, max-image-preview:large, max-video-preview:-1\" \/>\n<link rel=\"canonical\" href=\"https:\/\/diariodelsurdigital.com.ar\/?p=6271\" \/>\n<meta property=\"og:locale\" content=\"es_ES\" \/>\n<meta property=\"og:type\" content=\"article\" \/>\n<meta property=\"og:title\" content=\"Tras la sesi\u00f3n fallida, diputados peronistas afirmaron que \u201clas denuncias no se trataron por decisi\u00f3n del oficialismo\u201d - Diario del Sur\" \/>\n<meta property=\"og:description\" content=\"Luego, indicaron: \u201cVale aclarar a todos los entrerrianos y entrerrianas que no es cierto que el dictamen de la citada comisi\u00f3n no se produjo por responsabilidad del peronismo. El oficialismo de \u2018Juntos por Entre R\u00edos\u2019 tiene la suficiente cantidad de representantes para producir un dictamen de mayor\u00eda, y por lo tanto no es necesario que [&hellip;]\" \/>\n<meta property=\"og:url\" content=\"https:\/\/diariodelsurdigital.com.ar\/?p=6271\" \/>\n<meta property=\"og:site_name\" content=\"Diario del Sur\" \/>\n<meta property=\"article:published_time\" content=\"2025-12-26T23:07:07+00:00\" \/>\n<meta property=\"og:image\" content=\"https:\/\/diariodelsurdigital.com.ar\/wp-content\/uploads\/2025\/12\/l_1739196233.jpg\" \/>\n\t<meta property=\"og:image:width\" content=\"417\" \/>\n\t<meta property=\"og:image:height\" content=\"278\" \/>\n\t<meta property=\"og:image:type\" content=\"image\/jpeg\" \/>\n<meta name=\"author\" content=\"Diario del Sur Digital\" \/>\n<meta name=\"twitter:card\" content=\"summary_large_image\" \/>\n<meta name=\"twitter:label1\" content=\"Escrito por\" \/>\n\t<meta name=\"twitter:data1\" content=\"Diario del Sur Digital\" \/>\n\t<meta name=\"twitter:label2\" content=\"Tiempo de lectura\" \/>\n\t<meta name=\"twitter:data2\" content=\"2 minutos\" \/>\n<script type=\"application\/ld+json\" class=\"yoast-schema-graph\">{\"@context\":\"https:\\\/\\\/schema.org\",\"@graph\":[{\"@type\":\"Article\",\"@id\":\"https:\\\/\\\/diariodelsurdigital.com.ar\\\/?p=6271#article\",\"isPartOf\":{\"@id\":\"https:\\\/\\\/diariodelsurdigital.com.ar\\\/?p=6271\"},\"author\":{\"name\":\"Diario del Sur Digital\",\"@id\":\"https:\\\/\\\/diariodelsurdigital.com.ar\\\/#\\\/schema\\\/person\\\/6136a32571657f7dba980b88b04c5465\"},\"headline\":\"Tras la sesi\u00f3n fallida, diputados peronistas afirmaron que \u201clas denuncias no se trataron por decisi\u00f3n del oficialismo\u201d\",\"datePublished\":\"2025-12-26T23:07:07+00:00\",\"mainEntityOfPage\":{\"@id\":\"https:\\\/\\\/diariodelsurdigital.com.ar\\\/?p=6271\"},\"wordCount\":237,\"commentCount\":0,\"image\":{\"@id\":\"https:\\\/\\\/diariodelsurdigital.com.ar\\\/?p=6271#primaryimage\"},\"thumbnailUrl\":\"https:\\\/\\\/diariodelsurdigital.com.ar\\\/wp-content\\\/uploads\\\/2025\\\/12\\\/l_1739196233.jpg\",\"articleSection\":[\"Pol\u00edtica\",\"Provinciales\"],\"inLanguage\":\"es\",\"potentialAction\":[{\"@type\":\"CommentAction\",\"name\":\"Comment\",\"target\":[\"https:\\\/\\\/diariodelsurdigital.com.ar\\\/?p=6271#respond\"]}]},{\"@type\":\"WebPage\",\"@id\":\"https:\\\/\\\/diariodelsurdigital.com.ar\\\/?p=6271\",\"url\":\"https:\\\/\\\/diariodelsurdigital.com.ar\\\/?p=6271\",\"name\":\"Tras la sesi\u00f3n fallida, diputados peronistas afirmaron que \u201clas denuncias no se trataron por decisi\u00f3n del oficialismo\u201d - Diario del Sur\",\"isPartOf\":{\"@id\":\"https:\\\/\\\/diariodelsurdigital.com.ar\\\/#website\"},\"primaryImageOfPage\":{\"@id\":\"https:\\\/\\\/diariodelsurdigital.com.ar\\\/?p=6271#primaryimage\"},\"image\":{\"@id\":\"https:\\\/\\\/diariodelsurdigital.com.ar\\\/?p=6271#primaryimage\"},\"thumbnailUrl\":\"https:\\\/\\\/diariodelsurdigital.com.ar\\\/wp-content\\\/uploads\\\/2025\\\/12\\\/l_1739196233.jpg\",\"datePublished\":\"2025-12-26T23:07:07+00:00\",\"author\":{\"@id\":\"https:\\\/\\\/diariodelsurdigital.com.ar\\\/#\\\/schema\\\/person\\\/6136a32571657f7dba980b88b04c5465\"},\"breadcrumb\":{\"@id\":\"https:\\\/\\\/diariodelsurdigital.com.ar\\\/?p=6271#breadcrumb\"},\"inLanguage\":\"es\",\"potentialAction\":[{\"@type\":\"ReadAction\",\"target\":[\"https:\\\/\\\/diariodelsurdigital.com.ar\\\/?p=6271\"]}]},{\"@type\":\"ImageObject\",\"inLanguage\":\"es\",\"@id\":\"https:\\\/\\\/diariodelsurdigital.com.ar\\\/?p=6271#primaryimage\",\"url\":\"https:\\\/\\\/diariodelsurdigital.com.ar\\\/wp-content\\\/uploads\\\/2025\\\/12\\\/l_1739196233.jpg\",\"contentUrl\":\"https:\\\/\\\/diariodelsurdigital.com.ar\\\/wp-content\\\/uploads\\\/2025\\\/12\\\/l_1739196233.jpg\",\"width\":417,\"height\":278},{\"@type\":\"BreadcrumbList\",\"@id\":\"https:\\\/\\\/diariodelsurdigital.com.ar\\\/?p=6271#breadcrumb\",\"itemListElement\":[{\"@type\":\"ListItem\",\"position\":1,\"name\":\"Portada\",\"item\":\"https:\\\/\\\/diariodelsurdigital.com.ar\\\/\"},{\"@type\":\"ListItem\",\"position\":2,\"name\":\"Tras la sesi\u00f3n fallida, diputados peronistas afirmaron que \u201clas denuncias no se trataron por decisi\u00f3n del oficialismo\u201d\"}]},{\"@type\":\"WebSite\",\"@id\":\"https:\\\/\\\/diariodelsurdigital.com.ar\\\/#website\",\"url\":\"https:\\\/\\\/diariodelsurdigital.com.ar\\\/\",\"name\":\"Diario del Sur\",\"description\":\"Digital\",\"potentialAction\":[{\"@type\":\"SearchAction\",\"target\":{\"@type\":\"EntryPoint\",\"urlTemplate\":\"https:\\\/\\\/diariodelsurdigital.com.ar\\\/?s={search_term_string}\"},\"query-input\":{\"@type\":\"PropertyValueSpecification\",\"valueRequired\":true,\"valueName\":\"search_term_string\"}}],\"inLanguage\":\"es\"},{\"@type\":\"Person\",\"@id\":\"https:\\\/\\\/diariodelsurdigital.com.ar\\\/#\\\/schema\\\/person\\\/6136a32571657f7dba980b88b04c5465\",\"name\":\"Diario del Sur Digital\",\"image\":{\"@type\":\"ImageObject\",\"inLanguage\":\"es\",\"@id\":\"https:\\\/\\\/secure.gravatar.com\\\/avatar\\\/4c29ceac98541dd42460b2474aaa5dd37594d6ce6cb3cf2c101d09b48ee287ba?s=96&d=mm&r=g\",\"url\":\"https:\\\/\\\/secure.gravatar.com\\\/avatar\\\/4c29ceac98541dd42460b2474aaa5dd37594d6ce6cb3cf2c101d09b48ee287ba?s=96&d=mm&r=g\",\"contentUrl\":\"https:\\\/\\\/secure.gravatar.com\\\/avatar\\\/4c29ceac98541dd42460b2474aaa5dd37594d6ce6cb3cf2c101d09b48ee287ba?s=96&d=mm&r=g\",\"caption\":\"Diario del Sur Digital\"},\"url\":\"https:\\\/\\\/diariodelsurdigital.com.ar\\\/?author=2\"}]}<\/script>\n<!-- \/ Yoast SEO plugin. -->","yoast_head_json":{"title":"Tras la sesi\u00f3n fallida, diputados peronistas afirmaron que \u201clas denuncias no se trataron por decisi\u00f3n del oficialismo\u201d - Diario del Sur","robots":{"index":"index","follow":"follow","max-snippet":"max-snippet:-1","max-image-preview":"max-image-preview:large","max-video-preview":"max-video-preview:-1"},"canonical":"https:\/\/diariodelsurdigital.com.ar\/?p=6271","og_locale":"es_ES","og_type":"article","og_title":"Tras la sesi\u00f3n fallida, diputados peronistas afirmaron que \u201clas denuncias no se trataron por decisi\u00f3n del oficialismo\u201d - Diario del Sur","og_description":"Luego, indicaron: \u201cVale aclarar a todos los entrerrianos y entrerrianas que no es cierto que el dictamen de la citada comisi\u00f3n no se produjo por responsabilidad del peronismo. El oficialismo de \u2018Juntos por Entre R\u00edos\u2019 tiene la suficiente cantidad de representantes para producir un dictamen de mayor\u00eda, y por lo tanto no es necesario que [&hellip;]","og_url":"https:\/\/diariodelsurdigital.com.ar\/?p=6271","og_site_name":"Diario del Sur","article_published_time":"2025-12-26T23:07:07+00:00","og_image":[{"width":417,"height":278,"url":"https:\/\/diariodelsurdigital.com.ar\/wp-content\/uploads\/2025\/12\/l_1739196233.jpg","type":"image\/jpeg"}],"author":"Diario del Sur Digital","twitter_card":"summary_large_image","twitter_misc":{"Escrito por":"Diario del Sur Digital","Tiempo de lectura":"2 minutos"},"schema":{"@context":"https:\/\/schema.org","@graph":[{"@type":"Article","@id":"https:\/\/diariodelsurdigital.com.ar\/?p=6271#article","isPartOf":{"@id":"https:\/\/diariodelsurdigital.com.ar\/?p=6271"},"author":{"name":"Diario del Sur Digital","@id":"https:\/\/diariodelsurdigital.com.ar\/#\/schema\/person\/6136a32571657f7dba980b88b04c5465"},"headline":"Tras la sesi\u00f3n fallida, diputados peronistas afirmaron que \u201clas denuncias no se trataron por decisi\u00f3n del oficialismo\u201d","datePublished":"2025-12-26T23:07:07+00:00","mainEntityOfPage":{"@id":"https:\/\/diariodelsurdigital.com.ar\/?p=6271"},"wordCount":237,"commentCount":0,"image":{"@id":"https:\/\/diariodelsurdigital.com.ar\/?p=6271#primaryimage"},"thumbnailUrl":"https:\/\/diariodelsurdigital.com.ar\/wp-content\/uploads\/2025\/12\/l_1739196233.jpg","articleSection":["Pol\u00edtica","Provinciales"],"inLanguage":"es","potentialAction":[{"@type":"CommentAction","name":"Comment","target":["https:\/\/diariodelsurdigital.com.ar\/?p=6271#respond"]}]},{"@type":"WebPage","@id":"https:\/\/diariodelsurdigital.com.ar\/?p=6271","url":"https:\/\/diariodelsurdigital.com.ar\/?p=6271","name":"Tras la sesi\u00f3n fallida, diputados peronistas afirmaron que \u201clas denuncias no se trataron por decisi\u00f3n del oficialismo\u201d - Diario del Sur","isPartOf":{"@id":"https:\/\/diariodelsurdigital.com.ar\/#website"},"primaryImageOfPage":{"@id":"https:\/\/diariodelsurdigital.com.ar\/?p=6271#primaryimage"},"image":{"@id":"https:\/\/diariodelsurdigital.com.ar\/?p=6271#primaryimage"},"thumbnailUrl":"https:\/\/diariodelsurdigital.com.ar\/wp-content\/uploads\/2025\/12\/l_1739196233.jpg","datePublished":"2025-12-26T23:07:07+00:00","author":{"@id":"https:\/\/diariodelsurdigital.com.ar\/#\/schema\/person\/6136a32571657f7dba980b88b04c5465"},"breadcrumb":{"@id":"https:\/\/diariodelsurdigital.com.ar\/?p=6271#breadcrumb"},"inLanguage":"es","potentialAction":[{"@type":"ReadAction","target":["https:\/\/diariodelsurdigital.com.ar\/?p=6271"]}]},{"@type":"ImageObject","inLanguage":"es","@id":"https:\/\/diariodelsurdigital.com.ar\/?p=6271#primaryimage","url":"https:\/\/diariodelsurdigital.com.ar\/wp-content\/uploads\/2025\/12\/l_1739196233.jpg","contentUrl":"https:\/\/diariodelsurdigital.com.ar\/wp-content\/uploads\/2025\/12\/l_1739196233.jpg","width":417,"height":278},{"@type":"BreadcrumbList","@id":"https:\/\/diariodelsurdigital.com.ar\/?p=6271#breadcrumb","itemListElement":[{"@type":"ListItem","position":1,"name":"Portada","item":"https:\/\/diariodelsurdigital.com.ar\/"},{"@type":"ListItem","position":2,"name":"Tras la sesi\u00f3n fallida, diputados peronistas afirmaron que \u201clas denuncias no se trataron por decisi\u00f3n del oficialismo\u201d"}]},{"@type":"WebSite","@id":"https:\/\/diariodelsurdigital.com.ar\/#website","url":"https:\/\/diariodelsurdigital.com.ar\/","name":"Diario del Sur","description":"Digital","potentialAction":[{"@type":"SearchAction","target":{"@type":"EntryPoint","urlTemplate":"https:\/\/diariodelsurdigital.com.ar\/?s={search_term_string}"},"query-input":{"@type":"PropertyValueSpecification","valueRequired":true,"valueName":"search_term_string"}}],"inLanguage":"es"},{"@type":"Person","@id":"https:\/\/diariodelsurdigital.com.ar\/#\/schema\/person\/6136a32571657f7dba980b88b04c5465","name":"Diario del Sur Digital","image":{"@type":"ImageObject","inLanguage":"es","@id":"https:\/\/secure.gravatar.com\/avatar\/4c29ceac98541dd42460b2474aaa5dd37594d6ce6cb3cf2c101d09b48ee287ba?s=96&d=mm&r=g","url":"https:\/\/secure.gravatar.com\/avatar\/4c29ceac98541dd42460b2474aaa5dd37594d6ce6cb3cf2c101d09b48ee287ba?s=96&d=mm&r=g","contentUrl":"https:\/\/secure.gravatar.com\/avatar\/4c29ceac98541dd42460b2474aaa5dd37594d6ce6cb3cf2c101d09b48ee287ba?s=96&d=mm&r=g","caption":"Diario del Sur Digital"},"url":"https:\/\/diariodelsurdigital.com.ar\/?author=2"}]}},"_links":{"self":[{"href":"https:\/\/diariodelsurdigital.com.ar\/index.php?rest_route=\/wp\/v2\/posts\/6271","targetHints":{"allow":["GET"]}}],"collection":[{"href":"https:\/\/diariodelsurdigital.com.ar\/index.php?rest_route=\/wp\/v2\/posts"}],"about":[{"href":"https:\/\/diariodelsurdigital.com.ar\/index.php?rest_route=\/wp\/v2\/types\/post"}],"author":[{"embeddable":true,"href":"https:\/\/diariodelsurdigital.com.ar\/index.php?rest_route=\/wp\/v2\/users\/2"}],"replies":[{"embeddable":true,"href":"https:\/\/diariodelsurdigital.com.ar\/index.php?rest_route=%2Fwp%2Fv2%2Fcomments&post=6271"}],"version-history":[{"count":1,"href":"https:\/\/diariodelsurdigital.com.ar\/index.php?rest_route=\/wp\/v2\/posts\/6271\/revisions"}],"predecessor-version":[{"id":6273,"href":"https:\/\/diariodelsurdigital.com.ar\/index.php?rest_route=\/wp\/v2\/posts\/6271\/revisions\/6273"}],"wp:featuredmedia":[{"embeddable":true,"href":"https:\/\/diariodelsurdigital.com.ar\/index.php?rest_route=\/wp\/v2\/media\/6272"}],"wp:attachment":[{"href":"https:\/\/diariodelsurdigital.com.ar\/index.php?rest_route=%2Fwp%2Fv2%2Fmedia&parent=6271"}],"wp:term":[{"taxonomy":"category","embeddable":true,"href":"https:\/\/diariodelsurdigital.com.ar\/index.php?rest_route=%2Fwp%2Fv2%2Fcategories&post=6271"},{"taxonomy":"post_tag","embeddable":true,"href":"https:\/\/diariodelsurdigital.com.ar\/index.php?rest_route=%2Fwp%2Fv2%2Ftags&post=6271"}],"curies":[{"name":"wp","href":"https:\/\/api.w.org\/{rel}","templated":true}]}}