{"id":6274,"date":"2025-12-26T20:15:12","date_gmt":"2025-12-26T23:15:12","guid":{"rendered":"https:\/\/diariodelsurdigital.com.ar\/?p=6274"},"modified":"2025-12-26T20:15:43","modified_gmt":"2025-12-26T23:15:43","slug":"el-desafio-de-proteger-los-humedales-urbanos-tenemos-que-trabajar-la-conciencia-ambiental-esgrimio-guitar","status":"publish","type":"post","link":"https:\/\/diariodelsurdigital.com.ar\/?p=6274","title":{"rendered":"El desaf\u00edo de proteger los humedales urbanos: \u201cTenemos que trabajar la conciencia ambiental\u201d, esgrimi\u00f3 Guitar"},"content":{"rendered":"\n<h1 class=\"wp-block-heading\" id=\"brxe-irvovo\"><\/h1>\n\n\n\n<p id=\"brxe-engrnl\">La ex concejal Cristina Guitar, fue electa como presidenta de la Comisi\u00f3n Directiva del Consejo de Protecci\u00f3n de Humedales del Ejido Concordia. Esta ma\u00f1ana, anticip\u00f3 que tomo conocimiento informal de que en la esquina de Sara Neira y Eva Per\u00f3n, donde se rellen\u00f3 y se est\u00e1 construyendo sobre el humedal Salto Chico, se lleg\u00f3 a una instancia de mediaci\u00f3n donde se estipul\u00f3 que se debe recrear una especie de laguna de contenci\u00f3n y el desarrollo del curso de agua que exist\u00eda. \u201cEso va a actuar de amortiguaci\u00f3n ante las lluvias y las inundaciones como antes hacia ese terreno\u201d, dijo. No obstante, indic\u00f3 que no conoce si se ha llevado a cabo ese compromiso y el progreso que ha tenido hasta el momento. Por otra parte, Guitar sostuvo que asumi\u00f3 el mi\u00e9rcoles pasado, pero a\u00fan no pudo hacer con los documentos del equipo t\u00e9cnico que representa al Consejo ante el equipo de trabajo de la municipalidad. Tambi\u00e9n sostuvo que se debe poner la lupa en otros sectores como Monse\u00f1or R\u00f6sch, a la altura del vallecito del arroyo Ayu\u00ed y en Mario Gatto y Nogoy\u00e1. \u201cMaquinas hay por todos lados. Hay varios desarrollos inmobiliarios. La verdad es que habr\u00eda que ver\u201d, remarc\u00f3.<\/p>\n\n\n\n<p id=\"brxe-bujcid\"> <\/p>\n\n\n\n<figure class=\"wp-block-image\" id=\"brxe-jiwowu\"><img decoding=\"async\" src=\"https:\/\/www.diariojunio.com.ar\/wp-content\/uploads\/2025\/12\/humedal-final.jpg\" alt=\"\"\/><\/figure>\n\n\n\n<p><a href=\"https:\/\/t.me\/share\/url?url=https:\/\/www.diariojunio.com.ar\/el-desafio-de-proteger-los-humedales-urbanos-maquinas-hay-por-todos-lados-admitio-guitar\/\" target=\"_blank\" rel=\"noreferrer noopener\"><\/a><a href=\"https:\/\/www.facebook.com\/sharer\/sharer.php?u=https:\/\/www.diariojunio.com.ar\/el-desafio-de-proteger-los-humedales-urbanos-maquinas-hay-por-todos-lados-admitio-guitar\/\" target=\"_blank\" rel=\"noreferrer noopener\"><\/a><a href=\"https:\/\/twitter.com\/intent\/tweet?url=https:\/\/www.diariojunio.com.ar\/el-desafio-de-proteger-los-humedales-urbanos-maquinas-hay-por-todos-lados-admitio-guitar\/\" target=\"_blank\" rel=\"noreferrer noopener\"><\/a><a href=\"https:\/\/wa.me\/?text=https:\/\/www.diariojunio.com.ar\/el-desafio-de-proteger-los-humedales-urbanos-maquinas-hay-por-todos-lados-admitio-guitar\/\" target=\"_blank\" rel=\"noreferrer noopener\"><\/a><\/p>\n\n\n\n<p>Respecto de la obra de Sara Neira y Eva Per\u00f3n, el mes pasado, se dio cuenta de la misma. Una obra sobre la que el municipio no aporta informaci\u00f3n. No hay cartel de obra, ni permisos a la vista, ni datos oficiales sobre qui\u00e9n ejecuta el proyecto o con qu\u00e9 fines. Solo se observa un cerco perimetral con aberturas y un terreno desmontado y rellenado de 19.935,32 metros, el equivalente a casi dos hect\u00e1reas, en lo que (seg\u00fan vecinos y referentes ambientales) era un humedal protegido.<\/p>\n\n\n\n<p>Vecinos y ambientalistas aseguran que estos terrenos ya hab\u00edan sido rellenados a\u00f1os atr\u00e1s y que las obras nunca fueron aprobadas porque el propietario,&nbsp; Gustavo N\u00fa\u00f1ez, no habr\u00eda cumplido las remediaciones ambientales obligatorias, es decir, las medidas para reparar el da\u00f1o ocasionado en un ecosistema sensible. Aun as\u00ed, el cerco se levanta y la obra parece avanzar de manera inexorable.<\/p>\n\n\n\n<p>Respecto de la mediaci\u00f3n y la obligaci\u00f3n del propietario de construir una laguna de contenci\u00f3n, Guitar aclar\u00f3 que es una versi\u00f3n que obtuvo de manera informal. \u201cEstamos esperando que nuestra representante del equipo t\u00e9cnico nos facilite la documentaci\u00f3n\u201d, indic\u00f3 Guitar. Las reuniones en la municipalidad se realizan todos los mi\u00e9rcoles a las 11 de la ma\u00f1ana en el Centro C\u00edvico. El mi\u00e9rcoles pasado fue 24 de diciembre, el pr\u00f3ximo es 31 y luego est\u00e1n previstas las dos semanas de receso. Por lo tanto, estima que a mediados de enero podr\u00e1 tomar contacto con los documentos en los que se trabaj\u00f3 en estos dos a\u00f1os.<\/p>\n\n\n\n<p>Guitar sostuvo que el relleno no es la \u00fanica acci\u00f3n humana que afecta a los humedales. Tambi\u00e9n la descarga de basura y la quema de residuos. Adem\u00e1s, record\u00f3 que la ciudad est\u00e1 asentada sobre humedales. \u201cTenemos que trabajar la conciencia ambiental\u201d, mencion\u00f3.<\/p>\n\n\n\n<figure class=\"wp-block-image\" id=\"attachment_134250\"><img decoding=\"async\" src=\"https:\/\/www.diariojunio.com.ar\/wp-content\/uploads\/2025\/12\/vallecito-ayui-final.jpg\" alt=\"\" class=\"wp-image-134250\"\/><figcaption class=\"wp-element-caption\">Una foto de Google Maps muestra como era el Vallecito del Ayu\u00ed (protegido por ordenanza) antes de que las topadoras desmontaran y rellenaran parte del cauce del arroyito.<\/figcaption><\/figure>\n\n\n\n<p>M\u00e1s adelante, Guitar record\u00f3 que los objetivos de la Comisi\u00f3n est\u00e1n estipulados en la ordenanza y quieren llegar hasta el l\u00edmite que les permite el texto:<\/p>\n\n\n\n<p>a) velar por el cumplimiento de la ordenanza N\u00b0 36802\/19 sobre protecci\u00f3n de humedales en Concordia,<\/p>\n\n\n\n<p>b) contribuir a la aplicaci\u00f3n de la normativa ambiental vigente, al uso racional del territorio y al aprovechamiento sostenible de los bienes naturales existentes en la ciudad,<\/p>\n\n\n\n<p>c) redactar informes, proponer actividades y planificar acciones,<\/p>\n\n\n\n<p>d) rececpionar informes, denuncias y\/u objeciones que sean presentadas al Consejo, elev\u00e1ndolas a la Unidad de Desarrollo Ambiental y Administraci\u00f3n del Parque Abasto (Udaapa)<\/p>\n\n\n\n<p>e) evaluar opiniones o juicios emitidos en relaci\u00f3n con los fines de la normativa referida<\/p>\n\n\n\n<p>f) participar activamente de un plan de gesti\u00f3n de protecci\u00f3n ambiental de los humedales<\/p>\n\n\n\n<p>g) elaborar propuestas para reglamentar las ordenanzas referidas a la protecci\u00f3n de cursos de agua, acu\u00edferos y\/o humedales. etc.<\/p>\n\n\n\n<p>Uno de los problemas es que no tienen presupuesto propio para desarrollar sus propuestas. \u201cM\u00e1s all\u00e1 de que no manejemos presupuestos, tiene que haber presupuestos para la protecci\u00f3n de humedales. Y que se ejecuten\u201d, aclar\u00f3. Por ejemplo, destinar anualmente $ 2 millones del presupuesto de la Municipalidad a elaborar carteles para colocar en los humedales para ense\u00f1ar a la poblaci\u00f3n que se tratan de lugares naturales protegidos por ordenanza. \u201cDos millones de pesos no es nada para el presupuesto municipal\u201d, aclar\u00f3.<\/p>\n\n\n\n<p>Guitar, quien es secundada por la ex concejal Noem\u00ed Redolfi, sostuvo que van a trabajar para la puesta en marcha de una plataforma interactiva que sea pr\u00e1ctica y que est\u00e9 al alcance de todos los vecinos para que puedan conocer las normativas existentes, el inventario de los humedales y los tel\u00e9fonos a los cuales puedan llamar para hacer una denuncia.<\/p>\n\n\n\n<p>Asimismo, destac\u00f3 que cuentan con un mont\u00f3n de propuestas que quieren consensuar. Por ejemplo, respecto de las competencias deportivas en la naturaleza, dijo que quieren comenzar a cambiar algunas cuestiones. En la zona del Lago se organizan trails o carreras de MTB y se delimita el circuito con tiras de pl\u00e1stico que quedan degrad\u00e1ndose meses en los arboles ya que los organizadores no las retiran. Lo mismo con las bolsitas de pl\u00e1stico con agua que las arrojan en el suelo los competidores. Guitar demand\u00f3 mas \u201csustentabilidad\u201d ambiental a los organizadores de la agenda deportiva.<\/p>\n\n\n\n<p>Por \u00faltimo, la ex concejal record\u00f3 que el planeta est\u00e1 atravesando el cambio clim\u00e1tico y la zona de Concordia, de ac\u00e1 a 40 a\u00f1os, las proyecciones auguran m\u00e1s calor, m\u00e1s humedad y mayor cantidad de lluvias tropicales. \u201cVemos que caen chaparrones con mucha cantidad de mil\u00edmetros que impacta en los rellenos de los humedales y tambi\u00e9n en los desag\u00fces pluviales\u201d, dijo. &nbsp;Los humedales urbanos siguen cumpliendo funciones esenciales: purificaci\u00f3n del agua, retenci\u00f3n de lluvias y conectividad ecol\u00f3gica. Al rellenarlos, las ciudades quedan expuestas a inundaciones incluso con pocas precipitaciones.<\/p>\n\n\n\n<p>\u201cEl clima no los vamos a cambiar, tenemos que ver c\u00f3mo nos adaptamos\u201d, indic\u00f3 Guitar.<\/p>\n\n\n\n<figure class=\"wp-block-image\" id=\"attachment_134247\"><img decoding=\"async\" src=\"https:\/\/www.diariojunio.com.ar\/wp-content\/uploads\/2025\/12\/humedal-final-2.jpg\" alt=\"\" class=\"wp-image-134247\"\/><figcaption class=\"wp-element-caption\">Desarrollo inmobiliario en Mario Gatto y y Eva Per\u00f3n, 500 metros antes del ingreso a La Bianca, sobre el humedal Salto Chico.<\/figcaption><\/figure>\n\n\n\n<p>Fuente: Diario Junio<\/p>\n","protected":false},"excerpt":{"rendered":"<p>La ex concejal Cristina Guitar, fue electa como presidenta de la Comisi\u00f3n Directiva del Consejo de Protecci\u00f3n de Humedales del Ejido Concordia. Esta ma\u00f1ana, anticip\u00f3 que tomo conocimiento informal de que en la esquina de Sara Neira y Eva Per\u00f3n, donde se rellen\u00f3 y se est\u00e1 construyendo sobre el humedal Salto Chico, se lleg\u00f3 a [&hellip;]<\/p>\n","protected":false},"author":2,"featured_media":6275,"comment_status":"open","ping_status":"open","sticky":false,"template":"","format":"standard","meta":{"footnotes":""},"categories":[19,16],"tags":[],"class_list":{"0":"post-6274","1":"post","2":"type-post","3":"status-publish","4":"format-standard","5":"has-post-thumbnail","7":"category-interes-general","8":"category-locales"},"yoast_head":"<!-- This site is optimized with the Yoast SEO plugin v27.4 - https:\/\/yoast.com\/product\/yoast-seo-wordpress\/ -->\n<title>El desaf\u00edo de proteger los humedales urbanos: \u201cTenemos que trabajar la conciencia ambiental\u201d, esgrimi\u00f3 Guitar - Diario del Sur<\/title>\n<meta name=\"robots\" content=\"index, follow, max-snippet:-1, max-image-preview:large, max-video-preview:-1\" \/>\n<link rel=\"canonical\" href=\"https:\/\/diariodelsurdigital.com.ar\/?p=6274\" \/>\n<meta property=\"og:locale\" content=\"es_ES\" \/>\n<meta property=\"og:type\" content=\"article\" \/>\n<meta property=\"og:title\" content=\"El desaf\u00edo de proteger los humedales urbanos: \u201cTenemos que trabajar la conciencia ambiental\u201d, esgrimi\u00f3 Guitar - Diario del Sur\" \/>\n<meta property=\"og:description\" content=\"La ex concejal Cristina Guitar, fue electa como presidenta de la Comisi\u00f3n Directiva del Consejo de Protecci\u00f3n de Humedales del Ejido Concordia. Esta ma\u00f1ana, anticip\u00f3 que tomo conocimiento informal de que en la esquina de Sara Neira y Eva Per\u00f3n, donde se rellen\u00f3 y se est\u00e1 construyendo sobre el humedal Salto Chico, se lleg\u00f3 a [&hellip;]\" \/>\n<meta property=\"og:url\" content=\"https:\/\/diariodelsurdigital.com.ar\/?p=6274\" \/>\n<meta property=\"og:site_name\" content=\"Diario del Sur\" \/>\n<meta property=\"article:published_time\" content=\"2025-12-26T23:15:12+00:00\" \/>\n<meta property=\"article:modified_time\" content=\"2025-12-26T23:15:43+00:00\" \/>\n<meta property=\"og:image\" content=\"https:\/\/diariodelsurdigital.com.ar\/wp-content\/uploads\/2025\/12\/humedal-final.jpg\" \/>\n\t<meta property=\"og:image:width\" content=\"480\" \/>\n\t<meta property=\"og:image:height\" content=\"291\" \/>\n\t<meta property=\"og:image:type\" content=\"image\/jpeg\" \/>\n<meta name=\"author\" content=\"Diario del Sur Digital\" \/>\n<meta name=\"twitter:card\" content=\"summary_large_image\" \/>\n<meta name=\"twitter:label1\" content=\"Escrito por\" \/>\n\t<meta name=\"twitter:data1\" content=\"Diario del Sur Digital\" \/>\n\t<meta name=\"twitter:label2\" content=\"Tiempo de lectura\" \/>\n\t<meta name=\"twitter:data2\" content=\"6 minutos\" \/>\n<script type=\"application\/ld+json\" class=\"yoast-schema-graph\">{\"@context\":\"https:\\\/\\\/schema.org\",\"@graph\":[{\"@type\":\"Article\",\"@id\":\"https:\\\/\\\/diariodelsurdigital.com.ar\\\/?p=6274#article\",\"isPartOf\":{\"@id\":\"https:\\\/\\\/diariodelsurdigital.com.ar\\\/?p=6274\"},\"author\":{\"name\":\"Diario del Sur Digital\",\"@id\":\"https:\\\/\\\/diariodelsurdigital.com.ar\\\/#\\\/schema\\\/person\\\/6136a32571657f7dba980b88b04c5465\"},\"headline\":\"El desaf\u00edo de proteger los humedales urbanos: \u201cTenemos que trabajar la conciencia ambiental\u201d, esgrimi\u00f3 Guitar\",\"datePublished\":\"2025-12-26T23:15:12+00:00\",\"dateModified\":\"2025-12-26T23:15:43+00:00\",\"mainEntityOfPage\":{\"@id\":\"https:\\\/\\\/diariodelsurdigital.com.ar\\\/?p=6274\"},\"wordCount\":1120,\"commentCount\":0,\"image\":{\"@id\":\"https:\\\/\\\/diariodelsurdigital.com.ar\\\/?p=6274#primaryimage\"},\"thumbnailUrl\":\"https:\\\/\\\/diariodelsurdigital.com.ar\\\/wp-content\\\/uploads\\\/2025\\\/12\\\/humedal-final.jpg\",\"articleSection\":[\"Inter\u00e9s General\",\"Locales\"],\"inLanguage\":\"es\",\"potentialAction\":[{\"@type\":\"CommentAction\",\"name\":\"Comment\",\"target\":[\"https:\\\/\\\/diariodelsurdigital.com.ar\\\/?p=6274#respond\"]}]},{\"@type\":\"WebPage\",\"@id\":\"https:\\\/\\\/diariodelsurdigital.com.ar\\\/?p=6274\",\"url\":\"https:\\\/\\\/diariodelsurdigital.com.ar\\\/?p=6274\",\"name\":\"El desaf\u00edo de proteger los humedales urbanos: \u201cTenemos que trabajar la conciencia ambiental\u201d, esgrimi\u00f3 Guitar - Diario del Sur\",\"isPartOf\":{\"@id\":\"https:\\\/\\\/diariodelsurdigital.com.ar\\\/#website\"},\"primaryImageOfPage\":{\"@id\":\"https:\\\/\\\/diariodelsurdigital.com.ar\\\/?p=6274#primaryimage\"},\"image\":{\"@id\":\"https:\\\/\\\/diariodelsurdigital.com.ar\\\/?p=6274#primaryimage\"},\"thumbnailUrl\":\"https:\\\/\\\/diariodelsurdigital.com.ar\\\/wp-content\\\/uploads\\\/2025\\\/12\\\/humedal-final.jpg\",\"datePublished\":\"2025-12-26T23:15:12+00:00\",\"dateModified\":\"2025-12-26T23:15:43+00:00\",\"author\":{\"@id\":\"https:\\\/\\\/diariodelsurdigital.com.ar\\\/#\\\/schema\\\/person\\\/6136a32571657f7dba980b88b04c5465\"},\"breadcrumb\":{\"@id\":\"https:\\\/\\\/diariodelsurdigital.com.ar\\\/?p=6274#breadcrumb\"},\"inLanguage\":\"es\",\"potentialAction\":[{\"@type\":\"ReadAction\",\"target\":[\"https:\\\/\\\/diariodelsurdigital.com.ar\\\/?p=6274\"]}]},{\"@type\":\"ImageObject\",\"inLanguage\":\"es\",\"@id\":\"https:\\\/\\\/diariodelsurdigital.com.ar\\\/?p=6274#primaryimage\",\"url\":\"https:\\\/\\\/diariodelsurdigital.com.ar\\\/wp-content\\\/uploads\\\/2025\\\/12\\\/humedal-final.jpg\",\"contentUrl\":\"https:\\\/\\\/diariodelsurdigital.com.ar\\\/wp-content\\\/uploads\\\/2025\\\/12\\\/humedal-final.jpg\",\"width\":480,\"height\":291},{\"@type\":\"BreadcrumbList\",\"@id\":\"https:\\\/\\\/diariodelsurdigital.com.ar\\\/?p=6274#breadcrumb\",\"itemListElement\":[{\"@type\":\"ListItem\",\"position\":1,\"name\":\"Portada\",\"item\":\"https:\\\/\\\/diariodelsurdigital.com.ar\\\/\"},{\"@type\":\"ListItem\",\"position\":2,\"name\":\"El desaf\u00edo de proteger los humedales urbanos: \u201cTenemos que trabajar la conciencia ambiental\u201d, esgrimi\u00f3 Guitar\"}]},{\"@type\":\"WebSite\",\"@id\":\"https:\\\/\\\/diariodelsurdigital.com.ar\\\/#website\",\"url\":\"https:\\\/\\\/diariodelsurdigital.com.ar\\\/\",\"name\":\"Diario del Sur\",\"description\":\"Digital\",\"potentialAction\":[{\"@type\":\"SearchAction\",\"target\":{\"@type\":\"EntryPoint\",\"urlTemplate\":\"https:\\\/\\\/diariodelsurdigital.com.ar\\\/?s={search_term_string}\"},\"query-input\":{\"@type\":\"PropertyValueSpecification\",\"valueRequired\":true,\"valueName\":\"search_term_string\"}}],\"inLanguage\":\"es\"},{\"@type\":\"Person\",\"@id\":\"https:\\\/\\\/diariodelsurdigital.com.ar\\\/#\\\/schema\\\/person\\\/6136a32571657f7dba980b88b04c5465\",\"name\":\"Diario del Sur Digital\",\"image\":{\"@type\":\"ImageObject\",\"inLanguage\":\"es\",\"@id\":\"https:\\\/\\\/secure.gravatar.com\\\/avatar\\\/4c29ceac98541dd42460b2474aaa5dd37594d6ce6cb3cf2c101d09b48ee287ba?s=96&d=mm&r=g\",\"url\":\"https:\\\/\\\/secure.gravatar.com\\\/avatar\\\/4c29ceac98541dd42460b2474aaa5dd37594d6ce6cb3cf2c101d09b48ee287ba?s=96&d=mm&r=g\",\"contentUrl\":\"https:\\\/\\\/secure.gravatar.com\\\/avatar\\\/4c29ceac98541dd42460b2474aaa5dd37594d6ce6cb3cf2c101d09b48ee287ba?s=96&d=mm&r=g\",\"caption\":\"Diario del Sur Digital\"},\"url\":\"https:\\\/\\\/diariodelsurdigital.com.ar\\\/?author=2\"}]}<\/script>\n<!-- \/ Yoast SEO plugin. -->","yoast_head_json":{"title":"El desaf\u00edo de proteger los humedales urbanos: \u201cTenemos que trabajar la conciencia ambiental\u201d, esgrimi\u00f3 Guitar - Diario del Sur","robots":{"index":"index","follow":"follow","max-snippet":"max-snippet:-1","max-image-preview":"max-image-preview:large","max-video-preview":"max-video-preview:-1"},"canonical":"https:\/\/diariodelsurdigital.com.ar\/?p=6274","og_locale":"es_ES","og_type":"article","og_title":"El desaf\u00edo de proteger los humedales urbanos: \u201cTenemos que trabajar la conciencia ambiental\u201d, esgrimi\u00f3 Guitar - Diario del Sur","og_description":"La ex concejal Cristina Guitar, fue electa como presidenta de la Comisi\u00f3n Directiva del Consejo de Protecci\u00f3n de Humedales del Ejido Concordia. Esta ma\u00f1ana, anticip\u00f3 que tomo conocimiento informal de que en la esquina de Sara Neira y Eva Per\u00f3n, donde se rellen\u00f3 y se est\u00e1 construyendo sobre el humedal Salto Chico, se lleg\u00f3 a [&hellip;]","og_url":"https:\/\/diariodelsurdigital.com.ar\/?p=6274","og_site_name":"Diario del Sur","article_published_time":"2025-12-26T23:15:12+00:00","article_modified_time":"2025-12-26T23:15:43+00:00","og_image":[{"width":480,"height":291,"url":"https:\/\/diariodelsurdigital.com.ar\/wp-content\/uploads\/2025\/12\/humedal-final.jpg","type":"image\/jpeg"}],"author":"Diario del Sur Digital","twitter_card":"summary_large_image","twitter_misc":{"Escrito por":"Diario del Sur Digital","Tiempo de lectura":"6 minutos"},"schema":{"@context":"https:\/\/schema.org","@graph":[{"@type":"Article","@id":"https:\/\/diariodelsurdigital.com.ar\/?p=6274#article","isPartOf":{"@id":"https:\/\/diariodelsurdigital.com.ar\/?p=6274"},"author":{"name":"Diario del Sur Digital","@id":"https:\/\/diariodelsurdigital.com.ar\/#\/schema\/person\/6136a32571657f7dba980b88b04c5465"},"headline":"El desaf\u00edo de proteger los humedales urbanos: \u201cTenemos que trabajar la conciencia ambiental\u201d, esgrimi\u00f3 Guitar","datePublished":"2025-12-26T23:15:12+00:00","dateModified":"2025-12-26T23:15:43+00:00","mainEntityOfPage":{"@id":"https:\/\/diariodelsurdigital.com.ar\/?p=6274"},"wordCount":1120,"commentCount":0,"image":{"@id":"https:\/\/diariodelsurdigital.com.ar\/?p=6274#primaryimage"},"thumbnailUrl":"https:\/\/diariodelsurdigital.com.ar\/wp-content\/uploads\/2025\/12\/humedal-final.jpg","articleSection":["Inter\u00e9s General","Locales"],"inLanguage":"es","potentialAction":[{"@type":"CommentAction","name":"Comment","target":["https:\/\/diariodelsurdigital.com.ar\/?p=6274#respond"]}]},{"@type":"WebPage","@id":"https:\/\/diariodelsurdigital.com.ar\/?p=6274","url":"https:\/\/diariodelsurdigital.com.ar\/?p=6274","name":"El desaf\u00edo de proteger los humedales urbanos: \u201cTenemos que trabajar la conciencia ambiental\u201d, esgrimi\u00f3 Guitar - Diario del Sur","isPartOf":{"@id":"https:\/\/diariodelsurdigital.com.ar\/#website"},"primaryImageOfPage":{"@id":"https:\/\/diariodelsurdigital.com.ar\/?p=6274#primaryimage"},"image":{"@id":"https:\/\/diariodelsurdigital.com.ar\/?p=6274#primaryimage"},"thumbnailUrl":"https:\/\/diariodelsurdigital.com.ar\/wp-content\/uploads\/2025\/12\/humedal-final.jpg","datePublished":"2025-12-26T23:15:12+00:00","dateModified":"2025-12-26T23:15:43+00:00","author":{"@id":"https:\/\/diariodelsurdigital.com.ar\/#\/schema\/person\/6136a32571657f7dba980b88b04c5465"},"breadcrumb":{"@id":"https:\/\/diariodelsurdigital.com.ar\/?p=6274#breadcrumb"},"inLanguage":"es","potentialAction":[{"@type":"ReadAction","target":["https:\/\/diariodelsurdigital.com.ar\/?p=6274"]}]},{"@type":"ImageObject","inLanguage":"es","@id":"https:\/\/diariodelsurdigital.com.ar\/?p=6274#primaryimage","url":"https:\/\/diariodelsurdigital.com.ar\/wp-content\/uploads\/2025\/12\/humedal-final.jpg","contentUrl":"https:\/\/diariodelsurdigital.com.ar\/wp-content\/uploads\/2025\/12\/humedal-final.jpg","width":480,"height":291},{"@type":"BreadcrumbList","@id":"https:\/\/diariodelsurdigital.com.ar\/?p=6274#breadcrumb","itemListElement":[{"@type":"ListItem","position":1,"name":"Portada","item":"https:\/\/diariodelsurdigital.com.ar\/"},{"@type":"ListItem","position":2,"name":"El desaf\u00edo de proteger los humedales urbanos: \u201cTenemos que trabajar la conciencia ambiental\u201d, esgrimi\u00f3 Guitar"}]},{"@type":"WebSite","@id":"https:\/\/diariodelsurdigital.com.ar\/#website","url":"https:\/\/diariodelsurdigital.com.ar\/","name":"Diario del Sur","description":"Digital","potentialAction":[{"@type":"SearchAction","target":{"@type":"EntryPoint","urlTemplate":"https:\/\/diariodelsurdigital.com.ar\/?s={search_term_string}"},"query-input":{"@type":"PropertyValueSpecification","valueRequired":true,"valueName":"search_term_string"}}],"inLanguage":"es"},{"@type":"Person","@id":"https:\/\/diariodelsurdigital.com.ar\/#\/schema\/person\/6136a32571657f7dba980b88b04c5465","name":"Diario del Sur Digital","image":{"@type":"ImageObject","inLanguage":"es","@id":"https:\/\/secure.gravatar.com\/avatar\/4c29ceac98541dd42460b2474aaa5dd37594d6ce6cb3cf2c101d09b48ee287ba?s=96&d=mm&r=g","url":"https:\/\/secure.gravatar.com\/avatar\/4c29ceac98541dd42460b2474aaa5dd37594d6ce6cb3cf2c101d09b48ee287ba?s=96&d=mm&r=g","contentUrl":"https:\/\/secure.gravatar.com\/avatar\/4c29ceac98541dd42460b2474aaa5dd37594d6ce6cb3cf2c101d09b48ee287ba?s=96&d=mm&r=g","caption":"Diario del Sur Digital"},"url":"https:\/\/diariodelsurdigital.com.ar\/?author=2"}]}},"_links":{"self":[{"href":"https:\/\/diariodelsurdigital.com.ar\/index.php?rest_route=\/wp\/v2\/posts\/6274","targetHints":{"allow":["GET"]}}],"collection":[{"href":"https:\/\/diariodelsurdigital.com.ar\/index.php?rest_route=\/wp\/v2\/posts"}],"about":[{"href":"https:\/\/diariodelsurdigital.com.ar\/index.php?rest_route=\/wp\/v2\/types\/post"}],"author":[{"embeddable":true,"href":"https:\/\/diariodelsurdigital.com.ar\/index.php?rest_route=\/wp\/v2\/users\/2"}],"replies":[{"embeddable":true,"href":"https:\/\/diariodelsurdigital.com.ar\/index.php?rest_route=%2Fwp%2Fv2%2Fcomments&post=6274"}],"version-history":[{"count":2,"href":"https:\/\/diariodelsurdigital.com.ar\/index.php?rest_route=\/wp\/v2\/posts\/6274\/revisions"}],"predecessor-version":[{"id":6277,"href":"https:\/\/diariodelsurdigital.com.ar\/index.php?rest_route=\/wp\/v2\/posts\/6274\/revisions\/6277"}],"wp:featuredmedia":[{"embeddable":true,"href":"https:\/\/diariodelsurdigital.com.ar\/index.php?rest_route=\/wp\/v2\/media\/6275"}],"wp:attachment":[{"href":"https:\/\/diariodelsurdigital.com.ar\/index.php?rest_route=%2Fwp%2Fv2%2Fmedia&parent=6274"}],"wp:term":[{"taxonomy":"category","embeddable":true,"href":"https:\/\/diariodelsurdigital.com.ar\/index.php?rest_route=%2Fwp%2Fv2%2Fcategories&post=6274"},{"taxonomy":"post_tag","embeddable":true,"href":"https:\/\/diariodelsurdigital.com.ar\/index.php?rest_route=%2Fwp%2Fv2%2Ftags&post=6274"}],"curies":[{"name":"wp","href":"https:\/\/api.w.org\/{rel}","templated":true}]}}