{"id":6278,"date":"2025-12-26T20:22:55","date_gmt":"2025-12-26T23:22:55","guid":{"rendered":"https:\/\/diariodelsurdigital.com.ar\/?p=6278"},"modified":"2025-12-26T20:22:56","modified_gmt":"2025-12-26T23:22:56","slug":"emitieron-un-alerta-naranja-por-tormentas-para-este-sabado-en-la-region","status":"publish","type":"post","link":"https:\/\/diariodelsurdigital.com.ar\/?p=6278","title":{"rendered":"Emitieron un alerta naranja por tormentas para este s\u00e1bado en la regi\u00f3n"},"content":{"rendered":"\n<p><\/p>\n\n\n\n<h4 class=\"wp-block-heading\">Desde el \u00e1rea de Defensa Civil de la Provincia informaron que el Servicio Meteorol\u00f3gico Nacional emiti\u00f3 un alerta naranja para este s\u00e1bado, tanto en Concordia como en el norte del territorio provincial.<\/h4>\n\n\n\n<h3 class=\"wp-block-heading\">Alerta Naranja<\/h3>\n\n\n\n<p>El Servicio Meteorol\u00f3gico Nacional posee un Sistema de Alerta Temprana que informa a la poblaci\u00f3n sobre la posible ocurrencia de fen\u00f3menos que podr\u00edan poner en riesgo el ambiente, la vida de las personas o los bienes materiales.<\/p>\n\n\n\n<p>Existen 4 tipos de alertas meteorol\u00f3gicas: la verde, la amarilla, la naranja y la roja. La verde indica que no se esperan fen\u00f3menos meteorol\u00f3gicos riesgosos, mientras que la amarilla se\u00f1ala que pueden ocurrir algunos con capacidad de da\u00f1o y riesgo de interrupci\u00f3n de las actividades cotidianas.<\/p>\n\n\n\n<p>La naranja indica que los eventos pueden ser peligrosos, mientras que la roja es la m\u00e1s extrema: invita a seguir las instrucciones oficiales ya que se esperan fen\u00f3menos con potencial de provocar emergencias o desastres.<\/p>\n\n\n\n<p><strong>Los departamentos La Paz, Federal, Feliciano, Federaci\u00f3n, Concordia, San Salvador, Villaguay, Paran\u00e1, Diamante y Nogoy\u00e1<\/strong>, ser\u00e1n \u00abafectados por tormentas fuertes, algunas localmente severas\u00bb, reza la advertencia.<\/p>\n\n\n\n<p>Las mismas estar\u00e1n acompa\u00f1adas por \u00abfrecuente actividad el\u00e9ctrica, granizo ocasional, r\u00e1fagas que pueden superar los 90 km\/h y fundamentalmente abundante ca\u00edda de agua en cortos per\u00edodos\u00bb, agrega el parte oficial. Subrayando que \u00abse prev\u00e9n valores de precipitaci\u00f3n acumulada entre 60 y 120 mm, que pueden ser superados en forma puntual\u00bb.<\/p>\n\n\n\n<h3 class=\"wp-block-heading\">Amarilla<\/h3>\n\n\n\n<p>En tanto, en los departamentos Tala, Col\u00f3n, Uruguay, Victoria, Gualeguay, Gualeguaych\u00fa e Islas del Ibicuy el alerta ser\u00e1 amarillo y el \u00e1rea \u00abser\u00e1 afectada por tormentas de variada intensidad, algunas localmente fuertes; las mismas estar\u00e1n acompa\u00f1adas por frecuente actividad el\u00e9ctrica, granizo ocasional, r\u00e1fagas de alrededor de 70 km\/h y abundante ca\u00edda de agua en cortos per\u00edodos\u00bb.<\/p>\n\n\n\n<p>En este caso, se prev\u00e9n valores de precipitaci\u00f3n acumulada entre 20 y 60 mm, que pueden ser superados en forma puntual.<\/p>\n","protected":false},"excerpt":{"rendered":"<p>Desde el \u00e1rea de Defensa Civil de la Provincia informaron que el Servicio Meteorol\u00f3gico Nacional emiti\u00f3 un alerta naranja para este s\u00e1bado, tanto en Concordia como en el norte del territorio provincial. Alerta Naranja El Servicio Meteorol\u00f3gico Nacional posee un Sistema de Alerta Temprana que informa a la poblaci\u00f3n sobre la posible ocurrencia de fen\u00f3menos [&hellip;]<\/p>\n","protected":false},"author":2,"featured_media":6279,"comment_status":"open","ping_status":"open","sticky":false,"template":"","format":"standard","meta":{"footnotes":""},"categories":[19,17],"tags":[],"class_list":{"0":"post-6278","1":"post","2":"type-post","3":"status-publish","4":"format-standard","5":"has-post-thumbnail","7":"category-interes-general","8":"category-provinciales"},"yoast_head":"<!-- This site is optimized with the Yoast SEO plugin v27.4 - https:\/\/yoast.com\/product\/yoast-seo-wordpress\/ -->\n<title>Emitieron un alerta naranja por tormentas para este s\u00e1bado en la regi\u00f3n - Diario del Sur<\/title>\n<meta name=\"robots\" content=\"index, follow, max-snippet:-1, max-image-preview:large, max-video-preview:-1\" \/>\n<link rel=\"canonical\" href=\"https:\/\/diariodelsurdigital.com.ar\/?p=6278\" \/>\n<meta property=\"og:locale\" content=\"es_ES\" \/>\n<meta property=\"og:type\" content=\"article\" \/>\n<meta property=\"og:title\" content=\"Emitieron un alerta naranja por tormentas para este s\u00e1bado en la regi\u00f3n - Diario del Sur\" \/>\n<meta property=\"og:description\" content=\"Desde el \u00e1rea de Defensa Civil de la Provincia informaron que el Servicio Meteorol\u00f3gico Nacional emiti\u00f3 un alerta naranja para este s\u00e1bado, tanto en Concordia como en el norte del territorio provincial. Alerta Naranja El Servicio Meteorol\u00f3gico Nacional posee un Sistema de Alerta Temprana que informa a la poblaci\u00f3n sobre la posible ocurrencia de fen\u00f3menos [&hellip;]\" \/>\n<meta property=\"og:url\" content=\"https:\/\/diariodelsurdigital.com.ar\/?p=6278\" \/>\n<meta property=\"og:site_name\" content=\"Diario del Sur\" \/>\n<meta property=\"article:published_time\" content=\"2025-12-26T23:22:55+00:00\" \/>\n<meta property=\"article:modified_time\" content=\"2025-12-26T23:22:56+00:00\" \/>\n<meta property=\"og:image\" content=\"https:\/\/diariodelsurdigital.com.ar\/wp-content\/uploads\/2025\/12\/Rolling-thunder-cloud.jpg\" \/>\n\t<meta property=\"og:image:width\" content=\"396\" \/>\n\t<meta property=\"og:image:height\" content=\"262\" \/>\n\t<meta property=\"og:image:type\" content=\"image\/jpeg\" \/>\n<meta name=\"author\" content=\"Diario del Sur Digital\" \/>\n<meta name=\"twitter:card\" content=\"summary_large_image\" \/>\n<meta name=\"twitter:label1\" content=\"Escrito por\" \/>\n\t<meta name=\"twitter:data1\" content=\"Diario del Sur Digital\" \/>\n\t<meta name=\"twitter:label2\" content=\"Tiempo de lectura\" \/>\n\t<meta name=\"twitter:data2\" content=\"2 minutos\" \/>\n<script type=\"application\/ld+json\" class=\"yoast-schema-graph\">{\"@context\":\"https:\\\/\\\/schema.org\",\"@graph\":[{\"@type\":\"Article\",\"@id\":\"https:\\\/\\\/diariodelsurdigital.com.ar\\\/?p=6278#article\",\"isPartOf\":{\"@id\":\"https:\\\/\\\/diariodelsurdigital.com.ar\\\/?p=6278\"},\"author\":{\"name\":\"Diario del Sur Digital\",\"@id\":\"https:\\\/\\\/diariodelsurdigital.com.ar\\\/#\\\/schema\\\/person\\\/6136a32571657f7dba980b88b04c5465\"},\"headline\":\"Emitieron un alerta naranja por tormentas para este s\u00e1bado en la regi\u00f3n\",\"datePublished\":\"2025-12-26T23:22:55+00:00\",\"dateModified\":\"2025-12-26T23:22:56+00:00\",\"mainEntityOfPage\":{\"@id\":\"https:\\\/\\\/diariodelsurdigital.com.ar\\\/?p=6278\"},\"wordCount\":348,\"commentCount\":0,\"image\":{\"@id\":\"https:\\\/\\\/diariodelsurdigital.com.ar\\\/?p=6278#primaryimage\"},\"thumbnailUrl\":\"https:\\\/\\\/diariodelsurdigital.com.ar\\\/wp-content\\\/uploads\\\/2025\\\/12\\\/Rolling-thunder-cloud.jpg\",\"articleSection\":[\"Inter\u00e9s General\",\"Provinciales\"],\"inLanguage\":\"es\",\"potentialAction\":[{\"@type\":\"CommentAction\",\"name\":\"Comment\",\"target\":[\"https:\\\/\\\/diariodelsurdigital.com.ar\\\/?p=6278#respond\"]}]},{\"@type\":\"WebPage\",\"@id\":\"https:\\\/\\\/diariodelsurdigital.com.ar\\\/?p=6278\",\"url\":\"https:\\\/\\\/diariodelsurdigital.com.ar\\\/?p=6278\",\"name\":\"Emitieron un alerta naranja por tormentas para este s\u00e1bado en la regi\u00f3n - Diario del Sur\",\"isPartOf\":{\"@id\":\"https:\\\/\\\/diariodelsurdigital.com.ar\\\/#website\"},\"primaryImageOfPage\":{\"@id\":\"https:\\\/\\\/diariodelsurdigital.com.ar\\\/?p=6278#primaryimage\"},\"image\":{\"@id\":\"https:\\\/\\\/diariodelsurdigital.com.ar\\\/?p=6278#primaryimage\"},\"thumbnailUrl\":\"https:\\\/\\\/diariodelsurdigital.com.ar\\\/wp-content\\\/uploads\\\/2025\\\/12\\\/Rolling-thunder-cloud.jpg\",\"datePublished\":\"2025-12-26T23:22:55+00:00\",\"dateModified\":\"2025-12-26T23:22:56+00:00\",\"author\":{\"@id\":\"https:\\\/\\\/diariodelsurdigital.com.ar\\\/#\\\/schema\\\/person\\\/6136a32571657f7dba980b88b04c5465\"},\"breadcrumb\":{\"@id\":\"https:\\\/\\\/diariodelsurdigital.com.ar\\\/?p=6278#breadcrumb\"},\"inLanguage\":\"es\",\"potentialAction\":[{\"@type\":\"ReadAction\",\"target\":[\"https:\\\/\\\/diariodelsurdigital.com.ar\\\/?p=6278\"]}]},{\"@type\":\"ImageObject\",\"inLanguage\":\"es\",\"@id\":\"https:\\\/\\\/diariodelsurdigital.com.ar\\\/?p=6278#primaryimage\",\"url\":\"https:\\\/\\\/diariodelsurdigital.com.ar\\\/wp-content\\\/uploads\\\/2025\\\/12\\\/Rolling-thunder-cloud.jpg\",\"contentUrl\":\"https:\\\/\\\/diariodelsurdigital.com.ar\\\/wp-content\\\/uploads\\\/2025\\\/12\\\/Rolling-thunder-cloud.jpg\",\"width\":396,\"height\":262},{\"@type\":\"BreadcrumbList\",\"@id\":\"https:\\\/\\\/diariodelsurdigital.com.ar\\\/?p=6278#breadcrumb\",\"itemListElement\":[{\"@type\":\"ListItem\",\"position\":1,\"name\":\"Portada\",\"item\":\"https:\\\/\\\/diariodelsurdigital.com.ar\\\/\"},{\"@type\":\"ListItem\",\"position\":2,\"name\":\"Emitieron un alerta naranja por tormentas para este s\u00e1bado en la regi\u00f3n\"}]},{\"@type\":\"WebSite\",\"@id\":\"https:\\\/\\\/diariodelsurdigital.com.ar\\\/#website\",\"url\":\"https:\\\/\\\/diariodelsurdigital.com.ar\\\/\",\"name\":\"Diario del Sur\",\"description\":\"Digital\",\"potentialAction\":[{\"@type\":\"SearchAction\",\"target\":{\"@type\":\"EntryPoint\",\"urlTemplate\":\"https:\\\/\\\/diariodelsurdigital.com.ar\\\/?s={search_term_string}\"},\"query-input\":{\"@type\":\"PropertyValueSpecification\",\"valueRequired\":true,\"valueName\":\"search_term_string\"}}],\"inLanguage\":\"es\"},{\"@type\":\"Person\",\"@id\":\"https:\\\/\\\/diariodelsurdigital.com.ar\\\/#\\\/schema\\\/person\\\/6136a32571657f7dba980b88b04c5465\",\"name\":\"Diario del Sur Digital\",\"image\":{\"@type\":\"ImageObject\",\"inLanguage\":\"es\",\"@id\":\"https:\\\/\\\/secure.gravatar.com\\\/avatar\\\/4c29ceac98541dd42460b2474aaa5dd37594d6ce6cb3cf2c101d09b48ee287ba?s=96&d=mm&r=g\",\"url\":\"https:\\\/\\\/secure.gravatar.com\\\/avatar\\\/4c29ceac98541dd42460b2474aaa5dd37594d6ce6cb3cf2c101d09b48ee287ba?s=96&d=mm&r=g\",\"contentUrl\":\"https:\\\/\\\/secure.gravatar.com\\\/avatar\\\/4c29ceac98541dd42460b2474aaa5dd37594d6ce6cb3cf2c101d09b48ee287ba?s=96&d=mm&r=g\",\"caption\":\"Diario del Sur Digital\"},\"url\":\"https:\\\/\\\/diariodelsurdigital.com.ar\\\/?author=2\"}]}<\/script>\n<!-- \/ Yoast SEO plugin. -->","yoast_head_json":{"title":"Emitieron un alerta naranja por tormentas para este s\u00e1bado en la regi\u00f3n - Diario del Sur","robots":{"index":"index","follow":"follow","max-snippet":"max-snippet:-1","max-image-preview":"max-image-preview:large","max-video-preview":"max-video-preview:-1"},"canonical":"https:\/\/diariodelsurdigital.com.ar\/?p=6278","og_locale":"es_ES","og_type":"article","og_title":"Emitieron un alerta naranja por tormentas para este s\u00e1bado en la regi\u00f3n - Diario del Sur","og_description":"Desde el \u00e1rea de Defensa Civil de la Provincia informaron que el Servicio Meteorol\u00f3gico Nacional emiti\u00f3 un alerta naranja para este s\u00e1bado, tanto en Concordia como en el norte del territorio provincial. Alerta Naranja El Servicio Meteorol\u00f3gico Nacional posee un Sistema de Alerta Temprana que informa a la poblaci\u00f3n sobre la posible ocurrencia de fen\u00f3menos [&hellip;]","og_url":"https:\/\/diariodelsurdigital.com.ar\/?p=6278","og_site_name":"Diario del Sur","article_published_time":"2025-12-26T23:22:55+00:00","article_modified_time":"2025-12-26T23:22:56+00:00","og_image":[{"width":396,"height":262,"url":"https:\/\/diariodelsurdigital.com.ar\/wp-content\/uploads\/2025\/12\/Rolling-thunder-cloud.jpg","type":"image\/jpeg"}],"author":"Diario del Sur Digital","twitter_card":"summary_large_image","twitter_misc":{"Escrito por":"Diario del Sur Digital","Tiempo de lectura":"2 minutos"},"schema":{"@context":"https:\/\/schema.org","@graph":[{"@type":"Article","@id":"https:\/\/diariodelsurdigital.com.ar\/?p=6278#article","isPartOf":{"@id":"https:\/\/diariodelsurdigital.com.ar\/?p=6278"},"author":{"name":"Diario del Sur Digital","@id":"https:\/\/diariodelsurdigital.com.ar\/#\/schema\/person\/6136a32571657f7dba980b88b04c5465"},"headline":"Emitieron un alerta naranja por tormentas para este s\u00e1bado en la regi\u00f3n","datePublished":"2025-12-26T23:22:55+00:00","dateModified":"2025-12-26T23:22:56+00:00","mainEntityOfPage":{"@id":"https:\/\/diariodelsurdigital.com.ar\/?p=6278"},"wordCount":348,"commentCount":0,"image":{"@id":"https:\/\/diariodelsurdigital.com.ar\/?p=6278#primaryimage"},"thumbnailUrl":"https:\/\/diariodelsurdigital.com.ar\/wp-content\/uploads\/2025\/12\/Rolling-thunder-cloud.jpg","articleSection":["Inter\u00e9s General","Provinciales"],"inLanguage":"es","potentialAction":[{"@type":"CommentAction","name":"Comment","target":["https:\/\/diariodelsurdigital.com.ar\/?p=6278#respond"]}]},{"@type":"WebPage","@id":"https:\/\/diariodelsurdigital.com.ar\/?p=6278","url":"https:\/\/diariodelsurdigital.com.ar\/?p=6278","name":"Emitieron un alerta naranja por tormentas para este s\u00e1bado en la regi\u00f3n - Diario del Sur","isPartOf":{"@id":"https:\/\/diariodelsurdigital.com.ar\/#website"},"primaryImageOfPage":{"@id":"https:\/\/diariodelsurdigital.com.ar\/?p=6278#primaryimage"},"image":{"@id":"https:\/\/diariodelsurdigital.com.ar\/?p=6278#primaryimage"},"thumbnailUrl":"https:\/\/diariodelsurdigital.com.ar\/wp-content\/uploads\/2025\/12\/Rolling-thunder-cloud.jpg","datePublished":"2025-12-26T23:22:55+00:00","dateModified":"2025-12-26T23:22:56+00:00","author":{"@id":"https:\/\/diariodelsurdigital.com.ar\/#\/schema\/person\/6136a32571657f7dba980b88b04c5465"},"breadcrumb":{"@id":"https:\/\/diariodelsurdigital.com.ar\/?p=6278#breadcrumb"},"inLanguage":"es","potentialAction":[{"@type":"ReadAction","target":["https:\/\/diariodelsurdigital.com.ar\/?p=6278"]}]},{"@type":"ImageObject","inLanguage":"es","@id":"https:\/\/diariodelsurdigital.com.ar\/?p=6278#primaryimage","url":"https:\/\/diariodelsurdigital.com.ar\/wp-content\/uploads\/2025\/12\/Rolling-thunder-cloud.jpg","contentUrl":"https:\/\/diariodelsurdigital.com.ar\/wp-content\/uploads\/2025\/12\/Rolling-thunder-cloud.jpg","width":396,"height":262},{"@type":"BreadcrumbList","@id":"https:\/\/diariodelsurdigital.com.ar\/?p=6278#breadcrumb","itemListElement":[{"@type":"ListItem","position":1,"name":"Portada","item":"https:\/\/diariodelsurdigital.com.ar\/"},{"@type":"ListItem","position":2,"name":"Emitieron un alerta naranja por tormentas para este s\u00e1bado en la regi\u00f3n"}]},{"@type":"WebSite","@id":"https:\/\/diariodelsurdigital.com.ar\/#website","url":"https:\/\/diariodelsurdigital.com.ar\/","name":"Diario del Sur","description":"Digital","potentialAction":[{"@type":"SearchAction","target":{"@type":"EntryPoint","urlTemplate":"https:\/\/diariodelsurdigital.com.ar\/?s={search_term_string}"},"query-input":{"@type":"PropertyValueSpecification","valueRequired":true,"valueName":"search_term_string"}}],"inLanguage":"es"},{"@type":"Person","@id":"https:\/\/diariodelsurdigital.com.ar\/#\/schema\/person\/6136a32571657f7dba980b88b04c5465","name":"Diario del Sur Digital","image":{"@type":"ImageObject","inLanguage":"es","@id":"https:\/\/secure.gravatar.com\/avatar\/4c29ceac98541dd42460b2474aaa5dd37594d6ce6cb3cf2c101d09b48ee287ba?s=96&d=mm&r=g","url":"https:\/\/secure.gravatar.com\/avatar\/4c29ceac98541dd42460b2474aaa5dd37594d6ce6cb3cf2c101d09b48ee287ba?s=96&d=mm&r=g","contentUrl":"https:\/\/secure.gravatar.com\/avatar\/4c29ceac98541dd42460b2474aaa5dd37594d6ce6cb3cf2c101d09b48ee287ba?s=96&d=mm&r=g","caption":"Diario del Sur Digital"},"url":"https:\/\/diariodelsurdigital.com.ar\/?author=2"}]}},"_links":{"self":[{"href":"https:\/\/diariodelsurdigital.com.ar\/index.php?rest_route=\/wp\/v2\/posts\/6278","targetHints":{"allow":["GET"]}}],"collection":[{"href":"https:\/\/diariodelsurdigital.com.ar\/index.php?rest_route=\/wp\/v2\/posts"}],"about":[{"href":"https:\/\/diariodelsurdigital.com.ar\/index.php?rest_route=\/wp\/v2\/types\/post"}],"author":[{"embeddable":true,"href":"https:\/\/diariodelsurdigital.com.ar\/index.php?rest_route=\/wp\/v2\/users\/2"}],"replies":[{"embeddable":true,"href":"https:\/\/diariodelsurdigital.com.ar\/index.php?rest_route=%2Fwp%2Fv2%2Fcomments&post=6278"}],"version-history":[{"count":1,"href":"https:\/\/diariodelsurdigital.com.ar\/index.php?rest_route=\/wp\/v2\/posts\/6278\/revisions"}],"predecessor-version":[{"id":6280,"href":"https:\/\/diariodelsurdigital.com.ar\/index.php?rest_route=\/wp\/v2\/posts\/6278\/revisions\/6280"}],"wp:featuredmedia":[{"embeddable":true,"href":"https:\/\/diariodelsurdigital.com.ar\/index.php?rest_route=\/wp\/v2\/media\/6279"}],"wp:attachment":[{"href":"https:\/\/diariodelsurdigital.com.ar\/index.php?rest_route=%2Fwp%2Fv2%2Fmedia&parent=6278"}],"wp:term":[{"taxonomy":"category","embeddable":true,"href":"https:\/\/diariodelsurdigital.com.ar\/index.php?rest_route=%2Fwp%2Fv2%2Fcategories&post=6278"},{"taxonomy":"post_tag","embeddable":true,"href":"https:\/\/diariodelsurdigital.com.ar\/index.php?rest_route=%2Fwp%2Fv2%2Ftags&post=6278"}],"curies":[{"name":"wp","href":"https:\/\/api.w.org\/{rel}","templated":true}]}}