{"id":6301,"date":"2025-12-28T23:45:23","date_gmt":"2025-12-29T02:45:23","guid":{"rendered":"https:\/\/diariodelsurdigital.com.ar\/?p=6301"},"modified":"2025-12-28T23:45:23","modified_gmt":"2025-12-29T02:45:23","slug":"diputados-hasta-ahora-no-hubo-convocatoria-para-desestimar-el-juicio-politico-a-susana-medina-vocal-del-stj","status":"publish","type":"post","link":"https:\/\/diariodelsurdigital.com.ar\/?p=6301","title":{"rendered":"Diputados: hasta ahora no hubo convocatoria para desestimar el juicio pol\u00edtico a Susana Medina, vocal del STJ"},"content":{"rendered":"\n<p><a href=\"https:\/\/www.facebook.com\/sharer\/sharer.php?u=https:\/\/www.analisisdigital.com.ar\/judiciales\/2025\/12\/28\/diputados-hasta-ahora-no-hubo-convocatoria-para-desestimar-el-juicio-politico-susana-medina-vocal-del-stj&amp;title=Diputados:%20hasta%20ahora%20no%20hubo%20convocatoria%20para%20desestimar%20el%20juicio%20pol%C3%ADtico%20a%20Susana%20Medina,%20vocal%20del%20STJ\" target=\"_blank\" rel=\"noreferrer noopener\"><\/a><a href=\"https:\/\/twitter.com\/intent\/tweet?text=Diputados:%20hasta%20ahora%20no%20hubo%20convocatoria%20para%20desestimar%20el%20juicio%20pol%C3%ADtico%20a%20Susana%20Medina,%20vocal%20del%20STJ+https:\/\/www.analisisdigital.com.ar\/judiciales\/2025\/12\/28\/diputados-hasta-ahora-no-hubo-convocatoria-para-desestimar-el-juicio-politico-susana-medina-vocal-del-stj\" target=\"_blank\" rel=\"noreferrer noopener\"><\/a><a href=\"https:\/\/wa.me\/?text=https:\/\/www.analisisdigital.com.ar\/judiciales\/2025\/12\/28\/diputados-hasta-ahora-no-hubo-convocatoria-para-desestimar-el-juicio-politico-susana-medina-vocal-del-stj\" target=\"_blank\" rel=\"noreferrer noopener\"><\/a><a href=\"https:\/\/www.linkedin.com\/sharing\/share-offsite\/?url=https:\/\/www.analisisdigital.com.ar\/judiciales\/2025\/12\/28\/diputados-hasta-ahora-no-hubo-convocatoria-para-desestimar-el-juicio-politico-susana-medina-vocal-del-stj\" target=\"_blank\" rel=\"noreferrer noopener\"><\/a><a href=\"mailto:?subject=Diputados:%20hasta%20ahora%20no%20hubo%20convocatoria%20para%20desestimar%20el%20juicio%20pol%C3%ADtico%20a%20Susana%20Medina,%20vocal%20del%20STJ&amp;body=https:\/\/www.analisisdigital.com.ar\/judiciales\/2025\/12\/28\/diputados-hasta-ahora-no-hubo-convocatoria-para-desestimar-el-juicio-politico-susana-medina-vocal-del-stj\" target=\"_blank\" rel=\"noreferrer noopener\"><\/a><a href=\"https:\/\/www.analisisdigital.com.ar\/judiciales\/2025\/12\/28\/diputados-hasta-ahora-no-hubo-convocatoria-para-desestimar-el-juicio-politico-susana-medina-vocal-del-stj#\"><\/a><a href=\"javascript:window.print()\"><\/a><\/p>\n\n\n\n<p>La Comisi\u00f3n de Juicio Pol\u00edtico de la C\u00e1mara de Diputados de Entre R\u00edos no hizo convocatoria alguna a sus integrantes, para la jornada de este lunes, a los fines de tratar el dictamen de rechazo a los pedidos de juicio pol\u00edtico contra la vocal del Superior Tribunal de Justicia (STJ), Susana Medina de Rizzo. Hasta la hora 22 del domingo, no hubo ninguna citaci\u00f3n, seg\u00fan confirm\u00f3<em> An\u00e1lisis Digital<\/em>.\u00a0Para sesionar, el cuerpo legislativo debe contar con la presencia de 26 de sus 34 integrantes. Necesitan 5 diputados del PJ para lograr qu\u00f3rum, siempre y cuando est\u00e9n tambi\u00e9n todos los legisladores de JxC y los libertarios. De esta manera, se apostar\u00eda al vencimiento de los plazos para archivar el caso, cuyo plazo vence el 5 de enero. Mientras tanto, la jueza Medina viaj\u00f3 a Brasil a pasar fin de a\u00f1o, junto a la familia de su hija mayor.<\/p>\n\n\n\n<p>Los diputados oficialistas confeccionaron un dictamen mayoritario, en base a lo consignado por la vocal Medina de Rizzo y por sus abogados defensores. En d\u00edas recientes circul\u00f3 por&nbsp;<em>WhatsApp<\/em>&nbsp;de los propios diputados el texto de 21 p\u00e1ginas y la propia presidenta de la comisi\u00f3n, Gabriela Lena (JxC Federaci\u00f3n) expres\u00f3: \u201cSi alguien quiere hacer alguna acotaci\u00f3n al respecto, lo puede hacer\u201d. Obviamente, nadie toc\u00f3 una coma y menos los diputados del peronismo, que se opusieron a ese dictamen. El texto tuvo una conclusi\u00f3n mayoritaria, sin investigar las m\u00e1s de mil fojas que hab\u00edan llegado desde la Administraci\u00f3n del STJ -tras el pedido concreto de la Comisi\u00f3n de Juicio Pol\u00edtico-; como tampoco el informe de Migraciones, con los 60 viajes por el mundo que realiz\u00f3 la jueza, ni el documento del Tribunal de Cuentas, cuyo anexo no hab\u00eda llegado hasta el viernes pasado.<\/p>\n\n\n\n<p>Si bien hab\u00eda dos diputadas del peronismo que pod\u00edan votar a favor del dictamen mayoritario (como los casos de Mariel \u00c1vila de Bordet y la exviceintendenta de Paran\u00e1, Andrea Zoff), desde la conducci\u00f3n del bloque del PJ, liderado por Laura Stratta, se indic\u00f3\u00a0que nadie de la oposici\u00f3n estaba dispuesto \u201ca sacar los pies del plato\u201d. Y, por ende, el voto en contra del dictamen de la mayor\u00eda era un hecho.<\/p>\n\n\n\n<p>El punto en cuesti\u00f3n fue que, al parecer, el gobernador Rogelio Frigerio -que incidi\u00f3 firmemente sobre sus diputados, para que rechacen el pedido de juicio pol\u00edtico a Medina- les exigi\u00f3 a sus legisladores que se ocupen de seducir y convencer a sus pares de la oposici\u00f3n, para que tambi\u00e9n adhieran al planteo a favor de la vocal. \u201cFrigerio es jefe pol\u00edtico de ustedes, pero no nuestro. En eso est\u00e1n muy equivocados\u201d, le dijo uno de los legisladores del PJ a la diputada Lena, en las negociaciones del viernes pasado, previo a la \u00faltima de las dos sesiones previstas para ese d\u00eda. Por eso, cuando los diputados fueron a la sesi\u00f3n de las 16 horas (tras el fracaso de la prevista para las 14), lo hicieron sabiendo que solamente iban a estar all\u00ed, todos juntos, para rechazar el tercer pedido de juicio pol\u00edtico realizado por una empleada de Tribunales, que hab\u00eda sufrido situaciones de violencia de parte de la magistrada. De hecho, ello ocurri\u00f3 y se levant\u00f3 la sesi\u00f3n, porque si se avanzaba en el otro sentido, los diputados se iban a retirar del recinto y no dar\u00edan el quorum correspondiente.<\/p>\n\n\n\n<p>La diputada Lena, al tomar la palabra, dijo que el dictamen se tratar\u00eda en \u201cuna pr\u00f3xima sesi\u00f3n\u201d, pero no especific\u00f3 cu\u00e1ndo. Queda claro que este lunes no ser\u00e1 y vaya a saber si convocan para el martes o bien ya pasan para el 2, 3 o 5 de enero. As\u00ed se dejar\u00edan caer los plazos y el caso Medina pasar\u00eda al archivo.<\/p>\n\n\n\n<p>Mientras tanto, la vocal viaj\u00f3 en avi\u00f3n con su esposo Ricardo Rizzo rumbo a Brasil, para pasar fin de a\u00f1o con su hija mayor, exintegrante de la Fuerza A\u00e9rea Argentina y que cumple funciones en la empresa Boeing, en Porto Alegre. Hay quienes sostienen que cuando regrese iniciar\u00eda los tr\u00e1mites jubilatorios y renunciar\u00eda al cargo de jueza. Por lo menos eso fue lo que les asegur\u00f3 a varios de sus m\u00e1s allegados y tambi\u00e9n se lo habr\u00eda comunicado a personas cercanas al gobernador Frigerio, tras manifestarse \u201ccansada y deprimida\u201d por la situaci\u00f3n cr\u00edtica que vive y el nivel de exposici\u00f3n que ello le determina, adem\u00e1s del hecho de haber renunciado a la presidencia a la Asociaci\u00f3n de Mujeres Juezas de Argentina (AMJA), que era su principal lugar de poder para cada uno de sus movimientos en el pa\u00eds y el mundo. Otros, m\u00e1s distantes, indican que Medina no renunciar\u00eda y seguir\u00eda por un buen tiempo m\u00e1s como vocal del STJ.<\/p>\n\n\n\n<p>Fuente: An\u00e1lisis Digital<\/p>\n","protected":false},"excerpt":{"rendered":"<p>La Comisi\u00f3n de Juicio Pol\u00edtico de la C\u00e1mara de Diputados de Entre R\u00edos no hizo convocatoria alguna a sus integrantes, para la jornada de este lunes, a los fines de tratar el dictamen de rechazo a los pedidos de juicio pol\u00edtico contra la vocal del Superior Tribunal de Justicia (STJ), Susana Medina de Rizzo. Hasta [&hellip;]<\/p>\n","protected":false},"author":2,"featured_media":6302,"comment_status":"open","ping_status":"open","sticky":false,"template":"","format":"standard","meta":{"footnotes":""},"categories":[19,17],"tags":[],"class_list":{"0":"post-6301","1":"post","2":"type-post","3":"status-publish","4":"format-standard","5":"has-post-thumbnail","7":"category-interes-general","8":"category-provinciales"},"yoast_head":"<!-- This site is optimized with the Yoast SEO plugin v27.4 - https:\/\/yoast.com\/product\/yoast-seo-wordpress\/ -->\n<title>Diputados: hasta ahora no hubo convocatoria para desestimar el juicio pol\u00edtico a Susana Medina, vocal del STJ - Diario del Sur<\/title>\n<meta name=\"robots\" content=\"index, follow, max-snippet:-1, max-image-preview:large, max-video-preview:-1\" \/>\n<link rel=\"canonical\" href=\"https:\/\/diariodelsurdigital.com.ar\/?p=6301\" \/>\n<meta property=\"og:locale\" content=\"es_ES\" \/>\n<meta property=\"og:type\" content=\"article\" \/>\n<meta property=\"og:title\" content=\"Diputados: hasta ahora no hubo convocatoria para desestimar el juicio pol\u00edtico a Susana Medina, vocal del STJ - Diario del Sur\" \/>\n<meta property=\"og:description\" content=\"La Comisi\u00f3n de Juicio Pol\u00edtico de la C\u00e1mara de Diputados de Entre R\u00edos no hizo convocatoria alguna a sus integrantes, para la jornada de este lunes, a los fines de tratar el dictamen de rechazo a los pedidos de juicio pol\u00edtico contra la vocal del Superior Tribunal de Justicia (STJ), Susana Medina de Rizzo. Hasta [&hellip;]\" \/>\n<meta property=\"og:url\" content=\"https:\/\/diariodelsurdigital.com.ar\/?p=6301\" \/>\n<meta property=\"og:site_name\" content=\"Diario del Sur\" \/>\n<meta property=\"article:published_time\" content=\"2025-12-29T02:45:23+00:00\" \/>\n<meta property=\"og:image\" content=\"https:\/\/diariodelsurdigital.com.ar\/wp-content\/uploads\/2025\/12\/susana-medina_3.png\" \/>\n\t<meta property=\"og:image:width\" content=\"421\" \/>\n\t<meta property=\"og:image:height\" content=\"253\" \/>\n\t<meta property=\"og:image:type\" content=\"image\/png\" \/>\n<meta name=\"author\" content=\"Diario del Sur Digital\" \/>\n<meta name=\"twitter:card\" content=\"summary_large_image\" \/>\n<meta name=\"twitter:label1\" content=\"Escrito por\" \/>\n\t<meta name=\"twitter:data1\" content=\"Diario del Sur Digital\" \/>\n\t<meta name=\"twitter:label2\" content=\"Tiempo de lectura\" \/>\n\t<meta name=\"twitter:data2\" content=\"4 minutos\" \/>\n<script type=\"application\/ld+json\" class=\"yoast-schema-graph\">{\"@context\":\"https:\\\/\\\/schema.org\",\"@graph\":[{\"@type\":\"Article\",\"@id\":\"https:\\\/\\\/diariodelsurdigital.com.ar\\\/?p=6301#article\",\"isPartOf\":{\"@id\":\"https:\\\/\\\/diariodelsurdigital.com.ar\\\/?p=6301\"},\"author\":{\"name\":\"Diario del Sur Digital\",\"@id\":\"https:\\\/\\\/diariodelsurdigital.com.ar\\\/#\\\/schema\\\/person\\\/6136a32571657f7dba980b88b04c5465\"},\"headline\":\"Diputados: hasta ahora no hubo convocatoria para desestimar el juicio pol\u00edtico a Susana Medina, vocal del STJ\",\"datePublished\":\"2025-12-29T02:45:23+00:00\",\"mainEntityOfPage\":{\"@id\":\"https:\\\/\\\/diariodelsurdigital.com.ar\\\/?p=6301\"},\"wordCount\":851,\"commentCount\":0,\"image\":{\"@id\":\"https:\\\/\\\/diariodelsurdigital.com.ar\\\/?p=6301#primaryimage\"},\"thumbnailUrl\":\"https:\\\/\\\/diariodelsurdigital.com.ar\\\/wp-content\\\/uploads\\\/2025\\\/12\\\/susana-medina_3.png\",\"articleSection\":[\"Inter\u00e9s General\",\"Provinciales\"],\"inLanguage\":\"es\",\"potentialAction\":[{\"@type\":\"CommentAction\",\"name\":\"Comment\",\"target\":[\"https:\\\/\\\/diariodelsurdigital.com.ar\\\/?p=6301#respond\"]}]},{\"@type\":\"WebPage\",\"@id\":\"https:\\\/\\\/diariodelsurdigital.com.ar\\\/?p=6301\",\"url\":\"https:\\\/\\\/diariodelsurdigital.com.ar\\\/?p=6301\",\"name\":\"Diputados: hasta ahora no hubo convocatoria para desestimar el juicio pol\u00edtico a Susana Medina, vocal del STJ - Diario del Sur\",\"isPartOf\":{\"@id\":\"https:\\\/\\\/diariodelsurdigital.com.ar\\\/#website\"},\"primaryImageOfPage\":{\"@id\":\"https:\\\/\\\/diariodelsurdigital.com.ar\\\/?p=6301#primaryimage\"},\"image\":{\"@id\":\"https:\\\/\\\/diariodelsurdigital.com.ar\\\/?p=6301#primaryimage\"},\"thumbnailUrl\":\"https:\\\/\\\/diariodelsurdigital.com.ar\\\/wp-content\\\/uploads\\\/2025\\\/12\\\/susana-medina_3.png\",\"datePublished\":\"2025-12-29T02:45:23+00:00\",\"author\":{\"@id\":\"https:\\\/\\\/diariodelsurdigital.com.ar\\\/#\\\/schema\\\/person\\\/6136a32571657f7dba980b88b04c5465\"},\"breadcrumb\":{\"@id\":\"https:\\\/\\\/diariodelsurdigital.com.ar\\\/?p=6301#breadcrumb\"},\"inLanguage\":\"es\",\"potentialAction\":[{\"@type\":\"ReadAction\",\"target\":[\"https:\\\/\\\/diariodelsurdigital.com.ar\\\/?p=6301\"]}]},{\"@type\":\"ImageObject\",\"inLanguage\":\"es\",\"@id\":\"https:\\\/\\\/diariodelsurdigital.com.ar\\\/?p=6301#primaryimage\",\"url\":\"https:\\\/\\\/diariodelsurdigital.com.ar\\\/wp-content\\\/uploads\\\/2025\\\/12\\\/susana-medina_3.png\",\"contentUrl\":\"https:\\\/\\\/diariodelsurdigital.com.ar\\\/wp-content\\\/uploads\\\/2025\\\/12\\\/susana-medina_3.png\",\"width\":421,\"height\":253},{\"@type\":\"BreadcrumbList\",\"@id\":\"https:\\\/\\\/diariodelsurdigital.com.ar\\\/?p=6301#breadcrumb\",\"itemListElement\":[{\"@type\":\"ListItem\",\"position\":1,\"name\":\"Portada\",\"item\":\"https:\\\/\\\/diariodelsurdigital.com.ar\\\/\"},{\"@type\":\"ListItem\",\"position\":2,\"name\":\"Diputados: hasta ahora no hubo convocatoria para desestimar el juicio pol\u00edtico a Susana Medina, vocal del STJ\"}]},{\"@type\":\"WebSite\",\"@id\":\"https:\\\/\\\/diariodelsurdigital.com.ar\\\/#website\",\"url\":\"https:\\\/\\\/diariodelsurdigital.com.ar\\\/\",\"name\":\"Diario del Sur\",\"description\":\"Digital\",\"potentialAction\":[{\"@type\":\"SearchAction\",\"target\":{\"@type\":\"EntryPoint\",\"urlTemplate\":\"https:\\\/\\\/diariodelsurdigital.com.ar\\\/?s={search_term_string}\"},\"query-input\":{\"@type\":\"PropertyValueSpecification\",\"valueRequired\":true,\"valueName\":\"search_term_string\"}}],\"inLanguage\":\"es\"},{\"@type\":\"Person\",\"@id\":\"https:\\\/\\\/diariodelsurdigital.com.ar\\\/#\\\/schema\\\/person\\\/6136a32571657f7dba980b88b04c5465\",\"name\":\"Diario del Sur Digital\",\"image\":{\"@type\":\"ImageObject\",\"inLanguage\":\"es\",\"@id\":\"https:\\\/\\\/secure.gravatar.com\\\/avatar\\\/4c29ceac98541dd42460b2474aaa5dd37594d6ce6cb3cf2c101d09b48ee287ba?s=96&d=mm&r=g\",\"url\":\"https:\\\/\\\/secure.gravatar.com\\\/avatar\\\/4c29ceac98541dd42460b2474aaa5dd37594d6ce6cb3cf2c101d09b48ee287ba?s=96&d=mm&r=g\",\"contentUrl\":\"https:\\\/\\\/secure.gravatar.com\\\/avatar\\\/4c29ceac98541dd42460b2474aaa5dd37594d6ce6cb3cf2c101d09b48ee287ba?s=96&d=mm&r=g\",\"caption\":\"Diario del Sur Digital\"},\"url\":\"https:\\\/\\\/diariodelsurdigital.com.ar\\\/?author=2\"}]}<\/script>\n<!-- \/ Yoast SEO plugin. -->","yoast_head_json":{"title":"Diputados: hasta ahora no hubo convocatoria para desestimar el juicio pol\u00edtico a Susana Medina, vocal del STJ - Diario del Sur","robots":{"index":"index","follow":"follow","max-snippet":"max-snippet:-1","max-image-preview":"max-image-preview:large","max-video-preview":"max-video-preview:-1"},"canonical":"https:\/\/diariodelsurdigital.com.ar\/?p=6301","og_locale":"es_ES","og_type":"article","og_title":"Diputados: hasta ahora no hubo convocatoria para desestimar el juicio pol\u00edtico a Susana Medina, vocal del STJ - Diario del Sur","og_description":"La Comisi\u00f3n de Juicio Pol\u00edtico de la C\u00e1mara de Diputados de Entre R\u00edos no hizo convocatoria alguna a sus integrantes, para la jornada de este lunes, a los fines de tratar el dictamen de rechazo a los pedidos de juicio pol\u00edtico contra la vocal del Superior Tribunal de Justicia (STJ), Susana Medina de Rizzo. Hasta [&hellip;]","og_url":"https:\/\/diariodelsurdigital.com.ar\/?p=6301","og_site_name":"Diario del Sur","article_published_time":"2025-12-29T02:45:23+00:00","og_image":[{"width":421,"height":253,"url":"https:\/\/diariodelsurdigital.com.ar\/wp-content\/uploads\/2025\/12\/susana-medina_3.png","type":"image\/png"}],"author":"Diario del Sur Digital","twitter_card":"summary_large_image","twitter_misc":{"Escrito por":"Diario del Sur Digital","Tiempo de lectura":"4 minutos"},"schema":{"@context":"https:\/\/schema.org","@graph":[{"@type":"Article","@id":"https:\/\/diariodelsurdigital.com.ar\/?p=6301#article","isPartOf":{"@id":"https:\/\/diariodelsurdigital.com.ar\/?p=6301"},"author":{"name":"Diario del Sur Digital","@id":"https:\/\/diariodelsurdigital.com.ar\/#\/schema\/person\/6136a32571657f7dba980b88b04c5465"},"headline":"Diputados: hasta ahora no hubo convocatoria para desestimar el juicio pol\u00edtico a Susana Medina, vocal del STJ","datePublished":"2025-12-29T02:45:23+00:00","mainEntityOfPage":{"@id":"https:\/\/diariodelsurdigital.com.ar\/?p=6301"},"wordCount":851,"commentCount":0,"image":{"@id":"https:\/\/diariodelsurdigital.com.ar\/?p=6301#primaryimage"},"thumbnailUrl":"https:\/\/diariodelsurdigital.com.ar\/wp-content\/uploads\/2025\/12\/susana-medina_3.png","articleSection":["Inter\u00e9s General","Provinciales"],"inLanguage":"es","potentialAction":[{"@type":"CommentAction","name":"Comment","target":["https:\/\/diariodelsurdigital.com.ar\/?p=6301#respond"]}]},{"@type":"WebPage","@id":"https:\/\/diariodelsurdigital.com.ar\/?p=6301","url":"https:\/\/diariodelsurdigital.com.ar\/?p=6301","name":"Diputados: hasta ahora no hubo convocatoria para desestimar el juicio pol\u00edtico a Susana Medina, vocal del STJ - Diario del Sur","isPartOf":{"@id":"https:\/\/diariodelsurdigital.com.ar\/#website"},"primaryImageOfPage":{"@id":"https:\/\/diariodelsurdigital.com.ar\/?p=6301#primaryimage"},"image":{"@id":"https:\/\/diariodelsurdigital.com.ar\/?p=6301#primaryimage"},"thumbnailUrl":"https:\/\/diariodelsurdigital.com.ar\/wp-content\/uploads\/2025\/12\/susana-medina_3.png","datePublished":"2025-12-29T02:45:23+00:00","author":{"@id":"https:\/\/diariodelsurdigital.com.ar\/#\/schema\/person\/6136a32571657f7dba980b88b04c5465"},"breadcrumb":{"@id":"https:\/\/diariodelsurdigital.com.ar\/?p=6301#breadcrumb"},"inLanguage":"es","potentialAction":[{"@type":"ReadAction","target":["https:\/\/diariodelsurdigital.com.ar\/?p=6301"]}]},{"@type":"ImageObject","inLanguage":"es","@id":"https:\/\/diariodelsurdigital.com.ar\/?p=6301#primaryimage","url":"https:\/\/diariodelsurdigital.com.ar\/wp-content\/uploads\/2025\/12\/susana-medina_3.png","contentUrl":"https:\/\/diariodelsurdigital.com.ar\/wp-content\/uploads\/2025\/12\/susana-medina_3.png","width":421,"height":253},{"@type":"BreadcrumbList","@id":"https:\/\/diariodelsurdigital.com.ar\/?p=6301#breadcrumb","itemListElement":[{"@type":"ListItem","position":1,"name":"Portada","item":"https:\/\/diariodelsurdigital.com.ar\/"},{"@type":"ListItem","position":2,"name":"Diputados: hasta ahora no hubo convocatoria para desestimar el juicio pol\u00edtico a Susana Medina, vocal del STJ"}]},{"@type":"WebSite","@id":"https:\/\/diariodelsurdigital.com.ar\/#website","url":"https:\/\/diariodelsurdigital.com.ar\/","name":"Diario del Sur","description":"Digital","potentialAction":[{"@type":"SearchAction","target":{"@type":"EntryPoint","urlTemplate":"https:\/\/diariodelsurdigital.com.ar\/?s={search_term_string}"},"query-input":{"@type":"PropertyValueSpecification","valueRequired":true,"valueName":"search_term_string"}}],"inLanguage":"es"},{"@type":"Person","@id":"https:\/\/diariodelsurdigital.com.ar\/#\/schema\/person\/6136a32571657f7dba980b88b04c5465","name":"Diario del Sur Digital","image":{"@type":"ImageObject","inLanguage":"es","@id":"https:\/\/secure.gravatar.com\/avatar\/4c29ceac98541dd42460b2474aaa5dd37594d6ce6cb3cf2c101d09b48ee287ba?s=96&d=mm&r=g","url":"https:\/\/secure.gravatar.com\/avatar\/4c29ceac98541dd42460b2474aaa5dd37594d6ce6cb3cf2c101d09b48ee287ba?s=96&d=mm&r=g","contentUrl":"https:\/\/secure.gravatar.com\/avatar\/4c29ceac98541dd42460b2474aaa5dd37594d6ce6cb3cf2c101d09b48ee287ba?s=96&d=mm&r=g","caption":"Diario del Sur Digital"},"url":"https:\/\/diariodelsurdigital.com.ar\/?author=2"}]}},"_links":{"self":[{"href":"https:\/\/diariodelsurdigital.com.ar\/index.php?rest_route=\/wp\/v2\/posts\/6301","targetHints":{"allow":["GET"]}}],"collection":[{"href":"https:\/\/diariodelsurdigital.com.ar\/index.php?rest_route=\/wp\/v2\/posts"}],"about":[{"href":"https:\/\/diariodelsurdigital.com.ar\/index.php?rest_route=\/wp\/v2\/types\/post"}],"author":[{"embeddable":true,"href":"https:\/\/diariodelsurdigital.com.ar\/index.php?rest_route=\/wp\/v2\/users\/2"}],"replies":[{"embeddable":true,"href":"https:\/\/diariodelsurdigital.com.ar\/index.php?rest_route=%2Fwp%2Fv2%2Fcomments&post=6301"}],"version-history":[{"count":1,"href":"https:\/\/diariodelsurdigital.com.ar\/index.php?rest_route=\/wp\/v2\/posts\/6301\/revisions"}],"predecessor-version":[{"id":6303,"href":"https:\/\/diariodelsurdigital.com.ar\/index.php?rest_route=\/wp\/v2\/posts\/6301\/revisions\/6303"}],"wp:featuredmedia":[{"embeddable":true,"href":"https:\/\/diariodelsurdigital.com.ar\/index.php?rest_route=\/wp\/v2\/media\/6302"}],"wp:attachment":[{"href":"https:\/\/diariodelsurdigital.com.ar\/index.php?rest_route=%2Fwp%2Fv2%2Fmedia&parent=6301"}],"wp:term":[{"taxonomy":"category","embeddable":true,"href":"https:\/\/diariodelsurdigital.com.ar\/index.php?rest_route=%2Fwp%2Fv2%2Fcategories&post=6301"},{"taxonomy":"post_tag","embeddable":true,"href":"https:\/\/diariodelsurdigital.com.ar\/index.php?rest_route=%2Fwp%2Fv2%2Ftags&post=6301"}],"curies":[{"name":"wp","href":"https:\/\/api.w.org\/{rel}","templated":true}]}}