{"id":6307,"date":"2025-12-29T00:16:21","date_gmt":"2025-12-29T03:16:21","guid":{"rendered":"https:\/\/diariodelsurdigital.com.ar\/?p=6307"},"modified":"2025-12-29T00:16:22","modified_gmt":"2025-12-29T03:16:22","slug":"la-costa-del-rio-uruguay-se-moviliza-y-pediran-a-los-concejos-deliberantes-que-se-expresen-contra-la-planta-de-combustibles-sinteticos-en-paysandu","status":"publish","type":"post","link":"https:\/\/diariodelsurdigital.com.ar\/?p=6307","title":{"rendered":"La costa del r\u00edo Uruguay se moviliza y pedir\u00e1n a los Concejos Deliberantes que se expresen contra la Planta de Combustibles Sint\u00e9ticos en Paysand\u00fa"},"content":{"rendered":"\n<h1 class=\"wp-block-heading\" id=\"brxe-irvovo\"><\/h1>\n\n\n\n<p id=\"brxe-engrnl\">Este jueves, se llev\u00f3 a cabo en Col\u00f3n otra asamblea de vecinos preocupados por la posible instalaci\u00f3n de una planta de combustible en Paysand\u00fa. En esta oportunidad, el lugar elegido fue plaza San Mart\u00edn, frente al consulado de la Rep\u00fablica Oriental del Uruguay. En representaci\u00f3n del Ejecutivo Municipal particip\u00f3 el secretario de Gobierno Mariano Bravo. Tambi\u00e9n estuvo presente la concejal Karen Kuliat. Los asamble\u00edstas analizaron estrategias conjuntas para hacer visible el megaemprendimiento de la empresa HIF en Paysand\u00fa y sus posibles consecuencias en esa ciudad. Ram\u00f3n Cabrera, representante del Movimiento Surge y de la Mesa Coordinadora de Jubilados y Pensionados de Concordia de la Plaza 25 de Mayo, junto a Jorge L\u00f3pez, estuvieron presentes. Cabrera anticip\u00f3 que analizan medidas desde Concordia para solidarizarse con los asamble\u00edstas de Col\u00f3n. <\/p>\n\n\n\n<p id=\"brxe-engrnl\">Una de ellas, ser\u00e1 presentar el tema en el Concejo Deliberante de Concordia. \u201cQueremos que se expidan. Por lo menos, que digan que no est\u00e1n de acuerdo. No que salgan a encabezar la lucha. Lo \u00fanico que les vamos a pedir es que se expidan si no est\u00e1n de acuerdo y que les exijan al intendente (Francisco Azcu\u00e9) y a los legisladores que se expidan sobre esto. No se pueden hacer los tontos\u201d, remarc\u00f3 Cabrera. \u201dNo hay que dejarlos solos\u201d, plante\u00f3.<\/p>\n\n\n\n<p><a href=\"https:\/\/t.me\/share\/url?url=https:\/\/www.diariojunio.com.ar\/pediran-al-concejo-deliberante-de-concordia-que-se-exprese-en-contra-de-la-planta-de-combustibles-sinteticos-en-paysandu\/\" target=\"_blank\" rel=\"noreferrer noopener\"><\/a><a href=\"https:\/\/www.facebook.com\/sharer\/sharer.php?u=https:\/\/www.diariojunio.com.ar\/pediran-al-concejo-deliberante-de-concordia-que-se-exprese-en-contra-de-la-planta-de-combustibles-sinteticos-en-paysandu\/\" target=\"_blank\" rel=\"noreferrer noopener\"><\/a><a href=\"https:\/\/twitter.com\/intent\/tweet?url=https:\/\/www.diariojunio.com.ar\/pediran-al-concejo-deliberante-de-concordia-que-se-exprese-en-contra-de-la-planta-de-combustibles-sinteticos-en-paysandu\/\" target=\"_blank\" rel=\"noreferrer noopener\"><\/a><a href=\"https:\/\/wa.me\/?text=https:\/\/www.diariojunio.com.ar\/pediran-al-concejo-deliberante-de-concordia-que-se-exprese-en-contra-de-la-planta-de-combustibles-sinteticos-en-paysandu\/\" target=\"_blank\" rel=\"noreferrer noopener\"><\/a>Cabrera dijo que van a ir personalmente hasta el Concejo para reunirse con los ediles y, adem\u00e1s, presentar\u00e1n una nota formal por mesa de entrada. \u201cPara que nadie diga que no se hace de la manera que corresponde\u201d, dijo. Adem\u00e1s, admiti\u00f3 que hay diferencias con los ediles del oficialismo en torno a muchos temas, pero se inclin\u00f3 por pensar que, en este tema, van a optar por la defensa del medio ambiente.<\/p>\n\n\n\n<p>A su vez, dijo que est\u00e1n analizando algunas actividades para llevar adelante. Una de ellas expresarse en el Puente Salto Grande, en el Carnaval de Concordia o en la Marat\u00f3n de Reyes. \u201cNo es que se va a interrumpir: simplemente poner carteler\u00eda que visibilice que es lo que est\u00e1 ocurriendo\u201d, dijo.<\/p>\n\n\n\n<p>M\u00e1s adelante, Cabrera dijo que los vecinos de Col\u00f3n hace m\u00e1s de un a\u00f1o que vienen realizando asambleas por la instalaci\u00f3n de la planta de HIF en la vecina ciudad de Paysand\u00fa. En ese sentido, destac\u00f3 que en la asamblea de ayer hab\u00eda representantes de todos los barrios de la ciudad y adem\u00e1s quieren hacer extensivo el compromiso a los clubes, las entidades civiles y los sindicatos.<\/p>\n\n\n\n<p>En la asamblea se decidi\u00f3 comenzar una campa\u00f1a de concientizaci\u00f3n, mediante carteler\u00eda, folleter\u00eda y otras actividades en com\u00fan que se desarrollar\u00e1n en los pr\u00f3ximos d\u00edas en la Fiesta de la Artesan\u00eda, los carnavales, actividades en las playas, etc.<\/p>\n\n\n\n<p>HIF Global, con capitales chilenos, estadounidenses y europeos, planea invertir m\u00e1s de US$ 4.000 millones para producir hidr\u00f3geno verde y e-combustibles destinados a la exportaci\u00f3n. El proceso se alimentar\u00e1 de energ\u00eda solar y e\u00f3lica, y requerir\u00e1 tomar agua del r\u00edo Uruguay para su electr\u00f3lisis. Si bien la empresa asegura que \u201cno habr\u00e1 descargas contaminantes\u201d y que los efluentes ser\u00e1n \u201ctratados seg\u00fan est\u00e1ndares internacionales\u201d, las autoridades y vecinos de la costa argentina exigen garant\u00edas verificables y monitoreo binacional.<\/p>\n\n\n\n<p>Los asamble\u00edstas piden la relocalizaci\u00f3n de la planta, ya que se encuentra m\u00e1s cerca de Colon que de Paysand\u00fa. La solicitud es impulsada adem\u00e1s por los intendentes de la regi\u00f3n de Tierra de Palmares, que incluye a Col\u00f3n, San Jos\u00e9 y Villa Elisa. La principal preocupaci\u00f3n de las organizaciones sociales y actores locales fue el uso de agua del r\u00edo Uruguay, el posible impacto sobre la biodiversidad ribere\u00f1a, el tr\u00e1nsito pesado y la escala in\u00e9dita del proyecto industrial para el departamento.<\/p>\n\n\n\n<p><strong>Movilizar e invitar a los Concejos Deliberantes de las ciudades de la costa del R\u00edo Uruguay a que se manifiesten<\/strong><\/p>\n\n\n\n<p>Desde organizaciones no gubernamentales ambientalistas, se inform\u00f3 que de la misma manera que en Concordia, se invitar\u00e1 a los Concejos Deliberantes de las ciudades de la costa del R\u00edo Uruguay, como Concepci\u00f3n del Uruguay y Gualeguaych\u00fa para que se manifiesten a favor o en contra de la Planta de Hidr\u00f3geno.<\/p>\n\n\n\n<p>En este marco cabe aclarar que, de acuerdo al Estatuto del R\u00edo Uruguay, corresponde a la CARU (Comisi\u00f3n Administradora del R\u00edo Uruguay) como organismo binacional competente a intervenir de oficio y de manera URGENTE en este tema.  Pero hasta ahora hace silencio c\u00f3mplice al respecto.<\/p>\n\n\n\n<p><\/p>\n","protected":false},"excerpt":{"rendered":"<p>Este jueves, se llev\u00f3 a cabo en Col\u00f3n otra asamblea de vecinos preocupados por la posible instalaci\u00f3n de una planta de combustible en Paysand\u00fa. En esta oportunidad, el lugar elegido fue plaza San Mart\u00edn, frente al consulado de la Rep\u00fablica Oriental del Uruguay. En representaci\u00f3n del Ejecutivo Municipal particip\u00f3 el secretario de Gobierno Mariano Bravo. [&hellip;]<\/p>\n","protected":false},"author":2,"featured_media":6308,"comment_status":"open","ping_status":"open","sticky":false,"template":"","format":"standard","meta":{"footnotes":""},"categories":[19,17],"tags":[],"class_list":{"0":"post-6307","1":"post","2":"type-post","3":"status-publish","4":"format-standard","5":"has-post-thumbnail","7":"category-interes-general","8":"category-provinciales"},"yoast_head":"<!-- This site is optimized with the Yoast SEO plugin v27.4 - https:\/\/yoast.com\/product\/yoast-seo-wordpress\/ -->\n<title>La costa del r\u00edo Uruguay se moviliza y pedir\u00e1n a los Concejos Deliberantes que se expresen contra la Planta de Combustibles Sint\u00e9ticos en Paysand\u00fa - Diario del Sur<\/title>\n<meta name=\"robots\" content=\"index, follow, max-snippet:-1, max-image-preview:large, max-video-preview:-1\" \/>\n<link rel=\"canonical\" href=\"https:\/\/diariodelsurdigital.com.ar\/?p=6307\" \/>\n<meta property=\"og:locale\" content=\"es_ES\" \/>\n<meta property=\"og:type\" content=\"article\" \/>\n<meta property=\"og:title\" content=\"La costa del r\u00edo Uruguay se moviliza y pedir\u00e1n a los Concejos Deliberantes que se expresen contra la Planta de Combustibles Sint\u00e9ticos en Paysand\u00fa - Diario del Sur\" \/>\n<meta property=\"og:description\" content=\"Este jueves, se llev\u00f3 a cabo en Col\u00f3n otra asamblea de vecinos preocupados por la posible instalaci\u00f3n de una planta de combustible en Paysand\u00fa. En esta oportunidad, el lugar elegido fue plaza San Mart\u00edn, frente al consulado de la Rep\u00fablica Oriental del Uruguay. En representaci\u00f3n del Ejecutivo Municipal particip\u00f3 el secretario de Gobierno Mariano Bravo. [&hellip;]\" \/>\n<meta property=\"og:url\" content=\"https:\/\/diariodelsurdigital.com.ar\/?p=6307\" \/>\n<meta property=\"og:site_name\" content=\"Diario del Sur\" \/>\n<meta property=\"article:published_time\" content=\"2025-12-29T03:16:21+00:00\" \/>\n<meta property=\"article:modified_time\" content=\"2025-12-29T03:16:22+00:00\" \/>\n<meta property=\"og:image\" content=\"https:\/\/diariodelsurdigital.com.ar\/wp-content\/uploads\/2025\/12\/concejo.jpg\" \/>\n\t<meta property=\"og:image:width\" content=\"490\" \/>\n\t<meta property=\"og:image:height\" content=\"292\" \/>\n\t<meta property=\"og:image:type\" content=\"image\/jpeg\" \/>\n<meta name=\"author\" content=\"Diario del Sur Digital\" \/>\n<meta name=\"twitter:card\" content=\"summary_large_image\" \/>\n<meta name=\"twitter:label1\" content=\"Escrito por\" \/>\n\t<meta name=\"twitter:data1\" content=\"Diario del Sur Digital\" \/>\n\t<meta name=\"twitter:label2\" content=\"Tiempo de lectura\" \/>\n\t<meta name=\"twitter:data2\" content=\"4 minutos\" \/>\n<script type=\"application\/ld+json\" class=\"yoast-schema-graph\">{\"@context\":\"https:\\\/\\\/schema.org\",\"@graph\":[{\"@type\":\"Article\",\"@id\":\"https:\\\/\\\/diariodelsurdigital.com.ar\\\/?p=6307#article\",\"isPartOf\":{\"@id\":\"https:\\\/\\\/diariodelsurdigital.com.ar\\\/?p=6307\"},\"author\":{\"name\":\"Diario del Sur Digital\",\"@id\":\"https:\\\/\\\/diariodelsurdigital.com.ar\\\/#\\\/schema\\\/person\\\/6136a32571657f7dba980b88b04c5465\"},\"headline\":\"La costa del r\u00edo Uruguay se moviliza y pedir\u00e1n a los Concejos Deliberantes que se expresen contra la Planta de Combustibles Sint\u00e9ticos en Paysand\u00fa\",\"datePublished\":\"2025-12-29T03:16:21+00:00\",\"dateModified\":\"2025-12-29T03:16:22+00:00\",\"mainEntityOfPage\":{\"@id\":\"https:\\\/\\\/diariodelsurdigital.com.ar\\\/?p=6307\"},\"wordCount\":800,\"commentCount\":0,\"image\":{\"@id\":\"https:\\\/\\\/diariodelsurdigital.com.ar\\\/?p=6307#primaryimage\"},\"thumbnailUrl\":\"https:\\\/\\\/diariodelsurdigital.com.ar\\\/wp-content\\\/uploads\\\/2025\\\/12\\\/concejo.jpg\",\"articleSection\":[\"Inter\u00e9s General\",\"Provinciales\"],\"inLanguage\":\"es\",\"potentialAction\":[{\"@type\":\"CommentAction\",\"name\":\"Comment\",\"target\":[\"https:\\\/\\\/diariodelsurdigital.com.ar\\\/?p=6307#respond\"]}]},{\"@type\":\"WebPage\",\"@id\":\"https:\\\/\\\/diariodelsurdigital.com.ar\\\/?p=6307\",\"url\":\"https:\\\/\\\/diariodelsurdigital.com.ar\\\/?p=6307\",\"name\":\"La costa del r\u00edo Uruguay se moviliza y pedir\u00e1n a los Concejos Deliberantes que se expresen contra la Planta de Combustibles Sint\u00e9ticos en Paysand\u00fa - Diario del Sur\",\"isPartOf\":{\"@id\":\"https:\\\/\\\/diariodelsurdigital.com.ar\\\/#website\"},\"primaryImageOfPage\":{\"@id\":\"https:\\\/\\\/diariodelsurdigital.com.ar\\\/?p=6307#primaryimage\"},\"image\":{\"@id\":\"https:\\\/\\\/diariodelsurdigital.com.ar\\\/?p=6307#primaryimage\"},\"thumbnailUrl\":\"https:\\\/\\\/diariodelsurdigital.com.ar\\\/wp-content\\\/uploads\\\/2025\\\/12\\\/concejo.jpg\",\"datePublished\":\"2025-12-29T03:16:21+00:00\",\"dateModified\":\"2025-12-29T03:16:22+00:00\",\"author\":{\"@id\":\"https:\\\/\\\/diariodelsurdigital.com.ar\\\/#\\\/schema\\\/person\\\/6136a32571657f7dba980b88b04c5465\"},\"breadcrumb\":{\"@id\":\"https:\\\/\\\/diariodelsurdigital.com.ar\\\/?p=6307#breadcrumb\"},\"inLanguage\":\"es\",\"potentialAction\":[{\"@type\":\"ReadAction\",\"target\":[\"https:\\\/\\\/diariodelsurdigital.com.ar\\\/?p=6307\"]}]},{\"@type\":\"ImageObject\",\"inLanguage\":\"es\",\"@id\":\"https:\\\/\\\/diariodelsurdigital.com.ar\\\/?p=6307#primaryimage\",\"url\":\"https:\\\/\\\/diariodelsurdigital.com.ar\\\/wp-content\\\/uploads\\\/2025\\\/12\\\/concejo.jpg\",\"contentUrl\":\"https:\\\/\\\/diariodelsurdigital.com.ar\\\/wp-content\\\/uploads\\\/2025\\\/12\\\/concejo.jpg\",\"width\":490,\"height\":292},{\"@type\":\"BreadcrumbList\",\"@id\":\"https:\\\/\\\/diariodelsurdigital.com.ar\\\/?p=6307#breadcrumb\",\"itemListElement\":[{\"@type\":\"ListItem\",\"position\":1,\"name\":\"Portada\",\"item\":\"https:\\\/\\\/diariodelsurdigital.com.ar\\\/\"},{\"@type\":\"ListItem\",\"position\":2,\"name\":\"La costa del r\u00edo Uruguay se moviliza y pedir\u00e1n a los Concejos Deliberantes que se expresen contra la Planta de Combustibles Sint\u00e9ticos en Paysand\u00fa\"}]},{\"@type\":\"WebSite\",\"@id\":\"https:\\\/\\\/diariodelsurdigital.com.ar\\\/#website\",\"url\":\"https:\\\/\\\/diariodelsurdigital.com.ar\\\/\",\"name\":\"Diario del Sur\",\"description\":\"Digital\",\"potentialAction\":[{\"@type\":\"SearchAction\",\"target\":{\"@type\":\"EntryPoint\",\"urlTemplate\":\"https:\\\/\\\/diariodelsurdigital.com.ar\\\/?s={search_term_string}\"},\"query-input\":{\"@type\":\"PropertyValueSpecification\",\"valueRequired\":true,\"valueName\":\"search_term_string\"}}],\"inLanguage\":\"es\"},{\"@type\":\"Person\",\"@id\":\"https:\\\/\\\/diariodelsurdigital.com.ar\\\/#\\\/schema\\\/person\\\/6136a32571657f7dba980b88b04c5465\",\"name\":\"Diario del Sur Digital\",\"image\":{\"@type\":\"ImageObject\",\"inLanguage\":\"es\",\"@id\":\"https:\\\/\\\/secure.gravatar.com\\\/avatar\\\/4c29ceac98541dd42460b2474aaa5dd37594d6ce6cb3cf2c101d09b48ee287ba?s=96&d=mm&r=g\",\"url\":\"https:\\\/\\\/secure.gravatar.com\\\/avatar\\\/4c29ceac98541dd42460b2474aaa5dd37594d6ce6cb3cf2c101d09b48ee287ba?s=96&d=mm&r=g\",\"contentUrl\":\"https:\\\/\\\/secure.gravatar.com\\\/avatar\\\/4c29ceac98541dd42460b2474aaa5dd37594d6ce6cb3cf2c101d09b48ee287ba?s=96&d=mm&r=g\",\"caption\":\"Diario del Sur Digital\"},\"url\":\"https:\\\/\\\/diariodelsurdigital.com.ar\\\/?author=2\"}]}<\/script>\n<!-- \/ Yoast SEO plugin. -->","yoast_head_json":{"title":"La costa del r\u00edo Uruguay se moviliza y pedir\u00e1n a los Concejos Deliberantes que se expresen contra la Planta de Combustibles Sint\u00e9ticos en Paysand\u00fa - Diario del Sur","robots":{"index":"index","follow":"follow","max-snippet":"max-snippet:-1","max-image-preview":"max-image-preview:large","max-video-preview":"max-video-preview:-1"},"canonical":"https:\/\/diariodelsurdigital.com.ar\/?p=6307","og_locale":"es_ES","og_type":"article","og_title":"La costa del r\u00edo Uruguay se moviliza y pedir\u00e1n a los Concejos Deliberantes que se expresen contra la Planta de Combustibles Sint\u00e9ticos en Paysand\u00fa - Diario del Sur","og_description":"Este jueves, se llev\u00f3 a cabo en Col\u00f3n otra asamblea de vecinos preocupados por la posible instalaci\u00f3n de una planta de combustible en Paysand\u00fa. En esta oportunidad, el lugar elegido fue plaza San Mart\u00edn, frente al consulado de la Rep\u00fablica Oriental del Uruguay. En representaci\u00f3n del Ejecutivo Municipal particip\u00f3 el secretario de Gobierno Mariano Bravo. [&hellip;]","og_url":"https:\/\/diariodelsurdigital.com.ar\/?p=6307","og_site_name":"Diario del Sur","article_published_time":"2025-12-29T03:16:21+00:00","article_modified_time":"2025-12-29T03:16:22+00:00","og_image":[{"width":490,"height":292,"url":"https:\/\/diariodelsurdigital.com.ar\/wp-content\/uploads\/2025\/12\/concejo.jpg","type":"image\/jpeg"}],"author":"Diario del Sur Digital","twitter_card":"summary_large_image","twitter_misc":{"Escrito por":"Diario del Sur Digital","Tiempo de lectura":"4 minutos"},"schema":{"@context":"https:\/\/schema.org","@graph":[{"@type":"Article","@id":"https:\/\/diariodelsurdigital.com.ar\/?p=6307#article","isPartOf":{"@id":"https:\/\/diariodelsurdigital.com.ar\/?p=6307"},"author":{"name":"Diario del Sur Digital","@id":"https:\/\/diariodelsurdigital.com.ar\/#\/schema\/person\/6136a32571657f7dba980b88b04c5465"},"headline":"La costa del r\u00edo Uruguay se moviliza y pedir\u00e1n a los Concejos Deliberantes que se expresen contra la Planta de Combustibles Sint\u00e9ticos en Paysand\u00fa","datePublished":"2025-12-29T03:16:21+00:00","dateModified":"2025-12-29T03:16:22+00:00","mainEntityOfPage":{"@id":"https:\/\/diariodelsurdigital.com.ar\/?p=6307"},"wordCount":800,"commentCount":0,"image":{"@id":"https:\/\/diariodelsurdigital.com.ar\/?p=6307#primaryimage"},"thumbnailUrl":"https:\/\/diariodelsurdigital.com.ar\/wp-content\/uploads\/2025\/12\/concejo.jpg","articleSection":["Inter\u00e9s General","Provinciales"],"inLanguage":"es","potentialAction":[{"@type":"CommentAction","name":"Comment","target":["https:\/\/diariodelsurdigital.com.ar\/?p=6307#respond"]}]},{"@type":"WebPage","@id":"https:\/\/diariodelsurdigital.com.ar\/?p=6307","url":"https:\/\/diariodelsurdigital.com.ar\/?p=6307","name":"La costa del r\u00edo Uruguay se moviliza y pedir\u00e1n a los Concejos Deliberantes que se expresen contra la Planta de Combustibles Sint\u00e9ticos en Paysand\u00fa - Diario del Sur","isPartOf":{"@id":"https:\/\/diariodelsurdigital.com.ar\/#website"},"primaryImageOfPage":{"@id":"https:\/\/diariodelsurdigital.com.ar\/?p=6307#primaryimage"},"image":{"@id":"https:\/\/diariodelsurdigital.com.ar\/?p=6307#primaryimage"},"thumbnailUrl":"https:\/\/diariodelsurdigital.com.ar\/wp-content\/uploads\/2025\/12\/concejo.jpg","datePublished":"2025-12-29T03:16:21+00:00","dateModified":"2025-12-29T03:16:22+00:00","author":{"@id":"https:\/\/diariodelsurdigital.com.ar\/#\/schema\/person\/6136a32571657f7dba980b88b04c5465"},"breadcrumb":{"@id":"https:\/\/diariodelsurdigital.com.ar\/?p=6307#breadcrumb"},"inLanguage":"es","potentialAction":[{"@type":"ReadAction","target":["https:\/\/diariodelsurdigital.com.ar\/?p=6307"]}]},{"@type":"ImageObject","inLanguage":"es","@id":"https:\/\/diariodelsurdigital.com.ar\/?p=6307#primaryimage","url":"https:\/\/diariodelsurdigital.com.ar\/wp-content\/uploads\/2025\/12\/concejo.jpg","contentUrl":"https:\/\/diariodelsurdigital.com.ar\/wp-content\/uploads\/2025\/12\/concejo.jpg","width":490,"height":292},{"@type":"BreadcrumbList","@id":"https:\/\/diariodelsurdigital.com.ar\/?p=6307#breadcrumb","itemListElement":[{"@type":"ListItem","position":1,"name":"Portada","item":"https:\/\/diariodelsurdigital.com.ar\/"},{"@type":"ListItem","position":2,"name":"La costa del r\u00edo Uruguay se moviliza y pedir\u00e1n a los Concejos Deliberantes que se expresen contra la Planta de Combustibles Sint\u00e9ticos en Paysand\u00fa"}]},{"@type":"WebSite","@id":"https:\/\/diariodelsurdigital.com.ar\/#website","url":"https:\/\/diariodelsurdigital.com.ar\/","name":"Diario del Sur","description":"Digital","potentialAction":[{"@type":"SearchAction","target":{"@type":"EntryPoint","urlTemplate":"https:\/\/diariodelsurdigital.com.ar\/?s={search_term_string}"},"query-input":{"@type":"PropertyValueSpecification","valueRequired":true,"valueName":"search_term_string"}}],"inLanguage":"es"},{"@type":"Person","@id":"https:\/\/diariodelsurdigital.com.ar\/#\/schema\/person\/6136a32571657f7dba980b88b04c5465","name":"Diario del Sur Digital","image":{"@type":"ImageObject","inLanguage":"es","@id":"https:\/\/secure.gravatar.com\/avatar\/4c29ceac98541dd42460b2474aaa5dd37594d6ce6cb3cf2c101d09b48ee287ba?s=96&d=mm&r=g","url":"https:\/\/secure.gravatar.com\/avatar\/4c29ceac98541dd42460b2474aaa5dd37594d6ce6cb3cf2c101d09b48ee287ba?s=96&d=mm&r=g","contentUrl":"https:\/\/secure.gravatar.com\/avatar\/4c29ceac98541dd42460b2474aaa5dd37594d6ce6cb3cf2c101d09b48ee287ba?s=96&d=mm&r=g","caption":"Diario del Sur Digital"},"url":"https:\/\/diariodelsurdigital.com.ar\/?author=2"}]}},"_links":{"self":[{"href":"https:\/\/diariodelsurdigital.com.ar\/index.php?rest_route=\/wp\/v2\/posts\/6307","targetHints":{"allow":["GET"]}}],"collection":[{"href":"https:\/\/diariodelsurdigital.com.ar\/index.php?rest_route=\/wp\/v2\/posts"}],"about":[{"href":"https:\/\/diariodelsurdigital.com.ar\/index.php?rest_route=\/wp\/v2\/types\/post"}],"author":[{"embeddable":true,"href":"https:\/\/diariodelsurdigital.com.ar\/index.php?rest_route=\/wp\/v2\/users\/2"}],"replies":[{"embeddable":true,"href":"https:\/\/diariodelsurdigital.com.ar\/index.php?rest_route=%2Fwp%2Fv2%2Fcomments&post=6307"}],"version-history":[{"count":1,"href":"https:\/\/diariodelsurdigital.com.ar\/index.php?rest_route=\/wp\/v2\/posts\/6307\/revisions"}],"predecessor-version":[{"id":6309,"href":"https:\/\/diariodelsurdigital.com.ar\/index.php?rest_route=\/wp\/v2\/posts\/6307\/revisions\/6309"}],"wp:featuredmedia":[{"embeddable":true,"href":"https:\/\/diariodelsurdigital.com.ar\/index.php?rest_route=\/wp\/v2\/media\/6308"}],"wp:attachment":[{"href":"https:\/\/diariodelsurdigital.com.ar\/index.php?rest_route=%2Fwp%2Fv2%2Fmedia&parent=6307"}],"wp:term":[{"taxonomy":"category","embeddable":true,"href":"https:\/\/diariodelsurdigital.com.ar\/index.php?rest_route=%2Fwp%2Fv2%2Fcategories&post=6307"},{"taxonomy":"post_tag","embeddable":true,"href":"https:\/\/diariodelsurdigital.com.ar\/index.php?rest_route=%2Fwp%2Fv2%2Ftags&post=6307"}],"curies":[{"name":"wp","href":"https:\/\/api.w.org\/{rel}","templated":true}]}}