{"id":6317,"date":"2025-12-30T21:52:30","date_gmt":"2025-12-31T00:52:30","guid":{"rendered":"https:\/\/diariodelsurdigital.com.ar\/?p=6317"},"modified":"2025-12-30T21:52:30","modified_gmt":"2025-12-31T00:52:30","slug":"la-justicia-fallo-a-favor-de-la-intervencion-del-sindicato-de-la-fruta","status":"publish","type":"post","link":"https:\/\/diariodelsurdigital.com.ar\/?p=6317","title":{"rendered":"La Justicia fall\u00f3 a favor de la intervenci\u00f3n del Sindicato de la Fruta"},"content":{"rendered":"\n<h1 class=\"wp-block-heading\"><\/h1>\n\n\n\n<p>Luego de varios d\u00edas de tensi\u00f3n e incertidumbre, la Justicia local puso fin al conflicto institucional que manten\u00eda en vilo a los trabajadores del Sindicato de la Fruta, al reconocer la validez de la intervenci\u00f3n dispuesta por la Federaci\u00f3n Argentina de Trabajadores Rurales, Estibadores y Frutihort\u00edcolas Unidos (FATREFRU) y avalar la toma de posesi\u00f3n de la sede gremial por parte del interventor Iv\u00e1n Amaro.<\/p>\n\n\n\n<h4 class=\"wp-block-heading\"> El conflicto se hab\u00eda desatado el pasado domingo, cuando Amaro, designado interventor por FATREFRU, junto a un grupo de trabajadores del sector, tom\u00f3 posesi\u00f3n de la sede sindical ubicada en calle Saavedra. Ese mismo d\u00eda se realiz\u00f3 una asamblea encabezada por el interventor, acompa\u00f1ado por su abogado, Alejandro Jacobi, quien hab\u00eda manifestado que la medida se adopt\u00f3 en el marco de las facultades administrativas otorgadas por la entidad de segundo grado.<\/h4>\n\n\n\n<p>Seg\u00fan explic\u00f3 el letrado en su momento, dentro del inmueble se desarroll\u00f3 una asamblea permanente de trabajadores, donde se resolvi\u00f3 ocupar formalmente las instalaciones del sindicato. La decisi\u00f3n se produjo luego de que tanto la Justicia Federal como la Provincial se declararan incompetentes para resolver el conflicto de fondo, lo que, desde el sector de Amaro, fue interpretado como un vac\u00edo judicial que habilitaba la intervenci\u00f3n administrativa de la federaci\u00f3n.<\/p>\n\n\n\n<p>En paralelo, el secretario general destituido, Alcides Camejo, junto a su asesor legal, el doctor Daniel Cedro, present\u00f3 una denuncia por presunta usurpaci\u00f3n en la Fiscal\u00eda. A ra\u00edz de esa presentaci\u00f3n, la fiscal interviniente, Natalia Conti, dispuso una constataci\u00f3n del inmueble para dejar asentado un inventario de los bienes existentes en la sede gremial y orden\u00f3 que se mantuviera una guardia policial permanente en el lugar.<\/p>\n\n\n\n<p>Sin embargo, en las \u00faltimas horas se conoci\u00f3 que la Justicia no solo desestim\u00f3 la denuncia por usurpaci\u00f3n, sino que adem\u00e1s reconoci\u00f3 formalmente la intervenci\u00f3n de FATREFRU, validando la toma de posesi\u00f3n del interventor Iv\u00e1n Amaro. Esta resoluci\u00f3n judicial contradice las declaraciones p\u00fablicas realizadas por el doctor Cedro en medios locales, donde sosten\u00eda la existencia de una usurpaci\u00f3n, aunque al mismo tiempo admit\u00eda que la Fiscal\u00eda hab\u00eda desestimado dicha acusaci\u00f3n.<\/p>\n\n\n\n<p>Con este fallo, se da por concluido un conflicto que mantuvo en tensi\u00f3n al gremio y a los trabajadores de la fruta, generando incertidumbre institucional y laboral durante varios meses.<\/p>\n\n\n\n<p>Los antecedentes del conflicto<\/p>\n\n\n\n<p>La situaci\u00f3n tiene su origen en un proceso institucional iniciado meses atr\u00e1s. Iv\u00e1n Amaro hab\u00eda asumido formalmente la intervenci\u00f3n del sindicato el pasado 3 de noviembre, pero al intentar hacerse cargo de la sede se encontr\u00f3 con una fuerte resistencia, lo que deriv\u00f3 en que la Justicia dictara medidas de restricci\u00f3n y acercamiento.<\/p>\n\n\n\n<p>La intervenci\u00f3n de FATREFRU fue resuelta en una asamblea realizada en octubre, motivada por la falta de presentaci\u00f3n de balances y otras irregularidades como la baja de la obra social en el Sindicato de la Fruta. Tras conocerse la decisi\u00f3n, Camejo intent\u00f3 desligarse de la federaci\u00f3n mediante una renuncia, aunque esta se produjo cuando el proceso de intervenci\u00f3n ya estaba consumado.<\/p>\n\n\n\n<p>Con el aval judicial a la intervenci\u00f3n, se abre ahora una nueva etapa para el gremio, con el objetivo de normalizar su funcionamiento institucional y brindar previsibilidad a los trabajadores del sector frut\u00edcola.<\/p>\n\n\n\n<p><strong>Fuente: <\/strong>7 P\u00e1ginas<\/p>\n","protected":false},"excerpt":{"rendered":"<p>Luego de varios d\u00edas de tensi\u00f3n e incertidumbre, la Justicia local puso fin al conflicto institucional que manten\u00eda en vilo a los trabajadores del Sindicato de la Fruta, al reconocer la validez de la intervenci\u00f3n dispuesta por la Federaci\u00f3n Argentina de Trabajadores Rurales, Estibadores y Frutihort\u00edcolas Unidos (FATREFRU) y avalar la toma de posesi\u00f3n de [&hellip;]<\/p>\n","protected":false},"author":2,"featured_media":6318,"comment_status":"open","ping_status":"open","sticky":false,"template":"","format":"standard","meta":{"footnotes":""},"categories":[26,16],"tags":[],"class_list":{"0":"post-6317","1":"post","2":"type-post","3":"status-publish","4":"format-standard","5":"has-post-thumbnail","7":"category-judiciales","8":"category-locales"},"yoast_head":"<!-- This site is optimized with the Yoast SEO plugin v27.4 - https:\/\/yoast.com\/product\/yoast-seo-wordpress\/ -->\n<title>La Justicia fall\u00f3 a favor de la intervenci\u00f3n del Sindicato de la Fruta - Diario del Sur<\/title>\n<meta name=\"robots\" content=\"index, follow, max-snippet:-1, max-image-preview:large, max-video-preview:-1\" \/>\n<link rel=\"canonical\" href=\"https:\/\/diariodelsurdigital.com.ar\/?p=6317\" \/>\n<meta property=\"og:locale\" content=\"es_ES\" \/>\n<meta property=\"og:type\" content=\"article\" \/>\n<meta property=\"og:title\" content=\"La Justicia fall\u00f3 a favor de la intervenci\u00f3n del Sindicato de la Fruta - Diario del Sur\" \/>\n<meta property=\"og:description\" content=\"Luego de varios d\u00edas de tensi\u00f3n e incertidumbre, la Justicia local puso fin al conflicto institucional que manten\u00eda en vilo a los trabajadores del Sindicato de la Fruta, al reconocer la validez de la intervenci\u00f3n dispuesta por la Federaci\u00f3n Argentina de Trabajadores Rurales, Estibadores y Frutihort\u00edcolas Unidos (FATREFRU) y avalar la toma de posesi\u00f3n de [&hellip;]\" \/>\n<meta property=\"og:url\" content=\"https:\/\/diariodelsurdigital.com.ar\/?p=6317\" \/>\n<meta property=\"og:site_name\" content=\"Diario del Sur\" \/>\n<meta property=\"article:published_time\" content=\"2025-12-31T00:52:30+00:00\" \/>\n<meta property=\"og:image\" content=\"https:\/\/diariodelsurdigital.com.ar\/wp-content\/uploads\/2025\/12\/1-332-1024x768-1.jpg\" \/>\n\t<meta property=\"og:image:width\" content=\"391\" \/>\n\t<meta property=\"og:image:height\" content=\"247\" \/>\n\t<meta property=\"og:image:type\" content=\"image\/jpeg\" \/>\n<meta name=\"author\" content=\"Diario del Sur Digital\" \/>\n<meta name=\"twitter:card\" content=\"summary_large_image\" \/>\n<meta name=\"twitter:label1\" content=\"Escrito por\" \/>\n\t<meta name=\"twitter:data1\" content=\"Diario del Sur Digital\" \/>\n\t<meta name=\"twitter:label2\" content=\"Tiempo de lectura\" \/>\n\t<meta name=\"twitter:data2\" content=\"3 minutos\" \/>\n<script type=\"application\/ld+json\" class=\"yoast-schema-graph\">{\"@context\":\"https:\\\/\\\/schema.org\",\"@graph\":[{\"@type\":\"Article\",\"@id\":\"https:\\\/\\\/diariodelsurdigital.com.ar\\\/?p=6317#article\",\"isPartOf\":{\"@id\":\"https:\\\/\\\/diariodelsurdigital.com.ar\\\/?p=6317\"},\"author\":{\"name\":\"Diario del Sur Digital\",\"@id\":\"https:\\\/\\\/diariodelsurdigital.com.ar\\\/#\\\/schema\\\/person\\\/6136a32571657f7dba980b88b04c5465\"},\"headline\":\"La Justicia fall\u00f3 a favor de la intervenci\u00f3n del Sindicato de la Fruta\",\"datePublished\":\"2025-12-31T00:52:30+00:00\",\"mainEntityOfPage\":{\"@id\":\"https:\\\/\\\/diariodelsurdigital.com.ar\\\/?p=6317\"},\"wordCount\":588,\"commentCount\":0,\"image\":{\"@id\":\"https:\\\/\\\/diariodelsurdigital.com.ar\\\/?p=6317#primaryimage\"},\"thumbnailUrl\":\"https:\\\/\\\/diariodelsurdigital.com.ar\\\/wp-content\\\/uploads\\\/2025\\\/12\\\/1-332-1024x768-1.jpg\",\"articleSection\":[\"Judiciales\",\"Locales\"],\"inLanguage\":\"es\",\"potentialAction\":[{\"@type\":\"CommentAction\",\"name\":\"Comment\",\"target\":[\"https:\\\/\\\/diariodelsurdigital.com.ar\\\/?p=6317#respond\"]}]},{\"@type\":\"WebPage\",\"@id\":\"https:\\\/\\\/diariodelsurdigital.com.ar\\\/?p=6317\",\"url\":\"https:\\\/\\\/diariodelsurdigital.com.ar\\\/?p=6317\",\"name\":\"La Justicia fall\u00f3 a favor de la intervenci\u00f3n del Sindicato de la Fruta - Diario del Sur\",\"isPartOf\":{\"@id\":\"https:\\\/\\\/diariodelsurdigital.com.ar\\\/#website\"},\"primaryImageOfPage\":{\"@id\":\"https:\\\/\\\/diariodelsurdigital.com.ar\\\/?p=6317#primaryimage\"},\"image\":{\"@id\":\"https:\\\/\\\/diariodelsurdigital.com.ar\\\/?p=6317#primaryimage\"},\"thumbnailUrl\":\"https:\\\/\\\/diariodelsurdigital.com.ar\\\/wp-content\\\/uploads\\\/2025\\\/12\\\/1-332-1024x768-1.jpg\",\"datePublished\":\"2025-12-31T00:52:30+00:00\",\"author\":{\"@id\":\"https:\\\/\\\/diariodelsurdigital.com.ar\\\/#\\\/schema\\\/person\\\/6136a32571657f7dba980b88b04c5465\"},\"breadcrumb\":{\"@id\":\"https:\\\/\\\/diariodelsurdigital.com.ar\\\/?p=6317#breadcrumb\"},\"inLanguage\":\"es\",\"potentialAction\":[{\"@type\":\"ReadAction\",\"target\":[\"https:\\\/\\\/diariodelsurdigital.com.ar\\\/?p=6317\"]}]},{\"@type\":\"ImageObject\",\"inLanguage\":\"es\",\"@id\":\"https:\\\/\\\/diariodelsurdigital.com.ar\\\/?p=6317#primaryimage\",\"url\":\"https:\\\/\\\/diariodelsurdigital.com.ar\\\/wp-content\\\/uploads\\\/2025\\\/12\\\/1-332-1024x768-1.jpg\",\"contentUrl\":\"https:\\\/\\\/diariodelsurdigital.com.ar\\\/wp-content\\\/uploads\\\/2025\\\/12\\\/1-332-1024x768-1.jpg\",\"width\":391,\"height\":247},{\"@type\":\"BreadcrumbList\",\"@id\":\"https:\\\/\\\/diariodelsurdigital.com.ar\\\/?p=6317#breadcrumb\",\"itemListElement\":[{\"@type\":\"ListItem\",\"position\":1,\"name\":\"Portada\",\"item\":\"https:\\\/\\\/diariodelsurdigital.com.ar\\\/\"},{\"@type\":\"ListItem\",\"position\":2,\"name\":\"La Justicia fall\u00f3 a favor de la intervenci\u00f3n del Sindicato de la Fruta\"}]},{\"@type\":\"WebSite\",\"@id\":\"https:\\\/\\\/diariodelsurdigital.com.ar\\\/#website\",\"url\":\"https:\\\/\\\/diariodelsurdigital.com.ar\\\/\",\"name\":\"Diario del Sur\",\"description\":\"Digital\",\"potentialAction\":[{\"@type\":\"SearchAction\",\"target\":{\"@type\":\"EntryPoint\",\"urlTemplate\":\"https:\\\/\\\/diariodelsurdigital.com.ar\\\/?s={search_term_string}\"},\"query-input\":{\"@type\":\"PropertyValueSpecification\",\"valueRequired\":true,\"valueName\":\"search_term_string\"}}],\"inLanguage\":\"es\"},{\"@type\":\"Person\",\"@id\":\"https:\\\/\\\/diariodelsurdigital.com.ar\\\/#\\\/schema\\\/person\\\/6136a32571657f7dba980b88b04c5465\",\"name\":\"Diario del Sur Digital\",\"image\":{\"@type\":\"ImageObject\",\"inLanguage\":\"es\",\"@id\":\"https:\\\/\\\/secure.gravatar.com\\\/avatar\\\/4c29ceac98541dd42460b2474aaa5dd37594d6ce6cb3cf2c101d09b48ee287ba?s=96&d=mm&r=g\",\"url\":\"https:\\\/\\\/secure.gravatar.com\\\/avatar\\\/4c29ceac98541dd42460b2474aaa5dd37594d6ce6cb3cf2c101d09b48ee287ba?s=96&d=mm&r=g\",\"contentUrl\":\"https:\\\/\\\/secure.gravatar.com\\\/avatar\\\/4c29ceac98541dd42460b2474aaa5dd37594d6ce6cb3cf2c101d09b48ee287ba?s=96&d=mm&r=g\",\"caption\":\"Diario del Sur Digital\"},\"url\":\"https:\\\/\\\/diariodelsurdigital.com.ar\\\/?author=2\"}]}<\/script>\n<!-- \/ Yoast SEO plugin. -->","yoast_head_json":{"title":"La Justicia fall\u00f3 a favor de la intervenci\u00f3n del Sindicato de la Fruta - Diario del Sur","robots":{"index":"index","follow":"follow","max-snippet":"max-snippet:-1","max-image-preview":"max-image-preview:large","max-video-preview":"max-video-preview:-1"},"canonical":"https:\/\/diariodelsurdigital.com.ar\/?p=6317","og_locale":"es_ES","og_type":"article","og_title":"La Justicia fall\u00f3 a favor de la intervenci\u00f3n del Sindicato de la Fruta - Diario del Sur","og_description":"Luego de varios d\u00edas de tensi\u00f3n e incertidumbre, la Justicia local puso fin al conflicto institucional que manten\u00eda en vilo a los trabajadores del Sindicato de la Fruta, al reconocer la validez de la intervenci\u00f3n dispuesta por la Federaci\u00f3n Argentina de Trabajadores Rurales, Estibadores y Frutihort\u00edcolas Unidos (FATREFRU) y avalar la toma de posesi\u00f3n de [&hellip;]","og_url":"https:\/\/diariodelsurdigital.com.ar\/?p=6317","og_site_name":"Diario del Sur","article_published_time":"2025-12-31T00:52:30+00:00","og_image":[{"width":391,"height":247,"url":"https:\/\/diariodelsurdigital.com.ar\/wp-content\/uploads\/2025\/12\/1-332-1024x768-1.jpg","type":"image\/jpeg"}],"author":"Diario del Sur Digital","twitter_card":"summary_large_image","twitter_misc":{"Escrito por":"Diario del Sur Digital","Tiempo de lectura":"3 minutos"},"schema":{"@context":"https:\/\/schema.org","@graph":[{"@type":"Article","@id":"https:\/\/diariodelsurdigital.com.ar\/?p=6317#article","isPartOf":{"@id":"https:\/\/diariodelsurdigital.com.ar\/?p=6317"},"author":{"name":"Diario del Sur Digital","@id":"https:\/\/diariodelsurdigital.com.ar\/#\/schema\/person\/6136a32571657f7dba980b88b04c5465"},"headline":"La Justicia fall\u00f3 a favor de la intervenci\u00f3n del Sindicato de la Fruta","datePublished":"2025-12-31T00:52:30+00:00","mainEntityOfPage":{"@id":"https:\/\/diariodelsurdigital.com.ar\/?p=6317"},"wordCount":588,"commentCount":0,"image":{"@id":"https:\/\/diariodelsurdigital.com.ar\/?p=6317#primaryimage"},"thumbnailUrl":"https:\/\/diariodelsurdigital.com.ar\/wp-content\/uploads\/2025\/12\/1-332-1024x768-1.jpg","articleSection":["Judiciales","Locales"],"inLanguage":"es","potentialAction":[{"@type":"CommentAction","name":"Comment","target":["https:\/\/diariodelsurdigital.com.ar\/?p=6317#respond"]}]},{"@type":"WebPage","@id":"https:\/\/diariodelsurdigital.com.ar\/?p=6317","url":"https:\/\/diariodelsurdigital.com.ar\/?p=6317","name":"La Justicia fall\u00f3 a favor de la intervenci\u00f3n del Sindicato de la Fruta - Diario del Sur","isPartOf":{"@id":"https:\/\/diariodelsurdigital.com.ar\/#website"},"primaryImageOfPage":{"@id":"https:\/\/diariodelsurdigital.com.ar\/?p=6317#primaryimage"},"image":{"@id":"https:\/\/diariodelsurdigital.com.ar\/?p=6317#primaryimage"},"thumbnailUrl":"https:\/\/diariodelsurdigital.com.ar\/wp-content\/uploads\/2025\/12\/1-332-1024x768-1.jpg","datePublished":"2025-12-31T00:52:30+00:00","author":{"@id":"https:\/\/diariodelsurdigital.com.ar\/#\/schema\/person\/6136a32571657f7dba980b88b04c5465"},"breadcrumb":{"@id":"https:\/\/diariodelsurdigital.com.ar\/?p=6317#breadcrumb"},"inLanguage":"es","potentialAction":[{"@type":"ReadAction","target":["https:\/\/diariodelsurdigital.com.ar\/?p=6317"]}]},{"@type":"ImageObject","inLanguage":"es","@id":"https:\/\/diariodelsurdigital.com.ar\/?p=6317#primaryimage","url":"https:\/\/diariodelsurdigital.com.ar\/wp-content\/uploads\/2025\/12\/1-332-1024x768-1.jpg","contentUrl":"https:\/\/diariodelsurdigital.com.ar\/wp-content\/uploads\/2025\/12\/1-332-1024x768-1.jpg","width":391,"height":247},{"@type":"BreadcrumbList","@id":"https:\/\/diariodelsurdigital.com.ar\/?p=6317#breadcrumb","itemListElement":[{"@type":"ListItem","position":1,"name":"Portada","item":"https:\/\/diariodelsurdigital.com.ar\/"},{"@type":"ListItem","position":2,"name":"La Justicia fall\u00f3 a favor de la intervenci\u00f3n del Sindicato de la Fruta"}]},{"@type":"WebSite","@id":"https:\/\/diariodelsurdigital.com.ar\/#website","url":"https:\/\/diariodelsurdigital.com.ar\/","name":"Diario del Sur","description":"Digital","potentialAction":[{"@type":"SearchAction","target":{"@type":"EntryPoint","urlTemplate":"https:\/\/diariodelsurdigital.com.ar\/?s={search_term_string}"},"query-input":{"@type":"PropertyValueSpecification","valueRequired":true,"valueName":"search_term_string"}}],"inLanguage":"es"},{"@type":"Person","@id":"https:\/\/diariodelsurdigital.com.ar\/#\/schema\/person\/6136a32571657f7dba980b88b04c5465","name":"Diario del Sur Digital","image":{"@type":"ImageObject","inLanguage":"es","@id":"https:\/\/secure.gravatar.com\/avatar\/4c29ceac98541dd42460b2474aaa5dd37594d6ce6cb3cf2c101d09b48ee287ba?s=96&d=mm&r=g","url":"https:\/\/secure.gravatar.com\/avatar\/4c29ceac98541dd42460b2474aaa5dd37594d6ce6cb3cf2c101d09b48ee287ba?s=96&d=mm&r=g","contentUrl":"https:\/\/secure.gravatar.com\/avatar\/4c29ceac98541dd42460b2474aaa5dd37594d6ce6cb3cf2c101d09b48ee287ba?s=96&d=mm&r=g","caption":"Diario del Sur Digital"},"url":"https:\/\/diariodelsurdigital.com.ar\/?author=2"}]}},"_links":{"self":[{"href":"https:\/\/diariodelsurdigital.com.ar\/index.php?rest_route=\/wp\/v2\/posts\/6317","targetHints":{"allow":["GET"]}}],"collection":[{"href":"https:\/\/diariodelsurdigital.com.ar\/index.php?rest_route=\/wp\/v2\/posts"}],"about":[{"href":"https:\/\/diariodelsurdigital.com.ar\/index.php?rest_route=\/wp\/v2\/types\/post"}],"author":[{"embeddable":true,"href":"https:\/\/diariodelsurdigital.com.ar\/index.php?rest_route=\/wp\/v2\/users\/2"}],"replies":[{"embeddable":true,"href":"https:\/\/diariodelsurdigital.com.ar\/index.php?rest_route=%2Fwp%2Fv2%2Fcomments&post=6317"}],"version-history":[{"count":1,"href":"https:\/\/diariodelsurdigital.com.ar\/index.php?rest_route=\/wp\/v2\/posts\/6317\/revisions"}],"predecessor-version":[{"id":6319,"href":"https:\/\/diariodelsurdigital.com.ar\/index.php?rest_route=\/wp\/v2\/posts\/6317\/revisions\/6319"}],"wp:featuredmedia":[{"embeddable":true,"href":"https:\/\/diariodelsurdigital.com.ar\/index.php?rest_route=\/wp\/v2\/media\/6318"}],"wp:attachment":[{"href":"https:\/\/diariodelsurdigital.com.ar\/index.php?rest_route=%2Fwp%2Fv2%2Fmedia&parent=6317"}],"wp:term":[{"taxonomy":"category","embeddable":true,"href":"https:\/\/diariodelsurdigital.com.ar\/index.php?rest_route=%2Fwp%2Fv2%2Fcategories&post=6317"},{"taxonomy":"post_tag","embeddable":true,"href":"https:\/\/diariodelsurdigital.com.ar\/index.php?rest_route=%2Fwp%2Fv2%2Ftags&post=6317"}],"curies":[{"name":"wp","href":"https:\/\/api.w.org\/{rel}","templated":true}]}}