{"id":6320,"date":"2025-12-31T20:45:26","date_gmt":"2025-12-31T23:45:26","guid":{"rendered":"https:\/\/diariodelsurdigital.com.ar\/?p=6320"},"modified":"2025-12-31T21:01:45","modified_gmt":"2026-01-01T00:01:45","slug":"herlein-un-preso-que-clama-por-que-se-revea-su-caso","status":"publish","type":"post","link":"https:\/\/diariodelsurdigital.com.ar\/?p=6320","title":{"rendered":"Herlein, un preso que clama para que se revea su caso"},"content":{"rendered":"\n<p>Tiene una condena de 6 a\u00f1os de prisi\u00f3n efectiva en Unidad Penal de Concordia, seg\u00fan Sentencia del d\u00eda 11 de Abril de 2024 en autos Leg IPP N\u00b0 3656\/17, <strong><u>\u201cHERLEIN, GASTON AURELIO s\/ ABUSO SEXUAL CON ACCESO CARNAL\u201d<\/u> (Fiscal de Inicio Dr. Su\u00f1er), Sentencia derivo de una homologaci\u00f3n de Un acuerdo de Juicio Abreviado, donde el mismo Herlein Gaston Aurelio , reconoci\u00f3 la autor\u00eda del hecho, y la pena impuesta.-<\/strong><\/p>\n\n\n\n<p>&nbsp;El hecho que se lo acusa paso el 1 de Mayo de 2017, en una fiesta electr\u00f3nica del se\u00f1or Gustavo Zaballo, ah\u00ed conoci\u00f3 una chica ya con s\u00edntoma de haber tomado mucho alcohol o otras sustancias Angeles Anahi Mendieta de 17 a\u00f1os y 8 meses, donde esta persona le manifiesta para ir a comprar bebidas puntualmente jugo de naranja al negocio ubicado en calle Concejal Veiga y Moulins, en el camino se empez\u00f3 a poner mal y le manifiesta que la lleve a la casa en inmediaciones de calle Peru N\u00b0 2025,&nbsp; al llegar a calle Presidente Ilia y Tavella, le &nbsp;dice que pare, se ten\u00eda que bajar y esperar otra persona, donde le dice Gaston Herlein si quiere nuevamente la lleve a la casa. Ella Responde no esta bien ah\u00ed, as\u00ed tambi\u00e9n Gaston manifiesta no tuvo relaciones sexuales con esta persona.<\/p>\n\n\n\n<p>El \u00a0Defensor fue el Dr. Sebastian Tito. En los\u00a0 7 a\u00f1os que transcurri\u00f3 esta investigaci\u00f3n no se observan se hayan presentados pruebas. Le manifest\u00f3 que se quede tranquilo todo va a salir bien y no hacia falta presentar pruebas. Y as\u00ed fue acompa\u00f1ado siempre con su familia.-<\/p>\n\n\n\n<p>Lo mas inentendible es que al pasar tanto tiempo del\u00a0 2017, la defensa no ha presentado ning\u00fan tipo de acci\u00f3n de inactividad procesal.-<\/p>\n\n\n\n<p>Gaston\u00a0 realiz\u00f3 una pericia con el Psic\u00f3logo Pablo Larroca que realiz\u00f3 un informe donde incluye todo lo manifestado por Gaston.-<\/p>\n\n\n\n<p>El Superior Tribunal de Justicia dict\u00f3\u00a0 Sentencia 30 de Marzo de 2025, se dio la raz\u00f3n parcialmente en donde otorgaron la inmediata libertad en el d\u00eda.<\/p>\n\n\n\n<p>Sus letrados presentaron un recurso Extraordinario Federal, el cual se determin\u00f3 que fue extempor\u00e1neo, en donde se lo detuvo nuevamente a Herlein,\u00a0 por esto se present\u00f3 un recurso de queja ante la Corte Suprema de Justicia de la Naci\u00f3n el d\u00eda 29 de abril de 2025 generando el expediente CSJ 000804\/2025-00 encontr\u00e1ndose hoy en Vocal\u00eda.-<\/p>\n\n\n\n<p>Seg\u00fan sus abogados, <strong>desde el principio Herlein quiso demostrar su inocencia, no pudo declarar, le dec\u00eda su defensor Dr. Sebasti\u00e1n Tito, no era necesario todo estaba bien, y el d\u00eda antes del debate manipulado por su defensor tuvo suscribir el acuerdo de juicio Abreviado de 6 A\u00f1os de prisi\u00f3n efectiva, por el motivo que en el debate con las pruebas existentes seg\u00fan la defensa le dar\u00edan m\u00e1s de 10 a\u00f1os de condena. Y tambi\u00e9n Sebasti\u00e1n Tito, en la audiencia de homologaci\u00f3n le manifestaba que deb\u00eda aceptar la culpabilidad y pedir disculpa a la victima.-<\/strong><\/p>\n\n\n\n<p>Hoy en d\u00eda esta tramit\u00e1ndose el expediente de Recurso de revisi\u00f3n en el Superior Tribunal de Justicia de Entre Rios expediente N\u00b0 94.<\/p>\n\n\n\n<p>La defensa espera que el Superior Tribunal de justicia de Entre Rios Falle a favor de Herlein, Gaston Aurelio y se anule sentencia de homologaci\u00f3n de Juicio abreviado y se descubra la verdad de lo sucedido. <\/p>\n","protected":false},"excerpt":{"rendered":"<p>Tiene una condena de 6 a\u00f1os de prisi\u00f3n efectiva en Unidad Penal de Concordia, seg\u00fan Sentencia del d\u00eda 11 de Abril de 2024 en autos Leg IPP N\u00b0 3656\/17, \u201cHERLEIN, GASTON AURELIO s\/ ABUSO SEXUAL CON ACCESO CARNAL\u201d (Fiscal de Inicio Dr. Su\u00f1er), Sentencia derivo de una homologaci\u00f3n de Un acuerdo de Juicio Abreviado, donde [&hellip;]<\/p>\n","protected":false},"author":2,"featured_media":6324,"comment_status":"open","ping_status":"open","sticky":false,"template":"","format":"standard","meta":{"footnotes":""},"categories":[26,16],"tags":[],"class_list":{"0":"post-6320","1":"post","2":"type-post","3":"status-publish","4":"format-standard","5":"has-post-thumbnail","7":"category-judiciales","8":"category-locales"},"yoast_head":"<!-- This site is optimized with the Yoast SEO plugin v27.4 - https:\/\/yoast.com\/product\/yoast-seo-wordpress\/ -->\n<title>Herlein, un preso que clama para que se revea su caso - Diario del Sur<\/title>\n<meta name=\"robots\" content=\"index, follow, max-snippet:-1, max-image-preview:large, max-video-preview:-1\" \/>\n<link rel=\"canonical\" href=\"https:\/\/diariodelsurdigital.com.ar\/?p=6320\" \/>\n<meta property=\"og:locale\" content=\"es_ES\" \/>\n<meta property=\"og:type\" content=\"article\" \/>\n<meta property=\"og:title\" content=\"Herlein, un preso que clama para que se revea su caso - Diario del Sur\" \/>\n<meta property=\"og:description\" content=\"Tiene una condena de 6 a\u00f1os de prisi\u00f3n efectiva en Unidad Penal de Concordia, seg\u00fan Sentencia del d\u00eda 11 de Abril de 2024 en autos Leg IPP N\u00b0 3656\/17, \u201cHERLEIN, GASTON AURELIO s\/ ABUSO SEXUAL CON ACCESO CARNAL\u201d (Fiscal de Inicio Dr. Su\u00f1er), Sentencia derivo de una homologaci\u00f3n de Un acuerdo de Juicio Abreviado, donde [&hellip;]\" \/>\n<meta property=\"og:url\" content=\"https:\/\/diariodelsurdigital.com.ar\/?p=6320\" \/>\n<meta property=\"og:site_name\" content=\"Diario del Sur\" \/>\n<meta property=\"article:published_time\" content=\"2025-12-31T23:45:26+00:00\" \/>\n<meta property=\"article:modified_time\" content=\"2026-01-01T00:01:45+00:00\" \/>\n<meta property=\"og:image\" content=\"https:\/\/diariodelsurdigital.com.ar\/wp-content\/uploads\/2025\/12\/hands-prisoner-behind-prison-bars-260nw-2170319945.png\" \/>\n\t<meta property=\"og:image:width\" content=\"474\" \/>\n\t<meta property=\"og:image:height\" content=\"256\" \/>\n\t<meta property=\"og:image:type\" content=\"image\/png\" \/>\n<meta name=\"author\" content=\"Diario del Sur Digital\" \/>\n<meta name=\"twitter:card\" content=\"summary_large_image\" \/>\n<meta name=\"twitter:label1\" content=\"Escrito por\" \/>\n\t<meta name=\"twitter:data1\" content=\"Diario del Sur Digital\" \/>\n\t<meta name=\"twitter:label2\" content=\"Tiempo de lectura\" \/>\n\t<meta name=\"twitter:data2\" content=\"3 minutos\" \/>\n<script type=\"application\/ld+json\" class=\"yoast-schema-graph\">{\"@context\":\"https:\\\/\\\/schema.org\",\"@graph\":[{\"@type\":\"Article\",\"@id\":\"https:\\\/\\\/diariodelsurdigital.com.ar\\\/?p=6320#article\",\"isPartOf\":{\"@id\":\"https:\\\/\\\/diariodelsurdigital.com.ar\\\/?p=6320\"},\"author\":{\"name\":\"Diario del Sur Digital\",\"@id\":\"https:\\\/\\\/diariodelsurdigital.com.ar\\\/#\\\/schema\\\/person\\\/6136a32571657f7dba980b88b04c5465\"},\"headline\":\"Herlein, un preso que clama para que se revea su caso\",\"datePublished\":\"2025-12-31T23:45:26+00:00\",\"dateModified\":\"2026-01-01T00:01:45+00:00\",\"mainEntityOfPage\":{\"@id\":\"https:\\\/\\\/diariodelsurdigital.com.ar\\\/?p=6320\"},\"wordCount\":581,\"commentCount\":0,\"image\":{\"@id\":\"https:\\\/\\\/diariodelsurdigital.com.ar\\\/?p=6320#primaryimage\"},\"thumbnailUrl\":\"https:\\\/\\\/diariodelsurdigital.com.ar\\\/wp-content\\\/uploads\\\/2025\\\/12\\\/hands-prisoner-behind-prison-bars-260nw-2170319945.png\",\"articleSection\":[\"Judiciales\",\"Locales\"],\"inLanguage\":\"es\",\"potentialAction\":[{\"@type\":\"CommentAction\",\"name\":\"Comment\",\"target\":[\"https:\\\/\\\/diariodelsurdigital.com.ar\\\/?p=6320#respond\"]}]},{\"@type\":\"WebPage\",\"@id\":\"https:\\\/\\\/diariodelsurdigital.com.ar\\\/?p=6320\",\"url\":\"https:\\\/\\\/diariodelsurdigital.com.ar\\\/?p=6320\",\"name\":\"Herlein, un preso que clama para que se revea su caso - Diario del Sur\",\"isPartOf\":{\"@id\":\"https:\\\/\\\/diariodelsurdigital.com.ar\\\/#website\"},\"primaryImageOfPage\":{\"@id\":\"https:\\\/\\\/diariodelsurdigital.com.ar\\\/?p=6320#primaryimage\"},\"image\":{\"@id\":\"https:\\\/\\\/diariodelsurdigital.com.ar\\\/?p=6320#primaryimage\"},\"thumbnailUrl\":\"https:\\\/\\\/diariodelsurdigital.com.ar\\\/wp-content\\\/uploads\\\/2025\\\/12\\\/hands-prisoner-behind-prison-bars-260nw-2170319945.png\",\"datePublished\":\"2025-12-31T23:45:26+00:00\",\"dateModified\":\"2026-01-01T00:01:45+00:00\",\"author\":{\"@id\":\"https:\\\/\\\/diariodelsurdigital.com.ar\\\/#\\\/schema\\\/person\\\/6136a32571657f7dba980b88b04c5465\"},\"breadcrumb\":{\"@id\":\"https:\\\/\\\/diariodelsurdigital.com.ar\\\/?p=6320#breadcrumb\"},\"inLanguage\":\"es\",\"potentialAction\":[{\"@type\":\"ReadAction\",\"target\":[\"https:\\\/\\\/diariodelsurdigital.com.ar\\\/?p=6320\"]}]},{\"@type\":\"ImageObject\",\"inLanguage\":\"es\",\"@id\":\"https:\\\/\\\/diariodelsurdigital.com.ar\\\/?p=6320#primaryimage\",\"url\":\"https:\\\/\\\/diariodelsurdigital.com.ar\\\/wp-content\\\/uploads\\\/2025\\\/12\\\/hands-prisoner-behind-prison-bars-260nw-2170319945.png\",\"contentUrl\":\"https:\\\/\\\/diariodelsurdigital.com.ar\\\/wp-content\\\/uploads\\\/2025\\\/12\\\/hands-prisoner-behind-prison-bars-260nw-2170319945.png\",\"width\":474,\"height\":256},{\"@type\":\"BreadcrumbList\",\"@id\":\"https:\\\/\\\/diariodelsurdigital.com.ar\\\/?p=6320#breadcrumb\",\"itemListElement\":[{\"@type\":\"ListItem\",\"position\":1,\"name\":\"Portada\",\"item\":\"https:\\\/\\\/diariodelsurdigital.com.ar\\\/\"},{\"@type\":\"ListItem\",\"position\":2,\"name\":\"Herlein, un preso que clama para que se revea su caso\"}]},{\"@type\":\"WebSite\",\"@id\":\"https:\\\/\\\/diariodelsurdigital.com.ar\\\/#website\",\"url\":\"https:\\\/\\\/diariodelsurdigital.com.ar\\\/\",\"name\":\"Diario del Sur\",\"description\":\"Digital\",\"potentialAction\":[{\"@type\":\"SearchAction\",\"target\":{\"@type\":\"EntryPoint\",\"urlTemplate\":\"https:\\\/\\\/diariodelsurdigital.com.ar\\\/?s={search_term_string}\"},\"query-input\":{\"@type\":\"PropertyValueSpecification\",\"valueRequired\":true,\"valueName\":\"search_term_string\"}}],\"inLanguage\":\"es\"},{\"@type\":\"Person\",\"@id\":\"https:\\\/\\\/diariodelsurdigital.com.ar\\\/#\\\/schema\\\/person\\\/6136a32571657f7dba980b88b04c5465\",\"name\":\"Diario del Sur Digital\",\"image\":{\"@type\":\"ImageObject\",\"inLanguage\":\"es\",\"@id\":\"https:\\\/\\\/secure.gravatar.com\\\/avatar\\\/4c29ceac98541dd42460b2474aaa5dd37594d6ce6cb3cf2c101d09b48ee287ba?s=96&d=mm&r=g\",\"url\":\"https:\\\/\\\/secure.gravatar.com\\\/avatar\\\/4c29ceac98541dd42460b2474aaa5dd37594d6ce6cb3cf2c101d09b48ee287ba?s=96&d=mm&r=g\",\"contentUrl\":\"https:\\\/\\\/secure.gravatar.com\\\/avatar\\\/4c29ceac98541dd42460b2474aaa5dd37594d6ce6cb3cf2c101d09b48ee287ba?s=96&d=mm&r=g\",\"caption\":\"Diario del Sur Digital\"},\"url\":\"https:\\\/\\\/diariodelsurdigital.com.ar\\\/?author=2\"}]}<\/script>\n<!-- \/ Yoast SEO plugin. -->","yoast_head_json":{"title":"Herlein, un preso que clama para que se revea su caso - Diario del Sur","robots":{"index":"index","follow":"follow","max-snippet":"max-snippet:-1","max-image-preview":"max-image-preview:large","max-video-preview":"max-video-preview:-1"},"canonical":"https:\/\/diariodelsurdigital.com.ar\/?p=6320","og_locale":"es_ES","og_type":"article","og_title":"Herlein, un preso que clama para que se revea su caso - Diario del Sur","og_description":"Tiene una condena de 6 a\u00f1os de prisi\u00f3n efectiva en Unidad Penal de Concordia, seg\u00fan Sentencia del d\u00eda 11 de Abril de 2024 en autos Leg IPP N\u00b0 3656\/17, \u201cHERLEIN, GASTON AURELIO s\/ ABUSO SEXUAL CON ACCESO CARNAL\u201d (Fiscal de Inicio Dr. Su\u00f1er), Sentencia derivo de una homologaci\u00f3n de Un acuerdo de Juicio Abreviado, donde [&hellip;]","og_url":"https:\/\/diariodelsurdigital.com.ar\/?p=6320","og_site_name":"Diario del Sur","article_published_time":"2025-12-31T23:45:26+00:00","article_modified_time":"2026-01-01T00:01:45+00:00","og_image":[{"width":474,"height":256,"url":"https:\/\/diariodelsurdigital.com.ar\/wp-content\/uploads\/2025\/12\/hands-prisoner-behind-prison-bars-260nw-2170319945.png","type":"image\/png"}],"author":"Diario del Sur Digital","twitter_card":"summary_large_image","twitter_misc":{"Escrito por":"Diario del Sur Digital","Tiempo de lectura":"3 minutos"},"schema":{"@context":"https:\/\/schema.org","@graph":[{"@type":"Article","@id":"https:\/\/diariodelsurdigital.com.ar\/?p=6320#article","isPartOf":{"@id":"https:\/\/diariodelsurdigital.com.ar\/?p=6320"},"author":{"name":"Diario del Sur Digital","@id":"https:\/\/diariodelsurdigital.com.ar\/#\/schema\/person\/6136a32571657f7dba980b88b04c5465"},"headline":"Herlein, un preso que clama para que se revea su caso","datePublished":"2025-12-31T23:45:26+00:00","dateModified":"2026-01-01T00:01:45+00:00","mainEntityOfPage":{"@id":"https:\/\/diariodelsurdigital.com.ar\/?p=6320"},"wordCount":581,"commentCount":0,"image":{"@id":"https:\/\/diariodelsurdigital.com.ar\/?p=6320#primaryimage"},"thumbnailUrl":"https:\/\/diariodelsurdigital.com.ar\/wp-content\/uploads\/2025\/12\/hands-prisoner-behind-prison-bars-260nw-2170319945.png","articleSection":["Judiciales","Locales"],"inLanguage":"es","potentialAction":[{"@type":"CommentAction","name":"Comment","target":["https:\/\/diariodelsurdigital.com.ar\/?p=6320#respond"]}]},{"@type":"WebPage","@id":"https:\/\/diariodelsurdigital.com.ar\/?p=6320","url":"https:\/\/diariodelsurdigital.com.ar\/?p=6320","name":"Herlein, un preso que clama para que se revea su caso - Diario del Sur","isPartOf":{"@id":"https:\/\/diariodelsurdigital.com.ar\/#website"},"primaryImageOfPage":{"@id":"https:\/\/diariodelsurdigital.com.ar\/?p=6320#primaryimage"},"image":{"@id":"https:\/\/diariodelsurdigital.com.ar\/?p=6320#primaryimage"},"thumbnailUrl":"https:\/\/diariodelsurdigital.com.ar\/wp-content\/uploads\/2025\/12\/hands-prisoner-behind-prison-bars-260nw-2170319945.png","datePublished":"2025-12-31T23:45:26+00:00","dateModified":"2026-01-01T00:01:45+00:00","author":{"@id":"https:\/\/diariodelsurdigital.com.ar\/#\/schema\/person\/6136a32571657f7dba980b88b04c5465"},"breadcrumb":{"@id":"https:\/\/diariodelsurdigital.com.ar\/?p=6320#breadcrumb"},"inLanguage":"es","potentialAction":[{"@type":"ReadAction","target":["https:\/\/diariodelsurdigital.com.ar\/?p=6320"]}]},{"@type":"ImageObject","inLanguage":"es","@id":"https:\/\/diariodelsurdigital.com.ar\/?p=6320#primaryimage","url":"https:\/\/diariodelsurdigital.com.ar\/wp-content\/uploads\/2025\/12\/hands-prisoner-behind-prison-bars-260nw-2170319945.png","contentUrl":"https:\/\/diariodelsurdigital.com.ar\/wp-content\/uploads\/2025\/12\/hands-prisoner-behind-prison-bars-260nw-2170319945.png","width":474,"height":256},{"@type":"BreadcrumbList","@id":"https:\/\/diariodelsurdigital.com.ar\/?p=6320#breadcrumb","itemListElement":[{"@type":"ListItem","position":1,"name":"Portada","item":"https:\/\/diariodelsurdigital.com.ar\/"},{"@type":"ListItem","position":2,"name":"Herlein, un preso que clama para que se revea su caso"}]},{"@type":"WebSite","@id":"https:\/\/diariodelsurdigital.com.ar\/#website","url":"https:\/\/diariodelsurdigital.com.ar\/","name":"Diario del Sur","description":"Digital","potentialAction":[{"@type":"SearchAction","target":{"@type":"EntryPoint","urlTemplate":"https:\/\/diariodelsurdigital.com.ar\/?s={search_term_string}"},"query-input":{"@type":"PropertyValueSpecification","valueRequired":true,"valueName":"search_term_string"}}],"inLanguage":"es"},{"@type":"Person","@id":"https:\/\/diariodelsurdigital.com.ar\/#\/schema\/person\/6136a32571657f7dba980b88b04c5465","name":"Diario del Sur Digital","image":{"@type":"ImageObject","inLanguage":"es","@id":"https:\/\/secure.gravatar.com\/avatar\/4c29ceac98541dd42460b2474aaa5dd37594d6ce6cb3cf2c101d09b48ee287ba?s=96&d=mm&r=g","url":"https:\/\/secure.gravatar.com\/avatar\/4c29ceac98541dd42460b2474aaa5dd37594d6ce6cb3cf2c101d09b48ee287ba?s=96&d=mm&r=g","contentUrl":"https:\/\/secure.gravatar.com\/avatar\/4c29ceac98541dd42460b2474aaa5dd37594d6ce6cb3cf2c101d09b48ee287ba?s=96&d=mm&r=g","caption":"Diario del Sur Digital"},"url":"https:\/\/diariodelsurdigital.com.ar\/?author=2"}]}},"_links":{"self":[{"href":"https:\/\/diariodelsurdigital.com.ar\/index.php?rest_route=\/wp\/v2\/posts\/6320","targetHints":{"allow":["GET"]}}],"collection":[{"href":"https:\/\/diariodelsurdigital.com.ar\/index.php?rest_route=\/wp\/v2\/posts"}],"about":[{"href":"https:\/\/diariodelsurdigital.com.ar\/index.php?rest_route=\/wp\/v2\/types\/post"}],"author":[{"embeddable":true,"href":"https:\/\/diariodelsurdigital.com.ar\/index.php?rest_route=\/wp\/v2\/users\/2"}],"replies":[{"embeddable":true,"href":"https:\/\/diariodelsurdigital.com.ar\/index.php?rest_route=%2Fwp%2Fv2%2Fcomments&post=6320"}],"version-history":[{"count":3,"href":"https:\/\/diariodelsurdigital.com.ar\/index.php?rest_route=\/wp\/v2\/posts\/6320\/revisions"}],"predecessor-version":[{"id":6326,"href":"https:\/\/diariodelsurdigital.com.ar\/index.php?rest_route=\/wp\/v2\/posts\/6320\/revisions\/6326"}],"wp:featuredmedia":[{"embeddable":true,"href":"https:\/\/diariodelsurdigital.com.ar\/index.php?rest_route=\/wp\/v2\/media\/6324"}],"wp:attachment":[{"href":"https:\/\/diariodelsurdigital.com.ar\/index.php?rest_route=%2Fwp%2Fv2%2Fmedia&parent=6320"}],"wp:term":[{"taxonomy":"category","embeddable":true,"href":"https:\/\/diariodelsurdigital.com.ar\/index.php?rest_route=%2Fwp%2Fv2%2Fcategories&post=6320"},{"taxonomy":"post_tag","embeddable":true,"href":"https:\/\/diariodelsurdigital.com.ar\/index.php?rest_route=%2Fwp%2Fv2%2Ftags&post=6320"}],"curies":[{"name":"wp","href":"https:\/\/api.w.org\/{rel}","templated":true}]}}