{"id":6333,"date":"2026-01-01T12:24:12","date_gmt":"2026-01-01T15:24:12","guid":{"rendered":"https:\/\/diariodelsurdigital.com.ar\/?p=6333"},"modified":"2026-01-01T12:24:13","modified_gmt":"2026-01-01T15:24:13","slug":"renovaron-alerta-naranja-y-amarilla-para-varios-departamentos-de-entre-rios","status":"publish","type":"post","link":"https:\/\/diariodelsurdigital.com.ar\/?p=6333","title":{"rendered":"Renovaron alerta naranja y amarilla para varios departamentos de Entre R\u00edos"},"content":{"rendered":"\n<h2 class=\"wp-block-heading\" id=\"nota-title\"><\/h2>\n\n\n\n<p> Desde el \u00e1rea de Defensa Civil de la provincia informaron que el Servicio Meteorol\u00f3gico Nacional emiti\u00f3 un alerta naranja para este jueves. Los departamentos Diamante, La Paz, Nogoy\u00e1, Paran\u00e1, Villaguay, estar\u00e1n en alerta naranja, calificado como peligroso para los grupos de riesgo.<\/p>\n\n\n\n<p>En tanto los departamentos Victoria y Gualeguay estar\u00e1n en alerta amarilla que tienen efecto leve a moderado en la salud.<\/p>\n\n\n\n<p>Las altas temperaturas se mantendr\u00e1n los pr\u00f3ximos d\u00edas; pueden afectar sobre todo a los grupos de riesgo, como ni\u00f1os y ni\u00f1as, personas mayores de 65 a\u00f1os, con enfermedades cr\u00f3nicas.<\/p>\n\n\n\n<h5 class=\"wp-block-heading\"><strong>Recomendaciones<\/strong><\/h5>\n\n\n\n<p>Las recomendaciones para este tipo de eventos son indicadas por el Ministerio de Salud.<\/p>\n\n\n\n<p>Aumentar el consumo de agua sin esperar a tener sed para mantener una hidrataci\u00f3n adecuada.<\/p>\n\n\n\n<p>No exponerse al sol en exceso, ni en horas centrales del d\u00eda (entre las 10 y las 16 horas).<\/p>\n\n\n\n<p>Prestar atenci\u00f3n a los beb\u00e9s, ni\u00f1os y ni\u00f1as y a las personas mayores.<\/p>\n\n\n\n<p><\/p>\n\n\n\n<p>Evitar las bebidas con cafe\u00edna, con alcohol o muy azucaradas.<\/p>\n\n\n\n<p>Evitar comidas muy abundantes.<\/p>\n\n\n\n<p>Ingerir verduras y frutas.<\/p>\n\n\n\n<p>Reducir la actividad f\u00edsica.<\/p>\n\n\n\n<p>Usar ropa ligera, holgada y de colores claros; sombrero, anteojos oscuros.<\/p>\n\n\n\n<p>Permanecer en espacios ventilados o acondicionados.<\/p>\n\n\n\n<p>Recordar que no existe un tratamiento farmacol\u00f3gico contra el golpe de calor y s\u00f3lo los m\u00e9todos cl\u00e1sicos, citados arriba, pueden prevenirlo y contrarrestarlo.<\/p>\n\n\n\n<p>Ante sed intensa y sequedad en la boca, temperatura mayor a 39\u00ba C, sudoraci\u00f3n excesiva, sensaci\u00f3n de calor sofocante, piel seca, agotamiento, mareos o desmayo, dolores de est\u00f3mago, falta de apetito, n\u00e1useas o v\u00f3mitos, dolores de cabeza, entre otros, se deber\u00e1 actuar de la siguiente manera:<\/p>\n\n\n\n<p>&#8211; Solicitar de inmediato asistencia m\u00e9dica.<\/p>\n\n\n\n<p>&#8211; Trasladar a la persona afectada a la sombra, a un lugar fresco y tranquilo.<\/p>\n\n\n\n<p>&#8211; Intentar refrescarla, mojarle la ropa y darle de beber agua fresca<strong>F<\/strong><\/p>\n\n\n\n<p>Fuente:\u00a0Gobierno de Entre R\u00edos<\/p>\n","protected":false},"excerpt":{"rendered":"<p>Desde el \u00e1rea de Defensa Civil de la provincia informaron que el Servicio Meteorol\u00f3gico Nacional emiti\u00f3 un alerta naranja para este jueves. Los departamentos Diamante, La Paz, Nogoy\u00e1, Paran\u00e1, Villaguay, estar\u00e1n en alerta naranja, calificado como peligroso para los grupos de riesgo. En tanto los departamentos Victoria y Gualeguay estar\u00e1n en alerta amarilla que tienen [&hellip;]<\/p>\n","protected":false},"author":2,"featured_media":6334,"comment_status":"open","ping_status":"open","sticky":false,"template":"","format":"standard","meta":{"footnotes":""},"categories":[19,17],"tags":[],"class_list":{"0":"post-6333","1":"post","2":"type-post","3":"status-publish","4":"format-standard","5":"has-post-thumbnail","7":"category-interes-general","8":"category-provinciales"},"yoast_head":"<!-- This site is optimized with the Yoast SEO plugin v27.4 - https:\/\/yoast.com\/product\/yoast-seo-wordpress\/ -->\n<title>Renovaron alerta naranja y amarilla para varios departamentos de Entre R\u00edos - Diario del Sur<\/title>\n<meta name=\"robots\" content=\"index, follow, max-snippet:-1, max-image-preview:large, max-video-preview:-1\" \/>\n<link rel=\"canonical\" href=\"https:\/\/diariodelsurdigital.com.ar\/?p=6333\" \/>\n<meta property=\"og:locale\" content=\"es_ES\" \/>\n<meta property=\"og:type\" content=\"article\" \/>\n<meta property=\"og:title\" content=\"Renovaron alerta naranja y amarilla para varios departamentos de Entre R\u00edos - Diario del Sur\" \/>\n<meta property=\"og:description\" content=\"Desde el \u00e1rea de Defensa Civil de la provincia informaron que el Servicio Meteorol\u00f3gico Nacional emiti\u00f3 un alerta naranja para este jueves. Los departamentos Diamante, La Paz, Nogoy\u00e1, Paran\u00e1, Villaguay, estar\u00e1n en alerta naranja, calificado como peligroso para los grupos de riesgo. En tanto los departamentos Victoria y Gualeguay estar\u00e1n en alerta amarilla que tienen [&hellip;]\" \/>\n<meta property=\"og:url\" content=\"https:\/\/diariodelsurdigital.com.ar\/?p=6333\" \/>\n<meta property=\"og:site_name\" content=\"Diario del Sur\" \/>\n<meta property=\"article:published_time\" content=\"2026-01-01T15:24:12+00:00\" \/>\n<meta property=\"article:modified_time\" content=\"2026-01-01T15:24:13+00:00\" \/>\n<meta property=\"og:image\" content=\"https:\/\/diariodelsurdigital.com.ar\/wp-content\/uploads\/2026\/01\/Rolling-thunder-cloud.jpg\" \/>\n\t<meta property=\"og:image:width\" content=\"396\" \/>\n\t<meta property=\"og:image:height\" content=\"262\" \/>\n\t<meta property=\"og:image:type\" content=\"image\/jpeg\" \/>\n<meta name=\"author\" content=\"Diario del Sur Digital\" \/>\n<meta name=\"twitter:card\" content=\"summary_large_image\" \/>\n<meta name=\"twitter:label1\" content=\"Escrito por\" \/>\n\t<meta name=\"twitter:data1\" content=\"Diario del Sur Digital\" \/>\n\t<meta name=\"twitter:label2\" content=\"Tiempo de lectura\" \/>\n\t<meta name=\"twitter:data2\" content=\"2 minutos\" \/>\n<script type=\"application\/ld+json\" class=\"yoast-schema-graph\">{\"@context\":\"https:\\\/\\\/schema.org\",\"@graph\":[{\"@type\":\"Article\",\"@id\":\"https:\\\/\\\/diariodelsurdigital.com.ar\\\/?p=6333#article\",\"isPartOf\":{\"@id\":\"https:\\\/\\\/diariodelsurdigital.com.ar\\\/?p=6333\"},\"author\":{\"name\":\"Diario del Sur Digital\",\"@id\":\"https:\\\/\\\/diariodelsurdigital.com.ar\\\/#\\\/schema\\\/person\\\/6136a32571657f7dba980b88b04c5465\"},\"headline\":\"Renovaron alerta naranja y amarilla para varios departamentos de Entre R\u00edos\",\"datePublished\":\"2026-01-01T15:24:12+00:00\",\"dateModified\":\"2026-01-01T15:24:13+00:00\",\"mainEntityOfPage\":{\"@id\":\"https:\\\/\\\/diariodelsurdigital.com.ar\\\/?p=6333\"},\"wordCount\":336,\"commentCount\":0,\"image\":{\"@id\":\"https:\\\/\\\/diariodelsurdigital.com.ar\\\/?p=6333#primaryimage\"},\"thumbnailUrl\":\"https:\\\/\\\/diariodelsurdigital.com.ar\\\/wp-content\\\/uploads\\\/2026\\\/01\\\/Rolling-thunder-cloud.jpg\",\"articleSection\":[\"Inter\u00e9s General\",\"Provinciales\"],\"inLanguage\":\"es\",\"potentialAction\":[{\"@type\":\"CommentAction\",\"name\":\"Comment\",\"target\":[\"https:\\\/\\\/diariodelsurdigital.com.ar\\\/?p=6333#respond\"]}]},{\"@type\":\"WebPage\",\"@id\":\"https:\\\/\\\/diariodelsurdigital.com.ar\\\/?p=6333\",\"url\":\"https:\\\/\\\/diariodelsurdigital.com.ar\\\/?p=6333\",\"name\":\"Renovaron alerta naranja y amarilla para varios departamentos de Entre R\u00edos - Diario del Sur\",\"isPartOf\":{\"@id\":\"https:\\\/\\\/diariodelsurdigital.com.ar\\\/#website\"},\"primaryImageOfPage\":{\"@id\":\"https:\\\/\\\/diariodelsurdigital.com.ar\\\/?p=6333#primaryimage\"},\"image\":{\"@id\":\"https:\\\/\\\/diariodelsurdigital.com.ar\\\/?p=6333#primaryimage\"},\"thumbnailUrl\":\"https:\\\/\\\/diariodelsurdigital.com.ar\\\/wp-content\\\/uploads\\\/2026\\\/01\\\/Rolling-thunder-cloud.jpg\",\"datePublished\":\"2026-01-01T15:24:12+00:00\",\"dateModified\":\"2026-01-01T15:24:13+00:00\",\"author\":{\"@id\":\"https:\\\/\\\/diariodelsurdigital.com.ar\\\/#\\\/schema\\\/person\\\/6136a32571657f7dba980b88b04c5465\"},\"breadcrumb\":{\"@id\":\"https:\\\/\\\/diariodelsurdigital.com.ar\\\/?p=6333#breadcrumb\"},\"inLanguage\":\"es\",\"potentialAction\":[{\"@type\":\"ReadAction\",\"target\":[\"https:\\\/\\\/diariodelsurdigital.com.ar\\\/?p=6333\"]}]},{\"@type\":\"ImageObject\",\"inLanguage\":\"es\",\"@id\":\"https:\\\/\\\/diariodelsurdigital.com.ar\\\/?p=6333#primaryimage\",\"url\":\"https:\\\/\\\/diariodelsurdigital.com.ar\\\/wp-content\\\/uploads\\\/2026\\\/01\\\/Rolling-thunder-cloud.jpg\",\"contentUrl\":\"https:\\\/\\\/diariodelsurdigital.com.ar\\\/wp-content\\\/uploads\\\/2026\\\/01\\\/Rolling-thunder-cloud.jpg\",\"width\":396,\"height\":262},{\"@type\":\"BreadcrumbList\",\"@id\":\"https:\\\/\\\/diariodelsurdigital.com.ar\\\/?p=6333#breadcrumb\",\"itemListElement\":[{\"@type\":\"ListItem\",\"position\":1,\"name\":\"Portada\",\"item\":\"https:\\\/\\\/diariodelsurdigital.com.ar\\\/\"},{\"@type\":\"ListItem\",\"position\":2,\"name\":\"Renovaron alerta naranja y amarilla para varios departamentos de Entre R\u00edos\"}]},{\"@type\":\"WebSite\",\"@id\":\"https:\\\/\\\/diariodelsurdigital.com.ar\\\/#website\",\"url\":\"https:\\\/\\\/diariodelsurdigital.com.ar\\\/\",\"name\":\"Diario del Sur\",\"description\":\"Digital\",\"potentialAction\":[{\"@type\":\"SearchAction\",\"target\":{\"@type\":\"EntryPoint\",\"urlTemplate\":\"https:\\\/\\\/diariodelsurdigital.com.ar\\\/?s={search_term_string}\"},\"query-input\":{\"@type\":\"PropertyValueSpecification\",\"valueRequired\":true,\"valueName\":\"search_term_string\"}}],\"inLanguage\":\"es\"},{\"@type\":\"Person\",\"@id\":\"https:\\\/\\\/diariodelsurdigital.com.ar\\\/#\\\/schema\\\/person\\\/6136a32571657f7dba980b88b04c5465\",\"name\":\"Diario del Sur Digital\",\"image\":{\"@type\":\"ImageObject\",\"inLanguage\":\"es\",\"@id\":\"https:\\\/\\\/secure.gravatar.com\\\/avatar\\\/4c29ceac98541dd42460b2474aaa5dd37594d6ce6cb3cf2c101d09b48ee287ba?s=96&d=mm&r=g\",\"url\":\"https:\\\/\\\/secure.gravatar.com\\\/avatar\\\/4c29ceac98541dd42460b2474aaa5dd37594d6ce6cb3cf2c101d09b48ee287ba?s=96&d=mm&r=g\",\"contentUrl\":\"https:\\\/\\\/secure.gravatar.com\\\/avatar\\\/4c29ceac98541dd42460b2474aaa5dd37594d6ce6cb3cf2c101d09b48ee287ba?s=96&d=mm&r=g\",\"caption\":\"Diario del Sur Digital\"},\"url\":\"https:\\\/\\\/diariodelsurdigital.com.ar\\\/?author=2\"}]}<\/script>\n<!-- \/ Yoast SEO plugin. -->","yoast_head_json":{"title":"Renovaron alerta naranja y amarilla para varios departamentos de Entre R\u00edos - Diario del Sur","robots":{"index":"index","follow":"follow","max-snippet":"max-snippet:-1","max-image-preview":"max-image-preview:large","max-video-preview":"max-video-preview:-1"},"canonical":"https:\/\/diariodelsurdigital.com.ar\/?p=6333","og_locale":"es_ES","og_type":"article","og_title":"Renovaron alerta naranja y amarilla para varios departamentos de Entre R\u00edos - Diario del Sur","og_description":"Desde el \u00e1rea de Defensa Civil de la provincia informaron que el Servicio Meteorol\u00f3gico Nacional emiti\u00f3 un alerta naranja para este jueves. Los departamentos Diamante, La Paz, Nogoy\u00e1, Paran\u00e1, Villaguay, estar\u00e1n en alerta naranja, calificado como peligroso para los grupos de riesgo. En tanto los departamentos Victoria y Gualeguay estar\u00e1n en alerta amarilla que tienen [&hellip;]","og_url":"https:\/\/diariodelsurdigital.com.ar\/?p=6333","og_site_name":"Diario del Sur","article_published_time":"2026-01-01T15:24:12+00:00","article_modified_time":"2026-01-01T15:24:13+00:00","og_image":[{"width":396,"height":262,"url":"https:\/\/diariodelsurdigital.com.ar\/wp-content\/uploads\/2026\/01\/Rolling-thunder-cloud.jpg","type":"image\/jpeg"}],"author":"Diario del Sur Digital","twitter_card":"summary_large_image","twitter_misc":{"Escrito por":"Diario del Sur Digital","Tiempo de lectura":"2 minutos"},"schema":{"@context":"https:\/\/schema.org","@graph":[{"@type":"Article","@id":"https:\/\/diariodelsurdigital.com.ar\/?p=6333#article","isPartOf":{"@id":"https:\/\/diariodelsurdigital.com.ar\/?p=6333"},"author":{"name":"Diario del Sur Digital","@id":"https:\/\/diariodelsurdigital.com.ar\/#\/schema\/person\/6136a32571657f7dba980b88b04c5465"},"headline":"Renovaron alerta naranja y amarilla para varios departamentos de Entre R\u00edos","datePublished":"2026-01-01T15:24:12+00:00","dateModified":"2026-01-01T15:24:13+00:00","mainEntityOfPage":{"@id":"https:\/\/diariodelsurdigital.com.ar\/?p=6333"},"wordCount":336,"commentCount":0,"image":{"@id":"https:\/\/diariodelsurdigital.com.ar\/?p=6333#primaryimage"},"thumbnailUrl":"https:\/\/diariodelsurdigital.com.ar\/wp-content\/uploads\/2026\/01\/Rolling-thunder-cloud.jpg","articleSection":["Inter\u00e9s General","Provinciales"],"inLanguage":"es","potentialAction":[{"@type":"CommentAction","name":"Comment","target":["https:\/\/diariodelsurdigital.com.ar\/?p=6333#respond"]}]},{"@type":"WebPage","@id":"https:\/\/diariodelsurdigital.com.ar\/?p=6333","url":"https:\/\/diariodelsurdigital.com.ar\/?p=6333","name":"Renovaron alerta naranja y amarilla para varios departamentos de Entre R\u00edos - Diario del Sur","isPartOf":{"@id":"https:\/\/diariodelsurdigital.com.ar\/#website"},"primaryImageOfPage":{"@id":"https:\/\/diariodelsurdigital.com.ar\/?p=6333#primaryimage"},"image":{"@id":"https:\/\/diariodelsurdigital.com.ar\/?p=6333#primaryimage"},"thumbnailUrl":"https:\/\/diariodelsurdigital.com.ar\/wp-content\/uploads\/2026\/01\/Rolling-thunder-cloud.jpg","datePublished":"2026-01-01T15:24:12+00:00","dateModified":"2026-01-01T15:24:13+00:00","author":{"@id":"https:\/\/diariodelsurdigital.com.ar\/#\/schema\/person\/6136a32571657f7dba980b88b04c5465"},"breadcrumb":{"@id":"https:\/\/diariodelsurdigital.com.ar\/?p=6333#breadcrumb"},"inLanguage":"es","potentialAction":[{"@type":"ReadAction","target":["https:\/\/diariodelsurdigital.com.ar\/?p=6333"]}]},{"@type":"ImageObject","inLanguage":"es","@id":"https:\/\/diariodelsurdigital.com.ar\/?p=6333#primaryimage","url":"https:\/\/diariodelsurdigital.com.ar\/wp-content\/uploads\/2026\/01\/Rolling-thunder-cloud.jpg","contentUrl":"https:\/\/diariodelsurdigital.com.ar\/wp-content\/uploads\/2026\/01\/Rolling-thunder-cloud.jpg","width":396,"height":262},{"@type":"BreadcrumbList","@id":"https:\/\/diariodelsurdigital.com.ar\/?p=6333#breadcrumb","itemListElement":[{"@type":"ListItem","position":1,"name":"Portada","item":"https:\/\/diariodelsurdigital.com.ar\/"},{"@type":"ListItem","position":2,"name":"Renovaron alerta naranja y amarilla para varios departamentos de Entre R\u00edos"}]},{"@type":"WebSite","@id":"https:\/\/diariodelsurdigital.com.ar\/#website","url":"https:\/\/diariodelsurdigital.com.ar\/","name":"Diario del Sur","description":"Digital","potentialAction":[{"@type":"SearchAction","target":{"@type":"EntryPoint","urlTemplate":"https:\/\/diariodelsurdigital.com.ar\/?s={search_term_string}"},"query-input":{"@type":"PropertyValueSpecification","valueRequired":true,"valueName":"search_term_string"}}],"inLanguage":"es"},{"@type":"Person","@id":"https:\/\/diariodelsurdigital.com.ar\/#\/schema\/person\/6136a32571657f7dba980b88b04c5465","name":"Diario del Sur Digital","image":{"@type":"ImageObject","inLanguage":"es","@id":"https:\/\/secure.gravatar.com\/avatar\/4c29ceac98541dd42460b2474aaa5dd37594d6ce6cb3cf2c101d09b48ee287ba?s=96&d=mm&r=g","url":"https:\/\/secure.gravatar.com\/avatar\/4c29ceac98541dd42460b2474aaa5dd37594d6ce6cb3cf2c101d09b48ee287ba?s=96&d=mm&r=g","contentUrl":"https:\/\/secure.gravatar.com\/avatar\/4c29ceac98541dd42460b2474aaa5dd37594d6ce6cb3cf2c101d09b48ee287ba?s=96&d=mm&r=g","caption":"Diario del Sur Digital"},"url":"https:\/\/diariodelsurdigital.com.ar\/?author=2"}]}},"_links":{"self":[{"href":"https:\/\/diariodelsurdigital.com.ar\/index.php?rest_route=\/wp\/v2\/posts\/6333","targetHints":{"allow":["GET"]}}],"collection":[{"href":"https:\/\/diariodelsurdigital.com.ar\/index.php?rest_route=\/wp\/v2\/posts"}],"about":[{"href":"https:\/\/diariodelsurdigital.com.ar\/index.php?rest_route=\/wp\/v2\/types\/post"}],"author":[{"embeddable":true,"href":"https:\/\/diariodelsurdigital.com.ar\/index.php?rest_route=\/wp\/v2\/users\/2"}],"replies":[{"embeddable":true,"href":"https:\/\/diariodelsurdigital.com.ar\/index.php?rest_route=%2Fwp%2Fv2%2Fcomments&post=6333"}],"version-history":[{"count":1,"href":"https:\/\/diariodelsurdigital.com.ar\/index.php?rest_route=\/wp\/v2\/posts\/6333\/revisions"}],"predecessor-version":[{"id":6335,"href":"https:\/\/diariodelsurdigital.com.ar\/index.php?rest_route=\/wp\/v2\/posts\/6333\/revisions\/6335"}],"wp:featuredmedia":[{"embeddable":true,"href":"https:\/\/diariodelsurdigital.com.ar\/index.php?rest_route=\/wp\/v2\/media\/6334"}],"wp:attachment":[{"href":"https:\/\/diariodelsurdigital.com.ar\/index.php?rest_route=%2Fwp%2Fv2%2Fmedia&parent=6333"}],"wp:term":[{"taxonomy":"category","embeddable":true,"href":"https:\/\/diariodelsurdigital.com.ar\/index.php?rest_route=%2Fwp%2Fv2%2Fcategories&post=6333"},{"taxonomy":"post_tag","embeddable":true,"href":"https:\/\/diariodelsurdigital.com.ar\/index.php?rest_route=%2Fwp%2Fv2%2Ftags&post=6333"}],"curies":[{"name":"wp","href":"https:\/\/api.w.org\/{rel}","templated":true}]}}