{"id":6340,"date":"2026-01-02T12:32:07","date_gmt":"2026-01-02T15:32:07","guid":{"rendered":"https:\/\/diariodelsurdigital.com.ar\/?p=6340"},"modified":"2026-01-02T12:32:08","modified_gmt":"2026-01-02T15:32:08","slug":"golpe-de-estado-la-corte-suprema-de-brasil-rechazo-darle-la-prision-domiciliaria-a-bolsonaro","status":"publish","type":"post","link":"https:\/\/diariodelsurdigital.com.ar\/?p=6340","title":{"rendered":"Golpe de Estado: la Corte Suprema de Brasil rechaz\u00f3 darle la prisi\u00f3n domiciliaria a Bolsonaro"},"content":{"rendered":"\n<p>El exmandatario, condenado por intento de golpe de Estado, no tuvo el beneficio ya que viol\u00f3 varias de las medidas cautelares que le fueron impuestas cuando cumpl\u00eda provisionalmente la condena en su residencia. La defensa del expresidente buscaba evitar su regreso a prisi\u00f3n. En la sentencia en la que neg\u00f3 el nuevo recurso, se asegur\u00f3 que la defensa no present\u00f3 hechos justificantes que pudiesen modificar la negativa al pedido de prisi\u00f3n domiciliaria humanitaria emitida el 19 de diciembre.<\/p>\n\n\n\n<p><\/p>\n\n\n\n<p>La Corte Suprema de Brasil rechaz\u00f3 el jueves 1\u00ba la nueva petici\u00f3n de prisi\u00f3n domiciliaria por motivos humanitarios presentada por los abogados del expresidente Jair Bolsonaro, quien cumple una condena de 27 a\u00f1os y 3 meses de prisi\u00f3n por golpismo en una instalaci\u00f3n policial en Brasilia.<\/p>\n\n\n\n<p>Ante la nueva decisi\u00f3n del magistrado Alexandre de Moraes, instructor del proceso en el Supremo Tribunal Federal (STF), Bolsonaro tendr\u00e1 que regresar a su celda cuando reciba la alta m\u00e9dica en el hospital en que est\u00e1 ingresado desde el 24 de diciembre. El capit\u00e1n de la reserva del Ej\u00e9rcito fue sometido a cuatro operaciones en los \u00faltimos d\u00edas y sus abogados pidieron que, por razones humanitarias y de salud, se le concediera el beneficio de la prisi\u00f3n domiciliaria, precis\u00f3 P\u00e1gina 12.<\/p>\n\n\n\n<p>En una rueda de prensa el mi\u00e9rcoles, los m\u00e9dicos del l\u00edder de la ultraderecha brasile\u00f1a afirmaron que, pese a que no solucionaron totalmente las crisis de hipo que lo afectan, la salud del expresidente est\u00e1 estable y pude abandonar el hospital pronto. La previsi\u00f3n es que, una vez reciba el alta m\u00e9dica, Bolsonaro sea trasladado con escolta hasta la sede de la Superintendencia de la Polic\u00eda Federal en Brasilia, en donde cumple su condena desde noviembre.<\/p>\n\n\n\n<p>Los m\u00e9dicos dijeron que har\u00e1n un seguimiento permanente de la salud del expresidente. \u201cDespu\u00e9s del alta es com\u00fan el seguimiento. En este caso espec\u00edfico iremos hasta all\u00e1 (al lugar de la prisi\u00f3n) cuando sea necesario\u201d, afirm\u00f3 el cirujano Claudio Birolini, el jefe del equipo m\u00e9dico profesional que lo atiende.<\/p>\n\n\n\n<p>El rechazo del juez<\/p>\n\n\n\n<p>En la sentencia en la que neg\u00f3 el nuevo recurso, Moraes asegur\u00f3 que la defensa no present\u00f3 hechos justificantes que pudiesen modificar la negativa al pedido de prisi\u00f3n domiciliaria humanitaria emitida el 19 de diciembre pasado. Seg\u00fan el magistrado, en el caso del exmandatario, no se cumplen los requisitos legales para esa concesi\u00f3n, especialmente ante las reiteradas violaciones del condenado a las medidas cautelares que le fueron impuestas cuando cumpl\u00eda provisionalmente la condena en su residencia.<\/p>\n\n\n\n<p>Moraes record\u00f3 que Bolsonaro destruy\u00f3 la tobillera electr\u00f3nica con la que se le controlaban sus movimientos en un aparente intento de fuga. \u201cTambi\u00e9n se resalta que, diferentemente de lo alegado por la defensa, la situaci\u00f3n de salud de Bolsonaro no se agrav\u00f3 y que, por el contrario, su estado cl\u00ednico muestra mejor\u00eda de los problemas de los que se ven\u00eda quejando tras la realizaci\u00f3n de nuevas cirug\u00edas electivas, como se\u00f1ala el informe de sus propios m\u00e9dicos\u201d, afirm\u00f3 en la sentencia.<\/p>\n\n\n\n<p>Moraes agreg\u00f3 que atendi\u00f3 a todas las peticiones de atenci\u00f3n m\u00e9dica solicitadas por la defensa, como la de que pueda recibir en su celda a los m\u00e9dicos en cualquier momento sin previa autorizaci\u00f3n judicial y la instalaci\u00f3n de un servicio de emergencias 24 horas en la edificaci\u00f3n policial.<\/p>\n\n\n\n<p>La salud de Bolsonaro<\/p>\n\n\n\n<p>Seg\u00fan sus m\u00e9dicos, tanto la cirug\u00eda para la correcci\u00f3n de dos hernias inguinales a la que fue sometido el 25 de diciembre, como las tres diferentes operaciones para el bloqueo anest\u00e9sico de los nervios fr\u00e9nicos bilaterales del diafragma con el fin de controlar sus recurrentes crisis de hipo, fueron realizadas como estaba previsto en los ocho d\u00edas de hospitalizaci\u00f3n. El expresidente sufri\u00f3 algunos picos de hipertensi\u00f3n en los \u00faltimos d\u00edas que fueron tratados con el suministro de medicinas y, a petici\u00f3n suya, se le est\u00e1n suministrando antidepresivos.<\/p>\n\n\n\n<p>Bolsonaro fue condenado en septiembre por la Corte Suprema por liderar un complot para intentar perpetuarse en el poder despu\u00e9s de perder las elecciones presidenciales de 2022 ante el actual gobernante, el progresista Luiz In\u00e1cio Lula da Silva. Sus abogados han solicitado diversas veces que se le conceda la prisi\u00f3n domiciliaria con car\u00e1cter humanitario ante su delicado estado de salud, pero, hasta el momento, el Supremo ha negado todos los recursos.<\/p>\n\n\n\n<p>En la \u00faltima solicitud, los abogados defensores argumentaron que el estado de salud del expresidente podr\u00eda agravarse si permanece en un r\u00e9gimen de prisi\u00f3n cerrada. \u201cMantener a este paciente en un centro penitenciario tan pronto como reciba el alta hospitalaria lo expondr\u00eda a un riesgo concreto de empeoramiento repentino de su estado de salud, lo cual no se sustenta en los principios de la dignidad humana, la humanidad del castigo y el derecho fundamental a la salud\u201d, detallaron en la solicitud. \u201cLa ejecuci\u00f3n de una sentencia no puede \u2014ni debe\u2014 convertirse en un instrumento para exponer indebidamente al convicto a riesgos m\u00e9dicos significativos y evitables\u201d, insistieron.<\/p>\n","protected":false},"excerpt":{"rendered":"<p>El exmandatario, condenado por intento de golpe de Estado, no tuvo el beneficio ya que viol\u00f3 varias de las medidas cautelares que le fueron impuestas cuando cumpl\u00eda provisionalmente la condena en su residencia. La defensa del expresidente buscaba evitar su regreso a prisi\u00f3n. En la sentencia en la que neg\u00f3 el nuevo recurso, se asegur\u00f3 [&hellip;]<\/p>\n","protected":false},"author":4,"featured_media":6341,"comment_status":"open","ping_status":"open","sticky":false,"template":"","format":"standard","meta":{"footnotes":""},"categories":[20,22],"tags":[],"class_list":{"0":"post-6340","1":"post","2":"type-post","3":"status-publish","4":"format-standard","5":"has-post-thumbnail","7":"category-internacionales","8":"category-politica"},"yoast_head":"<!-- This site is optimized with the Yoast SEO plugin v27.4 - https:\/\/yoast.com\/product\/yoast-seo-wordpress\/ -->\n<title>Golpe de Estado: la Corte Suprema de Brasil rechaz\u00f3 darle la prisi\u00f3n domiciliaria a Bolsonaro - Diario del Sur<\/title>\n<meta name=\"robots\" content=\"index, follow, max-snippet:-1, max-image-preview:large, max-video-preview:-1\" \/>\n<link rel=\"canonical\" href=\"https:\/\/diariodelsurdigital.com.ar\/?p=6340\" \/>\n<meta property=\"og:locale\" content=\"es_ES\" \/>\n<meta property=\"og:type\" content=\"article\" \/>\n<meta property=\"og:title\" content=\"Golpe de Estado: la Corte Suprema de Brasil rechaz\u00f3 darle la prisi\u00f3n domiciliaria a Bolsonaro - Diario del Sur\" \/>\n<meta property=\"og:description\" content=\"El exmandatario, condenado por intento de golpe de Estado, no tuvo el beneficio ya que viol\u00f3 varias de las medidas cautelares que le fueron impuestas cuando cumpl\u00eda provisionalmente la condena en su residencia. La defensa del expresidente buscaba evitar su regreso a prisi\u00f3n. En la sentencia en la que neg\u00f3 el nuevo recurso, se asegur\u00f3 [&hellip;]\" \/>\n<meta property=\"og:url\" content=\"https:\/\/diariodelsurdigital.com.ar\/?p=6340\" \/>\n<meta property=\"og:site_name\" content=\"Diario del Sur\" \/>\n<meta property=\"article:published_time\" content=\"2026-01-02T15:32:07+00:00\" \/>\n<meta property=\"article:modified_time\" content=\"2026-01-02T15:32:08+00:00\" \/>\n<meta property=\"og:image\" content=\"https:\/\/diariodelsurdigital.com.ar\/wp-content\/uploads\/2026\/01\/md-22.webp\" \/>\n\t<meta property=\"og:image:width\" content=\"992\" \/>\n\t<meta property=\"og:image:height\" content=\"558\" \/>\n\t<meta property=\"og:image:type\" content=\"image\/webp\" \/>\n<meta name=\"author\" content=\"Diario del Sur Digital\" \/>\n<meta name=\"twitter:card\" content=\"summary_large_image\" \/>\n<meta name=\"twitter:label1\" content=\"Escrito por\" \/>\n\t<meta name=\"twitter:data1\" content=\"Diario del Sur Digital\" \/>\n\t<meta name=\"twitter:label2\" content=\"Tiempo de lectura\" \/>\n\t<meta name=\"twitter:data2\" content=\"4 minutos\" \/>\n<script type=\"application\/ld+json\" class=\"yoast-schema-graph\">{\"@context\":\"https:\\\/\\\/schema.org\",\"@graph\":[{\"@type\":\"Article\",\"@id\":\"https:\\\/\\\/diariodelsurdigital.com.ar\\\/?p=6340#article\",\"isPartOf\":{\"@id\":\"https:\\\/\\\/diariodelsurdigital.com.ar\\\/?p=6340\"},\"author\":{\"name\":\"Diario del Sur Digital\",\"@id\":\"https:\\\/\\\/diariodelsurdigital.com.ar\\\/#\\\/schema\\\/person\\\/1a4992532ed62965c968031b49195c81\"},\"headline\":\"Golpe de Estado: la Corte Suprema de Brasil rechaz\u00f3 darle la prisi\u00f3n domiciliaria a Bolsonaro\",\"datePublished\":\"2026-01-02T15:32:07+00:00\",\"dateModified\":\"2026-01-02T15:32:08+00:00\",\"mainEntityOfPage\":{\"@id\":\"https:\\\/\\\/diariodelsurdigital.com.ar\\\/?p=6340\"},\"wordCount\":883,\"commentCount\":0,\"image\":{\"@id\":\"https:\\\/\\\/diariodelsurdigital.com.ar\\\/?p=6340#primaryimage\"},\"thumbnailUrl\":\"https:\\\/\\\/diariodelsurdigital.com.ar\\\/wp-content\\\/uploads\\\/2026\\\/01\\\/md-22.webp\",\"articleSection\":[\"Internacionales\",\"Pol\u00edtica\"],\"inLanguage\":\"es\",\"potentialAction\":[{\"@type\":\"CommentAction\",\"name\":\"Comment\",\"target\":[\"https:\\\/\\\/diariodelsurdigital.com.ar\\\/?p=6340#respond\"]}]},{\"@type\":\"WebPage\",\"@id\":\"https:\\\/\\\/diariodelsurdigital.com.ar\\\/?p=6340\",\"url\":\"https:\\\/\\\/diariodelsurdigital.com.ar\\\/?p=6340\",\"name\":\"Golpe de Estado: la Corte Suprema de Brasil rechaz\u00f3 darle la prisi\u00f3n domiciliaria a Bolsonaro - Diario del Sur\",\"isPartOf\":{\"@id\":\"https:\\\/\\\/diariodelsurdigital.com.ar\\\/#website\"},\"primaryImageOfPage\":{\"@id\":\"https:\\\/\\\/diariodelsurdigital.com.ar\\\/?p=6340#primaryimage\"},\"image\":{\"@id\":\"https:\\\/\\\/diariodelsurdigital.com.ar\\\/?p=6340#primaryimage\"},\"thumbnailUrl\":\"https:\\\/\\\/diariodelsurdigital.com.ar\\\/wp-content\\\/uploads\\\/2026\\\/01\\\/md-22.webp\",\"datePublished\":\"2026-01-02T15:32:07+00:00\",\"dateModified\":\"2026-01-02T15:32:08+00:00\",\"author\":{\"@id\":\"https:\\\/\\\/diariodelsurdigital.com.ar\\\/#\\\/schema\\\/person\\\/1a4992532ed62965c968031b49195c81\"},\"breadcrumb\":{\"@id\":\"https:\\\/\\\/diariodelsurdigital.com.ar\\\/?p=6340#breadcrumb\"},\"inLanguage\":\"es\",\"potentialAction\":[{\"@type\":\"ReadAction\",\"target\":[\"https:\\\/\\\/diariodelsurdigital.com.ar\\\/?p=6340\"]}]},{\"@type\":\"ImageObject\",\"inLanguage\":\"es\",\"@id\":\"https:\\\/\\\/diariodelsurdigital.com.ar\\\/?p=6340#primaryimage\",\"url\":\"https:\\\/\\\/diariodelsurdigital.com.ar\\\/wp-content\\\/uploads\\\/2026\\\/01\\\/md-22.webp\",\"contentUrl\":\"https:\\\/\\\/diariodelsurdigital.com.ar\\\/wp-content\\\/uploads\\\/2026\\\/01\\\/md-22.webp\",\"width\":992,\"height\":558},{\"@type\":\"BreadcrumbList\",\"@id\":\"https:\\\/\\\/diariodelsurdigital.com.ar\\\/?p=6340#breadcrumb\",\"itemListElement\":[{\"@type\":\"ListItem\",\"position\":1,\"name\":\"Portada\",\"item\":\"https:\\\/\\\/diariodelsurdigital.com.ar\\\/\"},{\"@type\":\"ListItem\",\"position\":2,\"name\":\"Golpe de Estado: la Corte Suprema de Brasil rechaz\u00f3 darle la prisi\u00f3n domiciliaria a Bolsonaro\"}]},{\"@type\":\"WebSite\",\"@id\":\"https:\\\/\\\/diariodelsurdigital.com.ar\\\/#website\",\"url\":\"https:\\\/\\\/diariodelsurdigital.com.ar\\\/\",\"name\":\"Diario del Sur\",\"description\":\"Digital\",\"potentialAction\":[{\"@type\":\"SearchAction\",\"target\":{\"@type\":\"EntryPoint\",\"urlTemplate\":\"https:\\\/\\\/diariodelsurdigital.com.ar\\\/?s={search_term_string}\"},\"query-input\":{\"@type\":\"PropertyValueSpecification\",\"valueRequired\":true,\"valueName\":\"search_term_string\"}}],\"inLanguage\":\"es\"},{\"@type\":\"Person\",\"@id\":\"https:\\\/\\\/diariodelsurdigital.com.ar\\\/#\\\/schema\\\/person\\\/1a4992532ed62965c968031b49195c81\",\"name\":\"Diario del Sur Digital\",\"image\":{\"@type\":\"ImageObject\",\"inLanguage\":\"es\",\"@id\":\"https:\\\/\\\/secure.gravatar.com\\\/avatar\\\/f0c7c47fc7146d19828273b9b8eda651c9c7ab583767e6338d3d3bee825adf76?s=96&d=mm&r=g\",\"url\":\"https:\\\/\\\/secure.gravatar.com\\\/avatar\\\/f0c7c47fc7146d19828273b9b8eda651c9c7ab583767e6338d3d3bee825adf76?s=96&d=mm&r=g\",\"contentUrl\":\"https:\\\/\\\/secure.gravatar.com\\\/avatar\\\/f0c7c47fc7146d19828273b9b8eda651c9c7ab583767e6338d3d3bee825adf76?s=96&d=mm&r=g\",\"caption\":\"Diario del Sur Digital\"},\"url\":\"https:\\\/\\\/diariodelsurdigital.com.ar\\\/?author=4\"}]}<\/script>\n<!-- \/ Yoast SEO plugin. -->","yoast_head_json":{"title":"Golpe de Estado: la Corte Suprema de Brasil rechaz\u00f3 darle la prisi\u00f3n domiciliaria a Bolsonaro - Diario del Sur","robots":{"index":"index","follow":"follow","max-snippet":"max-snippet:-1","max-image-preview":"max-image-preview:large","max-video-preview":"max-video-preview:-1"},"canonical":"https:\/\/diariodelsurdigital.com.ar\/?p=6340","og_locale":"es_ES","og_type":"article","og_title":"Golpe de Estado: la Corte Suprema de Brasil rechaz\u00f3 darle la prisi\u00f3n domiciliaria a Bolsonaro - Diario del Sur","og_description":"El exmandatario, condenado por intento de golpe de Estado, no tuvo el beneficio ya que viol\u00f3 varias de las medidas cautelares que le fueron impuestas cuando cumpl\u00eda provisionalmente la condena en su residencia. La defensa del expresidente buscaba evitar su regreso a prisi\u00f3n. En la sentencia en la que neg\u00f3 el nuevo recurso, se asegur\u00f3 [&hellip;]","og_url":"https:\/\/diariodelsurdigital.com.ar\/?p=6340","og_site_name":"Diario del Sur","article_published_time":"2026-01-02T15:32:07+00:00","article_modified_time":"2026-01-02T15:32:08+00:00","og_image":[{"width":992,"height":558,"url":"https:\/\/diariodelsurdigital.com.ar\/wp-content\/uploads\/2026\/01\/md-22.webp","type":"image\/webp"}],"author":"Diario del Sur Digital","twitter_card":"summary_large_image","twitter_misc":{"Escrito por":"Diario del Sur Digital","Tiempo de lectura":"4 minutos"},"schema":{"@context":"https:\/\/schema.org","@graph":[{"@type":"Article","@id":"https:\/\/diariodelsurdigital.com.ar\/?p=6340#article","isPartOf":{"@id":"https:\/\/diariodelsurdigital.com.ar\/?p=6340"},"author":{"name":"Diario del Sur Digital","@id":"https:\/\/diariodelsurdigital.com.ar\/#\/schema\/person\/1a4992532ed62965c968031b49195c81"},"headline":"Golpe de Estado: la Corte Suprema de Brasil rechaz\u00f3 darle la prisi\u00f3n domiciliaria a Bolsonaro","datePublished":"2026-01-02T15:32:07+00:00","dateModified":"2026-01-02T15:32:08+00:00","mainEntityOfPage":{"@id":"https:\/\/diariodelsurdigital.com.ar\/?p=6340"},"wordCount":883,"commentCount":0,"image":{"@id":"https:\/\/diariodelsurdigital.com.ar\/?p=6340#primaryimage"},"thumbnailUrl":"https:\/\/diariodelsurdigital.com.ar\/wp-content\/uploads\/2026\/01\/md-22.webp","articleSection":["Internacionales","Pol\u00edtica"],"inLanguage":"es","potentialAction":[{"@type":"CommentAction","name":"Comment","target":["https:\/\/diariodelsurdigital.com.ar\/?p=6340#respond"]}]},{"@type":"WebPage","@id":"https:\/\/diariodelsurdigital.com.ar\/?p=6340","url":"https:\/\/diariodelsurdigital.com.ar\/?p=6340","name":"Golpe de Estado: la Corte Suprema de Brasil rechaz\u00f3 darle la prisi\u00f3n domiciliaria a Bolsonaro - Diario del Sur","isPartOf":{"@id":"https:\/\/diariodelsurdigital.com.ar\/#website"},"primaryImageOfPage":{"@id":"https:\/\/diariodelsurdigital.com.ar\/?p=6340#primaryimage"},"image":{"@id":"https:\/\/diariodelsurdigital.com.ar\/?p=6340#primaryimage"},"thumbnailUrl":"https:\/\/diariodelsurdigital.com.ar\/wp-content\/uploads\/2026\/01\/md-22.webp","datePublished":"2026-01-02T15:32:07+00:00","dateModified":"2026-01-02T15:32:08+00:00","author":{"@id":"https:\/\/diariodelsurdigital.com.ar\/#\/schema\/person\/1a4992532ed62965c968031b49195c81"},"breadcrumb":{"@id":"https:\/\/diariodelsurdigital.com.ar\/?p=6340#breadcrumb"},"inLanguage":"es","potentialAction":[{"@type":"ReadAction","target":["https:\/\/diariodelsurdigital.com.ar\/?p=6340"]}]},{"@type":"ImageObject","inLanguage":"es","@id":"https:\/\/diariodelsurdigital.com.ar\/?p=6340#primaryimage","url":"https:\/\/diariodelsurdigital.com.ar\/wp-content\/uploads\/2026\/01\/md-22.webp","contentUrl":"https:\/\/diariodelsurdigital.com.ar\/wp-content\/uploads\/2026\/01\/md-22.webp","width":992,"height":558},{"@type":"BreadcrumbList","@id":"https:\/\/diariodelsurdigital.com.ar\/?p=6340#breadcrumb","itemListElement":[{"@type":"ListItem","position":1,"name":"Portada","item":"https:\/\/diariodelsurdigital.com.ar\/"},{"@type":"ListItem","position":2,"name":"Golpe de Estado: la Corte Suprema de Brasil rechaz\u00f3 darle la prisi\u00f3n domiciliaria a Bolsonaro"}]},{"@type":"WebSite","@id":"https:\/\/diariodelsurdigital.com.ar\/#website","url":"https:\/\/diariodelsurdigital.com.ar\/","name":"Diario del Sur","description":"Digital","potentialAction":[{"@type":"SearchAction","target":{"@type":"EntryPoint","urlTemplate":"https:\/\/diariodelsurdigital.com.ar\/?s={search_term_string}"},"query-input":{"@type":"PropertyValueSpecification","valueRequired":true,"valueName":"search_term_string"}}],"inLanguage":"es"},{"@type":"Person","@id":"https:\/\/diariodelsurdigital.com.ar\/#\/schema\/person\/1a4992532ed62965c968031b49195c81","name":"Diario del Sur Digital","image":{"@type":"ImageObject","inLanguage":"es","@id":"https:\/\/secure.gravatar.com\/avatar\/f0c7c47fc7146d19828273b9b8eda651c9c7ab583767e6338d3d3bee825adf76?s=96&d=mm&r=g","url":"https:\/\/secure.gravatar.com\/avatar\/f0c7c47fc7146d19828273b9b8eda651c9c7ab583767e6338d3d3bee825adf76?s=96&d=mm&r=g","contentUrl":"https:\/\/secure.gravatar.com\/avatar\/f0c7c47fc7146d19828273b9b8eda651c9c7ab583767e6338d3d3bee825adf76?s=96&d=mm&r=g","caption":"Diario del Sur Digital"},"url":"https:\/\/diariodelsurdigital.com.ar\/?author=4"}]}},"_links":{"self":[{"href":"https:\/\/diariodelsurdigital.com.ar\/index.php?rest_route=\/wp\/v2\/posts\/6340","targetHints":{"allow":["GET"]}}],"collection":[{"href":"https:\/\/diariodelsurdigital.com.ar\/index.php?rest_route=\/wp\/v2\/posts"}],"about":[{"href":"https:\/\/diariodelsurdigital.com.ar\/index.php?rest_route=\/wp\/v2\/types\/post"}],"author":[{"embeddable":true,"href":"https:\/\/diariodelsurdigital.com.ar\/index.php?rest_route=\/wp\/v2\/users\/4"}],"replies":[{"embeddable":true,"href":"https:\/\/diariodelsurdigital.com.ar\/index.php?rest_route=%2Fwp%2Fv2%2Fcomments&post=6340"}],"version-history":[{"count":1,"href":"https:\/\/diariodelsurdigital.com.ar\/index.php?rest_route=\/wp\/v2\/posts\/6340\/revisions"}],"predecessor-version":[{"id":6342,"href":"https:\/\/diariodelsurdigital.com.ar\/index.php?rest_route=\/wp\/v2\/posts\/6340\/revisions\/6342"}],"wp:featuredmedia":[{"embeddable":true,"href":"https:\/\/diariodelsurdigital.com.ar\/index.php?rest_route=\/wp\/v2\/media\/6341"}],"wp:attachment":[{"href":"https:\/\/diariodelsurdigital.com.ar\/index.php?rest_route=%2Fwp%2Fv2%2Fmedia&parent=6340"}],"wp:term":[{"taxonomy":"category","embeddable":true,"href":"https:\/\/diariodelsurdigital.com.ar\/index.php?rest_route=%2Fwp%2Fv2%2Fcategories&post=6340"},{"taxonomy":"post_tag","embeddable":true,"href":"https:\/\/diariodelsurdigital.com.ar\/index.php?rest_route=%2Fwp%2Fv2%2Ftags&post=6340"}],"curies":[{"name":"wp","href":"https:\/\/api.w.org\/{rel}","templated":true}]}}