{"id":6344,"date":"2026-01-02T12:36:31","date_gmt":"2026-01-02T15:36:31","guid":{"rendered":"https:\/\/diariodelsurdigital.com.ar\/?p=6344"},"modified":"2026-01-02T12:36:33","modified_gmt":"2026-01-02T15:36:33","slug":"despiden-al-25-de-la-planta-del-instituto-nacional-de-la-yerba-mate","status":"publish","type":"post","link":"https:\/\/diariodelsurdigital.com.ar\/?p=6344","title":{"rendered":"Despiden al 25% de la planta del Instituto Nacional de la Yerba Mate"},"content":{"rendered":"\n<p>A menos de un mes de la asunci\u00f3n de la nueva conducci\u00f3n, el Instituto Nacional de la Yerba Mate (INYM) notific\u00f3 la cesant\u00eda de 21 trabajadores en el marco del proceso de ajuste y desregulaci\u00f3n impulsado por el Gobierno nacional. Entre los afectados por la medida se encuentras dos delegados, con tutela sindical, que revisten en la Asociaci\u00f3n Trabajadores del Estado (ATE). El sindicato viene denunciando el vaciamiento del organismo.<\/p>\n\n\n\n<p>El Instituto Nacional de la Yerba Mate (INYM) atraviesa una nueva etapa de ajuste que vuelve a encender las alarmas en el sector. Este lunes, 21 de los 84 trabajadores del organismo fueron notificados de su cesant\u00eda, una medida que implicar\u00eda un costo estimado de 800 millones de pesos y que podr\u00eda no ser la \u00faltima, seg\u00fan versiones internas.<\/p>\n\n\n\n<p>La decisi\u00f3n fue adoptada por el directorio del INYM a menos de tres semanas de la asunci\u00f3n de Rodrigo Correa como presidente del Instituto. El contador, de perfil libertario y designado por el Gobierno nacional, asumi\u00f3 tras dos a\u00f1os de acefal\u00eda y sin antecedentes vinculados a la actividad yerbatera. El recorte representa la desvinculaci\u00f3n de una cuarta parte del personal y se inscribe en la pol\u00edtica de desregulaci\u00f3n total de la econom\u00eda yerbatera impulsada desde diciembre de 2023, indic\u00f3 el portal infogremiales.com.ar.<\/p>\n\n\n\n<p>Desde la Asociaci\u00f3n de Trabajadores del Estado (ATE) manifestaron su sorpresa por la forma y el alcance de la medida. Seg\u00fan denunciaron, los empleados fueron citados de manera individual y notificados de su despido ante un escribano. Aproximadamente la mitad de los cesanteados est\u00e1n afiliados al gremio y, entre ellos, se encuentran dos delegados sindicales que cuentan con tutela gremial.<\/p>\n\n\n\n<p>Para el sindicato, los despidos forman parte de un proceso de vaciamiento del INYM, un organismo creado en 2021 con el objetivo de superar una profunda crisis del sector, originada en la desregulaci\u00f3n aplicada durante la d\u00e9cada de 1990. La creaci\u00f3n del Instituto fue el resultado de una extensa protesta de productores yerbateros, que llegaron a Posadas con camiones y tractores y sostuvieron un acampe durante m\u00e1s de un mes hasta lograr la sanci\u00f3n de la ley.<\/p>\n\n\n\n<p>El INYM se financia a trav\u00e9s de una estampilla incluida en los paquetes de yerba mate, por lo que no genera costos directos para el Estado. Durante sus primeros a\u00f1os de funcionamiento, permiti\u00f3 una recomposici\u00f3n del precio de la hoja verde, mejor\u00f3 los m\u00e1rgenes de rentabilidad de los productores, impuls\u00f3 est\u00e1ndares de calidad y promovi\u00f3 la apertura de nuevos mercados internacionales, adem\u00e1s de campa\u00f1as para fomentar el consumo.<\/p>\n\n\n\n<p>El primer golpe a esta estructura lleg\u00f3 con el decreto presidencial 70\/2023, que le quit\u00f3 al Instituto la facultad de fijar precios de referencia semestrales para la hoja verde y la yerba mate canchada. Como consecuencia, los valores percibidos por los productores quedaron rezagados: la cosecha gruesa de 2025 cerr\u00f3 con precios promedio de 280 pesos, similares a los establecidos en el laudo de octubre de 2023, mientras que los plazos de pago se extendieron hasta los 180 d\u00edas.<\/p>\n\n\n\n<p>A este escenario se sum\u00f3 la derogaci\u00f3n de la normativa que limitaba nuevas plantaciones, una herramienta destinada a evitar la sobreoferta de materia prima y a preservar el equilibrio entre producci\u00f3n y demanda. Con los despidos recientes y la posibilidad de nuevas desvinculaciones, el futuro del INYM y del sector yerbatero vuelve a quedar envuelto en la incertidumbre. <\/p>\n","protected":false},"excerpt":{"rendered":"<p>A menos de un mes de la asunci\u00f3n de la nueva conducci\u00f3n, el Instituto Nacional de la Yerba Mate (INYM) notific\u00f3 la cesant\u00eda de 21 trabajadores en el marco del proceso de ajuste y desregulaci\u00f3n impulsado por el Gobierno nacional. Entre los afectados por la medida se encuentras dos delegados, con tutela sindical, que revisten [&hellip;]<\/p>\n","protected":false},"author":4,"featured_media":6345,"comment_status":"open","ping_status":"open","sticky":false,"template":"","format":"standard","meta":{"footnotes":""},"categories":[19,18],"tags":[],"class_list":{"0":"post-6344","1":"post","2":"type-post","3":"status-publish","4":"format-standard","5":"has-post-thumbnail","7":"category-interes-general","8":"category-nacionales"},"yoast_head":"<!-- This site is optimized with the Yoast SEO plugin v27.4 - https:\/\/yoast.com\/product\/yoast-seo-wordpress\/ -->\n<title>Despiden al 25% de la planta del Instituto Nacional de la Yerba Mate - Diario del Sur<\/title>\n<meta name=\"robots\" content=\"index, follow, max-snippet:-1, max-image-preview:large, max-video-preview:-1\" \/>\n<link rel=\"canonical\" href=\"https:\/\/diariodelsurdigital.com.ar\/?p=6344\" \/>\n<meta property=\"og:locale\" content=\"es_ES\" \/>\n<meta property=\"og:type\" content=\"article\" \/>\n<meta property=\"og:title\" content=\"Despiden al 25% de la planta del Instituto Nacional de la Yerba Mate - Diario del Sur\" \/>\n<meta property=\"og:description\" content=\"A menos de un mes de la asunci\u00f3n de la nueva conducci\u00f3n, el Instituto Nacional de la Yerba Mate (INYM) notific\u00f3 la cesant\u00eda de 21 trabajadores en el marco del proceso de ajuste y desregulaci\u00f3n impulsado por el Gobierno nacional. Entre los afectados por la medida se encuentras dos delegados, con tutela sindical, que revisten [&hellip;]\" \/>\n<meta property=\"og:url\" content=\"https:\/\/diariodelsurdigital.com.ar\/?p=6344\" \/>\n<meta property=\"og:site_name\" content=\"Diario del Sur\" \/>\n<meta property=\"article:published_time\" content=\"2026-01-02T15:36:31+00:00\" \/>\n<meta property=\"article:modified_time\" content=\"2026-01-02T15:36:33+00:00\" \/>\n<meta property=\"og:image\" content=\"https:\/\/diariodelsurdigital.com.ar\/wp-content\/uploads\/2026\/01\/md-23.webp\" \/>\n\t<meta property=\"og:image:width\" content=\"992\" \/>\n\t<meta property=\"og:image:height\" content=\"660\" \/>\n\t<meta property=\"og:image:type\" content=\"image\/webp\" \/>\n<meta name=\"author\" content=\"Diario del Sur Digital\" \/>\n<meta name=\"twitter:card\" content=\"summary_large_image\" \/>\n<meta name=\"twitter:label1\" content=\"Escrito por\" \/>\n\t<meta name=\"twitter:data1\" content=\"Diario del Sur Digital\" \/>\n\t<meta name=\"twitter:label2\" content=\"Tiempo de lectura\" \/>\n\t<meta name=\"twitter:data2\" content=\"3 minutos\" \/>\n<script type=\"application\/ld+json\" class=\"yoast-schema-graph\">{\"@context\":\"https:\\\/\\\/schema.org\",\"@graph\":[{\"@type\":\"Article\",\"@id\":\"https:\\\/\\\/diariodelsurdigital.com.ar\\\/?p=6344#article\",\"isPartOf\":{\"@id\":\"https:\\\/\\\/diariodelsurdigital.com.ar\\\/?p=6344\"},\"author\":{\"name\":\"Diario del Sur Digital\",\"@id\":\"https:\\\/\\\/diariodelsurdigital.com.ar\\\/#\\\/schema\\\/person\\\/1a4992532ed62965c968031b49195c81\"},\"headline\":\"Despiden al 25% de la planta del Instituto Nacional de la Yerba Mate\",\"datePublished\":\"2026-01-02T15:36:31+00:00\",\"dateModified\":\"2026-01-02T15:36:33+00:00\",\"mainEntityOfPage\":{\"@id\":\"https:\\\/\\\/diariodelsurdigital.com.ar\\\/?p=6344\"},\"wordCount\":590,\"commentCount\":0,\"image\":{\"@id\":\"https:\\\/\\\/diariodelsurdigital.com.ar\\\/?p=6344#primaryimage\"},\"thumbnailUrl\":\"https:\\\/\\\/diariodelsurdigital.com.ar\\\/wp-content\\\/uploads\\\/2026\\\/01\\\/md-23.webp\",\"articleSection\":[\"Inter\u00e9s General\",\"Nacionales\"],\"inLanguage\":\"es\",\"potentialAction\":[{\"@type\":\"CommentAction\",\"name\":\"Comment\",\"target\":[\"https:\\\/\\\/diariodelsurdigital.com.ar\\\/?p=6344#respond\"]}]},{\"@type\":\"WebPage\",\"@id\":\"https:\\\/\\\/diariodelsurdigital.com.ar\\\/?p=6344\",\"url\":\"https:\\\/\\\/diariodelsurdigital.com.ar\\\/?p=6344\",\"name\":\"Despiden al 25% de la planta del Instituto Nacional de la Yerba Mate - Diario del Sur\",\"isPartOf\":{\"@id\":\"https:\\\/\\\/diariodelsurdigital.com.ar\\\/#website\"},\"primaryImageOfPage\":{\"@id\":\"https:\\\/\\\/diariodelsurdigital.com.ar\\\/?p=6344#primaryimage\"},\"image\":{\"@id\":\"https:\\\/\\\/diariodelsurdigital.com.ar\\\/?p=6344#primaryimage\"},\"thumbnailUrl\":\"https:\\\/\\\/diariodelsurdigital.com.ar\\\/wp-content\\\/uploads\\\/2026\\\/01\\\/md-23.webp\",\"datePublished\":\"2026-01-02T15:36:31+00:00\",\"dateModified\":\"2026-01-02T15:36:33+00:00\",\"author\":{\"@id\":\"https:\\\/\\\/diariodelsurdigital.com.ar\\\/#\\\/schema\\\/person\\\/1a4992532ed62965c968031b49195c81\"},\"breadcrumb\":{\"@id\":\"https:\\\/\\\/diariodelsurdigital.com.ar\\\/?p=6344#breadcrumb\"},\"inLanguage\":\"es\",\"potentialAction\":[{\"@type\":\"ReadAction\",\"target\":[\"https:\\\/\\\/diariodelsurdigital.com.ar\\\/?p=6344\"]}]},{\"@type\":\"ImageObject\",\"inLanguage\":\"es\",\"@id\":\"https:\\\/\\\/diariodelsurdigital.com.ar\\\/?p=6344#primaryimage\",\"url\":\"https:\\\/\\\/diariodelsurdigital.com.ar\\\/wp-content\\\/uploads\\\/2026\\\/01\\\/md-23.webp\",\"contentUrl\":\"https:\\\/\\\/diariodelsurdigital.com.ar\\\/wp-content\\\/uploads\\\/2026\\\/01\\\/md-23.webp\",\"width\":992,\"height\":660},{\"@type\":\"BreadcrumbList\",\"@id\":\"https:\\\/\\\/diariodelsurdigital.com.ar\\\/?p=6344#breadcrumb\",\"itemListElement\":[{\"@type\":\"ListItem\",\"position\":1,\"name\":\"Portada\",\"item\":\"https:\\\/\\\/diariodelsurdigital.com.ar\\\/\"},{\"@type\":\"ListItem\",\"position\":2,\"name\":\"Despiden al 25% de la planta del Instituto Nacional de la Yerba Mate\"}]},{\"@type\":\"WebSite\",\"@id\":\"https:\\\/\\\/diariodelsurdigital.com.ar\\\/#website\",\"url\":\"https:\\\/\\\/diariodelsurdigital.com.ar\\\/\",\"name\":\"Diario del Sur\",\"description\":\"Digital\",\"potentialAction\":[{\"@type\":\"SearchAction\",\"target\":{\"@type\":\"EntryPoint\",\"urlTemplate\":\"https:\\\/\\\/diariodelsurdigital.com.ar\\\/?s={search_term_string}\"},\"query-input\":{\"@type\":\"PropertyValueSpecification\",\"valueRequired\":true,\"valueName\":\"search_term_string\"}}],\"inLanguage\":\"es\"},{\"@type\":\"Person\",\"@id\":\"https:\\\/\\\/diariodelsurdigital.com.ar\\\/#\\\/schema\\\/person\\\/1a4992532ed62965c968031b49195c81\",\"name\":\"Diario del Sur Digital\",\"image\":{\"@type\":\"ImageObject\",\"inLanguage\":\"es\",\"@id\":\"https:\\\/\\\/secure.gravatar.com\\\/avatar\\\/f0c7c47fc7146d19828273b9b8eda651c9c7ab583767e6338d3d3bee825adf76?s=96&d=mm&r=g\",\"url\":\"https:\\\/\\\/secure.gravatar.com\\\/avatar\\\/f0c7c47fc7146d19828273b9b8eda651c9c7ab583767e6338d3d3bee825adf76?s=96&d=mm&r=g\",\"contentUrl\":\"https:\\\/\\\/secure.gravatar.com\\\/avatar\\\/f0c7c47fc7146d19828273b9b8eda651c9c7ab583767e6338d3d3bee825adf76?s=96&d=mm&r=g\",\"caption\":\"Diario del Sur Digital\"},\"url\":\"https:\\\/\\\/diariodelsurdigital.com.ar\\\/?author=4\"}]}<\/script>\n<!-- \/ Yoast SEO plugin. -->","yoast_head_json":{"title":"Despiden al 25% de la planta del Instituto Nacional de la Yerba Mate - Diario del Sur","robots":{"index":"index","follow":"follow","max-snippet":"max-snippet:-1","max-image-preview":"max-image-preview:large","max-video-preview":"max-video-preview:-1"},"canonical":"https:\/\/diariodelsurdigital.com.ar\/?p=6344","og_locale":"es_ES","og_type":"article","og_title":"Despiden al 25% de la planta del Instituto Nacional de la Yerba Mate - Diario del Sur","og_description":"A menos de un mes de la asunci\u00f3n de la nueva conducci\u00f3n, el Instituto Nacional de la Yerba Mate (INYM) notific\u00f3 la cesant\u00eda de 21 trabajadores en el marco del proceso de ajuste y desregulaci\u00f3n impulsado por el Gobierno nacional. Entre los afectados por la medida se encuentras dos delegados, con tutela sindical, que revisten [&hellip;]","og_url":"https:\/\/diariodelsurdigital.com.ar\/?p=6344","og_site_name":"Diario del Sur","article_published_time":"2026-01-02T15:36:31+00:00","article_modified_time":"2026-01-02T15:36:33+00:00","og_image":[{"width":992,"height":660,"url":"https:\/\/diariodelsurdigital.com.ar\/wp-content\/uploads\/2026\/01\/md-23.webp","type":"image\/webp"}],"author":"Diario del Sur Digital","twitter_card":"summary_large_image","twitter_misc":{"Escrito por":"Diario del Sur Digital","Tiempo de lectura":"3 minutos"},"schema":{"@context":"https:\/\/schema.org","@graph":[{"@type":"Article","@id":"https:\/\/diariodelsurdigital.com.ar\/?p=6344#article","isPartOf":{"@id":"https:\/\/diariodelsurdigital.com.ar\/?p=6344"},"author":{"name":"Diario del Sur Digital","@id":"https:\/\/diariodelsurdigital.com.ar\/#\/schema\/person\/1a4992532ed62965c968031b49195c81"},"headline":"Despiden al 25% de la planta del Instituto Nacional de la Yerba Mate","datePublished":"2026-01-02T15:36:31+00:00","dateModified":"2026-01-02T15:36:33+00:00","mainEntityOfPage":{"@id":"https:\/\/diariodelsurdigital.com.ar\/?p=6344"},"wordCount":590,"commentCount":0,"image":{"@id":"https:\/\/diariodelsurdigital.com.ar\/?p=6344#primaryimage"},"thumbnailUrl":"https:\/\/diariodelsurdigital.com.ar\/wp-content\/uploads\/2026\/01\/md-23.webp","articleSection":["Inter\u00e9s General","Nacionales"],"inLanguage":"es","potentialAction":[{"@type":"CommentAction","name":"Comment","target":["https:\/\/diariodelsurdigital.com.ar\/?p=6344#respond"]}]},{"@type":"WebPage","@id":"https:\/\/diariodelsurdigital.com.ar\/?p=6344","url":"https:\/\/diariodelsurdigital.com.ar\/?p=6344","name":"Despiden al 25% de la planta del Instituto Nacional de la Yerba Mate - Diario del Sur","isPartOf":{"@id":"https:\/\/diariodelsurdigital.com.ar\/#website"},"primaryImageOfPage":{"@id":"https:\/\/diariodelsurdigital.com.ar\/?p=6344#primaryimage"},"image":{"@id":"https:\/\/diariodelsurdigital.com.ar\/?p=6344#primaryimage"},"thumbnailUrl":"https:\/\/diariodelsurdigital.com.ar\/wp-content\/uploads\/2026\/01\/md-23.webp","datePublished":"2026-01-02T15:36:31+00:00","dateModified":"2026-01-02T15:36:33+00:00","author":{"@id":"https:\/\/diariodelsurdigital.com.ar\/#\/schema\/person\/1a4992532ed62965c968031b49195c81"},"breadcrumb":{"@id":"https:\/\/diariodelsurdigital.com.ar\/?p=6344#breadcrumb"},"inLanguage":"es","potentialAction":[{"@type":"ReadAction","target":["https:\/\/diariodelsurdigital.com.ar\/?p=6344"]}]},{"@type":"ImageObject","inLanguage":"es","@id":"https:\/\/diariodelsurdigital.com.ar\/?p=6344#primaryimage","url":"https:\/\/diariodelsurdigital.com.ar\/wp-content\/uploads\/2026\/01\/md-23.webp","contentUrl":"https:\/\/diariodelsurdigital.com.ar\/wp-content\/uploads\/2026\/01\/md-23.webp","width":992,"height":660},{"@type":"BreadcrumbList","@id":"https:\/\/diariodelsurdigital.com.ar\/?p=6344#breadcrumb","itemListElement":[{"@type":"ListItem","position":1,"name":"Portada","item":"https:\/\/diariodelsurdigital.com.ar\/"},{"@type":"ListItem","position":2,"name":"Despiden al 25% de la planta del Instituto Nacional de la Yerba Mate"}]},{"@type":"WebSite","@id":"https:\/\/diariodelsurdigital.com.ar\/#website","url":"https:\/\/diariodelsurdigital.com.ar\/","name":"Diario del Sur","description":"Digital","potentialAction":[{"@type":"SearchAction","target":{"@type":"EntryPoint","urlTemplate":"https:\/\/diariodelsurdigital.com.ar\/?s={search_term_string}"},"query-input":{"@type":"PropertyValueSpecification","valueRequired":true,"valueName":"search_term_string"}}],"inLanguage":"es"},{"@type":"Person","@id":"https:\/\/diariodelsurdigital.com.ar\/#\/schema\/person\/1a4992532ed62965c968031b49195c81","name":"Diario del Sur Digital","image":{"@type":"ImageObject","inLanguage":"es","@id":"https:\/\/secure.gravatar.com\/avatar\/f0c7c47fc7146d19828273b9b8eda651c9c7ab583767e6338d3d3bee825adf76?s=96&d=mm&r=g","url":"https:\/\/secure.gravatar.com\/avatar\/f0c7c47fc7146d19828273b9b8eda651c9c7ab583767e6338d3d3bee825adf76?s=96&d=mm&r=g","contentUrl":"https:\/\/secure.gravatar.com\/avatar\/f0c7c47fc7146d19828273b9b8eda651c9c7ab583767e6338d3d3bee825adf76?s=96&d=mm&r=g","caption":"Diario del Sur Digital"},"url":"https:\/\/diariodelsurdigital.com.ar\/?author=4"}]}},"_links":{"self":[{"href":"https:\/\/diariodelsurdigital.com.ar\/index.php?rest_route=\/wp\/v2\/posts\/6344","targetHints":{"allow":["GET"]}}],"collection":[{"href":"https:\/\/diariodelsurdigital.com.ar\/index.php?rest_route=\/wp\/v2\/posts"}],"about":[{"href":"https:\/\/diariodelsurdigital.com.ar\/index.php?rest_route=\/wp\/v2\/types\/post"}],"author":[{"embeddable":true,"href":"https:\/\/diariodelsurdigital.com.ar\/index.php?rest_route=\/wp\/v2\/users\/4"}],"replies":[{"embeddable":true,"href":"https:\/\/diariodelsurdigital.com.ar\/index.php?rest_route=%2Fwp%2Fv2%2Fcomments&post=6344"}],"version-history":[{"count":1,"href":"https:\/\/diariodelsurdigital.com.ar\/index.php?rest_route=\/wp\/v2\/posts\/6344\/revisions"}],"predecessor-version":[{"id":6346,"href":"https:\/\/diariodelsurdigital.com.ar\/index.php?rest_route=\/wp\/v2\/posts\/6344\/revisions\/6346"}],"wp:featuredmedia":[{"embeddable":true,"href":"https:\/\/diariodelsurdigital.com.ar\/index.php?rest_route=\/wp\/v2\/media\/6345"}],"wp:attachment":[{"href":"https:\/\/diariodelsurdigital.com.ar\/index.php?rest_route=%2Fwp%2Fv2%2Fmedia&parent=6344"}],"wp:term":[{"taxonomy":"category","embeddable":true,"href":"https:\/\/diariodelsurdigital.com.ar\/index.php?rest_route=%2Fwp%2Fv2%2Fcategories&post=6344"},{"taxonomy":"post_tag","embeddable":true,"href":"https:\/\/diariodelsurdigital.com.ar\/index.php?rest_route=%2Fwp%2Fv2%2Ftags&post=6344"}],"curies":[{"name":"wp","href":"https:\/\/api.w.org\/{rel}","templated":true}]}}