{"id":636,"date":"2025-01-17T13:42:23","date_gmt":"2025-01-17T16:42:23","guid":{"rendered":"https:\/\/diariodelsurdigital.com.ar\/?p=636"},"modified":"2025-01-17T13:42:24","modified_gmt":"2025-01-17T16:42:24","slug":"era-milei-el-fmi-calcula-que-el-pbi-real-de-argentina-cayo-un-28-en-2024","status":"publish","type":"post","link":"https:\/\/diariodelsurdigital.com.ar\/?p=636","title":{"rendered":"Era Milei: El FMI calcula que el PBI real de Argentina cay\u00f3 un 2,8% en 2024"},"content":{"rendered":"\n<p>El&nbsp;<strong>Fondo Monetario Internacional (FMI)<\/strong>&nbsp;recalcul\u00f3 las proyecciones econ\u00f3micas a nivel mundial y consider\u00f3 que el a\u00f1o 2024 termin\u00f3 con una&nbsp;<strong>recesi\u00f3n algo m\u00e1s leve<\/strong>&nbsp;de lo esperado en la Argentina, al tiempo que mantuvo como expectativa una&nbsp;<strong>recuperaci\u00f3n de 5%, tanto para 2025 como para 2026<\/strong>.<\/p>\n\n\n\n<p>Para el organismo que dirige\u00a0<strong>Kristalina Georgieva<\/strong>, con quien el presidente Javier Milei espera encontrarse en el viaje que emprendi\u00f3 a los Estados Unidos con la asunci\u00f3n de Donald Trump como primera parada, el 2024 termin\u00f3 con una\u00a0<strong>recesi\u00f3n de 2,8%\u00a0<\/strong>del PBI. En el informe anterior, de octubre pasado, calcullaba un<strong>\u00a03%\u00a0<\/strong>de contracci\u00f3n.<\/p>\n\n\n\n<h2 class=\"wp-block-heading\">Las previsiones del FMI para Am\u00e9rica Latina<\/h2>\n\n\n\n<p>El FMI mantuvo estable en el 2,5 % su pron\u00f3stico de crecimiento de la econom\u00eda de Am\u00e9rica Latina para 2025, en su informe trimestral de Perspectivas Econ\u00f3micas Mundiales, publicado este viernes.<\/p>\n\n\n\n<p>Entre los mayores pa\u00edses de la regi\u00f3n, el FMI mantiene el pron\u00f3stico de crecimiento del 2,2 % para Brasil, eleva una d\u00e9cima el de M\u00e9xico (1,4 %) y espera un fuerte repunte de la econom\u00eda argentina (5,0 %) despu\u00e9s de la recesi\u00f3n de 2024.<\/p>\n\n\n\n<p>La ralentizaci\u00f3n de la econom\u00eda de Brasil se producir\u00e1 despu\u00e9s de haber registrado un crecimiento robusto del 3,7 % en 2024, seg\u00fan los nuevos c\u00e1lculos del FMI, que revisan siete d\u00e9cimas al alza la previsi\u00f3n divulgada el pasado octubre.<\/p>\n\n\n\n<p>Este fuerte crecimiento del a\u00f1o pasado del gigante suramericano, apoyado en el consumo interno, tuvo repercusi\u00f3n en la inflaci\u00f3n, que cerr\u00f3 2024 en el 4,83 %, ligeramente por encima del techo de la meta fijada por el Banco Central.<\/p>\n\n\n\n<p>La directora gerente del FMI, Kristalina Georgieva, en declaraciones a periodistas, afirm\u00f3 que la inflaci\u00f3n est\u00e1 moder\u00e1ndose m\u00e1s r\u00e1pido en las econom\u00edas avanzadas que en las emergentes, y se\u00f1al\u00f3 que Brasil \u201cenfrent\u00f3 una inflaci\u00f3n algo m\u00e1s elevada\u201d.<\/p>\n\n\n\n<p>Fuentes del FMI reconocieron que la principal preocupaci\u00f3n del Fondo en relaci\u00f3n a la econom\u00eda latinoamericana es precisamente la presi\u00f3n inflacionaria en Brasil, algo que llev\u00f3 al Banco Central a elevar los tipos de inter\u00e9s hasta el 12,25 % para tratar de contener los precios.<\/p>\n\n\n\n<p>En relaci\u00f3n a Argentina, el informe prev\u00e9 un panorama desafiante en el corto plazo, pero con se\u00f1ales de recuperaci\u00f3n m\u00e1s adelante.<\/p>\n\n\n\n<p>Seg\u00fan las nuevas proyecciones, se estima que el Producto Interno Bruto (PIB) real de Argentina caer\u00e1 un 2,8 % en 2024, reflejando la persistente contracci\u00f3n de la actividad econ\u00f3mica en medio de un contexto macroecon\u00f3mico complejo.<\/p>\n\n\n\n<p>Sin embargo, a partir de 2025, el FMI prev\u00e9 un repunte significativo, con un crecimiento del 5,0 % que se mantendr\u00eda tambi\u00e9n en 2026, lo que supone una revisi\u00f3n al alza de tres d\u00e9cimas para el a\u00f1o que viene.<\/p>\n\n\n\n<p>El informe del FMI elev\u00f3 una d\u00e9cima las previsiones de crecimiento de la econom\u00eda de M\u00e9xico para 2025, hasta el 1,4 %, y mantuvo sin cambios el 2 % para 2026.<\/p>\n\n\n\n<p>En noviembre, el organismo renov\u00f3 el acceso de M\u00e9xico a la L\u00ednea de Cr\u00e9dito Flexible (LCF) de unos 35.000 millones de d\u00f3lares dada la solidez de sus pol\u00edticas macroecon\u00f3micas y de sus marcos institucionales de pol\u00edticas p\u00fablicas.<\/p>\n\n\n\n<p>No obstante, indic\u00f3 que en M\u00e9xico \u201cla actividad econ\u00f3mica se est\u00e1 moderando, con una desaceleraci\u00f3n del consumo privado y la inversi\u00f3n, y una disminuci\u00f3n del crecimiento del empleo\u201d.<\/p>\n\n\n\n<p>\u201cSe espera que el crecimiento se modere a\u00fan m\u00e1s en 2025, en reflejo del retiro del est\u00edmulo fiscal y de una desaceleraci\u00f3n de la econom\u00eda de Estados Unidos\u201d, agreg\u00f3 el FMI.<\/p>\n\n\n\n<h2 class=\"wp-block-heading\">Consideraciones generales<\/h2>\n\n\n\n<p>De acuerdo al informe a nivel global, el FMI prev\u00e9 que el crecimiento mundial \u201csea del 3,3% tanto en 2025 como en 2026, por debajo de la media hist\u00f3rica (2000\u201319) del 3,7%. Algunos textuales del informe:<\/p>\n\n\n\n<ul class=\"wp-block-list\">\n<li>El pron\u00f3stico para 2025 se mantiene pr\u00e1cticamente sin cambios con respecto al de la edici\u00f3n de octubre de 2024 de Perspectivas de la econom\u00eda mundial (informe WEO), principalmente porque la revisi\u00f3n al alza en Estados Unidos neutraliza las revisiones a la baja en otras de las principales econom\u00edas. Se prev\u00e9 que la inflaci\u00f3n general mundial disminuya al 4,2% en 2025 y al 3,5% en 2026, y que converja hacia el nivel fijado como meta m\u00e1s pronto en las econom\u00edas avanzadas que en las econom\u00edas de mercados emergentes y en desarrollo\u201c.<\/li>\n\n\n\n<li>En la balanza de riesgos a mediano plazo con respecto al escenario base pesan m\u00e1s los factores adversos, mientras que las perspectivas a corto plazo est\u00e1n caracterizadas por riesgos con efectos divergentes.<\/li>\n\n\n\n<li>En Estados Unidos, se observan mejoras que podr\u00edan impulsar un crecimiento a corto plazo ya de por s\u00ed fuerte, mientras que en otros pa\u00edses es probable que las perspectivas se revisen a la baja en medio de una elevada incertidumbre pol\u00edtica.<\/li>\n\n\n\n<li>Las perturbaciones generadas por las pol\u00edticas que inciden en el proceso de desinflaci\u00f3n en curso podr\u00edan interrumpir el giro hacia la flexibilizaci\u00f3n de la pol\u00edtica monetaria, con implicaciones para la sostenibilidad fiscal y la estabilidad financiera.<\/li>\n\n\n\n<li>Para gestionar estos riesgos, las pol\u00edticas han de centrarse en equilibrar las disyuntivas entre la inflaci\u00f3n y la actividad real, en recomponer los m\u00e1rgenes de maniobra y en mejorar las perspectivas del crecimiento a mediano plazo acelerando las reformas estructurales y fortaleciendo las normas y la cooperaci\u00f3n multilaterales.<\/li>\n<\/ul>\n\n\n\n<h2 class=\"wp-block-heading\">Qu\u00e9 pasa con la inflaci\u00f3n en Am\u00e9rica Latina<\/h2>\n\n\n\n<p>Am\u00e9rica Latina inicia 2025 con la expectativa de continuar la disminuci\u00f3n de la inflaci\u00f3n, aunque a un ritmo m\u00e1s lento que el observado en 2024, y con los retos e incertidumbre que suponen la llegada a la Casa Blanca de Donald Trump.<\/p>\n\n\n\n<p>Seg\u00fan el \u00faltimo informe de la Comisi\u00f3n Econ\u00f3mica para Am\u00e9rica Latina y el Caribe (Cepal), la tasa de crecimiento latinoamericano proyectada para 2024 es de 2,2 %, mientras que la de 2025 se ubica en el 2,4 %.<\/p>\n\n\n\n<p>El mismo organismo se\u00f1ala que la inflaci\u00f3n en la regi\u00f3n ha mostrado una tendencia a la baja, por lo que estima que el total de 2024 se reducir\u00eda hasta alcanzar un 3,4 %.<\/p>\n\n\n\n<p>Sin embargo, los retos de Am\u00e9rica Latina, que cerr\u00f3 2024 con disparidad entre los pa\u00edses que registraron altos \u00edndices de inflaci\u00f3n, aquellos que no lograron cumplir con sus proyecciones y los que alcanzaron un mejor \u201ccontrol\u201d de la variaci\u00f3n de precios, se ver\u00e1n permeados por las pol\u00edticas econ\u00f3micas de Trump, que jurar\u00e1 para un nuevo mandato el pr\u00f3ximo 20 de enero.<\/p>\n\n\n\n<h2 class=\"wp-block-heading\">Los pa\u00edses con mejor \u201ccontrol\u201d de su inflaci\u00f3n<\/h2>\n\n\n\n<p>Dentro de los resultados en materia de inflaci\u00f3n en la regi\u00f3n destaca Argentina, cuyo \u00edndice de precios al consumidor (IPC) se situ\u00f3 en el 117,8 % interanual, la octava desaceleraci\u00f3n consecutiva en el Gobierno de Javier Milei.<\/p>\n\n\n\n<p>Para el caso de Venezuela, la inflaci\u00f3n fue del 48 % en 2024, seg\u00fan cifras preliminares anunciadas por Nicol\u00e1s Maduro, investido el pasado 10 de enero como mandatario para un tercer sexenio.<\/p>\n\n\n\n<p>A pesar de esta cifra, el ente independiente Observatorio Venezolano de Finanzas (OVF) inform\u00f3 de que la inflaci\u00f3n cerr\u00f3 en 85 %, una reducci\u00f3n de 108 puntos con respecto a 2023, cuando concluy\u00f3 en 193 %.<\/p>\n\n\n\n<p>Nicaragua, por su parte, tuvo una inflaci\u00f3n del 2,84 %, 2,76 puntos menos frente a 2023.<\/p>\n\n\n\n<p>Por su parte, Ecuador cerr\u00f3 el a\u00f1o con 0,53 %, unos 0,83 puntos porcentuales por debajo de 2023 y el registro m\u00e1s bajo desde 2021.<\/p>\n\n\n\n<p>Y Colombia report\u00f3 una inflaci\u00f3n de 5,2 %, -4,08 puntos respecto a 2023, cuando se ubic\u00f3 en 9,28 %.<\/p>\n\n\n\n<p>La tasa de inflaci\u00f3n de M\u00e9xico, en tanto, descendi\u00f3 igualmente al 4,21 %, su menor nivel desde hace casi cuatro a\u00f1os.<\/p>\n\n\n\n<h2 class=\"wp-block-heading\">Los que se alejaron de las metas proyectadas<\/h2>\n\n\n\n<p>El IPC de EE.UU. subi\u00f3 dos d\u00e9cimas en diciembre hasta el 2,9 %, cerrando 2024 lejos del objetivo del 2 % y con un repunte que complica el ritmo de bajada de tipos de inter\u00e9s iniciado en septiembre por la Fed.<\/p>\n\n\n\n<p>Rep\u00fablica Dominicana registr\u00f3 una inflaci\u00f3n del 3,35 %, la menor de los \u00faltimos seis a\u00f1os y ligeramente inferior a la de 2023 (3,57 %).<\/p>\n\n\n\n<p>Brasil, por su lado, qued\u00f3 en 4,83 %, por encima del techo de la meta marcada por el Banco Central (4,5 %) y superior al dato de 2023 (4,62 %).<\/p>\n\n\n\n<p>Costa Rica lleg\u00f3 al 0,84 %, fuera del rango de meta establecido por el Banco Central, de entre 2 % y 4 %, lo que sucede por tercer a\u00f1o consecutivo. En 2023 contabiliz\u00f3 una deflaci\u00f3n de -1,77 %.<\/p>\n\n\n\n<p>Bolivia cerr\u00f3 con una inflaci\u00f3n acumulada del 9,97 %, la m\u00e1s alta desde 2008 (11,8 %).<\/p>\n\n\n\n<p>En Chile, el IPC tuvo una tasa del 4,5 %, por debajo de las estimaciones del Banco Central, luego de terminar 2023 en el 3,9 %.<\/p>\n\n\n\n<h2 class=\"wp-block-heading\">Retos y expectativas para 2025<\/h2>\n\n\n\n<p>Tras conocer las cifras de la inflaci\u00f3n en los distintos pa\u00edses latinoamericanos, la expectativa se centra hoy en las acciones de Trump que, para Celso Melo, profesor de Econom\u00eda y Finanzas de la Universidad Jorge Tadeo Lozano, se inclinar\u00e1 hacia el \u201cproteccionismo\u201d.<\/p>\n\n\n\n<p>Este experto coincide con Espitia al considerar el \u201cgrado de incertidumbre\u201d que genera la posesi\u00f3n de Trump y las \u201ctensiones\u201d que -asegura- podr\u00eda generar su \u201cabuso en el incremento de las medidas proteccionistas\u201d.<\/p>\n\n\n\n<p>\u201cEstados Unidos apostar\u00e1 al fortalecimiento de su propia econom\u00eda, el control de la inflaci\u00f3n y el acomodamiento del empleo\u201d, analiza Melo, quien a\u00f1ade que el nuevo Gobierno \u201cbuscar\u00e1 recuperar los territorios perdidos dentro de las din\u00e1micas del comercio internacional\u201d.<\/p>\n\n\n\n<p>As\u00ed, m\u00e1s all\u00e1 de los \u201cajustes fiscales\u201d que implemente Am\u00e9rica Latina, el panorama para 2025 va a depender tambi\u00e9n del \u201corden social y pol\u00edtico\u201d de la regi\u00f3n, advierte Melo, al ser din\u00e1micas que \u201cinfluir\u00e1n\u201d en las medidas que tome Trump.<\/p>\n\n\n\n<p>Por ello, y a prop\u00f3sito de la guerra comercial que sostienen los estadounidenses con China, Melo sugiere que se renegocien o mejoren las condiciones de los Tratados de Libre Comercio, lo cual supondr\u00eda un \u201cgana-gana\u201d tanto para EE.UU. como para Latinoam\u00e9rica, \u201csocio natural\u201d del que \u201csigue siendo\u201d la potencia econ\u00f3mica m\u00e1s importante del mundo.<\/p>\n","protected":false},"excerpt":{"rendered":"<p>El&nbsp;Fondo Monetario Internacional (FMI)&nbsp;recalcul\u00f3 las proyecciones econ\u00f3micas a nivel mundial y consider\u00f3 que el a\u00f1o 2024 termin\u00f3 con una&nbsp;recesi\u00f3n algo m\u00e1s leve&nbsp;de lo esperado en la Argentina, al tiempo que mantuvo como expectativa una&nbsp;recuperaci\u00f3n de 5%, tanto para 2025 como para 2026. Para el organismo que dirige\u00a0Kristalina Georgieva, con quien el presidente Javier Milei espera [&hellip;]<\/p>\n","protected":false},"author":4,"featured_media":458,"comment_status":"open","ping_status":"open","sticky":false,"template":"","format":"standard","meta":{"footnotes":""},"categories":[19,18],"tags":[],"class_list":{"0":"post-636","1":"post","2":"type-post","3":"status-publish","4":"format-standard","5":"has-post-thumbnail","7":"category-interes-general","8":"category-nacionales"},"yoast_head":"<!-- This site is optimized with the Yoast SEO plugin v27.4 - https:\/\/yoast.com\/product\/yoast-seo-wordpress\/ -->\n<title>Era Milei: El FMI calcula que el PBI real de Argentina cay\u00f3 un 2,8% en 2024 - Diario del Sur<\/title>\n<meta name=\"robots\" content=\"index, follow, max-snippet:-1, max-image-preview:large, max-video-preview:-1\" \/>\n<link rel=\"canonical\" href=\"https:\/\/diariodelsurdigital.com.ar\/?p=636\" \/>\n<meta property=\"og:locale\" content=\"es_ES\" \/>\n<meta property=\"og:type\" content=\"article\" \/>\n<meta property=\"og:title\" content=\"Era Milei: El FMI calcula que el PBI real de Argentina cay\u00f3 un 2,8% en 2024 - Diario del Sur\" \/>\n<meta property=\"og:description\" content=\"El&nbsp;Fondo Monetario Internacional (FMI)&nbsp;recalcul\u00f3 las proyecciones econ\u00f3micas a nivel mundial y consider\u00f3 que el a\u00f1o 2024 termin\u00f3 con una&nbsp;recesi\u00f3n algo m\u00e1s leve&nbsp;de lo esperado en la Argentina, al tiempo que mantuvo como expectativa una&nbsp;recuperaci\u00f3n de 5%, tanto para 2025 como para 2026. Para el organismo que dirige\u00a0Kristalina Georgieva, con quien el presidente Javier Milei espera [&hellip;]\" \/>\n<meta property=\"og:url\" content=\"https:\/\/diariodelsurdigital.com.ar\/?p=636\" \/>\n<meta property=\"og:site_name\" content=\"Diario del Sur\" \/>\n<meta property=\"article:published_time\" content=\"2025-01-17T16:42:23+00:00\" \/>\n<meta property=\"article:modified_time\" content=\"2025-01-17T16:42:24+00:00\" \/>\n<meta property=\"og:image\" content=\"https:\/\/diariodelsurdigital.com.ar\/wp-content\/uploads\/2025\/01\/md-2025-01-06T164941.747.webp\" \/>\n\t<meta property=\"og:image:width\" content=\"992\" \/>\n\t<meta property=\"og:image:height\" content=\"557\" \/>\n\t<meta property=\"og:image:type\" content=\"image\/webp\" \/>\n<meta name=\"author\" content=\"Diario del Sur Digital\" \/>\n<meta name=\"twitter:card\" content=\"summary_large_image\" \/>\n<meta name=\"twitter:label1\" content=\"Escrito por\" \/>\n\t<meta name=\"twitter:data1\" content=\"Diario del Sur Digital\" \/>\n\t<meta name=\"twitter:label2\" content=\"Tiempo de lectura\" \/>\n\t<meta name=\"twitter:data2\" content=\"8 minutos\" \/>\n<script type=\"application\/ld+json\" class=\"yoast-schema-graph\">{\"@context\":\"https:\\\/\\\/schema.org\",\"@graph\":[{\"@type\":\"Article\",\"@id\":\"https:\\\/\\\/diariodelsurdigital.com.ar\\\/?p=636#article\",\"isPartOf\":{\"@id\":\"https:\\\/\\\/diariodelsurdigital.com.ar\\\/?p=636\"},\"author\":{\"name\":\"Diario del Sur Digital\",\"@id\":\"https:\\\/\\\/diariodelsurdigital.com.ar\\\/#\\\/schema\\\/person\\\/1a4992532ed62965c968031b49195c81\"},\"headline\":\"Era Milei: El FMI calcula que el PBI real de Argentina cay\u00f3 un 2,8% en 2024\",\"datePublished\":\"2025-01-17T16:42:23+00:00\",\"dateModified\":\"2025-01-17T16:42:24+00:00\",\"mainEntityOfPage\":{\"@id\":\"https:\\\/\\\/diariodelsurdigital.com.ar\\\/?p=636\"},\"wordCount\":1688,\"commentCount\":0,\"image\":{\"@id\":\"https:\\\/\\\/diariodelsurdigital.com.ar\\\/?p=636#primaryimage\"},\"thumbnailUrl\":\"https:\\\/\\\/diariodelsurdigital.com.ar\\\/wp-content\\\/uploads\\\/2025\\\/01\\\/md-2025-01-06T164941.747.webp\",\"articleSection\":[\"Inter\u00e9s General\",\"Nacionales\"],\"inLanguage\":\"es\",\"potentialAction\":[{\"@type\":\"CommentAction\",\"name\":\"Comment\",\"target\":[\"https:\\\/\\\/diariodelsurdigital.com.ar\\\/?p=636#respond\"]}]},{\"@type\":\"WebPage\",\"@id\":\"https:\\\/\\\/diariodelsurdigital.com.ar\\\/?p=636\",\"url\":\"https:\\\/\\\/diariodelsurdigital.com.ar\\\/?p=636\",\"name\":\"Era Milei: El FMI calcula que el PBI real de Argentina cay\u00f3 un 2,8% en 2024 - Diario del Sur\",\"isPartOf\":{\"@id\":\"https:\\\/\\\/diariodelsurdigital.com.ar\\\/#website\"},\"primaryImageOfPage\":{\"@id\":\"https:\\\/\\\/diariodelsurdigital.com.ar\\\/?p=636#primaryimage\"},\"image\":{\"@id\":\"https:\\\/\\\/diariodelsurdigital.com.ar\\\/?p=636#primaryimage\"},\"thumbnailUrl\":\"https:\\\/\\\/diariodelsurdigital.com.ar\\\/wp-content\\\/uploads\\\/2025\\\/01\\\/md-2025-01-06T164941.747.webp\",\"datePublished\":\"2025-01-17T16:42:23+00:00\",\"dateModified\":\"2025-01-17T16:42:24+00:00\",\"author\":{\"@id\":\"https:\\\/\\\/diariodelsurdigital.com.ar\\\/#\\\/schema\\\/person\\\/1a4992532ed62965c968031b49195c81\"},\"breadcrumb\":{\"@id\":\"https:\\\/\\\/diariodelsurdigital.com.ar\\\/?p=636#breadcrumb\"},\"inLanguage\":\"es\",\"potentialAction\":[{\"@type\":\"ReadAction\",\"target\":[\"https:\\\/\\\/diariodelsurdigital.com.ar\\\/?p=636\"]}]},{\"@type\":\"ImageObject\",\"inLanguage\":\"es\",\"@id\":\"https:\\\/\\\/diariodelsurdigital.com.ar\\\/?p=636#primaryimage\",\"url\":\"https:\\\/\\\/diariodelsurdigital.com.ar\\\/wp-content\\\/uploads\\\/2025\\\/01\\\/md-2025-01-06T164941.747.webp\",\"contentUrl\":\"https:\\\/\\\/diariodelsurdigital.com.ar\\\/wp-content\\\/uploads\\\/2025\\\/01\\\/md-2025-01-06T164941.747.webp\",\"width\":992,\"height\":557},{\"@type\":\"BreadcrumbList\",\"@id\":\"https:\\\/\\\/diariodelsurdigital.com.ar\\\/?p=636#breadcrumb\",\"itemListElement\":[{\"@type\":\"ListItem\",\"position\":1,\"name\":\"Portada\",\"item\":\"https:\\\/\\\/diariodelsurdigital.com.ar\\\/\"},{\"@type\":\"ListItem\",\"position\":2,\"name\":\"Era Milei: El FMI calcula que el PBI real de Argentina cay\u00f3 un 2,8% en 2024\"}]},{\"@type\":\"WebSite\",\"@id\":\"https:\\\/\\\/diariodelsurdigital.com.ar\\\/#website\",\"url\":\"https:\\\/\\\/diariodelsurdigital.com.ar\\\/\",\"name\":\"Diario del Sur\",\"description\":\"Digital\",\"potentialAction\":[{\"@type\":\"SearchAction\",\"target\":{\"@type\":\"EntryPoint\",\"urlTemplate\":\"https:\\\/\\\/diariodelsurdigital.com.ar\\\/?s={search_term_string}\"},\"query-input\":{\"@type\":\"PropertyValueSpecification\",\"valueRequired\":true,\"valueName\":\"search_term_string\"}}],\"inLanguage\":\"es\"},{\"@type\":\"Person\",\"@id\":\"https:\\\/\\\/diariodelsurdigital.com.ar\\\/#\\\/schema\\\/person\\\/1a4992532ed62965c968031b49195c81\",\"name\":\"Diario del Sur Digital\",\"image\":{\"@type\":\"ImageObject\",\"inLanguage\":\"es\",\"@id\":\"https:\\\/\\\/secure.gravatar.com\\\/avatar\\\/f0c7c47fc7146d19828273b9b8eda651c9c7ab583767e6338d3d3bee825adf76?s=96&d=mm&r=g\",\"url\":\"https:\\\/\\\/secure.gravatar.com\\\/avatar\\\/f0c7c47fc7146d19828273b9b8eda651c9c7ab583767e6338d3d3bee825adf76?s=96&d=mm&r=g\",\"contentUrl\":\"https:\\\/\\\/secure.gravatar.com\\\/avatar\\\/f0c7c47fc7146d19828273b9b8eda651c9c7ab583767e6338d3d3bee825adf76?s=96&d=mm&r=g\",\"caption\":\"Diario del Sur Digital\"},\"url\":\"https:\\\/\\\/diariodelsurdigital.com.ar\\\/?author=4\"}]}<\/script>\n<!-- \/ Yoast SEO plugin. -->","yoast_head_json":{"title":"Era Milei: El FMI calcula que el PBI real de Argentina cay\u00f3 un 2,8% en 2024 - Diario del Sur","robots":{"index":"index","follow":"follow","max-snippet":"max-snippet:-1","max-image-preview":"max-image-preview:large","max-video-preview":"max-video-preview:-1"},"canonical":"https:\/\/diariodelsurdigital.com.ar\/?p=636","og_locale":"es_ES","og_type":"article","og_title":"Era Milei: El FMI calcula que el PBI real de Argentina cay\u00f3 un 2,8% en 2024 - Diario del Sur","og_description":"El&nbsp;Fondo Monetario Internacional (FMI)&nbsp;recalcul\u00f3 las proyecciones econ\u00f3micas a nivel mundial y consider\u00f3 que el a\u00f1o 2024 termin\u00f3 con una&nbsp;recesi\u00f3n algo m\u00e1s leve&nbsp;de lo esperado en la Argentina, al tiempo que mantuvo como expectativa una&nbsp;recuperaci\u00f3n de 5%, tanto para 2025 como para 2026. Para el organismo que dirige\u00a0Kristalina Georgieva, con quien el presidente Javier Milei espera [&hellip;]","og_url":"https:\/\/diariodelsurdigital.com.ar\/?p=636","og_site_name":"Diario del Sur","article_published_time":"2025-01-17T16:42:23+00:00","article_modified_time":"2025-01-17T16:42:24+00:00","og_image":[{"width":992,"height":557,"url":"https:\/\/diariodelsurdigital.com.ar\/wp-content\/uploads\/2025\/01\/md-2025-01-06T164941.747.webp","type":"image\/webp"}],"author":"Diario del Sur Digital","twitter_card":"summary_large_image","twitter_misc":{"Escrito por":"Diario del Sur Digital","Tiempo de lectura":"8 minutos"},"schema":{"@context":"https:\/\/schema.org","@graph":[{"@type":"Article","@id":"https:\/\/diariodelsurdigital.com.ar\/?p=636#article","isPartOf":{"@id":"https:\/\/diariodelsurdigital.com.ar\/?p=636"},"author":{"name":"Diario del Sur Digital","@id":"https:\/\/diariodelsurdigital.com.ar\/#\/schema\/person\/1a4992532ed62965c968031b49195c81"},"headline":"Era Milei: El FMI calcula que el PBI real de Argentina cay\u00f3 un 2,8% en 2024","datePublished":"2025-01-17T16:42:23+00:00","dateModified":"2025-01-17T16:42:24+00:00","mainEntityOfPage":{"@id":"https:\/\/diariodelsurdigital.com.ar\/?p=636"},"wordCount":1688,"commentCount":0,"image":{"@id":"https:\/\/diariodelsurdigital.com.ar\/?p=636#primaryimage"},"thumbnailUrl":"https:\/\/diariodelsurdigital.com.ar\/wp-content\/uploads\/2025\/01\/md-2025-01-06T164941.747.webp","articleSection":["Inter\u00e9s General","Nacionales"],"inLanguage":"es","potentialAction":[{"@type":"CommentAction","name":"Comment","target":["https:\/\/diariodelsurdigital.com.ar\/?p=636#respond"]}]},{"@type":"WebPage","@id":"https:\/\/diariodelsurdigital.com.ar\/?p=636","url":"https:\/\/diariodelsurdigital.com.ar\/?p=636","name":"Era Milei: El FMI calcula que el PBI real de Argentina cay\u00f3 un 2,8% en 2024 - Diario del Sur","isPartOf":{"@id":"https:\/\/diariodelsurdigital.com.ar\/#website"},"primaryImageOfPage":{"@id":"https:\/\/diariodelsurdigital.com.ar\/?p=636#primaryimage"},"image":{"@id":"https:\/\/diariodelsurdigital.com.ar\/?p=636#primaryimage"},"thumbnailUrl":"https:\/\/diariodelsurdigital.com.ar\/wp-content\/uploads\/2025\/01\/md-2025-01-06T164941.747.webp","datePublished":"2025-01-17T16:42:23+00:00","dateModified":"2025-01-17T16:42:24+00:00","author":{"@id":"https:\/\/diariodelsurdigital.com.ar\/#\/schema\/person\/1a4992532ed62965c968031b49195c81"},"breadcrumb":{"@id":"https:\/\/diariodelsurdigital.com.ar\/?p=636#breadcrumb"},"inLanguage":"es","potentialAction":[{"@type":"ReadAction","target":["https:\/\/diariodelsurdigital.com.ar\/?p=636"]}]},{"@type":"ImageObject","inLanguage":"es","@id":"https:\/\/diariodelsurdigital.com.ar\/?p=636#primaryimage","url":"https:\/\/diariodelsurdigital.com.ar\/wp-content\/uploads\/2025\/01\/md-2025-01-06T164941.747.webp","contentUrl":"https:\/\/diariodelsurdigital.com.ar\/wp-content\/uploads\/2025\/01\/md-2025-01-06T164941.747.webp","width":992,"height":557},{"@type":"BreadcrumbList","@id":"https:\/\/diariodelsurdigital.com.ar\/?p=636#breadcrumb","itemListElement":[{"@type":"ListItem","position":1,"name":"Portada","item":"https:\/\/diariodelsurdigital.com.ar\/"},{"@type":"ListItem","position":2,"name":"Era Milei: El FMI calcula que el PBI real de Argentina cay\u00f3 un 2,8% en 2024"}]},{"@type":"WebSite","@id":"https:\/\/diariodelsurdigital.com.ar\/#website","url":"https:\/\/diariodelsurdigital.com.ar\/","name":"Diario del Sur","description":"Digital","potentialAction":[{"@type":"SearchAction","target":{"@type":"EntryPoint","urlTemplate":"https:\/\/diariodelsurdigital.com.ar\/?s={search_term_string}"},"query-input":{"@type":"PropertyValueSpecification","valueRequired":true,"valueName":"search_term_string"}}],"inLanguage":"es"},{"@type":"Person","@id":"https:\/\/diariodelsurdigital.com.ar\/#\/schema\/person\/1a4992532ed62965c968031b49195c81","name":"Diario del Sur Digital","image":{"@type":"ImageObject","inLanguage":"es","@id":"https:\/\/secure.gravatar.com\/avatar\/f0c7c47fc7146d19828273b9b8eda651c9c7ab583767e6338d3d3bee825adf76?s=96&d=mm&r=g","url":"https:\/\/secure.gravatar.com\/avatar\/f0c7c47fc7146d19828273b9b8eda651c9c7ab583767e6338d3d3bee825adf76?s=96&d=mm&r=g","contentUrl":"https:\/\/secure.gravatar.com\/avatar\/f0c7c47fc7146d19828273b9b8eda651c9c7ab583767e6338d3d3bee825adf76?s=96&d=mm&r=g","caption":"Diario del Sur Digital"},"url":"https:\/\/diariodelsurdigital.com.ar\/?author=4"}]}},"_links":{"self":[{"href":"https:\/\/diariodelsurdigital.com.ar\/index.php?rest_route=\/wp\/v2\/posts\/636","targetHints":{"allow":["GET"]}}],"collection":[{"href":"https:\/\/diariodelsurdigital.com.ar\/index.php?rest_route=\/wp\/v2\/posts"}],"about":[{"href":"https:\/\/diariodelsurdigital.com.ar\/index.php?rest_route=\/wp\/v2\/types\/post"}],"author":[{"embeddable":true,"href":"https:\/\/diariodelsurdigital.com.ar\/index.php?rest_route=\/wp\/v2\/users\/4"}],"replies":[{"embeddable":true,"href":"https:\/\/diariodelsurdigital.com.ar\/index.php?rest_route=%2Fwp%2Fv2%2Fcomments&post=636"}],"version-history":[{"count":1,"href":"https:\/\/diariodelsurdigital.com.ar\/index.php?rest_route=\/wp\/v2\/posts\/636\/revisions"}],"predecessor-version":[{"id":637,"href":"https:\/\/diariodelsurdigital.com.ar\/index.php?rest_route=\/wp\/v2\/posts\/636\/revisions\/637"}],"wp:featuredmedia":[{"embeddable":true,"href":"https:\/\/diariodelsurdigital.com.ar\/index.php?rest_route=\/wp\/v2\/media\/458"}],"wp:attachment":[{"href":"https:\/\/diariodelsurdigital.com.ar\/index.php?rest_route=%2Fwp%2Fv2%2Fmedia&parent=636"}],"wp:term":[{"taxonomy":"category","embeddable":true,"href":"https:\/\/diariodelsurdigital.com.ar\/index.php?rest_route=%2Fwp%2Fv2%2Fcategories&post=636"},{"taxonomy":"post_tag","embeddable":true,"href":"https:\/\/diariodelsurdigital.com.ar\/index.php?rest_route=%2Fwp%2Fv2%2Ftags&post=636"}],"curies":[{"name":"wp","href":"https:\/\/api.w.org\/{rel}","templated":true}]}}