{"id":6376,"date":"2026-01-06T09:25:18","date_gmt":"2026-01-06T12:25:18","guid":{"rendered":"https:\/\/diariodelsurdigital.com.ar\/?p=6376"},"modified":"2026-01-06T09:26:05","modified_gmt":"2026-01-06T12:26:05","slug":"argentina-respaldo-en-la-onu-la-captura-de-nicolas-maduro-y-pidio-la-liberacion-de-nahuel-gallo","status":"publish","type":"post","link":"https:\/\/diariodelsurdigital.com.ar\/?p=6376","title":{"rendered":"Argentina respald\u00f3 en la ONU la captura de Nicol\u00e1s Maduro y pidi\u00f3 la liberaci\u00f3n de Nahuel Gallo"},"content":{"rendered":"\n<p>El pronunciamiento fue realizado por el embajador argentino ante la ONU, Francisco Tropepi, quien destac\u00f3 \u201cla decisi\u00f3n y la determinaci\u00f3n\u201d del presidente estadounidense y de su gobierno en las medidas adoptadas en el pa\u00eds caribe\u00f1o. Adem\u00e1s, solicit\u00f3 que las autoridades encargadas de administrar la transici\u00f3n en Venezuela garanticen la inmediata liberaci\u00f3n del ciudadano argentino detenido en dicho pa\u00eds.<\/p>\n\n\n\n<p>En una sesi\u00f3n del Consejo de Seguridad de las Naciones Unidas atravesada por la reconfiguraci\u00f3n pol\u00edtica en Venezuela, la Argentina expres\u00f3 un respaldo expl\u00edcito a las acciones de Estados Unidos que derivaron en la captura de Nicol\u00e1s Maduro. El pronunciamiento fue realizado por el embajador argentino ante la ONU, Francisco Tropepi, quien destac\u00f3 \u201cla decisi\u00f3n y la determinaci\u00f3n\u201d del presidente estadounidense y de su gobierno en las medidas adoptadas en el pa\u00eds caribe\u00f1o.<\/p>\n\n\n\n<p>Durante su intervenci\u00f3n, el representante argentino afirm\u00f3 que Maduro es el l\u00edder del Cartel de los Soles, organizaci\u00f3n que el Gobierno argentino declar\u00f3 terrorista en 2025, el mismo a\u00f1o en que incorpor\u00f3 tambi\u00e9n al Tren de Aragua al Registro P\u00fablico de Personas y Entidades Vinculadas a Actos de Terrorismo y su Financiamiento (RePET). Seg\u00fan la delegaci\u00f3n argentina, ambas estructuras constituyen redes criminales de alcance transnacional con impacto directo en la seguridad regional.<\/p>\n\n\n\n<p>El discurso subray\u00f3 que, desde la asunci\u00f3n del presidente Javier Milei, la Argentina mantuvo una posici\u00f3n \u201cclara y consistente\u201d frente a la situaci\u00f3n venezolana. En ese marco, el pa\u00eds denunci\u00f3 de manera sistem\u00e1tica la falta de libertades, las violaciones a los derechos humanos y el deterioro institucional, y asegur\u00f3 haber contribuido \u201ccon determinaci\u00f3n y responsabilidad\u201d a los esfuerzos internacionales orientados al retorno de la democracia en Venezuela.<\/p>\n\n\n\n<p>En paralelo al respaldo pol\u00edtico, la Argentina llev\u00f3 un reclamo puntual al Consejo de Seguridad. El embajador solicit\u00f3 que las autoridades encargadas de administrar la transici\u00f3n en Venezuela garanticen la inmediata liberaci\u00f3n del ciudadano argentino Nahuel Gallo y su \u201cpronto y seguro retorno\u201d al pa\u00eds. El caso ya hab\u00eda generado gestiones diplom\u00e1ticas y pronunciamientos en \u00e1mbitos regionales, y ahora fue elevado al m\u00e1ximo foro de seguridad internacional de la ONU.<\/p>\n","protected":false},"excerpt":{"rendered":"<p>El pronunciamiento fue realizado por el embajador argentino ante la ONU, Francisco Tropepi, quien destac\u00f3 \u201cla decisi\u00f3n y la determinaci\u00f3n\u201d del presidente estadounidense y de su gobierno en las medidas adoptadas en el pa\u00eds caribe\u00f1o. Adem\u00e1s, solicit\u00f3 que las autoridades encargadas de administrar la transici\u00f3n en Venezuela garanticen la inmediata liberaci\u00f3n del ciudadano argentino detenido [&hellip;]<\/p>\n","protected":false},"author":4,"featured_media":6377,"comment_status":"open","ping_status":"open","sticky":false,"template":"","format":"standard","meta":{"footnotes":""},"categories":[20,22],"tags":[],"class_list":{"0":"post-6376","1":"post","2":"type-post","3":"status-publish","4":"format-standard","5":"has-post-thumbnail","7":"category-internacionales","8":"category-politica"},"yoast_head":"<!-- This site is optimized with the Yoast SEO plugin v27.4 - https:\/\/yoast.com\/product\/yoast-seo-wordpress\/ -->\n<title>Argentina respald\u00f3 en la ONU la captura de Nicol\u00e1s Maduro y pidi\u00f3 la liberaci\u00f3n de Nahuel Gallo - Diario del Sur<\/title>\n<meta name=\"robots\" content=\"index, follow, max-snippet:-1, max-image-preview:large, max-video-preview:-1\" \/>\n<link rel=\"canonical\" href=\"https:\/\/diariodelsurdigital.com.ar\/?p=6376\" \/>\n<meta property=\"og:locale\" content=\"es_ES\" \/>\n<meta property=\"og:type\" content=\"article\" \/>\n<meta property=\"og:title\" content=\"Argentina respald\u00f3 en la ONU la captura de Nicol\u00e1s Maduro y pidi\u00f3 la liberaci\u00f3n de Nahuel Gallo - Diario del Sur\" \/>\n<meta property=\"og:description\" content=\"El pronunciamiento fue realizado por el embajador argentino ante la ONU, Francisco Tropepi, quien destac\u00f3 \u201cla decisi\u00f3n y la determinaci\u00f3n\u201d del presidente estadounidense y de su gobierno en las medidas adoptadas en el pa\u00eds caribe\u00f1o. Adem\u00e1s, solicit\u00f3 que las autoridades encargadas de administrar la transici\u00f3n en Venezuela garanticen la inmediata liberaci\u00f3n del ciudadano argentino detenido [&hellip;]\" \/>\n<meta property=\"og:url\" content=\"https:\/\/diariodelsurdigital.com.ar\/?p=6376\" \/>\n<meta property=\"og:site_name\" content=\"Diario del Sur\" \/>\n<meta property=\"article:published_time\" content=\"2026-01-06T12:25:18+00:00\" \/>\n<meta property=\"article:modified_time\" content=\"2026-01-06T12:26:05+00:00\" \/>\n<meta property=\"og:image\" content=\"https:\/\/diariodelsurdigital.com.ar\/wp-content\/uploads\/2026\/01\/md-27.webp\" \/>\n\t<meta property=\"og:image:width\" content=\"992\" \/>\n\t<meta property=\"og:image:height\" content=\"558\" \/>\n\t<meta property=\"og:image:type\" content=\"image\/webp\" \/>\n<meta name=\"author\" content=\"Diario del Sur Digital\" \/>\n<meta name=\"twitter:card\" content=\"summary_large_image\" \/>\n<meta name=\"twitter:label1\" content=\"Escrito por\" \/>\n\t<meta name=\"twitter:data1\" content=\"Diario del Sur Digital\" \/>\n\t<meta name=\"twitter:label2\" content=\"Tiempo de lectura\" \/>\n\t<meta name=\"twitter:data2\" content=\"1 minuto\" \/>\n<script type=\"application\/ld+json\" class=\"yoast-schema-graph\">{\"@context\":\"https:\\\/\\\/schema.org\",\"@graph\":[{\"@type\":\"Article\",\"@id\":\"https:\\\/\\\/diariodelsurdigital.com.ar\\\/?p=6376#article\",\"isPartOf\":{\"@id\":\"https:\\\/\\\/diariodelsurdigital.com.ar\\\/?p=6376\"},\"author\":{\"name\":\"Diario del Sur Digital\",\"@id\":\"https:\\\/\\\/diariodelsurdigital.com.ar\\\/#\\\/schema\\\/person\\\/1a4992532ed62965c968031b49195c81\"},\"headline\":\"Argentina respald\u00f3 en la ONU la captura de Nicol\u00e1s Maduro y pidi\u00f3 la liberaci\u00f3n de Nahuel Gallo\",\"datePublished\":\"2026-01-06T12:25:18+00:00\",\"dateModified\":\"2026-01-06T12:26:05+00:00\",\"mainEntityOfPage\":{\"@id\":\"https:\\\/\\\/diariodelsurdigital.com.ar\\\/?p=6376\"},\"wordCount\":396,\"commentCount\":0,\"image\":{\"@id\":\"https:\\\/\\\/diariodelsurdigital.com.ar\\\/?p=6376#primaryimage\"},\"thumbnailUrl\":\"https:\\\/\\\/diariodelsurdigital.com.ar\\\/wp-content\\\/uploads\\\/2026\\\/01\\\/md-27.webp\",\"articleSection\":[\"Internacionales\",\"Pol\u00edtica\"],\"inLanguage\":\"es\",\"potentialAction\":[{\"@type\":\"CommentAction\",\"name\":\"Comment\",\"target\":[\"https:\\\/\\\/diariodelsurdigital.com.ar\\\/?p=6376#respond\"]}]},{\"@type\":\"WebPage\",\"@id\":\"https:\\\/\\\/diariodelsurdigital.com.ar\\\/?p=6376\",\"url\":\"https:\\\/\\\/diariodelsurdigital.com.ar\\\/?p=6376\",\"name\":\"Argentina respald\u00f3 en la ONU la captura de Nicol\u00e1s Maduro y pidi\u00f3 la liberaci\u00f3n de Nahuel Gallo - Diario del Sur\",\"isPartOf\":{\"@id\":\"https:\\\/\\\/diariodelsurdigital.com.ar\\\/#website\"},\"primaryImageOfPage\":{\"@id\":\"https:\\\/\\\/diariodelsurdigital.com.ar\\\/?p=6376#primaryimage\"},\"image\":{\"@id\":\"https:\\\/\\\/diariodelsurdigital.com.ar\\\/?p=6376#primaryimage\"},\"thumbnailUrl\":\"https:\\\/\\\/diariodelsurdigital.com.ar\\\/wp-content\\\/uploads\\\/2026\\\/01\\\/md-27.webp\",\"datePublished\":\"2026-01-06T12:25:18+00:00\",\"dateModified\":\"2026-01-06T12:26:05+00:00\",\"author\":{\"@id\":\"https:\\\/\\\/diariodelsurdigital.com.ar\\\/#\\\/schema\\\/person\\\/1a4992532ed62965c968031b49195c81\"},\"breadcrumb\":{\"@id\":\"https:\\\/\\\/diariodelsurdigital.com.ar\\\/?p=6376#breadcrumb\"},\"inLanguage\":\"es\",\"potentialAction\":[{\"@type\":\"ReadAction\",\"target\":[\"https:\\\/\\\/diariodelsurdigital.com.ar\\\/?p=6376\"]}]},{\"@type\":\"ImageObject\",\"inLanguage\":\"es\",\"@id\":\"https:\\\/\\\/diariodelsurdigital.com.ar\\\/?p=6376#primaryimage\",\"url\":\"https:\\\/\\\/diariodelsurdigital.com.ar\\\/wp-content\\\/uploads\\\/2026\\\/01\\\/md-27.webp\",\"contentUrl\":\"https:\\\/\\\/diariodelsurdigital.com.ar\\\/wp-content\\\/uploads\\\/2026\\\/01\\\/md-27.webp\",\"width\":992,\"height\":558},{\"@type\":\"BreadcrumbList\",\"@id\":\"https:\\\/\\\/diariodelsurdigital.com.ar\\\/?p=6376#breadcrumb\",\"itemListElement\":[{\"@type\":\"ListItem\",\"position\":1,\"name\":\"Portada\",\"item\":\"https:\\\/\\\/diariodelsurdigital.com.ar\\\/\"},{\"@type\":\"ListItem\",\"position\":2,\"name\":\"Argentina respald\u00f3 en la ONU la captura de Nicol\u00e1s Maduro y pidi\u00f3 la liberaci\u00f3n de Nahuel Gallo\"}]},{\"@type\":\"WebSite\",\"@id\":\"https:\\\/\\\/diariodelsurdigital.com.ar\\\/#website\",\"url\":\"https:\\\/\\\/diariodelsurdigital.com.ar\\\/\",\"name\":\"Diario del Sur\",\"description\":\"Digital\",\"potentialAction\":[{\"@type\":\"SearchAction\",\"target\":{\"@type\":\"EntryPoint\",\"urlTemplate\":\"https:\\\/\\\/diariodelsurdigital.com.ar\\\/?s={search_term_string}\"},\"query-input\":{\"@type\":\"PropertyValueSpecification\",\"valueRequired\":true,\"valueName\":\"search_term_string\"}}],\"inLanguage\":\"es\"},{\"@type\":\"Person\",\"@id\":\"https:\\\/\\\/diariodelsurdigital.com.ar\\\/#\\\/schema\\\/person\\\/1a4992532ed62965c968031b49195c81\",\"name\":\"Diario del Sur Digital\",\"image\":{\"@type\":\"ImageObject\",\"inLanguage\":\"es\",\"@id\":\"https:\\\/\\\/secure.gravatar.com\\\/avatar\\\/f0c7c47fc7146d19828273b9b8eda651c9c7ab583767e6338d3d3bee825adf76?s=96&d=mm&r=g\",\"url\":\"https:\\\/\\\/secure.gravatar.com\\\/avatar\\\/f0c7c47fc7146d19828273b9b8eda651c9c7ab583767e6338d3d3bee825adf76?s=96&d=mm&r=g\",\"contentUrl\":\"https:\\\/\\\/secure.gravatar.com\\\/avatar\\\/f0c7c47fc7146d19828273b9b8eda651c9c7ab583767e6338d3d3bee825adf76?s=96&d=mm&r=g\",\"caption\":\"Diario del Sur Digital\"},\"url\":\"https:\\\/\\\/diariodelsurdigital.com.ar\\\/?author=4\"}]}<\/script>\n<!-- \/ Yoast SEO plugin. -->","yoast_head_json":{"title":"Argentina respald\u00f3 en la ONU la captura de Nicol\u00e1s Maduro y pidi\u00f3 la liberaci\u00f3n de Nahuel Gallo - Diario del Sur","robots":{"index":"index","follow":"follow","max-snippet":"max-snippet:-1","max-image-preview":"max-image-preview:large","max-video-preview":"max-video-preview:-1"},"canonical":"https:\/\/diariodelsurdigital.com.ar\/?p=6376","og_locale":"es_ES","og_type":"article","og_title":"Argentina respald\u00f3 en la ONU la captura de Nicol\u00e1s Maduro y pidi\u00f3 la liberaci\u00f3n de Nahuel Gallo - Diario del Sur","og_description":"El pronunciamiento fue realizado por el embajador argentino ante la ONU, Francisco Tropepi, quien destac\u00f3 \u201cla decisi\u00f3n y la determinaci\u00f3n\u201d del presidente estadounidense y de su gobierno en las medidas adoptadas en el pa\u00eds caribe\u00f1o. Adem\u00e1s, solicit\u00f3 que las autoridades encargadas de administrar la transici\u00f3n en Venezuela garanticen la inmediata liberaci\u00f3n del ciudadano argentino detenido [&hellip;]","og_url":"https:\/\/diariodelsurdigital.com.ar\/?p=6376","og_site_name":"Diario del Sur","article_published_time":"2026-01-06T12:25:18+00:00","article_modified_time":"2026-01-06T12:26:05+00:00","og_image":[{"width":992,"height":558,"url":"https:\/\/diariodelsurdigital.com.ar\/wp-content\/uploads\/2026\/01\/md-27.webp","type":"image\/webp"}],"author":"Diario del Sur Digital","twitter_card":"summary_large_image","twitter_misc":{"Escrito por":"Diario del Sur Digital","Tiempo de lectura":"1 minuto"},"schema":{"@context":"https:\/\/schema.org","@graph":[{"@type":"Article","@id":"https:\/\/diariodelsurdigital.com.ar\/?p=6376#article","isPartOf":{"@id":"https:\/\/diariodelsurdigital.com.ar\/?p=6376"},"author":{"name":"Diario del Sur Digital","@id":"https:\/\/diariodelsurdigital.com.ar\/#\/schema\/person\/1a4992532ed62965c968031b49195c81"},"headline":"Argentina respald\u00f3 en la ONU la captura de Nicol\u00e1s Maduro y pidi\u00f3 la liberaci\u00f3n de Nahuel Gallo","datePublished":"2026-01-06T12:25:18+00:00","dateModified":"2026-01-06T12:26:05+00:00","mainEntityOfPage":{"@id":"https:\/\/diariodelsurdigital.com.ar\/?p=6376"},"wordCount":396,"commentCount":0,"image":{"@id":"https:\/\/diariodelsurdigital.com.ar\/?p=6376#primaryimage"},"thumbnailUrl":"https:\/\/diariodelsurdigital.com.ar\/wp-content\/uploads\/2026\/01\/md-27.webp","articleSection":["Internacionales","Pol\u00edtica"],"inLanguage":"es","potentialAction":[{"@type":"CommentAction","name":"Comment","target":["https:\/\/diariodelsurdigital.com.ar\/?p=6376#respond"]}]},{"@type":"WebPage","@id":"https:\/\/diariodelsurdigital.com.ar\/?p=6376","url":"https:\/\/diariodelsurdigital.com.ar\/?p=6376","name":"Argentina respald\u00f3 en la ONU la captura de Nicol\u00e1s Maduro y pidi\u00f3 la liberaci\u00f3n de Nahuel Gallo - Diario del Sur","isPartOf":{"@id":"https:\/\/diariodelsurdigital.com.ar\/#website"},"primaryImageOfPage":{"@id":"https:\/\/diariodelsurdigital.com.ar\/?p=6376#primaryimage"},"image":{"@id":"https:\/\/diariodelsurdigital.com.ar\/?p=6376#primaryimage"},"thumbnailUrl":"https:\/\/diariodelsurdigital.com.ar\/wp-content\/uploads\/2026\/01\/md-27.webp","datePublished":"2026-01-06T12:25:18+00:00","dateModified":"2026-01-06T12:26:05+00:00","author":{"@id":"https:\/\/diariodelsurdigital.com.ar\/#\/schema\/person\/1a4992532ed62965c968031b49195c81"},"breadcrumb":{"@id":"https:\/\/diariodelsurdigital.com.ar\/?p=6376#breadcrumb"},"inLanguage":"es","potentialAction":[{"@type":"ReadAction","target":["https:\/\/diariodelsurdigital.com.ar\/?p=6376"]}]},{"@type":"ImageObject","inLanguage":"es","@id":"https:\/\/diariodelsurdigital.com.ar\/?p=6376#primaryimage","url":"https:\/\/diariodelsurdigital.com.ar\/wp-content\/uploads\/2026\/01\/md-27.webp","contentUrl":"https:\/\/diariodelsurdigital.com.ar\/wp-content\/uploads\/2026\/01\/md-27.webp","width":992,"height":558},{"@type":"BreadcrumbList","@id":"https:\/\/diariodelsurdigital.com.ar\/?p=6376#breadcrumb","itemListElement":[{"@type":"ListItem","position":1,"name":"Portada","item":"https:\/\/diariodelsurdigital.com.ar\/"},{"@type":"ListItem","position":2,"name":"Argentina respald\u00f3 en la ONU la captura de Nicol\u00e1s Maduro y pidi\u00f3 la liberaci\u00f3n de Nahuel Gallo"}]},{"@type":"WebSite","@id":"https:\/\/diariodelsurdigital.com.ar\/#website","url":"https:\/\/diariodelsurdigital.com.ar\/","name":"Diario del Sur","description":"Digital","potentialAction":[{"@type":"SearchAction","target":{"@type":"EntryPoint","urlTemplate":"https:\/\/diariodelsurdigital.com.ar\/?s={search_term_string}"},"query-input":{"@type":"PropertyValueSpecification","valueRequired":true,"valueName":"search_term_string"}}],"inLanguage":"es"},{"@type":"Person","@id":"https:\/\/diariodelsurdigital.com.ar\/#\/schema\/person\/1a4992532ed62965c968031b49195c81","name":"Diario del Sur Digital","image":{"@type":"ImageObject","inLanguage":"es","@id":"https:\/\/secure.gravatar.com\/avatar\/f0c7c47fc7146d19828273b9b8eda651c9c7ab583767e6338d3d3bee825adf76?s=96&d=mm&r=g","url":"https:\/\/secure.gravatar.com\/avatar\/f0c7c47fc7146d19828273b9b8eda651c9c7ab583767e6338d3d3bee825adf76?s=96&d=mm&r=g","contentUrl":"https:\/\/secure.gravatar.com\/avatar\/f0c7c47fc7146d19828273b9b8eda651c9c7ab583767e6338d3d3bee825adf76?s=96&d=mm&r=g","caption":"Diario del Sur Digital"},"url":"https:\/\/diariodelsurdigital.com.ar\/?author=4"}]}},"_links":{"self":[{"href":"https:\/\/diariodelsurdigital.com.ar\/index.php?rest_route=\/wp\/v2\/posts\/6376","targetHints":{"allow":["GET"]}}],"collection":[{"href":"https:\/\/diariodelsurdigital.com.ar\/index.php?rest_route=\/wp\/v2\/posts"}],"about":[{"href":"https:\/\/diariodelsurdigital.com.ar\/index.php?rest_route=\/wp\/v2\/types\/post"}],"author":[{"embeddable":true,"href":"https:\/\/diariodelsurdigital.com.ar\/index.php?rest_route=\/wp\/v2\/users\/4"}],"replies":[{"embeddable":true,"href":"https:\/\/diariodelsurdigital.com.ar\/index.php?rest_route=%2Fwp%2Fv2%2Fcomments&post=6376"}],"version-history":[{"count":1,"href":"https:\/\/diariodelsurdigital.com.ar\/index.php?rest_route=\/wp\/v2\/posts\/6376\/revisions"}],"predecessor-version":[{"id":6378,"href":"https:\/\/diariodelsurdigital.com.ar\/index.php?rest_route=\/wp\/v2\/posts\/6376\/revisions\/6378"}],"wp:featuredmedia":[{"embeddable":true,"href":"https:\/\/diariodelsurdigital.com.ar\/index.php?rest_route=\/wp\/v2\/media\/6377"}],"wp:attachment":[{"href":"https:\/\/diariodelsurdigital.com.ar\/index.php?rest_route=%2Fwp%2Fv2%2Fmedia&parent=6376"}],"wp:term":[{"taxonomy":"category","embeddable":true,"href":"https:\/\/diariodelsurdigital.com.ar\/index.php?rest_route=%2Fwp%2Fv2%2Fcategories&post=6376"},{"taxonomy":"post_tag","embeddable":true,"href":"https:\/\/diariodelsurdigital.com.ar\/index.php?rest_route=%2Fwp%2Fv2%2Ftags&post=6376"}],"curies":[{"name":"wp","href":"https:\/\/api.w.org\/{rel}","templated":true}]}}