{"id":6394,"date":"2026-01-07T14:58:06","date_gmt":"2026-01-07T17:58:06","guid":{"rendered":"https:\/\/diariodelsurdigital.com.ar\/?p=6394"},"modified":"2026-01-07T14:58:07","modified_gmt":"2026-01-07T17:58:07","slug":"petro-convoco-a-marchar-contra-la-amenaza-trumpista-de-intervencion-militar","status":"publish","type":"post","link":"https:\/\/diariodelsurdigital.com.ar\/?p=6394","title":{"rendered":"Petro convoc\u00f3 a marchar contra la amenaza trumpista de intervenci\u00f3n militar"},"content":{"rendered":"\n<p>El presidente de Colombia, Gustavo Petro, convoc\u00f3 al pueblo colombiano a marchar en las calles el pr\u00f3ximo mi\u00e9rcoles para defender la soberan\u00eda de su pa\u00eds ante las amenazas de intervenci\u00f3n militar por parte de Estados Unidos.<\/p>\n\n\n\n<p>\u00abSe han reunido fuerzas sociales de Colombia a la movilizaci\u00f3n general del pueblo colombiano el mi\u00e9rcoles a las cuatro de la tarde en todas las plazas p\u00fablicas del pa\u00eds. En la Plaza de Bol\u00edvar hablar\u00e9 al pueblo bogotano. \u00a1Colombia libre!\u00ab, escribi\u00f3 Petro en X.<\/p>\n\n\n\n<p>El mandatario colombiano invit\u00f3 adem\u00e1s a todos los ciudadanos a unirse en defensa de su independencia y democracia izando una bandera de Colombia en la entrada de sus casas o lugares de trabajo.<\/p>\n\n\n\n<p>La iniciativa surge en medio de la pol\u00e9mica global por la reciente intervenci\u00f3n de fuerzas estadounidenses en Venezuela el pasado s\u00e1bado para secuestrar al presidente venezolano, Nicol\u00e1s Maduro, tras lo cual Donald Trump, presidente estadounidense, calific\u00f3 a Colombia como \u00abpa\u00eds enfermo\u00bb al que le gustar\u00eda intervenir militarmente.<\/p>\n\n\n\n<p>En las \u00faltimas horas Petro rechaz\u00f3 las acusaciones en su contra que lo vinculan sin pruebas con el narcotr\u00e1fico y asegur\u00f3 que cuenta con el respaldo de las Fuerzas Armadas de Colombia y con el de su pueblo.<\/p>\n\n\n\n<p>BB con NA<\/p>\n\n\n\n<p><\/p>\n","protected":false},"excerpt":{"rendered":"<p>El presidente de Colombia, Gustavo Petro, convoc\u00f3 al pueblo colombiano a marchar en las calles el pr\u00f3ximo mi\u00e9rcoles para defender la soberan\u00eda de su pa\u00eds ante las amenazas de intervenci\u00f3n militar por parte de Estados Unidos. \u00abSe han reunido fuerzas sociales de Colombia a la movilizaci\u00f3n general del pueblo colombiano el mi\u00e9rcoles a las cuatro [&hellip;]<\/p>\n","protected":false},"author":4,"featured_media":6395,"comment_status":"open","ping_status":"open","sticky":false,"template":"","format":"standard","meta":{"footnotes":""},"categories":[20,22],"tags":[],"class_list":{"0":"post-6394","1":"post","2":"type-post","3":"status-publish","4":"format-standard","5":"has-post-thumbnail","7":"category-internacionales","8":"category-politica"},"yoast_head":"<!-- This site is optimized with the Yoast SEO plugin v27.4 - https:\/\/yoast.com\/product\/yoast-seo-wordpress\/ -->\n<title>Petro convoc\u00f3 a marchar contra la amenaza trumpista de intervenci\u00f3n militar - Diario del Sur<\/title>\n<meta name=\"robots\" content=\"index, follow, max-snippet:-1, max-image-preview:large, max-video-preview:-1\" \/>\n<link rel=\"canonical\" href=\"https:\/\/diariodelsurdigital.com.ar\/?p=6394\" \/>\n<meta property=\"og:locale\" content=\"es_ES\" \/>\n<meta property=\"og:type\" content=\"article\" \/>\n<meta property=\"og:title\" content=\"Petro convoc\u00f3 a marchar contra la amenaza trumpista de intervenci\u00f3n militar - Diario del Sur\" \/>\n<meta property=\"og:description\" content=\"El presidente de Colombia, Gustavo Petro, convoc\u00f3 al pueblo colombiano a marchar en las calles el pr\u00f3ximo mi\u00e9rcoles para defender la soberan\u00eda de su pa\u00eds ante las amenazas de intervenci\u00f3n militar por parte de Estados Unidos. \u00abSe han reunido fuerzas sociales de Colombia a la movilizaci\u00f3n general del pueblo colombiano el mi\u00e9rcoles a las cuatro [&hellip;]\" \/>\n<meta property=\"og:url\" content=\"https:\/\/diariodelsurdigital.com.ar\/?p=6394\" \/>\n<meta property=\"og:site_name\" content=\"Diario del Sur\" \/>\n<meta property=\"article:published_time\" content=\"2026-01-07T17:58:06+00:00\" \/>\n<meta property=\"article:modified_time\" content=\"2026-01-07T17:58:07+00:00\" \/>\n<meta property=\"og:image\" content=\"https:\/\/diariodelsurdigital.com.ar\/wp-content\/uploads\/2026\/01\/petro-4-na.jpg\" \/>\n\t<meta property=\"og:image:width\" content=\"1200\" \/>\n\t<meta property=\"og:image:height\" content=\"800\" \/>\n\t<meta property=\"og:image:type\" content=\"image\/jpeg\" \/>\n<meta name=\"author\" content=\"Diario del Sur Digital\" \/>\n<meta name=\"twitter:card\" content=\"summary_large_image\" \/>\n<meta name=\"twitter:label1\" content=\"Escrito por\" \/>\n\t<meta name=\"twitter:data1\" content=\"Diario del Sur Digital\" \/>\n\t<meta name=\"twitter:label2\" content=\"Tiempo de lectura\" \/>\n\t<meta name=\"twitter:data2\" content=\"2 minutos\" \/>\n<script type=\"application\/ld+json\" class=\"yoast-schema-graph\">{\"@context\":\"https:\\\/\\\/schema.org\",\"@graph\":[{\"@type\":\"Article\",\"@id\":\"https:\\\/\\\/diariodelsurdigital.com.ar\\\/?p=6394#article\",\"isPartOf\":{\"@id\":\"https:\\\/\\\/diariodelsurdigital.com.ar\\\/?p=6394\"},\"author\":{\"name\":\"Diario del Sur Digital\",\"@id\":\"https:\\\/\\\/diariodelsurdigital.com.ar\\\/#\\\/schema\\\/person\\\/1a4992532ed62965c968031b49195c81\"},\"headline\":\"Petro convoc\u00f3 a marchar contra la amenaza trumpista de intervenci\u00f3n militar\",\"datePublished\":\"2026-01-07T17:58:06+00:00\",\"dateModified\":\"2026-01-07T17:58:07+00:00\",\"mainEntityOfPage\":{\"@id\":\"https:\\\/\\\/diariodelsurdigital.com.ar\\\/?p=6394\"},\"wordCount\":231,\"commentCount\":0,\"image\":{\"@id\":\"https:\\\/\\\/diariodelsurdigital.com.ar\\\/?p=6394#primaryimage\"},\"thumbnailUrl\":\"https:\\\/\\\/diariodelsurdigital.com.ar\\\/wp-content\\\/uploads\\\/2026\\\/01\\\/petro-4-na.jpg\",\"articleSection\":[\"Internacionales\",\"Pol\u00edtica\"],\"inLanguage\":\"es\",\"potentialAction\":[{\"@type\":\"CommentAction\",\"name\":\"Comment\",\"target\":[\"https:\\\/\\\/diariodelsurdigital.com.ar\\\/?p=6394#respond\"]}]},{\"@type\":\"WebPage\",\"@id\":\"https:\\\/\\\/diariodelsurdigital.com.ar\\\/?p=6394\",\"url\":\"https:\\\/\\\/diariodelsurdigital.com.ar\\\/?p=6394\",\"name\":\"Petro convoc\u00f3 a marchar contra la amenaza trumpista de intervenci\u00f3n militar - Diario del Sur\",\"isPartOf\":{\"@id\":\"https:\\\/\\\/diariodelsurdigital.com.ar\\\/#website\"},\"primaryImageOfPage\":{\"@id\":\"https:\\\/\\\/diariodelsurdigital.com.ar\\\/?p=6394#primaryimage\"},\"image\":{\"@id\":\"https:\\\/\\\/diariodelsurdigital.com.ar\\\/?p=6394#primaryimage\"},\"thumbnailUrl\":\"https:\\\/\\\/diariodelsurdigital.com.ar\\\/wp-content\\\/uploads\\\/2026\\\/01\\\/petro-4-na.jpg\",\"datePublished\":\"2026-01-07T17:58:06+00:00\",\"dateModified\":\"2026-01-07T17:58:07+00:00\",\"author\":{\"@id\":\"https:\\\/\\\/diariodelsurdigital.com.ar\\\/#\\\/schema\\\/person\\\/1a4992532ed62965c968031b49195c81\"},\"breadcrumb\":{\"@id\":\"https:\\\/\\\/diariodelsurdigital.com.ar\\\/?p=6394#breadcrumb\"},\"inLanguage\":\"es\",\"potentialAction\":[{\"@type\":\"ReadAction\",\"target\":[\"https:\\\/\\\/diariodelsurdigital.com.ar\\\/?p=6394\"]}]},{\"@type\":\"ImageObject\",\"inLanguage\":\"es\",\"@id\":\"https:\\\/\\\/diariodelsurdigital.com.ar\\\/?p=6394#primaryimage\",\"url\":\"https:\\\/\\\/diariodelsurdigital.com.ar\\\/wp-content\\\/uploads\\\/2026\\\/01\\\/petro-4-na.jpg\",\"contentUrl\":\"https:\\\/\\\/diariodelsurdigital.com.ar\\\/wp-content\\\/uploads\\\/2026\\\/01\\\/petro-4-na.jpg\",\"width\":1200,\"height\":800},{\"@type\":\"BreadcrumbList\",\"@id\":\"https:\\\/\\\/diariodelsurdigital.com.ar\\\/?p=6394#breadcrumb\",\"itemListElement\":[{\"@type\":\"ListItem\",\"position\":1,\"name\":\"Portada\",\"item\":\"https:\\\/\\\/diariodelsurdigital.com.ar\\\/\"},{\"@type\":\"ListItem\",\"position\":2,\"name\":\"Petro convoc\u00f3 a marchar contra la amenaza trumpista de intervenci\u00f3n militar\"}]},{\"@type\":\"WebSite\",\"@id\":\"https:\\\/\\\/diariodelsurdigital.com.ar\\\/#website\",\"url\":\"https:\\\/\\\/diariodelsurdigital.com.ar\\\/\",\"name\":\"Diario del Sur\",\"description\":\"Digital\",\"potentialAction\":[{\"@type\":\"SearchAction\",\"target\":{\"@type\":\"EntryPoint\",\"urlTemplate\":\"https:\\\/\\\/diariodelsurdigital.com.ar\\\/?s={search_term_string}\"},\"query-input\":{\"@type\":\"PropertyValueSpecification\",\"valueRequired\":true,\"valueName\":\"search_term_string\"}}],\"inLanguage\":\"es\"},{\"@type\":\"Person\",\"@id\":\"https:\\\/\\\/diariodelsurdigital.com.ar\\\/#\\\/schema\\\/person\\\/1a4992532ed62965c968031b49195c81\",\"name\":\"Diario del Sur Digital\",\"image\":{\"@type\":\"ImageObject\",\"inLanguage\":\"es\",\"@id\":\"https:\\\/\\\/secure.gravatar.com\\\/avatar\\\/f0c7c47fc7146d19828273b9b8eda651c9c7ab583767e6338d3d3bee825adf76?s=96&d=mm&r=g\",\"url\":\"https:\\\/\\\/secure.gravatar.com\\\/avatar\\\/f0c7c47fc7146d19828273b9b8eda651c9c7ab583767e6338d3d3bee825adf76?s=96&d=mm&r=g\",\"contentUrl\":\"https:\\\/\\\/secure.gravatar.com\\\/avatar\\\/f0c7c47fc7146d19828273b9b8eda651c9c7ab583767e6338d3d3bee825adf76?s=96&d=mm&r=g\",\"caption\":\"Diario del Sur Digital\"},\"url\":\"https:\\\/\\\/diariodelsurdigital.com.ar\\\/?author=4\"}]}<\/script>\n<!-- \/ Yoast SEO plugin. -->","yoast_head_json":{"title":"Petro convoc\u00f3 a marchar contra la amenaza trumpista de intervenci\u00f3n militar - Diario del Sur","robots":{"index":"index","follow":"follow","max-snippet":"max-snippet:-1","max-image-preview":"max-image-preview:large","max-video-preview":"max-video-preview:-1"},"canonical":"https:\/\/diariodelsurdigital.com.ar\/?p=6394","og_locale":"es_ES","og_type":"article","og_title":"Petro convoc\u00f3 a marchar contra la amenaza trumpista de intervenci\u00f3n militar - Diario del Sur","og_description":"El presidente de Colombia, Gustavo Petro, convoc\u00f3 al pueblo colombiano a marchar en las calles el pr\u00f3ximo mi\u00e9rcoles para defender la soberan\u00eda de su pa\u00eds ante las amenazas de intervenci\u00f3n militar por parte de Estados Unidos. \u00abSe han reunido fuerzas sociales de Colombia a la movilizaci\u00f3n general del pueblo colombiano el mi\u00e9rcoles a las cuatro [&hellip;]","og_url":"https:\/\/diariodelsurdigital.com.ar\/?p=6394","og_site_name":"Diario del Sur","article_published_time":"2026-01-07T17:58:06+00:00","article_modified_time":"2026-01-07T17:58:07+00:00","og_image":[{"width":1200,"height":800,"url":"https:\/\/diariodelsurdigital.com.ar\/wp-content\/uploads\/2026\/01\/petro-4-na.jpg","type":"image\/jpeg"}],"author":"Diario del Sur Digital","twitter_card":"summary_large_image","twitter_misc":{"Escrito por":"Diario del Sur Digital","Tiempo de lectura":"2 minutos"},"schema":{"@context":"https:\/\/schema.org","@graph":[{"@type":"Article","@id":"https:\/\/diariodelsurdigital.com.ar\/?p=6394#article","isPartOf":{"@id":"https:\/\/diariodelsurdigital.com.ar\/?p=6394"},"author":{"name":"Diario del Sur Digital","@id":"https:\/\/diariodelsurdigital.com.ar\/#\/schema\/person\/1a4992532ed62965c968031b49195c81"},"headline":"Petro convoc\u00f3 a marchar contra la amenaza trumpista de intervenci\u00f3n militar","datePublished":"2026-01-07T17:58:06+00:00","dateModified":"2026-01-07T17:58:07+00:00","mainEntityOfPage":{"@id":"https:\/\/diariodelsurdigital.com.ar\/?p=6394"},"wordCount":231,"commentCount":0,"image":{"@id":"https:\/\/diariodelsurdigital.com.ar\/?p=6394#primaryimage"},"thumbnailUrl":"https:\/\/diariodelsurdigital.com.ar\/wp-content\/uploads\/2026\/01\/petro-4-na.jpg","articleSection":["Internacionales","Pol\u00edtica"],"inLanguage":"es","potentialAction":[{"@type":"CommentAction","name":"Comment","target":["https:\/\/diariodelsurdigital.com.ar\/?p=6394#respond"]}]},{"@type":"WebPage","@id":"https:\/\/diariodelsurdigital.com.ar\/?p=6394","url":"https:\/\/diariodelsurdigital.com.ar\/?p=6394","name":"Petro convoc\u00f3 a marchar contra la amenaza trumpista de intervenci\u00f3n militar - Diario del Sur","isPartOf":{"@id":"https:\/\/diariodelsurdigital.com.ar\/#website"},"primaryImageOfPage":{"@id":"https:\/\/diariodelsurdigital.com.ar\/?p=6394#primaryimage"},"image":{"@id":"https:\/\/diariodelsurdigital.com.ar\/?p=6394#primaryimage"},"thumbnailUrl":"https:\/\/diariodelsurdigital.com.ar\/wp-content\/uploads\/2026\/01\/petro-4-na.jpg","datePublished":"2026-01-07T17:58:06+00:00","dateModified":"2026-01-07T17:58:07+00:00","author":{"@id":"https:\/\/diariodelsurdigital.com.ar\/#\/schema\/person\/1a4992532ed62965c968031b49195c81"},"breadcrumb":{"@id":"https:\/\/diariodelsurdigital.com.ar\/?p=6394#breadcrumb"},"inLanguage":"es","potentialAction":[{"@type":"ReadAction","target":["https:\/\/diariodelsurdigital.com.ar\/?p=6394"]}]},{"@type":"ImageObject","inLanguage":"es","@id":"https:\/\/diariodelsurdigital.com.ar\/?p=6394#primaryimage","url":"https:\/\/diariodelsurdigital.com.ar\/wp-content\/uploads\/2026\/01\/petro-4-na.jpg","contentUrl":"https:\/\/diariodelsurdigital.com.ar\/wp-content\/uploads\/2026\/01\/petro-4-na.jpg","width":1200,"height":800},{"@type":"BreadcrumbList","@id":"https:\/\/diariodelsurdigital.com.ar\/?p=6394#breadcrumb","itemListElement":[{"@type":"ListItem","position":1,"name":"Portada","item":"https:\/\/diariodelsurdigital.com.ar\/"},{"@type":"ListItem","position":2,"name":"Petro convoc\u00f3 a marchar contra la amenaza trumpista de intervenci\u00f3n militar"}]},{"@type":"WebSite","@id":"https:\/\/diariodelsurdigital.com.ar\/#website","url":"https:\/\/diariodelsurdigital.com.ar\/","name":"Diario del Sur","description":"Digital","potentialAction":[{"@type":"SearchAction","target":{"@type":"EntryPoint","urlTemplate":"https:\/\/diariodelsurdigital.com.ar\/?s={search_term_string}"},"query-input":{"@type":"PropertyValueSpecification","valueRequired":true,"valueName":"search_term_string"}}],"inLanguage":"es"},{"@type":"Person","@id":"https:\/\/diariodelsurdigital.com.ar\/#\/schema\/person\/1a4992532ed62965c968031b49195c81","name":"Diario del Sur Digital","image":{"@type":"ImageObject","inLanguage":"es","@id":"https:\/\/secure.gravatar.com\/avatar\/f0c7c47fc7146d19828273b9b8eda651c9c7ab583767e6338d3d3bee825adf76?s=96&d=mm&r=g","url":"https:\/\/secure.gravatar.com\/avatar\/f0c7c47fc7146d19828273b9b8eda651c9c7ab583767e6338d3d3bee825adf76?s=96&d=mm&r=g","contentUrl":"https:\/\/secure.gravatar.com\/avatar\/f0c7c47fc7146d19828273b9b8eda651c9c7ab583767e6338d3d3bee825adf76?s=96&d=mm&r=g","caption":"Diario del Sur Digital"},"url":"https:\/\/diariodelsurdigital.com.ar\/?author=4"}]}},"_links":{"self":[{"href":"https:\/\/diariodelsurdigital.com.ar\/index.php?rest_route=\/wp\/v2\/posts\/6394","targetHints":{"allow":["GET"]}}],"collection":[{"href":"https:\/\/diariodelsurdigital.com.ar\/index.php?rest_route=\/wp\/v2\/posts"}],"about":[{"href":"https:\/\/diariodelsurdigital.com.ar\/index.php?rest_route=\/wp\/v2\/types\/post"}],"author":[{"embeddable":true,"href":"https:\/\/diariodelsurdigital.com.ar\/index.php?rest_route=\/wp\/v2\/users\/4"}],"replies":[{"embeddable":true,"href":"https:\/\/diariodelsurdigital.com.ar\/index.php?rest_route=%2Fwp%2Fv2%2Fcomments&post=6394"}],"version-history":[{"count":1,"href":"https:\/\/diariodelsurdigital.com.ar\/index.php?rest_route=\/wp\/v2\/posts\/6394\/revisions"}],"predecessor-version":[{"id":6396,"href":"https:\/\/diariodelsurdigital.com.ar\/index.php?rest_route=\/wp\/v2\/posts\/6394\/revisions\/6396"}],"wp:featuredmedia":[{"embeddable":true,"href":"https:\/\/diariodelsurdigital.com.ar\/index.php?rest_route=\/wp\/v2\/media\/6395"}],"wp:attachment":[{"href":"https:\/\/diariodelsurdigital.com.ar\/index.php?rest_route=%2Fwp%2Fv2%2Fmedia&parent=6394"}],"wp:term":[{"taxonomy":"category","embeddable":true,"href":"https:\/\/diariodelsurdigital.com.ar\/index.php?rest_route=%2Fwp%2Fv2%2Fcategories&post=6394"},{"taxonomy":"post_tag","embeddable":true,"href":"https:\/\/diariodelsurdigital.com.ar\/index.php?rest_route=%2Fwp%2Fv2%2Ftags&post=6394"}],"curies":[{"name":"wp","href":"https:\/\/api.w.org\/{rel}","templated":true}]}}