{"id":6400,"date":"2026-01-07T19:00:27","date_gmt":"2026-01-07T22:00:27","guid":{"rendered":"https:\/\/diariodelsurdigital.com.ar\/?p=6400"},"modified":"2026-01-07T19:01:22","modified_gmt":"2026-01-07T22:01:22","slug":"avallone-critico-a-azcue-y-denuncio-que-echa-gente-pero-hizo-ingresar-a-mas-de-25-nuevos-funcionarios","status":"publish","type":"post","link":"https:\/\/diariodelsurdigital.com.ar\/?p=6400","title":{"rendered":"Avallone critic\u00f3 a Azcu\u00e9 y denunci\u00f3 que \u00abecha gente, pero hizo ingresar a m\u00e1s de 25 nuevos funcionarios\u00bb"},"content":{"rendered":"\n<h1 class=\"wp-block-heading\"><\/h1>\n\n\n\n<h4 class=\"wp-block-heading\">El secretario general del Sindicato de Trabajadores y Empleados Municipales (STEM) tuvo duros cuestionamientos hacia el intendente de Concordia y adelant\u00f3 un plan de lucha.<a href=\"https:\/\/api.whatsapp.com\/send?text=Avallone%20critic%C3%B3%20a%20Azcu%C3%A9%20y%20denunci%C3%B3%20que%20%22echa%20gente%20pero%20hizo%20ingresar%20a%20m%C3%A1s%20de%2025%20nuevos%20funcionarios%22%20-%20https:\/\/diarioriouruguay.com\/politica\/\/avallone-critico-a-azcue-y-denuncio-que-echa-gente-pero-hizo-ingresar-a-mas-de-25-nuevos-funcionarios.htm\" target=\"_blank\" rel=\"noreferrer noopener\"><\/a><a href=\"https:\/\/diarioriouruguay.com\/politica\/avallone-critico-a-azcue-y-denuncio-que-echa-gente-pero-hizo-ingresar-a-mas-de-25-nuevos-funcionarios.htm#\"><\/a><a href=\"javascript:copyLink('aviso', 'URL Copiada');\"><\/a><a href=\"https:\/\/diarioriouruguay.com\/politica\/avallone-critico-a-azcue-y-denuncio-que-echa-gente-pero-hizo-ingresar-a-mas-de-25-nuevos-funcionarios.htm#\"><\/a><a href=\"tg:\/\/msg?text=Avallone%20critic%C3%B3%20a%20Azcu%C3%A9%20y%20denunci%C3%B3%20que%20%22echa%20gente%20pero%20hizo%20ingresar%20a%20m%C3%A1s%20de%2025%20nuevos%20funcionarios%22-https:\/\/diarioriouruguay.com\/politica\/\/avallone-critico-a-azcue-y-denuncio-que-echa-gente-pero-hizo-ingresar-a-mas-de-25-nuevos-funcionarios.htm\" target=\"_blank\" rel=\"noreferrer noopener\"><\/a><a href=\"https:\/\/diarioriouruguay.com\/politica\/avallone-critico-a-azcue-y-denuncio-que-echa-gente-pero-hizo-ingresar-a-mas-de-25-nuevos-funcionarios.htm#comentarios\"><\/a><\/h4>\n\n\n\n<p><em>Despidos en la Municipalidad<\/em><\/p>\n\n\n\n<p>Durante la tarde de este martes, en la sede del Sindicato de Trabajadores y Empleados Municipales (STEM) &#8211; calle Guemes entre Ituzaing\u00f3 y Concejal Veiga &#8211; se llev\u00f3 a cabo una importante reuni\u00f3n con m\u00e1s de 100 personas, lo que oblig\u00f3 a cortar el tr\u00e1nsito vehicular en esa arteria.<\/p>\n\n\n\n<figure class=\"wp-block-image is-resized\"><img decoding=\"async\" src=\"https:\/\/diarioriouruguay.com\/galeria\/fotos\/2026\/01\/06\/e_1767745929_74857.webp\" alt=\"\" style=\"width:692px;height:auto\"\/><\/figure>\n\n\n\n<p>Pablo C\u00e9sar Avallone, secretario general del Sindicato de Trabajadores y Empleados Municipales (STEM) explic\u00f3 que la convocatoria surgi\u00f3 ante \u00abel dolor de toda esta gente que est\u00e1 afuera, que son 140 familias, contratos con aportes, y m\u00e1s de 250 personas que son sin aporte y monotributistas\u00bb.<\/p>\n\n\n\n<p>En declaraciones a un cronista de&nbsp;<strong>Diario R\u00edo Uruguay,&nbsp;<\/strong>el gremialista confirm\u00f3 que&nbsp;<strong>la actual gesti\u00f3n del intendente Francisco Azcu\u00e9 \u00absigue echando y es lamentable porque esto es un ajuste y no como \u00e9l (Azcu\u00e9) dice que un reordenamiento; eso es una mentira porque hace dos meses cambi\u00f3 la secretar\u00eda, ingresaron m\u00e1s de 25 funcionarios, que se llevan m\u00e1s de 100 millones de pesos en sueldo\u00bb.<\/strong><\/p>\n\n\n\n<p>En ese sentido, el gremialista mencion\u00f3 que \u00abpor m\u00ed puede meter a todos lo que quiera pero no hacer&nbsp;<strong>estas medidas que son una crueldad, cuando \u00e9l el 24 de diciembre hizo un video saludando a todas las familias de los empleados municipales y ya ten\u00eda esto previsto, con los despidos masivos\u00bb.<\/strong><\/p>\n\n\n\n<p>Seg\u00fan Avallone,&nbsp;<strong>\u00abm\u00e1s cinismo que esto es imposible, y le digo para que le vaya enterando la gente de las cosas que tambi\u00e9n hace, porque mete funcionarios por todos lados\u00bb<\/strong>. Y expres\u00f3 que \u00abest\u00e1 bien que ellos hayan ganado pero no meterse con la familia municipal, porque eso es el odio que tiene del radicalismo hacia el peronismo\u00bb.<\/p>\n\n\n\n<p>El referente gremial insisti\u00f3 en que el actual jefe comunal de Concordia \u00abtiene la incompetencia de debatir con el ex intendente, que lo acusa que se robaron todo pero le vendi\u00f3 un terreno en el Parque Industrial, as\u00ed que \u00e9l (Azcu\u00e9) agarra plata de algo que est\u00e1 acusando que se robaron\u00bb.<\/p>\n\n\n\n<h3 class=\"wp-block-heading\">Lista<\/h3>\n\n\n\n<p>Consultado acerca de la lista que circul\u00f3 en las \u00faltimas horas, Avallone detall\u00f3 que \u00abnosotros lo que tenemos, lo que nos van diciendo, son m\u00e1s de 140 contratos con aportes y m\u00e1s o menos 250 m\u00e1s sin aportes y monotributistas, que&nbsp;<strong>los echan como a un perro, le mandan mensajes, en Deportes los echaron, los mandaron a buscar para que trabajen hasta la realizaci\u00f3n de la Marat\u00f3n de Reyes y despu\u00e9s que no aparezcan m\u00e1s\u00bb.<\/strong><\/p>\n\n\n\n<p>El sindicalista dijo que el accionar&nbsp;<strong>\u00abes vergonzoso, cuando est\u00e1 poniendo gente por todos lados, porque esto la sociedad tiene que saberlo, \u00e9l mete funcionarios, todos amigos de \u00e9l\u00bb.<\/strong><\/p>\n\n\n\n<p>Adem\u00e1s, denunci\u00f3 que&nbsp;<strong>a \u00ablos agentes de planta permanente que est\u00e1n con quite de colaboraci\u00f3n le sacan el convenio, los molestan, los trasladan; la verdad es horrible y la sociedad tiene que ver esto y no darle el respaldo\u00bb.<\/strong><\/p>\n\n\n\n<p>En ese orden, puntualiz\u00f3 que \u00abno nos hagan hablar porque a nivel nacional meten a toda la familia, a nivel provincial tambi\u00e9n hablan de la casta pero ellos meten a todos, as\u00ed que tampoco vengan ac\u00e1 a decir que son todos inocentes\u00bb.<\/p>\n\n\n\n<h3 class=\"wp-block-heading\">Protesta<\/h3>\n\n\n\n<p>Por \u00faltimo, referido al plan de lucha \u00abque decidi\u00f3 la gente\u00bb, el gremialista inform\u00f3 que \u00abnosotros hacemos movilizaciones,&nbsp;<strong>haremos una asamblea de movilizaciones frente a la Municipalidad con tiempo indeterminado y vamos a estar ah\u00ed, en todos los lugares porque tenemos todos los derechos\u00bb.<\/strong><\/p>\n\n\n\n<p>Seg\u00fan mencion\u00f3, el intendente&nbsp;<strong>Azcu\u00e9 \u00abmand\u00f3 una nota, una resoluci\u00f3n que va a descontar, no puede descontar, no la va a asustar a la gente, est\u00e1 repodrida, se cans\u00f3 de esta gesti\u00f3n\u00bb.<\/strong><\/p>\n\n\n\n<p>A su entender,&nbsp;<strong>\u00abla gente se cans\u00f3 porque aparte no hace nada, vive molestando, persiguiendo a todo el mundo, contratando una imponente cantidad de seguridad cuando dice que hay ajustes y yo me pregunto \u00bfcon qu\u00e9 paga eso? \u00bfcon los impuestos? \u00bfa qu\u00e9 le tiene miedo el intendente?<\/strong><\/p>\n\n\n\n<p>Avallone record\u00f3 que Azcu\u00e9 \u00abandaba por todos lados pero ahora parece no puede, ni el gobernador tiene una seguridad de esas\u00bb.<\/p>\n\n\n\n<p>El dirigente concluy\u00f3 advirtiendo que, de no modificarse el rumbo de la gesti\u00f3n Azcu\u00e9 y de no establecerse una mesa de di\u00e1logo salarial \u2014la cual asegur\u00f3 que est\u00e1 cortada hace cinco meses\u2014 el conflicto en la ciudad de Concordia se profundizar\u00e1 en el corto plazo.<\/p>\n\n\n\n<p>El actual plan de lucha incluye:<\/p>\n\n\n\n<p>&#8211; Asambleas permanentes en los lugares de trabajo a partir de este viernes 9 de enero.<\/p>\n\n\n\n<p>&#8211; Movilizaci\u00f3n frente al Palacio Municipal, prevista a las 7 horas de esa misma jornada.<\/p>\n\n\n\n<p>Fuente: Diario R\u00edo Uruguay<\/p>\n","protected":false},"excerpt":{"rendered":"<p>El secretario general del Sindicato de Trabajadores y Empleados Municipales (STEM) tuvo duros cuestionamientos hacia el intendente de Concordia y adelant\u00f3 un plan de lucha. Despidos en la Municipalidad Durante la tarde de este martes, en la sede del Sindicato de Trabajadores y Empleados Municipales (STEM) &#8211; calle Guemes entre Ituzaing\u00f3 y Concejal Veiga &#8211; [&hellip;]<\/p>\n","protected":false},"author":2,"featured_media":6401,"comment_status":"open","ping_status":"open","sticky":false,"template":"","format":"standard","meta":{"footnotes":""},"categories":[19,16],"tags":[],"class_list":{"0":"post-6400","1":"post","2":"type-post","3":"status-publish","4":"format-standard","5":"has-post-thumbnail","7":"category-interes-general","8":"category-locales"},"yoast_head":"<!-- This site is optimized with the Yoast SEO plugin v27.4 - https:\/\/yoast.com\/product\/yoast-seo-wordpress\/ -->\n<title>Avallone critic\u00f3 a Azcu\u00e9 y denunci\u00f3 que &quot;echa gente, pero hizo ingresar a m\u00e1s de 25 nuevos funcionarios&quot; - Diario del Sur<\/title>\n<meta name=\"robots\" content=\"index, follow, max-snippet:-1, max-image-preview:large, max-video-preview:-1\" \/>\n<link rel=\"canonical\" href=\"https:\/\/diariodelsurdigital.com.ar\/?p=6400\" \/>\n<meta property=\"og:locale\" content=\"es_ES\" \/>\n<meta property=\"og:type\" content=\"article\" \/>\n<meta property=\"og:title\" content=\"Avallone critic\u00f3 a Azcu\u00e9 y denunci\u00f3 que &quot;echa gente, pero hizo ingresar a m\u00e1s de 25 nuevos funcionarios&quot; - Diario del Sur\" \/>\n<meta property=\"og:description\" content=\"El secretario general del Sindicato de Trabajadores y Empleados Municipales (STEM) tuvo duros cuestionamientos hacia el intendente de Concordia y adelant\u00f3 un plan de lucha. Despidos en la Municipalidad Durante la tarde de este martes, en la sede del Sindicato de Trabajadores y Empleados Municipales (STEM) &#8211; calle Guemes entre Ituzaing\u00f3 y Concejal Veiga &#8211; [&hellip;]\" \/>\n<meta property=\"og:url\" content=\"https:\/\/diariodelsurdigital.com.ar\/?p=6400\" \/>\n<meta property=\"og:site_name\" content=\"Diario del Sur\" \/>\n<meta property=\"article:published_time\" content=\"2026-01-07T22:00:27+00:00\" \/>\n<meta property=\"article:modified_time\" content=\"2026-01-07T22:01:22+00:00\" \/>\n<meta property=\"og:image\" content=\"https:\/\/diariodelsurdigital.com.ar\/wp-content\/uploads\/2026\/01\/e_1767745929_51086.png\" \/>\n\t<meta property=\"og:image:width\" content=\"450\" \/>\n\t<meta property=\"og:image:height\" content=\"304\" \/>\n\t<meta property=\"og:image:type\" content=\"image\/png\" \/>\n<meta name=\"author\" content=\"Diario del Sur Digital\" \/>\n<meta name=\"twitter:card\" content=\"summary_large_image\" \/>\n<meta name=\"twitter:label1\" content=\"Escrito por\" \/>\n\t<meta name=\"twitter:data1\" content=\"Diario del Sur Digital\" \/>\n\t<meta name=\"twitter:label2\" content=\"Tiempo de lectura\" \/>\n\t<meta name=\"twitter:data2\" content=\"4 minutos\" \/>\n<script type=\"application\/ld+json\" class=\"yoast-schema-graph\">{\"@context\":\"https:\\\/\\\/schema.org\",\"@graph\":[{\"@type\":\"Article\",\"@id\":\"https:\\\/\\\/diariodelsurdigital.com.ar\\\/?p=6400#article\",\"isPartOf\":{\"@id\":\"https:\\\/\\\/diariodelsurdigital.com.ar\\\/?p=6400\"},\"author\":{\"name\":\"Diario del Sur Digital\",\"@id\":\"https:\\\/\\\/diariodelsurdigital.com.ar\\\/#\\\/schema\\\/person\\\/6136a32571657f7dba980b88b04c5465\"},\"headline\":\"Avallone critic\u00f3 a Azcu\u00e9 y denunci\u00f3 que \u00abecha gente, pero hizo ingresar a m\u00e1s de 25 nuevos funcionarios\u00bb\",\"datePublished\":\"2026-01-07T22:00:27+00:00\",\"dateModified\":\"2026-01-07T22:01:22+00:00\",\"mainEntityOfPage\":{\"@id\":\"https:\\\/\\\/diariodelsurdigital.com.ar\\\/?p=6400\"},\"wordCount\":820,\"commentCount\":0,\"image\":{\"@id\":\"https:\\\/\\\/diariodelsurdigital.com.ar\\\/?p=6400#primaryimage\"},\"thumbnailUrl\":\"https:\\\/\\\/diariodelsurdigital.com.ar\\\/wp-content\\\/uploads\\\/2026\\\/01\\\/e_1767745929_51086.png\",\"articleSection\":[\"Inter\u00e9s General\",\"Locales\"],\"inLanguage\":\"es\",\"potentialAction\":[{\"@type\":\"CommentAction\",\"name\":\"Comment\",\"target\":[\"https:\\\/\\\/diariodelsurdigital.com.ar\\\/?p=6400#respond\"]}]},{\"@type\":\"WebPage\",\"@id\":\"https:\\\/\\\/diariodelsurdigital.com.ar\\\/?p=6400\",\"url\":\"https:\\\/\\\/diariodelsurdigital.com.ar\\\/?p=6400\",\"name\":\"Avallone critic\u00f3 a Azcu\u00e9 y denunci\u00f3 que \\\"echa gente, pero hizo ingresar a m\u00e1s de 25 nuevos funcionarios\\\" - Diario del Sur\",\"isPartOf\":{\"@id\":\"https:\\\/\\\/diariodelsurdigital.com.ar\\\/#website\"},\"primaryImageOfPage\":{\"@id\":\"https:\\\/\\\/diariodelsurdigital.com.ar\\\/?p=6400#primaryimage\"},\"image\":{\"@id\":\"https:\\\/\\\/diariodelsurdigital.com.ar\\\/?p=6400#primaryimage\"},\"thumbnailUrl\":\"https:\\\/\\\/diariodelsurdigital.com.ar\\\/wp-content\\\/uploads\\\/2026\\\/01\\\/e_1767745929_51086.png\",\"datePublished\":\"2026-01-07T22:00:27+00:00\",\"dateModified\":\"2026-01-07T22:01:22+00:00\",\"author\":{\"@id\":\"https:\\\/\\\/diariodelsurdigital.com.ar\\\/#\\\/schema\\\/person\\\/6136a32571657f7dba980b88b04c5465\"},\"breadcrumb\":{\"@id\":\"https:\\\/\\\/diariodelsurdigital.com.ar\\\/?p=6400#breadcrumb\"},\"inLanguage\":\"es\",\"potentialAction\":[{\"@type\":\"ReadAction\",\"target\":[\"https:\\\/\\\/diariodelsurdigital.com.ar\\\/?p=6400\"]}]},{\"@type\":\"ImageObject\",\"inLanguage\":\"es\",\"@id\":\"https:\\\/\\\/diariodelsurdigital.com.ar\\\/?p=6400#primaryimage\",\"url\":\"https:\\\/\\\/diariodelsurdigital.com.ar\\\/wp-content\\\/uploads\\\/2026\\\/01\\\/e_1767745929_51086.png\",\"contentUrl\":\"https:\\\/\\\/diariodelsurdigital.com.ar\\\/wp-content\\\/uploads\\\/2026\\\/01\\\/e_1767745929_51086.png\",\"width\":450,\"height\":304},{\"@type\":\"BreadcrumbList\",\"@id\":\"https:\\\/\\\/diariodelsurdigital.com.ar\\\/?p=6400#breadcrumb\",\"itemListElement\":[{\"@type\":\"ListItem\",\"position\":1,\"name\":\"Portada\",\"item\":\"https:\\\/\\\/diariodelsurdigital.com.ar\\\/\"},{\"@type\":\"ListItem\",\"position\":2,\"name\":\"Avallone critic\u00f3 a Azcu\u00e9 y denunci\u00f3 que \u00abecha gente, pero hizo ingresar a m\u00e1s de 25 nuevos funcionarios\u00bb\"}]},{\"@type\":\"WebSite\",\"@id\":\"https:\\\/\\\/diariodelsurdigital.com.ar\\\/#website\",\"url\":\"https:\\\/\\\/diariodelsurdigital.com.ar\\\/\",\"name\":\"Diario del Sur\",\"description\":\"Digital\",\"potentialAction\":[{\"@type\":\"SearchAction\",\"target\":{\"@type\":\"EntryPoint\",\"urlTemplate\":\"https:\\\/\\\/diariodelsurdigital.com.ar\\\/?s={search_term_string}\"},\"query-input\":{\"@type\":\"PropertyValueSpecification\",\"valueRequired\":true,\"valueName\":\"search_term_string\"}}],\"inLanguage\":\"es\"},{\"@type\":\"Person\",\"@id\":\"https:\\\/\\\/diariodelsurdigital.com.ar\\\/#\\\/schema\\\/person\\\/6136a32571657f7dba980b88b04c5465\",\"name\":\"Diario del Sur Digital\",\"image\":{\"@type\":\"ImageObject\",\"inLanguage\":\"es\",\"@id\":\"https:\\\/\\\/secure.gravatar.com\\\/avatar\\\/4c29ceac98541dd42460b2474aaa5dd37594d6ce6cb3cf2c101d09b48ee287ba?s=96&d=mm&r=g\",\"url\":\"https:\\\/\\\/secure.gravatar.com\\\/avatar\\\/4c29ceac98541dd42460b2474aaa5dd37594d6ce6cb3cf2c101d09b48ee287ba?s=96&d=mm&r=g\",\"contentUrl\":\"https:\\\/\\\/secure.gravatar.com\\\/avatar\\\/4c29ceac98541dd42460b2474aaa5dd37594d6ce6cb3cf2c101d09b48ee287ba?s=96&d=mm&r=g\",\"caption\":\"Diario del Sur Digital\"},\"url\":\"https:\\\/\\\/diariodelsurdigital.com.ar\\\/?author=2\"}]}<\/script>\n<!-- \/ Yoast SEO plugin. -->","yoast_head_json":{"title":"Avallone critic\u00f3 a Azcu\u00e9 y denunci\u00f3 que \"echa gente, pero hizo ingresar a m\u00e1s de 25 nuevos funcionarios\" - Diario del Sur","robots":{"index":"index","follow":"follow","max-snippet":"max-snippet:-1","max-image-preview":"max-image-preview:large","max-video-preview":"max-video-preview:-1"},"canonical":"https:\/\/diariodelsurdigital.com.ar\/?p=6400","og_locale":"es_ES","og_type":"article","og_title":"Avallone critic\u00f3 a Azcu\u00e9 y denunci\u00f3 que \"echa gente, pero hizo ingresar a m\u00e1s de 25 nuevos funcionarios\" - Diario del Sur","og_description":"El secretario general del Sindicato de Trabajadores y Empleados Municipales (STEM) tuvo duros cuestionamientos hacia el intendente de Concordia y adelant\u00f3 un plan de lucha. Despidos en la Municipalidad Durante la tarde de este martes, en la sede del Sindicato de Trabajadores y Empleados Municipales (STEM) &#8211; calle Guemes entre Ituzaing\u00f3 y Concejal Veiga &#8211; [&hellip;]","og_url":"https:\/\/diariodelsurdigital.com.ar\/?p=6400","og_site_name":"Diario del Sur","article_published_time":"2026-01-07T22:00:27+00:00","article_modified_time":"2026-01-07T22:01:22+00:00","og_image":[{"width":450,"height":304,"url":"https:\/\/diariodelsurdigital.com.ar\/wp-content\/uploads\/2026\/01\/e_1767745929_51086.png","type":"image\/png"}],"author":"Diario del Sur Digital","twitter_card":"summary_large_image","twitter_misc":{"Escrito por":"Diario del Sur Digital","Tiempo de lectura":"4 minutos"},"schema":{"@context":"https:\/\/schema.org","@graph":[{"@type":"Article","@id":"https:\/\/diariodelsurdigital.com.ar\/?p=6400#article","isPartOf":{"@id":"https:\/\/diariodelsurdigital.com.ar\/?p=6400"},"author":{"name":"Diario del Sur Digital","@id":"https:\/\/diariodelsurdigital.com.ar\/#\/schema\/person\/6136a32571657f7dba980b88b04c5465"},"headline":"Avallone critic\u00f3 a Azcu\u00e9 y denunci\u00f3 que \u00abecha gente, pero hizo ingresar a m\u00e1s de 25 nuevos funcionarios\u00bb","datePublished":"2026-01-07T22:00:27+00:00","dateModified":"2026-01-07T22:01:22+00:00","mainEntityOfPage":{"@id":"https:\/\/diariodelsurdigital.com.ar\/?p=6400"},"wordCount":820,"commentCount":0,"image":{"@id":"https:\/\/diariodelsurdigital.com.ar\/?p=6400#primaryimage"},"thumbnailUrl":"https:\/\/diariodelsurdigital.com.ar\/wp-content\/uploads\/2026\/01\/e_1767745929_51086.png","articleSection":["Inter\u00e9s General","Locales"],"inLanguage":"es","potentialAction":[{"@type":"CommentAction","name":"Comment","target":["https:\/\/diariodelsurdigital.com.ar\/?p=6400#respond"]}]},{"@type":"WebPage","@id":"https:\/\/diariodelsurdigital.com.ar\/?p=6400","url":"https:\/\/diariodelsurdigital.com.ar\/?p=6400","name":"Avallone critic\u00f3 a Azcu\u00e9 y denunci\u00f3 que \"echa gente, pero hizo ingresar a m\u00e1s de 25 nuevos funcionarios\" - Diario del Sur","isPartOf":{"@id":"https:\/\/diariodelsurdigital.com.ar\/#website"},"primaryImageOfPage":{"@id":"https:\/\/diariodelsurdigital.com.ar\/?p=6400#primaryimage"},"image":{"@id":"https:\/\/diariodelsurdigital.com.ar\/?p=6400#primaryimage"},"thumbnailUrl":"https:\/\/diariodelsurdigital.com.ar\/wp-content\/uploads\/2026\/01\/e_1767745929_51086.png","datePublished":"2026-01-07T22:00:27+00:00","dateModified":"2026-01-07T22:01:22+00:00","author":{"@id":"https:\/\/diariodelsurdigital.com.ar\/#\/schema\/person\/6136a32571657f7dba980b88b04c5465"},"breadcrumb":{"@id":"https:\/\/diariodelsurdigital.com.ar\/?p=6400#breadcrumb"},"inLanguage":"es","potentialAction":[{"@type":"ReadAction","target":["https:\/\/diariodelsurdigital.com.ar\/?p=6400"]}]},{"@type":"ImageObject","inLanguage":"es","@id":"https:\/\/diariodelsurdigital.com.ar\/?p=6400#primaryimage","url":"https:\/\/diariodelsurdigital.com.ar\/wp-content\/uploads\/2026\/01\/e_1767745929_51086.png","contentUrl":"https:\/\/diariodelsurdigital.com.ar\/wp-content\/uploads\/2026\/01\/e_1767745929_51086.png","width":450,"height":304},{"@type":"BreadcrumbList","@id":"https:\/\/diariodelsurdigital.com.ar\/?p=6400#breadcrumb","itemListElement":[{"@type":"ListItem","position":1,"name":"Portada","item":"https:\/\/diariodelsurdigital.com.ar\/"},{"@type":"ListItem","position":2,"name":"Avallone critic\u00f3 a Azcu\u00e9 y denunci\u00f3 que \u00abecha gente, pero hizo ingresar a m\u00e1s de 25 nuevos funcionarios\u00bb"}]},{"@type":"WebSite","@id":"https:\/\/diariodelsurdigital.com.ar\/#website","url":"https:\/\/diariodelsurdigital.com.ar\/","name":"Diario del Sur","description":"Digital","potentialAction":[{"@type":"SearchAction","target":{"@type":"EntryPoint","urlTemplate":"https:\/\/diariodelsurdigital.com.ar\/?s={search_term_string}"},"query-input":{"@type":"PropertyValueSpecification","valueRequired":true,"valueName":"search_term_string"}}],"inLanguage":"es"},{"@type":"Person","@id":"https:\/\/diariodelsurdigital.com.ar\/#\/schema\/person\/6136a32571657f7dba980b88b04c5465","name":"Diario del Sur Digital","image":{"@type":"ImageObject","inLanguage":"es","@id":"https:\/\/secure.gravatar.com\/avatar\/4c29ceac98541dd42460b2474aaa5dd37594d6ce6cb3cf2c101d09b48ee287ba?s=96&d=mm&r=g","url":"https:\/\/secure.gravatar.com\/avatar\/4c29ceac98541dd42460b2474aaa5dd37594d6ce6cb3cf2c101d09b48ee287ba?s=96&d=mm&r=g","contentUrl":"https:\/\/secure.gravatar.com\/avatar\/4c29ceac98541dd42460b2474aaa5dd37594d6ce6cb3cf2c101d09b48ee287ba?s=96&d=mm&r=g","caption":"Diario del Sur Digital"},"url":"https:\/\/diariodelsurdigital.com.ar\/?author=2"}]}},"_links":{"self":[{"href":"https:\/\/diariodelsurdigital.com.ar\/index.php?rest_route=\/wp\/v2\/posts\/6400","targetHints":{"allow":["GET"]}}],"collection":[{"href":"https:\/\/diariodelsurdigital.com.ar\/index.php?rest_route=\/wp\/v2\/posts"}],"about":[{"href":"https:\/\/diariodelsurdigital.com.ar\/index.php?rest_route=\/wp\/v2\/types\/post"}],"author":[{"embeddable":true,"href":"https:\/\/diariodelsurdigital.com.ar\/index.php?rest_route=\/wp\/v2\/users\/2"}],"replies":[{"embeddable":true,"href":"https:\/\/diariodelsurdigital.com.ar\/index.php?rest_route=%2Fwp%2Fv2%2Fcomments&post=6400"}],"version-history":[{"count":2,"href":"https:\/\/diariodelsurdigital.com.ar\/index.php?rest_route=\/wp\/v2\/posts\/6400\/revisions"}],"predecessor-version":[{"id":6403,"href":"https:\/\/diariodelsurdigital.com.ar\/index.php?rest_route=\/wp\/v2\/posts\/6400\/revisions\/6403"}],"wp:featuredmedia":[{"embeddable":true,"href":"https:\/\/diariodelsurdigital.com.ar\/index.php?rest_route=\/wp\/v2\/media\/6401"}],"wp:attachment":[{"href":"https:\/\/diariodelsurdigital.com.ar\/index.php?rest_route=%2Fwp%2Fv2%2Fmedia&parent=6400"}],"wp:term":[{"taxonomy":"category","embeddable":true,"href":"https:\/\/diariodelsurdigital.com.ar\/index.php?rest_route=%2Fwp%2Fv2%2Fcategories&post=6400"},{"taxonomy":"post_tag","embeddable":true,"href":"https:\/\/diariodelsurdigital.com.ar\/index.php?rest_route=%2Fwp%2Fv2%2Ftags&post=6400"}],"curies":[{"name":"wp","href":"https:\/\/api.w.org\/{rel}","templated":true}]}}