{"id":6408,"date":"2026-01-08T11:57:52","date_gmt":"2026-01-08T14:57:52","guid":{"rendered":"https:\/\/diariodelsurdigital.com.ar\/?p=6408"},"modified":"2026-01-08T11:57:53","modified_gmt":"2026-01-08T14:57:53","slug":"javier-milei-es-un-jalabolas-el-duro-insulto-del-ministro-de-interior-de-venezuela-contra-el-presidente-argentino","status":"publish","type":"post","link":"https:\/\/diariodelsurdigital.com.ar\/?p=6408","title":{"rendered":"\u00abJavier Milei es un jalabolas\u00bb: El duro insulto del ministro de Interior de Venezuela contra el presidente argentino"},"content":{"rendered":"\n<p>Diosdado Cabello apunt\u00f3 contra Milei y el mandatario de Ecuador por sus dichos vinculados al Cartel de los Soles. El funcionario habl\u00f3 durante la emisi\u00f3n de su programa \u00abCon el mazo dando\u00bb.<\/p>\n\n\n\n<p>.El ministro de Interior de Venezuela, Diosdado Cabello, aprovech\u00f3 para insultar al presidente argentino Javier Milei, durante la emisi\u00f3n de su programa \u00abCon el mazo dando\u00bb. El funcionario habl\u00f3 durante casi una hora y media cuatro d\u00edas despu\u00e9s del ataque de EEUU que termin\u00f3 en la captura de Nicol\u00e1s Maduro.<\/p>\n\n\n\n<p>En primera instancia, Cabello se refiri\u00f3 a la cantidad de muertos durante la madrugada del s\u00e1bado pasado, en la que se efectuaron detonaciones en tres estados de Venezuela: Hasta el momento hay 100 muertos y un n\u00famero similar de heridos. Terrible el ataque contra nuestro pa\u00eds. J\u00f3venes, muchachos, besando la vida. No tienen nada que ver, fueron asesinados\u00bb.<\/p>\n\n\n\n<p>Fue en ese momento que apunt\u00f3 contra Javier Milei y otros mandatarios tras que se confirme la inexistencia del Cartel de los Soles: \u00abUno se pregunta qu\u00e9 har\u00e1n los jalabolas de siempre, presidentes como por ejemplo Noboa (Ecuador), Milei y otros que sacaron una resoluci\u00f3n condenando al cartel para se\u00f1alarnos a nosotros\u201d.<\/p>\n\n\n\n<p>Tras ello, el ministro dej\u00f3 en claro su postura y asegur\u00f3 que el objetivo de EEUU no est\u00e1 en abogar por la democracia ni combatir el terrorismo. \u201c\u00bfDerechos humanos? No, nada de eso. El tema es petr\u00f3leo. El tema son nuestros recursos, que son de los venezolanos y las venezolanas. Y hoy lo declaran sin ning\u00fan tipo de tapujo, lo dicen claramente, no era el Cartel de los Soles\u00bb.<\/p>\n\n\n\n<p>Qu\u00e9 significa \u00abjalabolas\u00bb<br>La palabra \u00abjalabolas\u00bb utilizada por Diosdado Cabello, es un t\u00e9rmino vulgar y despectivo, popular en Venezuela y Bolivia, para referirse a una persona aduladora, servil, que halaga exageradamente a otra por inter\u00e9s o conveniencia, conocido en argentina como \u00abchupamedias\u00bb.<\/p>\n\n\n\n<p>La expresi\u00f3n naci\u00f3 en las c\u00e1rceles venezolanas, especialmente durante la \u00e9poca de Juan Vicente G\u00f3mez, cuando los presos estaban encadenados a una bola de hierro pesada en el tobillo para dificultar la fuga.<\/p>\n\n\n\n<p>Si bien, originalmente se les llamaba \u00abcargabolas\u00bb, con el tiempo, el t\u00e9rmino evolucion\u00f3 a \u00abjalabolas\u00bb, populariz\u00e1ndose en todo el pa\u00eds para referirse a quienes buscan complacer a otros por inter\u00e9s o por car\u00e1cter, public\u00f3 \u00c1mbito.<\/p>\n","protected":false},"excerpt":{"rendered":"<p>Diosdado Cabello apunt\u00f3 contra Milei y el mandatario de Ecuador por sus dichos vinculados al Cartel de los Soles. El funcionario habl\u00f3 durante la emisi\u00f3n de su programa \u00abCon el mazo dando\u00bb. .El ministro de Interior de Venezuela, Diosdado Cabello, aprovech\u00f3 para insultar al presidente argentino Javier Milei, durante la emisi\u00f3n de su programa \u00abCon [&hellip;]<\/p>\n","protected":false},"author":4,"featured_media":6409,"comment_status":"open","ping_status":"open","sticky":false,"template":"","format":"standard","meta":{"footnotes":""},"categories":[20,22],"tags":[],"class_list":{"0":"post-6408","1":"post","2":"type-post","3":"status-publish","4":"format-standard","5":"has-post-thumbnail","7":"category-internacionales","8":"category-politica"},"yoast_head":"<!-- This site is optimized with the Yoast SEO plugin v27.4 - https:\/\/yoast.com\/product\/yoast-seo-wordpress\/ -->\n<title>&quot;Javier Milei es un jalabolas&quot;: El duro insulto del ministro de Interior de Venezuela contra el presidente argentino - Diario del Sur<\/title>\n<meta name=\"robots\" content=\"index, follow, max-snippet:-1, max-image-preview:large, max-video-preview:-1\" \/>\n<link rel=\"canonical\" href=\"https:\/\/diariodelsurdigital.com.ar\/?p=6408\" \/>\n<meta property=\"og:locale\" content=\"es_ES\" \/>\n<meta property=\"og:type\" content=\"article\" \/>\n<meta property=\"og:title\" content=\"&quot;Javier Milei es un jalabolas&quot;: El duro insulto del ministro de Interior de Venezuela contra el presidente argentino - Diario del Sur\" \/>\n<meta property=\"og:description\" content=\"Diosdado Cabello apunt\u00f3 contra Milei y el mandatario de Ecuador por sus dichos vinculados al Cartel de los Soles. El funcionario habl\u00f3 durante la emisi\u00f3n de su programa \u00abCon el mazo dando\u00bb. .El ministro de Interior de Venezuela, Diosdado Cabello, aprovech\u00f3 para insultar al presidente argentino Javier Milei, durante la emisi\u00f3n de su programa \u00abCon [&hellip;]\" \/>\n<meta property=\"og:url\" content=\"https:\/\/diariodelsurdigital.com.ar\/?p=6408\" \/>\n<meta property=\"og:site_name\" content=\"Diario del Sur\" \/>\n<meta property=\"article:published_time\" content=\"2026-01-08T14:57:52+00:00\" \/>\n<meta property=\"article:modified_time\" content=\"2026-01-08T14:57:53+00:00\" \/>\n<meta property=\"og:image\" content=\"https:\/\/diariodelsurdigital.com.ar\/wp-content\/uploads\/2026\/01\/md-32.webp\" \/>\n\t<meta property=\"og:image:width\" content=\"992\" \/>\n\t<meta property=\"og:image:height\" content=\"557\" \/>\n\t<meta property=\"og:image:type\" content=\"image\/webp\" \/>\n<meta name=\"author\" content=\"Diario del Sur Digital\" \/>\n<meta name=\"twitter:card\" content=\"summary_large_image\" \/>\n<meta name=\"twitter:label1\" content=\"Escrito por\" \/>\n\t<meta name=\"twitter:data1\" content=\"Diario del Sur Digital\" \/>\n\t<meta name=\"twitter:label2\" content=\"Tiempo de lectura\" \/>\n\t<meta name=\"twitter:data2\" content=\"2 minutos\" \/>\n<script type=\"application\/ld+json\" class=\"yoast-schema-graph\">{\"@context\":\"https:\\\/\\\/schema.org\",\"@graph\":[{\"@type\":\"Article\",\"@id\":\"https:\\\/\\\/diariodelsurdigital.com.ar\\\/?p=6408#article\",\"isPartOf\":{\"@id\":\"https:\\\/\\\/diariodelsurdigital.com.ar\\\/?p=6408\"},\"author\":{\"name\":\"Diario del Sur Digital\",\"@id\":\"https:\\\/\\\/diariodelsurdigital.com.ar\\\/#\\\/schema\\\/person\\\/1a4992532ed62965c968031b49195c81\"},\"headline\":\"\u00abJavier Milei es un jalabolas\u00bb: El duro insulto del ministro de Interior de Venezuela contra el presidente argentino\",\"datePublished\":\"2026-01-08T14:57:52+00:00\",\"dateModified\":\"2026-01-08T14:57:53+00:00\",\"mainEntityOfPage\":{\"@id\":\"https:\\\/\\\/diariodelsurdigital.com.ar\\\/?p=6408\"},\"wordCount\":412,\"commentCount\":0,\"image\":{\"@id\":\"https:\\\/\\\/diariodelsurdigital.com.ar\\\/?p=6408#primaryimage\"},\"thumbnailUrl\":\"https:\\\/\\\/diariodelsurdigital.com.ar\\\/wp-content\\\/uploads\\\/2026\\\/01\\\/md-32.webp\",\"articleSection\":[\"Internacionales\",\"Pol\u00edtica\"],\"inLanguage\":\"es\",\"potentialAction\":[{\"@type\":\"CommentAction\",\"name\":\"Comment\",\"target\":[\"https:\\\/\\\/diariodelsurdigital.com.ar\\\/?p=6408#respond\"]}]},{\"@type\":\"WebPage\",\"@id\":\"https:\\\/\\\/diariodelsurdigital.com.ar\\\/?p=6408\",\"url\":\"https:\\\/\\\/diariodelsurdigital.com.ar\\\/?p=6408\",\"name\":\"\\\"Javier Milei es un jalabolas\\\": El duro insulto del ministro de Interior de Venezuela contra el presidente argentino - Diario del Sur\",\"isPartOf\":{\"@id\":\"https:\\\/\\\/diariodelsurdigital.com.ar\\\/#website\"},\"primaryImageOfPage\":{\"@id\":\"https:\\\/\\\/diariodelsurdigital.com.ar\\\/?p=6408#primaryimage\"},\"image\":{\"@id\":\"https:\\\/\\\/diariodelsurdigital.com.ar\\\/?p=6408#primaryimage\"},\"thumbnailUrl\":\"https:\\\/\\\/diariodelsurdigital.com.ar\\\/wp-content\\\/uploads\\\/2026\\\/01\\\/md-32.webp\",\"datePublished\":\"2026-01-08T14:57:52+00:00\",\"dateModified\":\"2026-01-08T14:57:53+00:00\",\"author\":{\"@id\":\"https:\\\/\\\/diariodelsurdigital.com.ar\\\/#\\\/schema\\\/person\\\/1a4992532ed62965c968031b49195c81\"},\"breadcrumb\":{\"@id\":\"https:\\\/\\\/diariodelsurdigital.com.ar\\\/?p=6408#breadcrumb\"},\"inLanguage\":\"es\",\"potentialAction\":[{\"@type\":\"ReadAction\",\"target\":[\"https:\\\/\\\/diariodelsurdigital.com.ar\\\/?p=6408\"]}]},{\"@type\":\"ImageObject\",\"inLanguage\":\"es\",\"@id\":\"https:\\\/\\\/diariodelsurdigital.com.ar\\\/?p=6408#primaryimage\",\"url\":\"https:\\\/\\\/diariodelsurdigital.com.ar\\\/wp-content\\\/uploads\\\/2026\\\/01\\\/md-32.webp\",\"contentUrl\":\"https:\\\/\\\/diariodelsurdigital.com.ar\\\/wp-content\\\/uploads\\\/2026\\\/01\\\/md-32.webp\",\"width\":992,\"height\":557},{\"@type\":\"BreadcrumbList\",\"@id\":\"https:\\\/\\\/diariodelsurdigital.com.ar\\\/?p=6408#breadcrumb\",\"itemListElement\":[{\"@type\":\"ListItem\",\"position\":1,\"name\":\"Portada\",\"item\":\"https:\\\/\\\/diariodelsurdigital.com.ar\\\/\"},{\"@type\":\"ListItem\",\"position\":2,\"name\":\"\u00abJavier Milei es un jalabolas\u00bb: El duro insulto del ministro de Interior de Venezuela contra el presidente argentino\"}]},{\"@type\":\"WebSite\",\"@id\":\"https:\\\/\\\/diariodelsurdigital.com.ar\\\/#website\",\"url\":\"https:\\\/\\\/diariodelsurdigital.com.ar\\\/\",\"name\":\"Diario del Sur\",\"description\":\"Digital\",\"potentialAction\":[{\"@type\":\"SearchAction\",\"target\":{\"@type\":\"EntryPoint\",\"urlTemplate\":\"https:\\\/\\\/diariodelsurdigital.com.ar\\\/?s={search_term_string}\"},\"query-input\":{\"@type\":\"PropertyValueSpecification\",\"valueRequired\":true,\"valueName\":\"search_term_string\"}}],\"inLanguage\":\"es\"},{\"@type\":\"Person\",\"@id\":\"https:\\\/\\\/diariodelsurdigital.com.ar\\\/#\\\/schema\\\/person\\\/1a4992532ed62965c968031b49195c81\",\"name\":\"Diario del Sur Digital\",\"image\":{\"@type\":\"ImageObject\",\"inLanguage\":\"es\",\"@id\":\"https:\\\/\\\/secure.gravatar.com\\\/avatar\\\/f0c7c47fc7146d19828273b9b8eda651c9c7ab583767e6338d3d3bee825adf76?s=96&d=mm&r=g\",\"url\":\"https:\\\/\\\/secure.gravatar.com\\\/avatar\\\/f0c7c47fc7146d19828273b9b8eda651c9c7ab583767e6338d3d3bee825adf76?s=96&d=mm&r=g\",\"contentUrl\":\"https:\\\/\\\/secure.gravatar.com\\\/avatar\\\/f0c7c47fc7146d19828273b9b8eda651c9c7ab583767e6338d3d3bee825adf76?s=96&d=mm&r=g\",\"caption\":\"Diario del Sur Digital\"},\"url\":\"https:\\\/\\\/diariodelsurdigital.com.ar\\\/?author=4\"}]}<\/script>\n<!-- \/ Yoast SEO plugin. -->","yoast_head_json":{"title":"\"Javier Milei es un jalabolas\": El duro insulto del ministro de Interior de Venezuela contra el presidente argentino - Diario del Sur","robots":{"index":"index","follow":"follow","max-snippet":"max-snippet:-1","max-image-preview":"max-image-preview:large","max-video-preview":"max-video-preview:-1"},"canonical":"https:\/\/diariodelsurdigital.com.ar\/?p=6408","og_locale":"es_ES","og_type":"article","og_title":"\"Javier Milei es un jalabolas\": El duro insulto del ministro de Interior de Venezuela contra el presidente argentino - Diario del Sur","og_description":"Diosdado Cabello apunt\u00f3 contra Milei y el mandatario de Ecuador por sus dichos vinculados al Cartel de los Soles. El funcionario habl\u00f3 durante la emisi\u00f3n de su programa \u00abCon el mazo dando\u00bb. .El ministro de Interior de Venezuela, Diosdado Cabello, aprovech\u00f3 para insultar al presidente argentino Javier Milei, durante la emisi\u00f3n de su programa \u00abCon [&hellip;]","og_url":"https:\/\/diariodelsurdigital.com.ar\/?p=6408","og_site_name":"Diario del Sur","article_published_time":"2026-01-08T14:57:52+00:00","article_modified_time":"2026-01-08T14:57:53+00:00","og_image":[{"width":992,"height":557,"url":"https:\/\/diariodelsurdigital.com.ar\/wp-content\/uploads\/2026\/01\/md-32.webp","type":"image\/webp"}],"author":"Diario del Sur Digital","twitter_card":"summary_large_image","twitter_misc":{"Escrito por":"Diario del Sur Digital","Tiempo de lectura":"2 minutos"},"schema":{"@context":"https:\/\/schema.org","@graph":[{"@type":"Article","@id":"https:\/\/diariodelsurdigital.com.ar\/?p=6408#article","isPartOf":{"@id":"https:\/\/diariodelsurdigital.com.ar\/?p=6408"},"author":{"name":"Diario del Sur Digital","@id":"https:\/\/diariodelsurdigital.com.ar\/#\/schema\/person\/1a4992532ed62965c968031b49195c81"},"headline":"\u00abJavier Milei es un jalabolas\u00bb: El duro insulto del ministro de Interior de Venezuela contra el presidente argentino","datePublished":"2026-01-08T14:57:52+00:00","dateModified":"2026-01-08T14:57:53+00:00","mainEntityOfPage":{"@id":"https:\/\/diariodelsurdigital.com.ar\/?p=6408"},"wordCount":412,"commentCount":0,"image":{"@id":"https:\/\/diariodelsurdigital.com.ar\/?p=6408#primaryimage"},"thumbnailUrl":"https:\/\/diariodelsurdigital.com.ar\/wp-content\/uploads\/2026\/01\/md-32.webp","articleSection":["Internacionales","Pol\u00edtica"],"inLanguage":"es","potentialAction":[{"@type":"CommentAction","name":"Comment","target":["https:\/\/diariodelsurdigital.com.ar\/?p=6408#respond"]}]},{"@type":"WebPage","@id":"https:\/\/diariodelsurdigital.com.ar\/?p=6408","url":"https:\/\/diariodelsurdigital.com.ar\/?p=6408","name":"\"Javier Milei es un jalabolas\": El duro insulto del ministro de Interior de Venezuela contra el presidente argentino - Diario del Sur","isPartOf":{"@id":"https:\/\/diariodelsurdigital.com.ar\/#website"},"primaryImageOfPage":{"@id":"https:\/\/diariodelsurdigital.com.ar\/?p=6408#primaryimage"},"image":{"@id":"https:\/\/diariodelsurdigital.com.ar\/?p=6408#primaryimage"},"thumbnailUrl":"https:\/\/diariodelsurdigital.com.ar\/wp-content\/uploads\/2026\/01\/md-32.webp","datePublished":"2026-01-08T14:57:52+00:00","dateModified":"2026-01-08T14:57:53+00:00","author":{"@id":"https:\/\/diariodelsurdigital.com.ar\/#\/schema\/person\/1a4992532ed62965c968031b49195c81"},"breadcrumb":{"@id":"https:\/\/diariodelsurdigital.com.ar\/?p=6408#breadcrumb"},"inLanguage":"es","potentialAction":[{"@type":"ReadAction","target":["https:\/\/diariodelsurdigital.com.ar\/?p=6408"]}]},{"@type":"ImageObject","inLanguage":"es","@id":"https:\/\/diariodelsurdigital.com.ar\/?p=6408#primaryimage","url":"https:\/\/diariodelsurdigital.com.ar\/wp-content\/uploads\/2026\/01\/md-32.webp","contentUrl":"https:\/\/diariodelsurdigital.com.ar\/wp-content\/uploads\/2026\/01\/md-32.webp","width":992,"height":557},{"@type":"BreadcrumbList","@id":"https:\/\/diariodelsurdigital.com.ar\/?p=6408#breadcrumb","itemListElement":[{"@type":"ListItem","position":1,"name":"Portada","item":"https:\/\/diariodelsurdigital.com.ar\/"},{"@type":"ListItem","position":2,"name":"\u00abJavier Milei es un jalabolas\u00bb: El duro insulto del ministro de Interior de Venezuela contra el presidente argentino"}]},{"@type":"WebSite","@id":"https:\/\/diariodelsurdigital.com.ar\/#website","url":"https:\/\/diariodelsurdigital.com.ar\/","name":"Diario del Sur","description":"Digital","potentialAction":[{"@type":"SearchAction","target":{"@type":"EntryPoint","urlTemplate":"https:\/\/diariodelsurdigital.com.ar\/?s={search_term_string}"},"query-input":{"@type":"PropertyValueSpecification","valueRequired":true,"valueName":"search_term_string"}}],"inLanguage":"es"},{"@type":"Person","@id":"https:\/\/diariodelsurdigital.com.ar\/#\/schema\/person\/1a4992532ed62965c968031b49195c81","name":"Diario del Sur Digital","image":{"@type":"ImageObject","inLanguage":"es","@id":"https:\/\/secure.gravatar.com\/avatar\/f0c7c47fc7146d19828273b9b8eda651c9c7ab583767e6338d3d3bee825adf76?s=96&d=mm&r=g","url":"https:\/\/secure.gravatar.com\/avatar\/f0c7c47fc7146d19828273b9b8eda651c9c7ab583767e6338d3d3bee825adf76?s=96&d=mm&r=g","contentUrl":"https:\/\/secure.gravatar.com\/avatar\/f0c7c47fc7146d19828273b9b8eda651c9c7ab583767e6338d3d3bee825adf76?s=96&d=mm&r=g","caption":"Diario del Sur Digital"},"url":"https:\/\/diariodelsurdigital.com.ar\/?author=4"}]}},"_links":{"self":[{"href":"https:\/\/diariodelsurdigital.com.ar\/index.php?rest_route=\/wp\/v2\/posts\/6408","targetHints":{"allow":["GET"]}}],"collection":[{"href":"https:\/\/diariodelsurdigital.com.ar\/index.php?rest_route=\/wp\/v2\/posts"}],"about":[{"href":"https:\/\/diariodelsurdigital.com.ar\/index.php?rest_route=\/wp\/v2\/types\/post"}],"author":[{"embeddable":true,"href":"https:\/\/diariodelsurdigital.com.ar\/index.php?rest_route=\/wp\/v2\/users\/4"}],"replies":[{"embeddable":true,"href":"https:\/\/diariodelsurdigital.com.ar\/index.php?rest_route=%2Fwp%2Fv2%2Fcomments&post=6408"}],"version-history":[{"count":1,"href":"https:\/\/diariodelsurdigital.com.ar\/index.php?rest_route=\/wp\/v2\/posts\/6408\/revisions"}],"predecessor-version":[{"id":6410,"href":"https:\/\/diariodelsurdigital.com.ar\/index.php?rest_route=\/wp\/v2\/posts\/6408\/revisions\/6410"}],"wp:featuredmedia":[{"embeddable":true,"href":"https:\/\/diariodelsurdigital.com.ar\/index.php?rest_route=\/wp\/v2\/media\/6409"}],"wp:attachment":[{"href":"https:\/\/diariodelsurdigital.com.ar\/index.php?rest_route=%2Fwp%2Fv2%2Fmedia&parent=6408"}],"wp:term":[{"taxonomy":"category","embeddable":true,"href":"https:\/\/diariodelsurdigital.com.ar\/index.php?rest_route=%2Fwp%2Fv2%2Fcategories&post=6408"},{"taxonomy":"post_tag","embeddable":true,"href":"https:\/\/diariodelsurdigital.com.ar\/index.php?rest_route=%2Fwp%2Fv2%2Ftags&post=6408"}],"curies":[{"name":"wp","href":"https:\/\/api.w.org\/{rel}","templated":true}]}}