{"id":6411,"date":"2026-01-08T11:59:43","date_gmt":"2026-01-08T14:59:43","guid":{"rendered":"https:\/\/diariodelsurdigital.com.ar\/?p=6411"},"modified":"2026-01-08T11:59:44","modified_gmt":"2026-01-08T14:59:44","slug":"siniestros-viales-federacion-de-trabajadores-lamento-las-muertes-en-entre-rios-y-advirtio-sobre-la-desinversion","status":"publish","type":"post","link":"https:\/\/diariodelsurdigital.com.ar\/?p=6411","title":{"rendered":"Siniestros viales: Federaci\u00f3n de trabajadores lament\u00f3 las muertes en Entre R\u00edos y advirti\u00f3 sobre la desinversi\u00f3n"},"content":{"rendered":"\n<p>\u00abLo que no se invierte en rutas se paga con vidas\u00bb advirti\u00f3 la Federaci\u00f3n de Personal de Vialidad Nacional (FEPEVINA) por los recientes siniestros viales ocurridos en Entre R\u00edos, donde hubo 13 muertes en los \u00faltimos d\u00edas. Se focaliz\u00f3 que los tramos m\u00e1s afectados son rutas estrat\u00e9gicas: \u201cEn Entre R\u00edos, tramos clave como las rutas 127, 12, 14 y 18 presentan deformaciones, baches, falta de demarcaci\u00f3n e iluminaci\u00f3n\u201d. Se cuestion\u00f3 que \u201cno es un problema t\u00e9cnico: es una decisi\u00f3n pol\u00edtica\u201d.<\/p>\n\n\n\n<p>La Federaci\u00f3n de Personal de Vialidad Nacional (FEPEVINA) expres\u00f3 su profundo pesar por los recientes siniestros viales ocurridos en la provincia de Entre R\u00edos, donde se registraron diez muertes, y advirti\u00f3 que \u201clo que no se invierte en rutas se paga con vidas\u201d. El comunicado, que se emiti\u00f3 el martes 6, refiri\u00f3 a diez decesos en siniestros viales. La acuciante din\u00e1mica vial sum\u00f3 en dos d\u00edas tres v\u00edctimas nuevas que no fueron consignadas en el posicionamiento p\u00fablico.<\/p>\n\n\n\n<p>Menos inversi\u00f3n m\u00e1s riesgo<\/p>\n\n\n\n<p>A trav\u00e9s de una declaraci\u00f3n p\u00fablica, que se\u00f1al\u00f3 el estado cr\u00edtico de la infraestructura vial, FEPEVINA sostuvo que \u201cla falta de inversi\u00f3n y de obras convierte cada viaje en un riesgo: m\u00e1s accidentes, m\u00e1s muertes\u201d, precis\u00f3 el portal Sitio Gremial.<\/p>\n\n\n\n<p>La organizaci\u00f3n gremial alert\u00f3 sobre el deterioro creciente de los caminos entrerrianos, lo que sucede en los distintos puntos del pa\u00eds, y denunci\u00f3 la ausencia de pol\u00edticas p\u00fablicas para revertir la situaci\u00f3n.<\/p>\n\n\n\n<p>Grave deterioro<\/p>\n\n\n\n<p>FEPEVINA apunt\u00f3 que los tramos m\u00e1s afectados son rutas estrat\u00e9gicas de la provincia. \u201cEn Entre R\u00edos, tramos clave como las rutas 127, 12, 14 y 18 presentan deformaciones, baches, falta de demarcaci\u00f3n e iluminaci\u00f3n\u201d, remarc\u00f3 la entidad sindical.<\/p>\n\n\n\n<p>Adem\u00e1s, la Federaci\u00f3n alert\u00f3 sobre la peligrosidad creciente de la circulaci\u00f3n en esas condiciones: \u201cCircular a baja velocidad ya no garantiza seguridad\u201d.<\/p>\n\n\n\n<p>Peajes sin obras<\/p>\n\n\n\n<p>En su pronunciamiento, la organizaci\u00f3n gremial tambi\u00e9n cuestion\u00f3 el cobro de peajes sin contraprestaci\u00f3n en obras. \u201cA rutas destruidas, peajes caros y sin obras\u201d, se\u00f1al\u00f3 la entidad, y critic\u00f3 que \u201cse cobra por transitar, pero no se invierte en soluciones reales\u201d.<\/p>\n\n\n\n<p>Al respecto, FEPEVINA se\u00f1al\u00f3 que esta situaci\u00f3n no s\u00f3lo compromete la seguridad vial sino que tambi\u00e9n \u201cafecta la producci\u00f3n, el turismo y pone en peligro a toda la poblaci\u00f3n\u201d.<\/p>\n\n\n\n<p>Fuerte advertencia<\/p>\n\n\n\n<p>La declaraci\u00f3n de la Federaci\u00f3n dej\u00f3 un mensaje contundente: \u201cDefender Vialidad es defender la vida\u201d. Y denunci\u00f3 que \u201csin obras, sin mantenimiento y sin control, las rutas siguen cobrando v\u00edctimas\u201d. Por \u00faltimo, se reafirm\u00f3: \u201cNo es un problema t\u00e9cnico: es una decisi\u00f3n pol\u00edtica\u201d.<\/p>\n\n\n\n<p><\/p>\n","protected":false},"excerpt":{"rendered":"<p>\u00abLo que no se invierte en rutas se paga con vidas\u00bb advirti\u00f3 la Federaci\u00f3n de Personal de Vialidad Nacional (FEPEVINA) por los recientes siniestros viales ocurridos en Entre R\u00edos, donde hubo 13 muertes en los \u00faltimos d\u00edas. Se focaliz\u00f3 que los tramos m\u00e1s afectados son rutas estrat\u00e9gicas: \u201cEn Entre R\u00edos, tramos clave como las rutas [&hellip;]<\/p>\n","protected":false},"author":4,"featured_media":6412,"comment_status":"open","ping_status":"open","sticky":false,"template":"","format":"standard","meta":{"footnotes":""},"categories":[17],"tags":[],"class_list":{"0":"post-6411","1":"post","2":"type-post","3":"status-publish","4":"format-standard","5":"has-post-thumbnail","7":"category-provinciales"},"yoast_head":"<!-- This site is optimized with the Yoast SEO plugin v27.4 - https:\/\/yoast.com\/product\/yoast-seo-wordpress\/ -->\n<title>Siniestros viales: Federaci\u00f3n de trabajadores lament\u00f3 las muertes en Entre R\u00edos y advirti\u00f3 sobre la desinversi\u00f3n - Diario del Sur<\/title>\n<meta name=\"robots\" content=\"index, follow, max-snippet:-1, max-image-preview:large, max-video-preview:-1\" \/>\n<link rel=\"canonical\" href=\"https:\/\/diariodelsurdigital.com.ar\/?p=6411\" \/>\n<meta property=\"og:locale\" content=\"es_ES\" \/>\n<meta property=\"og:type\" content=\"article\" \/>\n<meta property=\"og:title\" content=\"Siniestros viales: Federaci\u00f3n de trabajadores lament\u00f3 las muertes en Entre R\u00edos y advirti\u00f3 sobre la desinversi\u00f3n - Diario del Sur\" \/>\n<meta property=\"og:description\" content=\"\u00abLo que no se invierte en rutas se paga con vidas\u00bb advirti\u00f3 la Federaci\u00f3n de Personal de Vialidad Nacional (FEPEVINA) por los recientes siniestros viales ocurridos en Entre R\u00edos, donde hubo 13 muertes en los \u00faltimos d\u00edas. Se focaliz\u00f3 que los tramos m\u00e1s afectados son rutas estrat\u00e9gicas: \u201cEn Entre R\u00edos, tramos clave como las rutas [&hellip;]\" \/>\n<meta property=\"og:url\" content=\"https:\/\/diariodelsurdigital.com.ar\/?p=6411\" \/>\n<meta property=\"og:site_name\" content=\"Diario del Sur\" \/>\n<meta property=\"article:published_time\" content=\"2026-01-08T14:59:43+00:00\" \/>\n<meta property=\"article:modified_time\" content=\"2026-01-08T14:59:44+00:00\" \/>\n<meta property=\"og:image\" content=\"https:\/\/diariodelsurdigital.com.ar\/wp-content\/uploads\/2026\/01\/md-33.webp\" \/>\n\t<meta property=\"og:image:width\" content=\"992\" \/>\n\t<meta property=\"og:image:height\" content=\"559\" \/>\n\t<meta property=\"og:image:type\" content=\"image\/webp\" \/>\n<meta name=\"author\" content=\"Diario del Sur Digital\" \/>\n<meta name=\"twitter:card\" content=\"summary_large_image\" \/>\n<meta name=\"twitter:label1\" content=\"Escrito por\" \/>\n\t<meta name=\"twitter:data1\" content=\"Diario del Sur Digital\" \/>\n\t<meta name=\"twitter:label2\" content=\"Tiempo de lectura\" \/>\n\t<meta name=\"twitter:data2\" content=\"3 minutos\" \/>\n<script type=\"application\/ld+json\" class=\"yoast-schema-graph\">{\"@context\":\"https:\\\/\\\/schema.org\",\"@graph\":[{\"@type\":\"Article\",\"@id\":\"https:\\\/\\\/diariodelsurdigital.com.ar\\\/?p=6411#article\",\"isPartOf\":{\"@id\":\"https:\\\/\\\/diariodelsurdigital.com.ar\\\/?p=6411\"},\"author\":{\"name\":\"Diario del Sur Digital\",\"@id\":\"https:\\\/\\\/diariodelsurdigital.com.ar\\\/#\\\/schema\\\/person\\\/1a4992532ed62965c968031b49195c81\"},\"headline\":\"Siniestros viales: Federaci\u00f3n de trabajadores lament\u00f3 las muertes en Entre R\u00edos y advirti\u00f3 sobre la desinversi\u00f3n\",\"datePublished\":\"2026-01-08T14:59:43+00:00\",\"dateModified\":\"2026-01-08T14:59:44+00:00\",\"mainEntityOfPage\":{\"@id\":\"https:\\\/\\\/diariodelsurdigital.com.ar\\\/?p=6411\"},\"wordCount\":478,\"commentCount\":0,\"image\":{\"@id\":\"https:\\\/\\\/diariodelsurdigital.com.ar\\\/?p=6411#primaryimage\"},\"thumbnailUrl\":\"https:\\\/\\\/diariodelsurdigital.com.ar\\\/wp-content\\\/uploads\\\/2026\\\/01\\\/md-33.webp\",\"articleSection\":[\"Provinciales\"],\"inLanguage\":\"es\",\"potentialAction\":[{\"@type\":\"CommentAction\",\"name\":\"Comment\",\"target\":[\"https:\\\/\\\/diariodelsurdigital.com.ar\\\/?p=6411#respond\"]}]},{\"@type\":\"WebPage\",\"@id\":\"https:\\\/\\\/diariodelsurdigital.com.ar\\\/?p=6411\",\"url\":\"https:\\\/\\\/diariodelsurdigital.com.ar\\\/?p=6411\",\"name\":\"Siniestros viales: Federaci\u00f3n de trabajadores lament\u00f3 las muertes en Entre R\u00edos y advirti\u00f3 sobre la desinversi\u00f3n - Diario del Sur\",\"isPartOf\":{\"@id\":\"https:\\\/\\\/diariodelsurdigital.com.ar\\\/#website\"},\"primaryImageOfPage\":{\"@id\":\"https:\\\/\\\/diariodelsurdigital.com.ar\\\/?p=6411#primaryimage\"},\"image\":{\"@id\":\"https:\\\/\\\/diariodelsurdigital.com.ar\\\/?p=6411#primaryimage\"},\"thumbnailUrl\":\"https:\\\/\\\/diariodelsurdigital.com.ar\\\/wp-content\\\/uploads\\\/2026\\\/01\\\/md-33.webp\",\"datePublished\":\"2026-01-08T14:59:43+00:00\",\"dateModified\":\"2026-01-08T14:59:44+00:00\",\"author\":{\"@id\":\"https:\\\/\\\/diariodelsurdigital.com.ar\\\/#\\\/schema\\\/person\\\/1a4992532ed62965c968031b49195c81\"},\"breadcrumb\":{\"@id\":\"https:\\\/\\\/diariodelsurdigital.com.ar\\\/?p=6411#breadcrumb\"},\"inLanguage\":\"es\",\"potentialAction\":[{\"@type\":\"ReadAction\",\"target\":[\"https:\\\/\\\/diariodelsurdigital.com.ar\\\/?p=6411\"]}]},{\"@type\":\"ImageObject\",\"inLanguage\":\"es\",\"@id\":\"https:\\\/\\\/diariodelsurdigital.com.ar\\\/?p=6411#primaryimage\",\"url\":\"https:\\\/\\\/diariodelsurdigital.com.ar\\\/wp-content\\\/uploads\\\/2026\\\/01\\\/md-33.webp\",\"contentUrl\":\"https:\\\/\\\/diariodelsurdigital.com.ar\\\/wp-content\\\/uploads\\\/2026\\\/01\\\/md-33.webp\",\"width\":992,\"height\":559},{\"@type\":\"BreadcrumbList\",\"@id\":\"https:\\\/\\\/diariodelsurdigital.com.ar\\\/?p=6411#breadcrumb\",\"itemListElement\":[{\"@type\":\"ListItem\",\"position\":1,\"name\":\"Portada\",\"item\":\"https:\\\/\\\/diariodelsurdigital.com.ar\\\/\"},{\"@type\":\"ListItem\",\"position\":2,\"name\":\"Siniestros viales: Federaci\u00f3n de trabajadores lament\u00f3 las muertes en Entre R\u00edos y advirti\u00f3 sobre la desinversi\u00f3n\"}]},{\"@type\":\"WebSite\",\"@id\":\"https:\\\/\\\/diariodelsurdigital.com.ar\\\/#website\",\"url\":\"https:\\\/\\\/diariodelsurdigital.com.ar\\\/\",\"name\":\"Diario del Sur\",\"description\":\"Digital\",\"potentialAction\":[{\"@type\":\"SearchAction\",\"target\":{\"@type\":\"EntryPoint\",\"urlTemplate\":\"https:\\\/\\\/diariodelsurdigital.com.ar\\\/?s={search_term_string}\"},\"query-input\":{\"@type\":\"PropertyValueSpecification\",\"valueRequired\":true,\"valueName\":\"search_term_string\"}}],\"inLanguage\":\"es\"},{\"@type\":\"Person\",\"@id\":\"https:\\\/\\\/diariodelsurdigital.com.ar\\\/#\\\/schema\\\/person\\\/1a4992532ed62965c968031b49195c81\",\"name\":\"Diario del Sur Digital\",\"image\":{\"@type\":\"ImageObject\",\"inLanguage\":\"es\",\"@id\":\"https:\\\/\\\/secure.gravatar.com\\\/avatar\\\/f0c7c47fc7146d19828273b9b8eda651c9c7ab583767e6338d3d3bee825adf76?s=96&d=mm&r=g\",\"url\":\"https:\\\/\\\/secure.gravatar.com\\\/avatar\\\/f0c7c47fc7146d19828273b9b8eda651c9c7ab583767e6338d3d3bee825adf76?s=96&d=mm&r=g\",\"contentUrl\":\"https:\\\/\\\/secure.gravatar.com\\\/avatar\\\/f0c7c47fc7146d19828273b9b8eda651c9c7ab583767e6338d3d3bee825adf76?s=96&d=mm&r=g\",\"caption\":\"Diario del Sur Digital\"},\"url\":\"https:\\\/\\\/diariodelsurdigital.com.ar\\\/?author=4\"}]}<\/script>\n<!-- \/ Yoast SEO plugin. -->","yoast_head_json":{"title":"Siniestros viales: Federaci\u00f3n de trabajadores lament\u00f3 las muertes en Entre R\u00edos y advirti\u00f3 sobre la desinversi\u00f3n - Diario del Sur","robots":{"index":"index","follow":"follow","max-snippet":"max-snippet:-1","max-image-preview":"max-image-preview:large","max-video-preview":"max-video-preview:-1"},"canonical":"https:\/\/diariodelsurdigital.com.ar\/?p=6411","og_locale":"es_ES","og_type":"article","og_title":"Siniestros viales: Federaci\u00f3n de trabajadores lament\u00f3 las muertes en Entre R\u00edos y advirti\u00f3 sobre la desinversi\u00f3n - Diario del Sur","og_description":"\u00abLo que no se invierte en rutas se paga con vidas\u00bb advirti\u00f3 la Federaci\u00f3n de Personal de Vialidad Nacional (FEPEVINA) por los recientes siniestros viales ocurridos en Entre R\u00edos, donde hubo 13 muertes en los \u00faltimos d\u00edas. Se focaliz\u00f3 que los tramos m\u00e1s afectados son rutas estrat\u00e9gicas: \u201cEn Entre R\u00edos, tramos clave como las rutas [&hellip;]","og_url":"https:\/\/diariodelsurdigital.com.ar\/?p=6411","og_site_name":"Diario del Sur","article_published_time":"2026-01-08T14:59:43+00:00","article_modified_time":"2026-01-08T14:59:44+00:00","og_image":[{"width":992,"height":559,"url":"https:\/\/diariodelsurdigital.com.ar\/wp-content\/uploads\/2026\/01\/md-33.webp","type":"image\/webp"}],"author":"Diario del Sur Digital","twitter_card":"summary_large_image","twitter_misc":{"Escrito por":"Diario del Sur Digital","Tiempo de lectura":"3 minutos"},"schema":{"@context":"https:\/\/schema.org","@graph":[{"@type":"Article","@id":"https:\/\/diariodelsurdigital.com.ar\/?p=6411#article","isPartOf":{"@id":"https:\/\/diariodelsurdigital.com.ar\/?p=6411"},"author":{"name":"Diario del Sur Digital","@id":"https:\/\/diariodelsurdigital.com.ar\/#\/schema\/person\/1a4992532ed62965c968031b49195c81"},"headline":"Siniestros viales: Federaci\u00f3n de trabajadores lament\u00f3 las muertes en Entre R\u00edos y advirti\u00f3 sobre la desinversi\u00f3n","datePublished":"2026-01-08T14:59:43+00:00","dateModified":"2026-01-08T14:59:44+00:00","mainEntityOfPage":{"@id":"https:\/\/diariodelsurdigital.com.ar\/?p=6411"},"wordCount":478,"commentCount":0,"image":{"@id":"https:\/\/diariodelsurdigital.com.ar\/?p=6411#primaryimage"},"thumbnailUrl":"https:\/\/diariodelsurdigital.com.ar\/wp-content\/uploads\/2026\/01\/md-33.webp","articleSection":["Provinciales"],"inLanguage":"es","potentialAction":[{"@type":"CommentAction","name":"Comment","target":["https:\/\/diariodelsurdigital.com.ar\/?p=6411#respond"]}]},{"@type":"WebPage","@id":"https:\/\/diariodelsurdigital.com.ar\/?p=6411","url":"https:\/\/diariodelsurdigital.com.ar\/?p=6411","name":"Siniestros viales: Federaci\u00f3n de trabajadores lament\u00f3 las muertes en Entre R\u00edos y advirti\u00f3 sobre la desinversi\u00f3n - Diario del Sur","isPartOf":{"@id":"https:\/\/diariodelsurdigital.com.ar\/#website"},"primaryImageOfPage":{"@id":"https:\/\/diariodelsurdigital.com.ar\/?p=6411#primaryimage"},"image":{"@id":"https:\/\/diariodelsurdigital.com.ar\/?p=6411#primaryimage"},"thumbnailUrl":"https:\/\/diariodelsurdigital.com.ar\/wp-content\/uploads\/2026\/01\/md-33.webp","datePublished":"2026-01-08T14:59:43+00:00","dateModified":"2026-01-08T14:59:44+00:00","author":{"@id":"https:\/\/diariodelsurdigital.com.ar\/#\/schema\/person\/1a4992532ed62965c968031b49195c81"},"breadcrumb":{"@id":"https:\/\/diariodelsurdigital.com.ar\/?p=6411#breadcrumb"},"inLanguage":"es","potentialAction":[{"@type":"ReadAction","target":["https:\/\/diariodelsurdigital.com.ar\/?p=6411"]}]},{"@type":"ImageObject","inLanguage":"es","@id":"https:\/\/diariodelsurdigital.com.ar\/?p=6411#primaryimage","url":"https:\/\/diariodelsurdigital.com.ar\/wp-content\/uploads\/2026\/01\/md-33.webp","contentUrl":"https:\/\/diariodelsurdigital.com.ar\/wp-content\/uploads\/2026\/01\/md-33.webp","width":992,"height":559},{"@type":"BreadcrumbList","@id":"https:\/\/diariodelsurdigital.com.ar\/?p=6411#breadcrumb","itemListElement":[{"@type":"ListItem","position":1,"name":"Portada","item":"https:\/\/diariodelsurdigital.com.ar\/"},{"@type":"ListItem","position":2,"name":"Siniestros viales: Federaci\u00f3n de trabajadores lament\u00f3 las muertes en Entre R\u00edos y advirti\u00f3 sobre la desinversi\u00f3n"}]},{"@type":"WebSite","@id":"https:\/\/diariodelsurdigital.com.ar\/#website","url":"https:\/\/diariodelsurdigital.com.ar\/","name":"Diario del Sur","description":"Digital","potentialAction":[{"@type":"SearchAction","target":{"@type":"EntryPoint","urlTemplate":"https:\/\/diariodelsurdigital.com.ar\/?s={search_term_string}"},"query-input":{"@type":"PropertyValueSpecification","valueRequired":true,"valueName":"search_term_string"}}],"inLanguage":"es"},{"@type":"Person","@id":"https:\/\/diariodelsurdigital.com.ar\/#\/schema\/person\/1a4992532ed62965c968031b49195c81","name":"Diario del Sur Digital","image":{"@type":"ImageObject","inLanguage":"es","@id":"https:\/\/secure.gravatar.com\/avatar\/f0c7c47fc7146d19828273b9b8eda651c9c7ab583767e6338d3d3bee825adf76?s=96&d=mm&r=g","url":"https:\/\/secure.gravatar.com\/avatar\/f0c7c47fc7146d19828273b9b8eda651c9c7ab583767e6338d3d3bee825adf76?s=96&d=mm&r=g","contentUrl":"https:\/\/secure.gravatar.com\/avatar\/f0c7c47fc7146d19828273b9b8eda651c9c7ab583767e6338d3d3bee825adf76?s=96&d=mm&r=g","caption":"Diario del Sur Digital"},"url":"https:\/\/diariodelsurdigital.com.ar\/?author=4"}]}},"_links":{"self":[{"href":"https:\/\/diariodelsurdigital.com.ar\/index.php?rest_route=\/wp\/v2\/posts\/6411","targetHints":{"allow":["GET"]}}],"collection":[{"href":"https:\/\/diariodelsurdigital.com.ar\/index.php?rest_route=\/wp\/v2\/posts"}],"about":[{"href":"https:\/\/diariodelsurdigital.com.ar\/index.php?rest_route=\/wp\/v2\/types\/post"}],"author":[{"embeddable":true,"href":"https:\/\/diariodelsurdigital.com.ar\/index.php?rest_route=\/wp\/v2\/users\/4"}],"replies":[{"embeddable":true,"href":"https:\/\/diariodelsurdigital.com.ar\/index.php?rest_route=%2Fwp%2Fv2%2Fcomments&post=6411"}],"version-history":[{"count":1,"href":"https:\/\/diariodelsurdigital.com.ar\/index.php?rest_route=\/wp\/v2\/posts\/6411\/revisions"}],"predecessor-version":[{"id":6413,"href":"https:\/\/diariodelsurdigital.com.ar\/index.php?rest_route=\/wp\/v2\/posts\/6411\/revisions\/6413"}],"wp:featuredmedia":[{"embeddable":true,"href":"https:\/\/diariodelsurdigital.com.ar\/index.php?rest_route=\/wp\/v2\/media\/6412"}],"wp:attachment":[{"href":"https:\/\/diariodelsurdigital.com.ar\/index.php?rest_route=%2Fwp%2Fv2%2Fmedia&parent=6411"}],"wp:term":[{"taxonomy":"category","embeddable":true,"href":"https:\/\/diariodelsurdigital.com.ar\/index.php?rest_route=%2Fwp%2Fv2%2Fcategories&post=6411"},{"taxonomy":"post_tag","embeddable":true,"href":"https:\/\/diariodelsurdigital.com.ar\/index.php?rest_route=%2Fwp%2Fv2%2Ftags&post=6411"}],"curies":[{"name":"wp","href":"https:\/\/api.w.org\/{rel}","templated":true}]}}