{"id":6414,"date":"2026-01-08T12:01:24","date_gmt":"2026-01-08T15:01:24","guid":{"rendered":"https:\/\/diariodelsurdigital.com.ar\/?p=6414"},"modified":"2026-01-08T12:01:25","modified_gmt":"2026-01-08T15:01:25","slug":"la-recaudacion-de-ater-en-2025-crecio-59-anual-y-llego-a-casi-1-billon","status":"publish","type":"post","link":"https:\/\/diariodelsurdigital.com.ar\/?p=6414","title":{"rendered":"La recaudaci\u00f3n de ATER en 2025 creci\u00f3 59% anual y lleg\u00f3 a casi $1 bill\u00f3n"},"content":{"rendered":"\n<p>Entre R\u00edos recaud\u00f3 en diciembre por impuestos propios $97.364 millones. De esa manera, se acumularon en doce meses un total de $988.615 millones. La moratoria en los \u00faltimos meses del a\u00f1o posibilit\u00f3 regularizar deudas y mejorar el resultado final.<\/p>\n\n\n\n<p>La Administradora Tributaria de Entre R\u00edos (ATER) recaud\u00f3 en diciembre pasado $97.364 millones. Fue el segundo mejor mes del a\u00f1o, despu\u00e9s de octubre. Con este dato, el organismo cerr\u00f3 el balance 2025 con un crecimiento nominal del 59,17%, al contabilizar casi $1 bill\u00f3n.<\/p>\n\n\n\n<p>Precisamente, el fisco provincial gener\u00f3 en $988.615 millones durante los doce meses de 2025. La cifra se ubicar\u00eda por encima del nivel inflacionario anual previsto en poco m\u00e1s de 31% acumulado, que ser\u00e1 informado oficialmente la semana pr\u00f3xima por el Indec.<\/p>\n\n\n\n<p>Cabe recordar que ATER puso en marcha en el tramo final del a\u00f1o un Plan Especial de Facilidades de Pago. En tres etapas, desde agosto -y con pr\u00f3rroga hasta el 30 de diciembre-, pudo cobrar deudas a contribuyentes, fundamentalmente empresas, que permiti\u00f3 mejorar la performance al cierre de a\u00f1o.<\/p>\n\n\n\n<p>Impuestos en Entre R\u00edos: recaudaci\u00f3n 2025<\/p>\n\n\n\n<p>Por Ingresos Brutos se recaudaron en 2025 $674.798 millones en Entre R\u00edos. As\u00ed, baj\u00f3 participaci\u00f3n en el total de recaudaci\u00f3n de ATER, al pasar del 75% en 2024 al 68% en 2025.<\/p>\n\n\n\n<p>En segundo lugar se ubic\u00f3 el Inmobiliario, con $111.512 millones en 2025 ($59.728 millones por el Urbano y $51.783 por el Rural). As\u00ed, subi\u00f3 su incidencia y represent\u00f3 el 11% del total.<\/p>\n\n\n\n<p>En tercer lugar qued\u00f3 el Automotor, con $101.683 millones en 2025. Este tributo, que al igual que el Inmobiliario Urbano se pudo pagar hasta en cinco cuotas, represent\u00f3 el 10% del total recaudado.<\/p>\n\n\n\n<p>Por el impuesto de Sellos se generaron $84.660 millones en 2025 y qued\u00f3 cuarto. Este tributo viene aumentando su participaci\u00f3n en la masa recaudatoria y represent\u00f3 estimativamente el 9%, public\u00f3 Dos Florines.<\/p>\n\n\n\n<p>Quinto se ubic\u00f3 el impuesto a las Profesiones Liberales, que gener\u00f3 al fisco $10.249 millones en 2025, public\u00f3 Dos Florines.<\/p>\n","protected":false},"excerpt":{"rendered":"<p>Entre R\u00edos recaud\u00f3 en diciembre por impuestos propios $97.364 millones. De esa manera, se acumularon en doce meses un total de $988.615 millones. La moratoria en los \u00faltimos meses del a\u00f1o posibilit\u00f3 regularizar deudas y mejorar el resultado final. La Administradora Tributaria de Entre R\u00edos (ATER) recaud\u00f3 en diciembre pasado $97.364 millones. Fue el segundo [&hellip;]<\/p>\n","protected":false},"author":4,"featured_media":6415,"comment_status":"open","ping_status":"open","sticky":false,"template":"","format":"standard","meta":{"footnotes":""},"categories":[17],"tags":[],"class_list":{"0":"post-6414","1":"post","2":"type-post","3":"status-publish","4":"format-standard","5":"has-post-thumbnail","7":"category-provinciales"},"yoast_head":"<!-- This site is optimized with the Yoast SEO plugin v27.4 - https:\/\/yoast.com\/product\/yoast-seo-wordpress\/ -->\n<title>La recaudaci\u00f3n de ATER en 2025 creci\u00f3 59% anual y lleg\u00f3 a casi $1 bill\u00f3n - Diario del Sur<\/title>\n<meta name=\"robots\" content=\"index, follow, max-snippet:-1, max-image-preview:large, max-video-preview:-1\" \/>\n<link rel=\"canonical\" href=\"https:\/\/diariodelsurdigital.com.ar\/?p=6414\" \/>\n<meta property=\"og:locale\" content=\"es_ES\" \/>\n<meta property=\"og:type\" content=\"article\" \/>\n<meta property=\"og:title\" content=\"La recaudaci\u00f3n de ATER en 2025 creci\u00f3 59% anual y lleg\u00f3 a casi $1 bill\u00f3n - Diario del Sur\" \/>\n<meta property=\"og:description\" content=\"Entre R\u00edos recaud\u00f3 en diciembre por impuestos propios $97.364 millones. De esa manera, se acumularon en doce meses un total de $988.615 millones. La moratoria en los \u00faltimos meses del a\u00f1o posibilit\u00f3 regularizar deudas y mejorar el resultado final. La Administradora Tributaria de Entre R\u00edos (ATER) recaud\u00f3 en diciembre pasado $97.364 millones. Fue el segundo [&hellip;]\" \/>\n<meta property=\"og:url\" content=\"https:\/\/diariodelsurdigital.com.ar\/?p=6414\" \/>\n<meta property=\"og:site_name\" content=\"Diario del Sur\" \/>\n<meta property=\"article:published_time\" content=\"2026-01-08T15:01:24+00:00\" \/>\n<meta property=\"article:modified_time\" content=\"2026-01-08T15:01:25+00:00\" \/>\n<meta property=\"og:image\" content=\"https:\/\/diariodelsurdigital.com.ar\/wp-content\/uploads\/2026\/01\/md-34.webp\" \/>\n\t<meta property=\"og:image:width\" content=\"992\" \/>\n\t<meta property=\"og:image:height\" content=\"661\" \/>\n\t<meta property=\"og:image:type\" content=\"image\/webp\" \/>\n<meta name=\"author\" content=\"Diario del Sur Digital\" \/>\n<meta name=\"twitter:card\" content=\"summary_large_image\" \/>\n<meta name=\"twitter:label1\" content=\"Escrito por\" \/>\n\t<meta name=\"twitter:data1\" content=\"Diario del Sur Digital\" \/>\n\t<meta name=\"twitter:label2\" content=\"Tiempo de lectura\" \/>\n\t<meta name=\"twitter:data2\" content=\"2 minutos\" \/>\n<script type=\"application\/ld+json\" class=\"yoast-schema-graph\">{\"@context\":\"https:\\\/\\\/schema.org\",\"@graph\":[{\"@type\":\"Article\",\"@id\":\"https:\\\/\\\/diariodelsurdigital.com.ar\\\/?p=6414#article\",\"isPartOf\":{\"@id\":\"https:\\\/\\\/diariodelsurdigital.com.ar\\\/?p=6414\"},\"author\":{\"name\":\"Diario del Sur Digital\",\"@id\":\"https:\\\/\\\/diariodelsurdigital.com.ar\\\/#\\\/schema\\\/person\\\/1a4992532ed62965c968031b49195c81\"},\"headline\":\"La recaudaci\u00f3n de ATER en 2025 creci\u00f3 59% anual y lleg\u00f3 a casi $1 bill\u00f3n\",\"datePublished\":\"2026-01-08T15:01:24+00:00\",\"dateModified\":\"2026-01-08T15:01:25+00:00\",\"mainEntityOfPage\":{\"@id\":\"https:\\\/\\\/diariodelsurdigital.com.ar\\\/?p=6414\"},\"wordCount\":329,\"commentCount\":0,\"image\":{\"@id\":\"https:\\\/\\\/diariodelsurdigital.com.ar\\\/?p=6414#primaryimage\"},\"thumbnailUrl\":\"https:\\\/\\\/diariodelsurdigital.com.ar\\\/wp-content\\\/uploads\\\/2026\\\/01\\\/md-34.webp\",\"articleSection\":[\"Provinciales\"],\"inLanguage\":\"es\",\"potentialAction\":[{\"@type\":\"CommentAction\",\"name\":\"Comment\",\"target\":[\"https:\\\/\\\/diariodelsurdigital.com.ar\\\/?p=6414#respond\"]}]},{\"@type\":\"WebPage\",\"@id\":\"https:\\\/\\\/diariodelsurdigital.com.ar\\\/?p=6414\",\"url\":\"https:\\\/\\\/diariodelsurdigital.com.ar\\\/?p=6414\",\"name\":\"La recaudaci\u00f3n de ATER en 2025 creci\u00f3 59% anual y lleg\u00f3 a casi $1 bill\u00f3n - Diario del Sur\",\"isPartOf\":{\"@id\":\"https:\\\/\\\/diariodelsurdigital.com.ar\\\/#website\"},\"primaryImageOfPage\":{\"@id\":\"https:\\\/\\\/diariodelsurdigital.com.ar\\\/?p=6414#primaryimage\"},\"image\":{\"@id\":\"https:\\\/\\\/diariodelsurdigital.com.ar\\\/?p=6414#primaryimage\"},\"thumbnailUrl\":\"https:\\\/\\\/diariodelsurdigital.com.ar\\\/wp-content\\\/uploads\\\/2026\\\/01\\\/md-34.webp\",\"datePublished\":\"2026-01-08T15:01:24+00:00\",\"dateModified\":\"2026-01-08T15:01:25+00:00\",\"author\":{\"@id\":\"https:\\\/\\\/diariodelsurdigital.com.ar\\\/#\\\/schema\\\/person\\\/1a4992532ed62965c968031b49195c81\"},\"breadcrumb\":{\"@id\":\"https:\\\/\\\/diariodelsurdigital.com.ar\\\/?p=6414#breadcrumb\"},\"inLanguage\":\"es\",\"potentialAction\":[{\"@type\":\"ReadAction\",\"target\":[\"https:\\\/\\\/diariodelsurdigital.com.ar\\\/?p=6414\"]}]},{\"@type\":\"ImageObject\",\"inLanguage\":\"es\",\"@id\":\"https:\\\/\\\/diariodelsurdigital.com.ar\\\/?p=6414#primaryimage\",\"url\":\"https:\\\/\\\/diariodelsurdigital.com.ar\\\/wp-content\\\/uploads\\\/2026\\\/01\\\/md-34.webp\",\"contentUrl\":\"https:\\\/\\\/diariodelsurdigital.com.ar\\\/wp-content\\\/uploads\\\/2026\\\/01\\\/md-34.webp\",\"width\":992,\"height\":661},{\"@type\":\"BreadcrumbList\",\"@id\":\"https:\\\/\\\/diariodelsurdigital.com.ar\\\/?p=6414#breadcrumb\",\"itemListElement\":[{\"@type\":\"ListItem\",\"position\":1,\"name\":\"Portada\",\"item\":\"https:\\\/\\\/diariodelsurdigital.com.ar\\\/\"},{\"@type\":\"ListItem\",\"position\":2,\"name\":\"La recaudaci\u00f3n de ATER en 2025 creci\u00f3 59% anual y lleg\u00f3 a casi $1 bill\u00f3n\"}]},{\"@type\":\"WebSite\",\"@id\":\"https:\\\/\\\/diariodelsurdigital.com.ar\\\/#website\",\"url\":\"https:\\\/\\\/diariodelsurdigital.com.ar\\\/\",\"name\":\"Diario del Sur\",\"description\":\"Digital\",\"potentialAction\":[{\"@type\":\"SearchAction\",\"target\":{\"@type\":\"EntryPoint\",\"urlTemplate\":\"https:\\\/\\\/diariodelsurdigital.com.ar\\\/?s={search_term_string}\"},\"query-input\":{\"@type\":\"PropertyValueSpecification\",\"valueRequired\":true,\"valueName\":\"search_term_string\"}}],\"inLanguage\":\"es\"},{\"@type\":\"Person\",\"@id\":\"https:\\\/\\\/diariodelsurdigital.com.ar\\\/#\\\/schema\\\/person\\\/1a4992532ed62965c968031b49195c81\",\"name\":\"Diario del Sur Digital\",\"image\":{\"@type\":\"ImageObject\",\"inLanguage\":\"es\",\"@id\":\"https:\\\/\\\/secure.gravatar.com\\\/avatar\\\/f0c7c47fc7146d19828273b9b8eda651c9c7ab583767e6338d3d3bee825adf76?s=96&d=mm&r=g\",\"url\":\"https:\\\/\\\/secure.gravatar.com\\\/avatar\\\/f0c7c47fc7146d19828273b9b8eda651c9c7ab583767e6338d3d3bee825adf76?s=96&d=mm&r=g\",\"contentUrl\":\"https:\\\/\\\/secure.gravatar.com\\\/avatar\\\/f0c7c47fc7146d19828273b9b8eda651c9c7ab583767e6338d3d3bee825adf76?s=96&d=mm&r=g\",\"caption\":\"Diario del Sur Digital\"},\"url\":\"https:\\\/\\\/diariodelsurdigital.com.ar\\\/?author=4\"}]}<\/script>\n<!-- \/ Yoast SEO plugin. -->","yoast_head_json":{"title":"La recaudaci\u00f3n de ATER en 2025 creci\u00f3 59% anual y lleg\u00f3 a casi $1 bill\u00f3n - Diario del Sur","robots":{"index":"index","follow":"follow","max-snippet":"max-snippet:-1","max-image-preview":"max-image-preview:large","max-video-preview":"max-video-preview:-1"},"canonical":"https:\/\/diariodelsurdigital.com.ar\/?p=6414","og_locale":"es_ES","og_type":"article","og_title":"La recaudaci\u00f3n de ATER en 2025 creci\u00f3 59% anual y lleg\u00f3 a casi $1 bill\u00f3n - Diario del Sur","og_description":"Entre R\u00edos recaud\u00f3 en diciembre por impuestos propios $97.364 millones. De esa manera, se acumularon en doce meses un total de $988.615 millones. La moratoria en los \u00faltimos meses del a\u00f1o posibilit\u00f3 regularizar deudas y mejorar el resultado final. La Administradora Tributaria de Entre R\u00edos (ATER) recaud\u00f3 en diciembre pasado $97.364 millones. Fue el segundo [&hellip;]","og_url":"https:\/\/diariodelsurdigital.com.ar\/?p=6414","og_site_name":"Diario del Sur","article_published_time":"2026-01-08T15:01:24+00:00","article_modified_time":"2026-01-08T15:01:25+00:00","og_image":[{"width":992,"height":661,"url":"https:\/\/diariodelsurdigital.com.ar\/wp-content\/uploads\/2026\/01\/md-34.webp","type":"image\/webp"}],"author":"Diario del Sur Digital","twitter_card":"summary_large_image","twitter_misc":{"Escrito por":"Diario del Sur Digital","Tiempo de lectura":"2 minutos"},"schema":{"@context":"https:\/\/schema.org","@graph":[{"@type":"Article","@id":"https:\/\/diariodelsurdigital.com.ar\/?p=6414#article","isPartOf":{"@id":"https:\/\/diariodelsurdigital.com.ar\/?p=6414"},"author":{"name":"Diario del Sur Digital","@id":"https:\/\/diariodelsurdigital.com.ar\/#\/schema\/person\/1a4992532ed62965c968031b49195c81"},"headline":"La recaudaci\u00f3n de ATER en 2025 creci\u00f3 59% anual y lleg\u00f3 a casi $1 bill\u00f3n","datePublished":"2026-01-08T15:01:24+00:00","dateModified":"2026-01-08T15:01:25+00:00","mainEntityOfPage":{"@id":"https:\/\/diariodelsurdigital.com.ar\/?p=6414"},"wordCount":329,"commentCount":0,"image":{"@id":"https:\/\/diariodelsurdigital.com.ar\/?p=6414#primaryimage"},"thumbnailUrl":"https:\/\/diariodelsurdigital.com.ar\/wp-content\/uploads\/2026\/01\/md-34.webp","articleSection":["Provinciales"],"inLanguage":"es","potentialAction":[{"@type":"CommentAction","name":"Comment","target":["https:\/\/diariodelsurdigital.com.ar\/?p=6414#respond"]}]},{"@type":"WebPage","@id":"https:\/\/diariodelsurdigital.com.ar\/?p=6414","url":"https:\/\/diariodelsurdigital.com.ar\/?p=6414","name":"La recaudaci\u00f3n de ATER en 2025 creci\u00f3 59% anual y lleg\u00f3 a casi $1 bill\u00f3n - Diario del Sur","isPartOf":{"@id":"https:\/\/diariodelsurdigital.com.ar\/#website"},"primaryImageOfPage":{"@id":"https:\/\/diariodelsurdigital.com.ar\/?p=6414#primaryimage"},"image":{"@id":"https:\/\/diariodelsurdigital.com.ar\/?p=6414#primaryimage"},"thumbnailUrl":"https:\/\/diariodelsurdigital.com.ar\/wp-content\/uploads\/2026\/01\/md-34.webp","datePublished":"2026-01-08T15:01:24+00:00","dateModified":"2026-01-08T15:01:25+00:00","author":{"@id":"https:\/\/diariodelsurdigital.com.ar\/#\/schema\/person\/1a4992532ed62965c968031b49195c81"},"breadcrumb":{"@id":"https:\/\/diariodelsurdigital.com.ar\/?p=6414#breadcrumb"},"inLanguage":"es","potentialAction":[{"@type":"ReadAction","target":["https:\/\/diariodelsurdigital.com.ar\/?p=6414"]}]},{"@type":"ImageObject","inLanguage":"es","@id":"https:\/\/diariodelsurdigital.com.ar\/?p=6414#primaryimage","url":"https:\/\/diariodelsurdigital.com.ar\/wp-content\/uploads\/2026\/01\/md-34.webp","contentUrl":"https:\/\/diariodelsurdigital.com.ar\/wp-content\/uploads\/2026\/01\/md-34.webp","width":992,"height":661},{"@type":"BreadcrumbList","@id":"https:\/\/diariodelsurdigital.com.ar\/?p=6414#breadcrumb","itemListElement":[{"@type":"ListItem","position":1,"name":"Portada","item":"https:\/\/diariodelsurdigital.com.ar\/"},{"@type":"ListItem","position":2,"name":"La recaudaci\u00f3n de ATER en 2025 creci\u00f3 59% anual y lleg\u00f3 a casi $1 bill\u00f3n"}]},{"@type":"WebSite","@id":"https:\/\/diariodelsurdigital.com.ar\/#website","url":"https:\/\/diariodelsurdigital.com.ar\/","name":"Diario del Sur","description":"Digital","potentialAction":[{"@type":"SearchAction","target":{"@type":"EntryPoint","urlTemplate":"https:\/\/diariodelsurdigital.com.ar\/?s={search_term_string}"},"query-input":{"@type":"PropertyValueSpecification","valueRequired":true,"valueName":"search_term_string"}}],"inLanguage":"es"},{"@type":"Person","@id":"https:\/\/diariodelsurdigital.com.ar\/#\/schema\/person\/1a4992532ed62965c968031b49195c81","name":"Diario del Sur Digital","image":{"@type":"ImageObject","inLanguage":"es","@id":"https:\/\/secure.gravatar.com\/avatar\/f0c7c47fc7146d19828273b9b8eda651c9c7ab583767e6338d3d3bee825adf76?s=96&d=mm&r=g","url":"https:\/\/secure.gravatar.com\/avatar\/f0c7c47fc7146d19828273b9b8eda651c9c7ab583767e6338d3d3bee825adf76?s=96&d=mm&r=g","contentUrl":"https:\/\/secure.gravatar.com\/avatar\/f0c7c47fc7146d19828273b9b8eda651c9c7ab583767e6338d3d3bee825adf76?s=96&d=mm&r=g","caption":"Diario del Sur Digital"},"url":"https:\/\/diariodelsurdigital.com.ar\/?author=4"}]}},"_links":{"self":[{"href":"https:\/\/diariodelsurdigital.com.ar\/index.php?rest_route=\/wp\/v2\/posts\/6414","targetHints":{"allow":["GET"]}}],"collection":[{"href":"https:\/\/diariodelsurdigital.com.ar\/index.php?rest_route=\/wp\/v2\/posts"}],"about":[{"href":"https:\/\/diariodelsurdigital.com.ar\/index.php?rest_route=\/wp\/v2\/types\/post"}],"author":[{"embeddable":true,"href":"https:\/\/diariodelsurdigital.com.ar\/index.php?rest_route=\/wp\/v2\/users\/4"}],"replies":[{"embeddable":true,"href":"https:\/\/diariodelsurdigital.com.ar\/index.php?rest_route=%2Fwp%2Fv2%2Fcomments&post=6414"}],"version-history":[{"count":1,"href":"https:\/\/diariodelsurdigital.com.ar\/index.php?rest_route=\/wp\/v2\/posts\/6414\/revisions"}],"predecessor-version":[{"id":6416,"href":"https:\/\/diariodelsurdigital.com.ar\/index.php?rest_route=\/wp\/v2\/posts\/6414\/revisions\/6416"}],"wp:featuredmedia":[{"embeddable":true,"href":"https:\/\/diariodelsurdigital.com.ar\/index.php?rest_route=\/wp\/v2\/media\/6415"}],"wp:attachment":[{"href":"https:\/\/diariodelsurdigital.com.ar\/index.php?rest_route=%2Fwp%2Fv2%2Fmedia&parent=6414"}],"wp:term":[{"taxonomy":"category","embeddable":true,"href":"https:\/\/diariodelsurdigital.com.ar\/index.php?rest_route=%2Fwp%2Fv2%2Fcategories&post=6414"},{"taxonomy":"post_tag","embeddable":true,"href":"https:\/\/diariodelsurdigital.com.ar\/index.php?rest_route=%2Fwp%2Fv2%2Ftags&post=6414"}],"curies":[{"name":"wp","href":"https:\/\/api.w.org\/{rel}","templated":true}]}}