{"id":6417,"date":"2026-01-08T13:36:59","date_gmt":"2026-01-08T16:36:59","guid":{"rendered":"https:\/\/diariodelsurdigital.com.ar\/?p=6417"},"modified":"2026-01-08T14:30:52","modified_gmt":"2026-01-08T17:30:52","slug":"el-rio-uruguay-bajara-gradualmente-a-partir-del-proximo-lunes","status":"publish","type":"post","link":"https:\/\/diariodelsurdigital.com.ar\/?p=6417","title":{"rendered":"El r\u00edo Uruguay bajar\u00e1 gradualmente a partir del pr\u00f3ximo lunes"},"content":{"rendered":"\n<p>As\u00ed lo dio a conocer el \u00c1rea Hidrolog\u00eda de Salto Grande. Cabe mencionar que la crecida se debe a lluvias de m\u00e1s de 150 mm en las subcuencas Alta y Media, cantidades que no son habituales en un contexto clim\u00e1tico \u201cLa Ni\u00f1a\u201d.<\/p>\n\n\n\n<p>En los \u00faltimos d\u00edas se report\u00f3 una crecida del R\u00edo Uruguay que en algunas ocasiones deriv\u00f3 en la inhabilitaci\u00f3n de balnearios municipales, como el caso de Concepci\u00f3n del Uruguay y Concordia.<\/p>\n\n\n\n<p>Sin embargo, el \u00c1rea Hidrolog\u00eda de Salto Grande dio a conocer una muy buena noticia: los niveles mantendr\u00e1n hasta el 11 y 12 de enero aproximadamente, cuando comenzar\u00e1n a disminuir de forma gradual.<\/p>\n\n\n\n<p>El r\u00edo Uruguay ha experimentado un ascenso los \u00faltimos d\u00edas del a\u00f1o pasado, a causa de lluvias de m\u00e1s de 150 mm en las subcuencas Alta y Media, cantidades que no son habituales en un contexto clim\u00e1tico \u201cLa Ni\u00f1a\u201d como el que se presenta actualmente.<\/p>\n\n\n\n<p>Del 27 de diciembre al 6 de enero, los caudales erogados por la represa de Salto Grande han sido siempre inferiores a los aportes naturales del r\u00edo, lo que ha contribuido a que los niveles aguas abajo sean menores a los que hubieran sido en condiciones naturales.<\/p>\n\n\n\n<p>En las ciudades ubicadas m\u00e1s al sur -como Concepci\u00f3n, Col\u00f3n y Paysand\u00fa- el nivel del r\u00edo Uruguay tambi\u00e9n depende en buena medida del nivel del R\u00edo de la Plata y del viento sur. Los d\u00edas pasados, la intensa sudestada ha contribuido significativamente al ascenso del nivel del r\u00edo Uruguay, afectando inevitablemente las actividades que se desarrollan dentro del cauce del r\u00edo.<\/p>\n\n\n\n<p>La informaci\u00f3n actualizada y los Comunicados Diarios del \u00c1rea de Hidrolog\u00eda de Salto Grande est\u00e1n disponibles a trav\u00e9s de los canales oficiales: www.saltogrande.org (secci\u00f3n Datos Hidrol\u00f3gicos) y la APP de Salto Grande (disponible para descarga gratuita).<\/p>\n\n\n\n<p><\/p>\n","protected":false},"excerpt":{"rendered":"<p>As\u00ed lo dio a conocer el \u00c1rea Hidrolog\u00eda de Salto Grande. Cabe mencionar que la crecida se debe a lluvias de m\u00e1s de 150 mm en las subcuencas Alta y Media, cantidades que no son habituales en un contexto clim\u00e1tico \u201cLa Ni\u00f1a\u201d. En los \u00faltimos d\u00edas se report\u00f3 una crecida del R\u00edo Uruguay que en [&hellip;]<\/p>\n","protected":false},"author":4,"featured_media":6419,"comment_status":"open","ping_status":"open","sticky":false,"template":"","format":"standard","meta":{"footnotes":""},"categories":[1],"tags":[],"class_list":{"0":"post-6417","1":"post","2":"type-post","3":"status-publish","4":"format-standard","5":"has-post-thumbnail","7":"category-uncategorized"},"yoast_head":"<!-- This site is optimized with the Yoast SEO plugin v27.4 - https:\/\/yoast.com\/product\/yoast-seo-wordpress\/ -->\n<title>El r\u00edo Uruguay bajar\u00e1 gradualmente a partir del pr\u00f3ximo lunes - Diario del Sur<\/title>\n<meta name=\"robots\" content=\"index, follow, max-snippet:-1, max-image-preview:large, max-video-preview:-1\" \/>\n<link rel=\"canonical\" href=\"https:\/\/diariodelsurdigital.com.ar\/?p=6417\" \/>\n<meta property=\"og:locale\" content=\"es_ES\" \/>\n<meta property=\"og:type\" content=\"article\" \/>\n<meta property=\"og:title\" content=\"El r\u00edo Uruguay bajar\u00e1 gradualmente a partir del pr\u00f3ximo lunes - Diario del Sur\" \/>\n<meta property=\"og:description\" content=\"As\u00ed lo dio a conocer el \u00c1rea Hidrolog\u00eda de Salto Grande. Cabe mencionar que la crecida se debe a lluvias de m\u00e1s de 150 mm en las subcuencas Alta y Media, cantidades que no son habituales en un contexto clim\u00e1tico \u201cLa Ni\u00f1a\u201d. En los \u00faltimos d\u00edas se report\u00f3 una crecida del R\u00edo Uruguay que en [&hellip;]\" \/>\n<meta property=\"og:url\" content=\"https:\/\/diariodelsurdigital.com.ar\/?p=6417\" \/>\n<meta property=\"og:site_name\" content=\"Diario del Sur\" \/>\n<meta property=\"article:published_time\" content=\"2026-01-08T16:36:59+00:00\" \/>\n<meta property=\"article:modified_time\" content=\"2026-01-08T17:30:52+00:00\" \/>\n<meta property=\"og:image\" content=\"https:\/\/diariodelsurdigital.com.ar\/wp-content\/uploads\/2026\/01\/md-35.webp\" \/>\n\t<meta property=\"og:image:width\" content=\"992\" \/>\n\t<meta property=\"og:image:height\" content=\"660\" \/>\n\t<meta property=\"og:image:type\" content=\"image\/webp\" \/>\n<meta name=\"author\" content=\"Diario del Sur Digital\" \/>\n<meta name=\"twitter:card\" content=\"summary_large_image\" \/>\n<meta name=\"twitter:label1\" content=\"Escrito por\" \/>\n\t<meta name=\"twitter:data1\" content=\"Diario del Sur Digital\" \/>\n\t<meta name=\"twitter:label2\" content=\"Tiempo de lectura\" \/>\n\t<meta name=\"twitter:data2\" content=\"2 minutos\" \/>\n<script type=\"application\/ld+json\" class=\"yoast-schema-graph\">{\"@context\":\"https:\\\/\\\/schema.org\",\"@graph\":[{\"@type\":\"Article\",\"@id\":\"https:\\\/\\\/diariodelsurdigital.com.ar\\\/?p=6417#article\",\"isPartOf\":{\"@id\":\"https:\\\/\\\/diariodelsurdigital.com.ar\\\/?p=6417\"},\"author\":{\"name\":\"Diario del Sur Digital\",\"@id\":\"https:\\\/\\\/diariodelsurdigital.com.ar\\\/#\\\/schema\\\/person\\\/1a4992532ed62965c968031b49195c81\"},\"headline\":\"El r\u00edo Uruguay bajar\u00e1 gradualmente a partir del pr\u00f3ximo lunes\",\"datePublished\":\"2026-01-08T16:36:59+00:00\",\"dateModified\":\"2026-01-08T17:30:52+00:00\",\"mainEntityOfPage\":{\"@id\":\"https:\\\/\\\/diariodelsurdigital.com.ar\\\/?p=6417\"},\"wordCount\":337,\"commentCount\":0,\"image\":{\"@id\":\"https:\\\/\\\/diariodelsurdigital.com.ar\\\/?p=6417#primaryimage\"},\"thumbnailUrl\":\"https:\\\/\\\/diariodelsurdigital.com.ar\\\/wp-content\\\/uploads\\\/2026\\\/01\\\/md-35.webp\",\"articleSection\":[\"Uncategorized\"],\"inLanguage\":\"es\",\"potentialAction\":[{\"@type\":\"CommentAction\",\"name\":\"Comment\",\"target\":[\"https:\\\/\\\/diariodelsurdigital.com.ar\\\/?p=6417#respond\"]}]},{\"@type\":\"WebPage\",\"@id\":\"https:\\\/\\\/diariodelsurdigital.com.ar\\\/?p=6417\",\"url\":\"https:\\\/\\\/diariodelsurdigital.com.ar\\\/?p=6417\",\"name\":\"El r\u00edo Uruguay bajar\u00e1 gradualmente a partir del pr\u00f3ximo lunes - Diario del Sur\",\"isPartOf\":{\"@id\":\"https:\\\/\\\/diariodelsurdigital.com.ar\\\/#website\"},\"primaryImageOfPage\":{\"@id\":\"https:\\\/\\\/diariodelsurdigital.com.ar\\\/?p=6417#primaryimage\"},\"image\":{\"@id\":\"https:\\\/\\\/diariodelsurdigital.com.ar\\\/?p=6417#primaryimage\"},\"thumbnailUrl\":\"https:\\\/\\\/diariodelsurdigital.com.ar\\\/wp-content\\\/uploads\\\/2026\\\/01\\\/md-35.webp\",\"datePublished\":\"2026-01-08T16:36:59+00:00\",\"dateModified\":\"2026-01-08T17:30:52+00:00\",\"author\":{\"@id\":\"https:\\\/\\\/diariodelsurdigital.com.ar\\\/#\\\/schema\\\/person\\\/1a4992532ed62965c968031b49195c81\"},\"breadcrumb\":{\"@id\":\"https:\\\/\\\/diariodelsurdigital.com.ar\\\/?p=6417#breadcrumb\"},\"inLanguage\":\"es\",\"potentialAction\":[{\"@type\":\"ReadAction\",\"target\":[\"https:\\\/\\\/diariodelsurdigital.com.ar\\\/?p=6417\"]}]},{\"@type\":\"ImageObject\",\"inLanguage\":\"es\",\"@id\":\"https:\\\/\\\/diariodelsurdigital.com.ar\\\/?p=6417#primaryimage\",\"url\":\"https:\\\/\\\/diariodelsurdigital.com.ar\\\/wp-content\\\/uploads\\\/2026\\\/01\\\/md-35.webp\",\"contentUrl\":\"https:\\\/\\\/diariodelsurdigital.com.ar\\\/wp-content\\\/uploads\\\/2026\\\/01\\\/md-35.webp\",\"width\":992,\"height\":660},{\"@type\":\"BreadcrumbList\",\"@id\":\"https:\\\/\\\/diariodelsurdigital.com.ar\\\/?p=6417#breadcrumb\",\"itemListElement\":[{\"@type\":\"ListItem\",\"position\":1,\"name\":\"Portada\",\"item\":\"https:\\\/\\\/diariodelsurdigital.com.ar\\\/\"},{\"@type\":\"ListItem\",\"position\":2,\"name\":\"El r\u00edo Uruguay bajar\u00e1 gradualmente a partir del pr\u00f3ximo lunes\"}]},{\"@type\":\"WebSite\",\"@id\":\"https:\\\/\\\/diariodelsurdigital.com.ar\\\/#website\",\"url\":\"https:\\\/\\\/diariodelsurdigital.com.ar\\\/\",\"name\":\"Diario del Sur\",\"description\":\"Digital\",\"potentialAction\":[{\"@type\":\"SearchAction\",\"target\":{\"@type\":\"EntryPoint\",\"urlTemplate\":\"https:\\\/\\\/diariodelsurdigital.com.ar\\\/?s={search_term_string}\"},\"query-input\":{\"@type\":\"PropertyValueSpecification\",\"valueRequired\":true,\"valueName\":\"search_term_string\"}}],\"inLanguage\":\"es\"},{\"@type\":\"Person\",\"@id\":\"https:\\\/\\\/diariodelsurdigital.com.ar\\\/#\\\/schema\\\/person\\\/1a4992532ed62965c968031b49195c81\",\"name\":\"Diario del Sur Digital\",\"image\":{\"@type\":\"ImageObject\",\"inLanguage\":\"es\",\"@id\":\"https:\\\/\\\/secure.gravatar.com\\\/avatar\\\/f0c7c47fc7146d19828273b9b8eda651c9c7ab583767e6338d3d3bee825adf76?s=96&d=mm&r=g\",\"url\":\"https:\\\/\\\/secure.gravatar.com\\\/avatar\\\/f0c7c47fc7146d19828273b9b8eda651c9c7ab583767e6338d3d3bee825adf76?s=96&d=mm&r=g\",\"contentUrl\":\"https:\\\/\\\/secure.gravatar.com\\\/avatar\\\/f0c7c47fc7146d19828273b9b8eda651c9c7ab583767e6338d3d3bee825adf76?s=96&d=mm&r=g\",\"caption\":\"Diario del Sur Digital\"},\"url\":\"https:\\\/\\\/diariodelsurdigital.com.ar\\\/?author=4\"}]}<\/script>\n<!-- \/ Yoast SEO plugin. -->","yoast_head_json":{"title":"El r\u00edo Uruguay bajar\u00e1 gradualmente a partir del pr\u00f3ximo lunes - Diario del Sur","robots":{"index":"index","follow":"follow","max-snippet":"max-snippet:-1","max-image-preview":"max-image-preview:large","max-video-preview":"max-video-preview:-1"},"canonical":"https:\/\/diariodelsurdigital.com.ar\/?p=6417","og_locale":"es_ES","og_type":"article","og_title":"El r\u00edo Uruguay bajar\u00e1 gradualmente a partir del pr\u00f3ximo lunes - Diario del Sur","og_description":"As\u00ed lo dio a conocer el \u00c1rea Hidrolog\u00eda de Salto Grande. Cabe mencionar que la crecida se debe a lluvias de m\u00e1s de 150 mm en las subcuencas Alta y Media, cantidades que no son habituales en un contexto clim\u00e1tico \u201cLa Ni\u00f1a\u201d. En los \u00faltimos d\u00edas se report\u00f3 una crecida del R\u00edo Uruguay que en [&hellip;]","og_url":"https:\/\/diariodelsurdigital.com.ar\/?p=6417","og_site_name":"Diario del Sur","article_published_time":"2026-01-08T16:36:59+00:00","article_modified_time":"2026-01-08T17:30:52+00:00","og_image":[{"width":992,"height":660,"url":"https:\/\/diariodelsurdigital.com.ar\/wp-content\/uploads\/2026\/01\/md-35.webp","type":"image\/webp"}],"author":"Diario del Sur Digital","twitter_card":"summary_large_image","twitter_misc":{"Escrito por":"Diario del Sur Digital","Tiempo de lectura":"2 minutos"},"schema":{"@context":"https:\/\/schema.org","@graph":[{"@type":"Article","@id":"https:\/\/diariodelsurdigital.com.ar\/?p=6417#article","isPartOf":{"@id":"https:\/\/diariodelsurdigital.com.ar\/?p=6417"},"author":{"name":"Diario del Sur Digital","@id":"https:\/\/diariodelsurdigital.com.ar\/#\/schema\/person\/1a4992532ed62965c968031b49195c81"},"headline":"El r\u00edo Uruguay bajar\u00e1 gradualmente a partir del pr\u00f3ximo lunes","datePublished":"2026-01-08T16:36:59+00:00","dateModified":"2026-01-08T17:30:52+00:00","mainEntityOfPage":{"@id":"https:\/\/diariodelsurdigital.com.ar\/?p=6417"},"wordCount":337,"commentCount":0,"image":{"@id":"https:\/\/diariodelsurdigital.com.ar\/?p=6417#primaryimage"},"thumbnailUrl":"https:\/\/diariodelsurdigital.com.ar\/wp-content\/uploads\/2026\/01\/md-35.webp","articleSection":["Uncategorized"],"inLanguage":"es","potentialAction":[{"@type":"CommentAction","name":"Comment","target":["https:\/\/diariodelsurdigital.com.ar\/?p=6417#respond"]}]},{"@type":"WebPage","@id":"https:\/\/diariodelsurdigital.com.ar\/?p=6417","url":"https:\/\/diariodelsurdigital.com.ar\/?p=6417","name":"El r\u00edo Uruguay bajar\u00e1 gradualmente a partir del pr\u00f3ximo lunes - Diario del Sur","isPartOf":{"@id":"https:\/\/diariodelsurdigital.com.ar\/#website"},"primaryImageOfPage":{"@id":"https:\/\/diariodelsurdigital.com.ar\/?p=6417#primaryimage"},"image":{"@id":"https:\/\/diariodelsurdigital.com.ar\/?p=6417#primaryimage"},"thumbnailUrl":"https:\/\/diariodelsurdigital.com.ar\/wp-content\/uploads\/2026\/01\/md-35.webp","datePublished":"2026-01-08T16:36:59+00:00","dateModified":"2026-01-08T17:30:52+00:00","author":{"@id":"https:\/\/diariodelsurdigital.com.ar\/#\/schema\/person\/1a4992532ed62965c968031b49195c81"},"breadcrumb":{"@id":"https:\/\/diariodelsurdigital.com.ar\/?p=6417#breadcrumb"},"inLanguage":"es","potentialAction":[{"@type":"ReadAction","target":["https:\/\/diariodelsurdigital.com.ar\/?p=6417"]}]},{"@type":"ImageObject","inLanguage":"es","@id":"https:\/\/diariodelsurdigital.com.ar\/?p=6417#primaryimage","url":"https:\/\/diariodelsurdigital.com.ar\/wp-content\/uploads\/2026\/01\/md-35.webp","contentUrl":"https:\/\/diariodelsurdigital.com.ar\/wp-content\/uploads\/2026\/01\/md-35.webp","width":992,"height":660},{"@type":"BreadcrumbList","@id":"https:\/\/diariodelsurdigital.com.ar\/?p=6417#breadcrumb","itemListElement":[{"@type":"ListItem","position":1,"name":"Portada","item":"https:\/\/diariodelsurdigital.com.ar\/"},{"@type":"ListItem","position":2,"name":"El r\u00edo Uruguay bajar\u00e1 gradualmente a partir del pr\u00f3ximo lunes"}]},{"@type":"WebSite","@id":"https:\/\/diariodelsurdigital.com.ar\/#website","url":"https:\/\/diariodelsurdigital.com.ar\/","name":"Diario del Sur","description":"Digital","potentialAction":[{"@type":"SearchAction","target":{"@type":"EntryPoint","urlTemplate":"https:\/\/diariodelsurdigital.com.ar\/?s={search_term_string}"},"query-input":{"@type":"PropertyValueSpecification","valueRequired":true,"valueName":"search_term_string"}}],"inLanguage":"es"},{"@type":"Person","@id":"https:\/\/diariodelsurdigital.com.ar\/#\/schema\/person\/1a4992532ed62965c968031b49195c81","name":"Diario del Sur Digital","image":{"@type":"ImageObject","inLanguage":"es","@id":"https:\/\/secure.gravatar.com\/avatar\/f0c7c47fc7146d19828273b9b8eda651c9c7ab583767e6338d3d3bee825adf76?s=96&d=mm&r=g","url":"https:\/\/secure.gravatar.com\/avatar\/f0c7c47fc7146d19828273b9b8eda651c9c7ab583767e6338d3d3bee825adf76?s=96&d=mm&r=g","contentUrl":"https:\/\/secure.gravatar.com\/avatar\/f0c7c47fc7146d19828273b9b8eda651c9c7ab583767e6338d3d3bee825adf76?s=96&d=mm&r=g","caption":"Diario del Sur Digital"},"url":"https:\/\/diariodelsurdigital.com.ar\/?author=4"}]}},"_links":{"self":[{"href":"https:\/\/diariodelsurdigital.com.ar\/index.php?rest_route=\/wp\/v2\/posts\/6417","targetHints":{"allow":["GET"]}}],"collection":[{"href":"https:\/\/diariodelsurdigital.com.ar\/index.php?rest_route=\/wp\/v2\/posts"}],"about":[{"href":"https:\/\/diariodelsurdigital.com.ar\/index.php?rest_route=\/wp\/v2\/types\/post"}],"author":[{"embeddable":true,"href":"https:\/\/diariodelsurdigital.com.ar\/index.php?rest_route=\/wp\/v2\/users\/4"}],"replies":[{"embeddable":true,"href":"https:\/\/diariodelsurdigital.com.ar\/index.php?rest_route=%2Fwp%2Fv2%2Fcomments&post=6417"}],"version-history":[{"count":1,"href":"https:\/\/diariodelsurdigital.com.ar\/index.php?rest_route=\/wp\/v2\/posts\/6417\/revisions"}],"predecessor-version":[{"id":6418,"href":"https:\/\/diariodelsurdigital.com.ar\/index.php?rest_route=\/wp\/v2\/posts\/6417\/revisions\/6418"}],"wp:featuredmedia":[{"embeddable":true,"href":"https:\/\/diariodelsurdigital.com.ar\/index.php?rest_route=\/wp\/v2\/media\/6419"}],"wp:attachment":[{"href":"https:\/\/diariodelsurdigital.com.ar\/index.php?rest_route=%2Fwp%2Fv2%2Fmedia&parent=6417"}],"wp:term":[{"taxonomy":"category","embeddable":true,"href":"https:\/\/diariodelsurdigital.com.ar\/index.php?rest_route=%2Fwp%2Fv2%2Fcategories&post=6417"},{"taxonomy":"post_tag","embeddable":true,"href":"https:\/\/diariodelsurdigital.com.ar\/index.php?rest_route=%2Fwp%2Fv2%2Ftags&post=6417"}],"curies":[{"name":"wp","href":"https:\/\/api.w.org\/{rel}","templated":true}]}}