{"id":6438,"date":"2026-01-10T12:53:48","date_gmt":"2026-01-10T15:53:48","guid":{"rendered":"https:\/\/diariodelsurdigital.com.ar\/?p=6438"},"modified":"2026-01-10T12:57:23","modified_gmt":"2026-01-10T15:57:23","slug":"mujer-encadenada-en-la-municipalidad-de-concordia-comenzo-a-recibir-solidaridad-de-la-gente","status":"publish","type":"post","link":"https:\/\/diariodelsurdigital.com.ar\/?p=6438","title":{"rendered":"Mujer encadenada en la Municipalidad de Concordia comenz\u00f3 a recibir solidaridad de la gente"},"content":{"rendered":"\n<p>El ingreso de la Municipalidad de Concordia puede transformarse en las pr\u00f3ximas horas en una especie de campamento permanente de protesta por los despidos de m\u00e1s de cien trabajadores.<\/p>\n\n\n\n<p>La gran columna de manifestantes en las primeras horas de este viernes, dej\u00f3 el germen en las escaleras de la Municipalidad de Concordia, en donde una mujer tom\u00f3 la posta y se encaden\u00f3 en una de las barandas del ingreso al Palacio Municipal en reclamo de la reincorporaci\u00f3n de su hija.<\/p>\n\n\n\n<figure class=\"wp-block-image size-large is-resized\"><img loading=\"lazy\" decoding=\"async\" width=\"1024\" height=\"881\" src=\"https:\/\/diariodelsurdigital.com.ar\/wp-content\/uploads\/2026\/01\/WhatsApp-Image-2026-01-10-at-12.14.13-1024x881.jpeg\" alt=\"\" class=\"wp-image-6440\" style=\"aspect-ratio:1.162326327039544;width:660px;height:auto\" srcset=\"https:\/\/diariodelsurdigital.com.ar\/wp-content\/uploads\/2026\/01\/WhatsApp-Image-2026-01-10-at-12.14.13-1024x881.jpeg 1024w, https:\/\/diariodelsurdigital.com.ar\/wp-content\/uploads\/2026\/01\/WhatsApp-Image-2026-01-10-at-12.14.13-300x258.jpeg 300w, https:\/\/diariodelsurdigital.com.ar\/wp-content\/uploads\/2026\/01\/WhatsApp-Image-2026-01-10-at-12.14.13-768x661.jpeg 768w, https:\/\/diariodelsurdigital.com.ar\/wp-content\/uploads\/2026\/01\/WhatsApp-Image-2026-01-10-at-12.14.13-488x420.jpeg 488w, https:\/\/diariodelsurdigital.com.ar\/wp-content\/uploads\/2026\/01\/WhatsApp-Image-2026-01-10-at-12.14.13-696x599.jpeg 696w, https:\/\/diariodelsurdigital.com.ar\/wp-content\/uploads\/2026\/01\/WhatsApp-Image-2026-01-10-at-12.14.13-1068x919.jpeg 1068w, https:\/\/diariodelsurdigital.com.ar\/wp-content\/uploads\/2026\/01\/WhatsApp-Image-2026-01-10-at-12.14.13.jpeg 1280w\" sizes=\"auto, (max-width: 1024px) 100vw, 1024px\" \/><\/figure>\n\n\n\n<p><strong>No es cualquier mujer la que tom\u00f3 la determinaci\u00f3n<\/strong><\/p>\n\n\n\n<p>Militante de varias batallas de reclamos justos, Marta L\u00f3pez, oriunda del barrio 25 de Mayo, no es la primera vez que toma este tipo de decisiones. Ya lo hab\u00eda hecho en gestiones anteriores. Es m\u00e1s, estuvo realizando una protesta en el primer piso de la Municipalidad durante la gesti\u00f3n de Gustavo Bordet hace unos once a\u00f1os. En ese momento. Marta se quedaba a dormir en el primer piso encadenada a la escalera. <\/p>\n\n\n\n<p><strong>Campamento<\/strong><\/p>\n\n\n\n<p>El reclamo de esta mujer, hizo que, en forma espont\u00e1nea, compa\u00f1eros, vecinos y militantes pol\u00edticos de la oposici\u00f3n, comiencen a visitarla para llevarle alimentos y su solidaridad. \u00abHay que estar junto a la compa\u00f1era en el reclamo\u00bb, indic\u00f3 el dirigente social Ram\u00f3n Cabrera que estuvo en horas de la ma\u00f1ana de este s\u00e1bado. \u00abVenimos a demostrar nuestra solidaridad y condenar este tipo de medidas antipopulares\u00bb, se\u00f1al\u00f3 Fabi\u00e1n Adente del PJ Concordia.<\/p>\n\n\n\n<p>Este tipo de acci\u00f3n directa de protesta puede tomar ribetes impensados en los pr\u00f3ximos d\u00edas. Hasta se habla de realizar una especie de santuario a cielo abierto en el ingreso, en donde los vecinos puedan asistir con reposeras para orar y pedir al Intendente que d\u00e9 marcha atr\u00e1s con estas acciones tomadas durante los primeros d\u00edas de este a\u00f1o.<\/p>\n\n\n\n<p><\/p>\n","protected":false},"excerpt":{"rendered":"<p>El ingreso de la Municipalidad de Concordia puede transformarse en las pr\u00f3ximas horas en una especie de campamento permanente de protesta por los despidos de m\u00e1s de cien trabajadores. La gran columna de manifestantes en las primeras horas de este viernes, dej\u00f3 el germen en las escaleras de la Municipalidad de Concordia, en donde una [&hellip;]<\/p>\n","protected":false},"author":2,"featured_media":6439,"comment_status":"open","ping_status":"open","sticky":false,"template":"","format":"standard","meta":{"footnotes":""},"categories":[19,16],"tags":[],"class_list":{"0":"post-6438","1":"post","2":"type-post","3":"status-publish","4":"format-standard","5":"has-post-thumbnail","7":"category-interes-general","8":"category-locales"},"yoast_head":"<!-- This site is optimized with the Yoast SEO plugin v27.4 - https:\/\/yoast.com\/product\/yoast-seo-wordpress\/ -->\n<title>Mujer encadenada en la Municipalidad de Concordia comenz\u00f3 a recibir solidaridad de la gente - Diario del Sur<\/title>\n<meta name=\"robots\" content=\"index, follow, max-snippet:-1, max-image-preview:large, max-video-preview:-1\" \/>\n<link rel=\"canonical\" href=\"https:\/\/diariodelsurdigital.com.ar\/?p=6438\" \/>\n<meta property=\"og:locale\" content=\"es_ES\" \/>\n<meta property=\"og:type\" content=\"article\" \/>\n<meta property=\"og:title\" content=\"Mujer encadenada en la Municipalidad de Concordia comenz\u00f3 a recibir solidaridad de la gente - Diario del Sur\" \/>\n<meta property=\"og:description\" content=\"El ingreso de la Municipalidad de Concordia puede transformarse en las pr\u00f3ximas horas en una especie de campamento permanente de protesta por los despidos de m\u00e1s de cien trabajadores. La gran columna de manifestantes en las primeras horas de este viernes, dej\u00f3 el germen en las escaleras de la Municipalidad de Concordia, en donde una [&hellip;]\" \/>\n<meta property=\"og:url\" content=\"https:\/\/diariodelsurdigital.com.ar\/?p=6438\" \/>\n<meta property=\"og:site_name\" content=\"Diario del Sur\" \/>\n<meta property=\"article:published_time\" content=\"2026-01-10T15:53:48+00:00\" \/>\n<meta property=\"article:modified_time\" content=\"2026-01-10T15:57:23+00:00\" \/>\n<meta property=\"og:image\" content=\"https:\/\/diariodelsurdigital.com.ar\/wp-content\/uploads\/2026\/01\/WhatsApp-Image-2026-01-10-at-11.54.41.jpeg\" \/>\n\t<meta property=\"og:image:width\" content=\"413\" \/>\n\t<meta property=\"og:image:height\" content=\"270\" \/>\n\t<meta property=\"og:image:type\" content=\"image\/jpeg\" \/>\n<meta name=\"author\" content=\"Diario del Sur Digital\" \/>\n<meta name=\"twitter:card\" content=\"summary_large_image\" \/>\n<meta name=\"twitter:label1\" content=\"Escrito por\" \/>\n\t<meta name=\"twitter:data1\" content=\"Diario del Sur Digital\" \/>\n\t<meta name=\"twitter:label2\" content=\"Tiempo de lectura\" \/>\n\t<meta name=\"twitter:data2\" content=\"2 minutos\" \/>\n<script type=\"application\/ld+json\" class=\"yoast-schema-graph\">{\"@context\":\"https:\\\/\\\/schema.org\",\"@graph\":[{\"@type\":\"Article\",\"@id\":\"https:\\\/\\\/diariodelsurdigital.com.ar\\\/?p=6438#article\",\"isPartOf\":{\"@id\":\"https:\\\/\\\/diariodelsurdigital.com.ar\\\/?p=6438\"},\"author\":{\"name\":\"Diario del Sur Digital\",\"@id\":\"https:\\\/\\\/diariodelsurdigital.com.ar\\\/#\\\/schema\\\/person\\\/6136a32571657f7dba980b88b04c5465\"},\"headline\":\"Mujer encadenada en la Municipalidad de Concordia comenz\u00f3 a recibir solidaridad de la gente\",\"datePublished\":\"2026-01-10T15:53:48+00:00\",\"dateModified\":\"2026-01-10T15:57:23+00:00\",\"mainEntityOfPage\":{\"@id\":\"https:\\\/\\\/diariodelsurdigital.com.ar\\\/?p=6438\"},\"wordCount\":330,\"commentCount\":0,\"image\":{\"@id\":\"https:\\\/\\\/diariodelsurdigital.com.ar\\\/?p=6438#primaryimage\"},\"thumbnailUrl\":\"https:\\\/\\\/diariodelsurdigital.com.ar\\\/wp-content\\\/uploads\\\/2026\\\/01\\\/WhatsApp-Image-2026-01-10-at-11.54.41.jpeg\",\"articleSection\":[\"Inter\u00e9s General\",\"Locales\"],\"inLanguage\":\"es\",\"potentialAction\":[{\"@type\":\"CommentAction\",\"name\":\"Comment\",\"target\":[\"https:\\\/\\\/diariodelsurdigital.com.ar\\\/?p=6438#respond\"]}]},{\"@type\":\"WebPage\",\"@id\":\"https:\\\/\\\/diariodelsurdigital.com.ar\\\/?p=6438\",\"url\":\"https:\\\/\\\/diariodelsurdigital.com.ar\\\/?p=6438\",\"name\":\"Mujer encadenada en la Municipalidad de Concordia comenz\u00f3 a recibir solidaridad de la gente - Diario del Sur\",\"isPartOf\":{\"@id\":\"https:\\\/\\\/diariodelsurdigital.com.ar\\\/#website\"},\"primaryImageOfPage\":{\"@id\":\"https:\\\/\\\/diariodelsurdigital.com.ar\\\/?p=6438#primaryimage\"},\"image\":{\"@id\":\"https:\\\/\\\/diariodelsurdigital.com.ar\\\/?p=6438#primaryimage\"},\"thumbnailUrl\":\"https:\\\/\\\/diariodelsurdigital.com.ar\\\/wp-content\\\/uploads\\\/2026\\\/01\\\/WhatsApp-Image-2026-01-10-at-11.54.41.jpeg\",\"datePublished\":\"2026-01-10T15:53:48+00:00\",\"dateModified\":\"2026-01-10T15:57:23+00:00\",\"author\":{\"@id\":\"https:\\\/\\\/diariodelsurdigital.com.ar\\\/#\\\/schema\\\/person\\\/6136a32571657f7dba980b88b04c5465\"},\"breadcrumb\":{\"@id\":\"https:\\\/\\\/diariodelsurdigital.com.ar\\\/?p=6438#breadcrumb\"},\"inLanguage\":\"es\",\"potentialAction\":[{\"@type\":\"ReadAction\",\"target\":[\"https:\\\/\\\/diariodelsurdigital.com.ar\\\/?p=6438\"]}]},{\"@type\":\"ImageObject\",\"inLanguage\":\"es\",\"@id\":\"https:\\\/\\\/diariodelsurdigital.com.ar\\\/?p=6438#primaryimage\",\"url\":\"https:\\\/\\\/diariodelsurdigital.com.ar\\\/wp-content\\\/uploads\\\/2026\\\/01\\\/WhatsApp-Image-2026-01-10-at-11.54.41.jpeg\",\"contentUrl\":\"https:\\\/\\\/diariodelsurdigital.com.ar\\\/wp-content\\\/uploads\\\/2026\\\/01\\\/WhatsApp-Image-2026-01-10-at-11.54.41.jpeg\",\"width\":413,\"height\":270},{\"@type\":\"BreadcrumbList\",\"@id\":\"https:\\\/\\\/diariodelsurdigital.com.ar\\\/?p=6438#breadcrumb\",\"itemListElement\":[{\"@type\":\"ListItem\",\"position\":1,\"name\":\"Portada\",\"item\":\"https:\\\/\\\/diariodelsurdigital.com.ar\\\/\"},{\"@type\":\"ListItem\",\"position\":2,\"name\":\"Mujer encadenada en la Municipalidad de Concordia comenz\u00f3 a recibir solidaridad de la gente\"}]},{\"@type\":\"WebSite\",\"@id\":\"https:\\\/\\\/diariodelsurdigital.com.ar\\\/#website\",\"url\":\"https:\\\/\\\/diariodelsurdigital.com.ar\\\/\",\"name\":\"Diario del Sur\",\"description\":\"Digital\",\"potentialAction\":[{\"@type\":\"SearchAction\",\"target\":{\"@type\":\"EntryPoint\",\"urlTemplate\":\"https:\\\/\\\/diariodelsurdigital.com.ar\\\/?s={search_term_string}\"},\"query-input\":{\"@type\":\"PropertyValueSpecification\",\"valueRequired\":true,\"valueName\":\"search_term_string\"}}],\"inLanguage\":\"es\"},{\"@type\":\"Person\",\"@id\":\"https:\\\/\\\/diariodelsurdigital.com.ar\\\/#\\\/schema\\\/person\\\/6136a32571657f7dba980b88b04c5465\",\"name\":\"Diario del Sur Digital\",\"image\":{\"@type\":\"ImageObject\",\"inLanguage\":\"es\",\"@id\":\"https:\\\/\\\/secure.gravatar.com\\\/avatar\\\/4c29ceac98541dd42460b2474aaa5dd37594d6ce6cb3cf2c101d09b48ee287ba?s=96&d=mm&r=g\",\"url\":\"https:\\\/\\\/secure.gravatar.com\\\/avatar\\\/4c29ceac98541dd42460b2474aaa5dd37594d6ce6cb3cf2c101d09b48ee287ba?s=96&d=mm&r=g\",\"contentUrl\":\"https:\\\/\\\/secure.gravatar.com\\\/avatar\\\/4c29ceac98541dd42460b2474aaa5dd37594d6ce6cb3cf2c101d09b48ee287ba?s=96&d=mm&r=g\",\"caption\":\"Diario del Sur Digital\"},\"url\":\"https:\\\/\\\/diariodelsurdigital.com.ar\\\/?author=2\"}]}<\/script>\n<!-- \/ Yoast SEO plugin. -->","yoast_head_json":{"title":"Mujer encadenada en la Municipalidad de Concordia comenz\u00f3 a recibir solidaridad de la gente - Diario del Sur","robots":{"index":"index","follow":"follow","max-snippet":"max-snippet:-1","max-image-preview":"max-image-preview:large","max-video-preview":"max-video-preview:-1"},"canonical":"https:\/\/diariodelsurdigital.com.ar\/?p=6438","og_locale":"es_ES","og_type":"article","og_title":"Mujer encadenada en la Municipalidad de Concordia comenz\u00f3 a recibir solidaridad de la gente - Diario del Sur","og_description":"El ingreso de la Municipalidad de Concordia puede transformarse en las pr\u00f3ximas horas en una especie de campamento permanente de protesta por los despidos de m\u00e1s de cien trabajadores. La gran columna de manifestantes en las primeras horas de este viernes, dej\u00f3 el germen en las escaleras de la Municipalidad de Concordia, en donde una [&hellip;]","og_url":"https:\/\/diariodelsurdigital.com.ar\/?p=6438","og_site_name":"Diario del Sur","article_published_time":"2026-01-10T15:53:48+00:00","article_modified_time":"2026-01-10T15:57:23+00:00","og_image":[{"width":413,"height":270,"url":"https:\/\/diariodelsurdigital.com.ar\/wp-content\/uploads\/2026\/01\/WhatsApp-Image-2026-01-10-at-11.54.41.jpeg","type":"image\/jpeg"}],"author":"Diario del Sur Digital","twitter_card":"summary_large_image","twitter_misc":{"Escrito por":"Diario del Sur Digital","Tiempo de lectura":"2 minutos"},"schema":{"@context":"https:\/\/schema.org","@graph":[{"@type":"Article","@id":"https:\/\/diariodelsurdigital.com.ar\/?p=6438#article","isPartOf":{"@id":"https:\/\/diariodelsurdigital.com.ar\/?p=6438"},"author":{"name":"Diario del Sur Digital","@id":"https:\/\/diariodelsurdigital.com.ar\/#\/schema\/person\/6136a32571657f7dba980b88b04c5465"},"headline":"Mujer encadenada en la Municipalidad de Concordia comenz\u00f3 a recibir solidaridad de la gente","datePublished":"2026-01-10T15:53:48+00:00","dateModified":"2026-01-10T15:57:23+00:00","mainEntityOfPage":{"@id":"https:\/\/diariodelsurdigital.com.ar\/?p=6438"},"wordCount":330,"commentCount":0,"image":{"@id":"https:\/\/diariodelsurdigital.com.ar\/?p=6438#primaryimage"},"thumbnailUrl":"https:\/\/diariodelsurdigital.com.ar\/wp-content\/uploads\/2026\/01\/WhatsApp-Image-2026-01-10-at-11.54.41.jpeg","articleSection":["Inter\u00e9s General","Locales"],"inLanguage":"es","potentialAction":[{"@type":"CommentAction","name":"Comment","target":["https:\/\/diariodelsurdigital.com.ar\/?p=6438#respond"]}]},{"@type":"WebPage","@id":"https:\/\/diariodelsurdigital.com.ar\/?p=6438","url":"https:\/\/diariodelsurdigital.com.ar\/?p=6438","name":"Mujer encadenada en la Municipalidad de Concordia comenz\u00f3 a recibir solidaridad de la gente - Diario del Sur","isPartOf":{"@id":"https:\/\/diariodelsurdigital.com.ar\/#website"},"primaryImageOfPage":{"@id":"https:\/\/diariodelsurdigital.com.ar\/?p=6438#primaryimage"},"image":{"@id":"https:\/\/diariodelsurdigital.com.ar\/?p=6438#primaryimage"},"thumbnailUrl":"https:\/\/diariodelsurdigital.com.ar\/wp-content\/uploads\/2026\/01\/WhatsApp-Image-2026-01-10-at-11.54.41.jpeg","datePublished":"2026-01-10T15:53:48+00:00","dateModified":"2026-01-10T15:57:23+00:00","author":{"@id":"https:\/\/diariodelsurdigital.com.ar\/#\/schema\/person\/6136a32571657f7dba980b88b04c5465"},"breadcrumb":{"@id":"https:\/\/diariodelsurdigital.com.ar\/?p=6438#breadcrumb"},"inLanguage":"es","potentialAction":[{"@type":"ReadAction","target":["https:\/\/diariodelsurdigital.com.ar\/?p=6438"]}]},{"@type":"ImageObject","inLanguage":"es","@id":"https:\/\/diariodelsurdigital.com.ar\/?p=6438#primaryimage","url":"https:\/\/diariodelsurdigital.com.ar\/wp-content\/uploads\/2026\/01\/WhatsApp-Image-2026-01-10-at-11.54.41.jpeg","contentUrl":"https:\/\/diariodelsurdigital.com.ar\/wp-content\/uploads\/2026\/01\/WhatsApp-Image-2026-01-10-at-11.54.41.jpeg","width":413,"height":270},{"@type":"BreadcrumbList","@id":"https:\/\/diariodelsurdigital.com.ar\/?p=6438#breadcrumb","itemListElement":[{"@type":"ListItem","position":1,"name":"Portada","item":"https:\/\/diariodelsurdigital.com.ar\/"},{"@type":"ListItem","position":2,"name":"Mujer encadenada en la Municipalidad de Concordia comenz\u00f3 a recibir solidaridad de la gente"}]},{"@type":"WebSite","@id":"https:\/\/diariodelsurdigital.com.ar\/#website","url":"https:\/\/diariodelsurdigital.com.ar\/","name":"Diario del Sur","description":"Digital","potentialAction":[{"@type":"SearchAction","target":{"@type":"EntryPoint","urlTemplate":"https:\/\/diariodelsurdigital.com.ar\/?s={search_term_string}"},"query-input":{"@type":"PropertyValueSpecification","valueRequired":true,"valueName":"search_term_string"}}],"inLanguage":"es"},{"@type":"Person","@id":"https:\/\/diariodelsurdigital.com.ar\/#\/schema\/person\/6136a32571657f7dba980b88b04c5465","name":"Diario del Sur Digital","image":{"@type":"ImageObject","inLanguage":"es","@id":"https:\/\/secure.gravatar.com\/avatar\/4c29ceac98541dd42460b2474aaa5dd37594d6ce6cb3cf2c101d09b48ee287ba?s=96&d=mm&r=g","url":"https:\/\/secure.gravatar.com\/avatar\/4c29ceac98541dd42460b2474aaa5dd37594d6ce6cb3cf2c101d09b48ee287ba?s=96&d=mm&r=g","contentUrl":"https:\/\/secure.gravatar.com\/avatar\/4c29ceac98541dd42460b2474aaa5dd37594d6ce6cb3cf2c101d09b48ee287ba?s=96&d=mm&r=g","caption":"Diario del Sur Digital"},"url":"https:\/\/diariodelsurdigital.com.ar\/?author=2"}]}},"_links":{"self":[{"href":"https:\/\/diariodelsurdigital.com.ar\/index.php?rest_route=\/wp\/v2\/posts\/6438","targetHints":{"allow":["GET"]}}],"collection":[{"href":"https:\/\/diariodelsurdigital.com.ar\/index.php?rest_route=\/wp\/v2\/posts"}],"about":[{"href":"https:\/\/diariodelsurdigital.com.ar\/index.php?rest_route=\/wp\/v2\/types\/post"}],"author":[{"embeddable":true,"href":"https:\/\/diariodelsurdigital.com.ar\/index.php?rest_route=\/wp\/v2\/users\/2"}],"replies":[{"embeddable":true,"href":"https:\/\/diariodelsurdigital.com.ar\/index.php?rest_route=%2Fwp%2Fv2%2Fcomments&post=6438"}],"version-history":[{"count":3,"href":"https:\/\/diariodelsurdigital.com.ar\/index.php?rest_route=\/wp\/v2\/posts\/6438\/revisions"}],"predecessor-version":[{"id":6444,"href":"https:\/\/diariodelsurdigital.com.ar\/index.php?rest_route=\/wp\/v2\/posts\/6438\/revisions\/6444"}],"wp:featuredmedia":[{"embeddable":true,"href":"https:\/\/diariodelsurdigital.com.ar\/index.php?rest_route=\/wp\/v2\/media\/6439"}],"wp:attachment":[{"href":"https:\/\/diariodelsurdigital.com.ar\/index.php?rest_route=%2Fwp%2Fv2%2Fmedia&parent=6438"}],"wp:term":[{"taxonomy":"category","embeddable":true,"href":"https:\/\/diariodelsurdigital.com.ar\/index.php?rest_route=%2Fwp%2Fv2%2Fcategories&post=6438"},{"taxonomy":"post_tag","embeddable":true,"href":"https:\/\/diariodelsurdigital.com.ar\/index.php?rest_route=%2Fwp%2Fv2%2Ftags&post=6438"}],"curies":[{"name":"wp","href":"https:\/\/api.w.org\/{rel}","templated":true}]}}