{"id":6445,"date":"2026-01-11T15:12:07","date_gmt":"2026-01-11T18:12:07","guid":{"rendered":"https:\/\/diariodelsurdigital.com.ar\/?p=6445"},"modified":"2026-01-11T15:12:08","modified_gmt":"2026-01-11T18:12:08","slug":"concejal-del-pj-denuncio-al-intendente-de-concordia","status":"publish","type":"post","link":"https:\/\/diariodelsurdigital.com.ar\/?p=6445","title":{"rendered":"Concejal del PJ denunci\u00f3 al intendente de Concordia"},"content":{"rendered":"\n<h4 class=\"wp-block-heading\" id=\"nota-title\">El intendente Azcu\u00e9 y la concejal Villalba protagonizaron un confuso incidente en la Marat\u00f3n de Reyes. La concejal radic\u00f3 una denuncia.<\/h4>\n\n\n\n<p><em>\u201cUstedes tienen que pedir disculpas a los concordienses porque en 2023, vos, Enrique Cresto, tus compa\u00f1eros del Concejo Deliberante\u2026\u201d (\u2026) \u201csos una sinverg\u00fcenza\u201d (\u2026) \u201cvos sos la responsable de los trabajadores municipales despedidos, se cagaron en los concordienses\u201d<\/em>, se escucha decir al intendente Francisco Azcu\u00e9, dirigi\u00e9ndose a la concejal Claudia Villalba, mientras ambos caminaban a la par y la edil, celular en mano, le reclamaba al presidente municipal una reuni\u00f3n para dialogar acerca de los contratos ca\u00eddos en la Municipalidad de Concordia.<\/p>\n\n\n\n<p>El audio se vuelve enseguida confuso, lo mismo que las im\u00e1genes. Queda claro que Azcu\u00e9 le reprocha por los 900 contratos que su gesti\u00f3n dice haber heredado de la anterior e insiste en que sus predecesores deben pedir perd\u00f3n a la comunidad. Villalba retruca en direcci\u00f3n contraria cuestionando las cesant\u00edas y vincul\u00e1ndolas a la \u201cineficiencia\u201d del actual gobierno municipal.<\/p>\n\n\n\n<p>Todo ocurre en un \u00e1mbito nada propicio para que la dirigencia pol\u00edtica dialogue, analice, debata e intente encontrar caminos consensuados de bien com\u00fan. Van caminando, rodeados de gente, acerc\u00e1ndose al cors\u00f3dromo, epicentro de la Marat\u00f3n de Reyes.<\/p>\n\n\n\n<p>El entredicho tuvo un cap\u00edtulo complementario a los cruces verbales. Las grabaciones muestran forcejeos entre Villalba y personas que ser\u00edan de seguridad.<\/p>\n\n\n\n<figure class=\"wp-block-image\" id=\"embed-228704\"><a class=\"big-img open-popup-link\" href=\"https:\/\/www.elentrerios.com\/actualidad\/azcu-y-villalba-protagonizaron-un-confuso-incidente-la-concejal-radic-una-denuncia.htm#embed-228704-popup\"><img decoding=\"async\" src=\"https:\/\/media.elentrerios.com\/fotos-emb\/2026\/01\/11\/o_1768129490.jpg\" alt=\"Captura difundida por un dirigente del entorno del intendente Azcu\u00e9\"\/><\/a><figcaption class=\"wp-element-caption\"><em>Captura difundida por un dirigente del entorno del intendente Azcu\u00e9<\/em><\/figcaption><\/figure>\n\n\n\n<p>En la exposici\u00f3n policial, Villalba relata que Azcu\u00e9 habl\u00f3 con responsables de su seguridad. La edil supone que fue para pedirles que se encargaran de alejarla. De inmediato, cuenta Villalba, \u201cuna persona de sexo femenino, quien supuestamente se llama Celeste Saucedo, y la Directora de Ceremonial y Protocolo del Municipio, F\u00e1tima Arce, me atacan a ara\u00f1azos y empujones, adem\u00e1s de continuas agresiones verbales\u201d. La edil dice adem\u00e1s que sufri\u00f3 \u201clesiones\u201d.<\/p>\n\n\n\n<figure class=\"wp-block-image\" id=\"embed-228703\"><a class=\"big-img open-popup-link\" href=\"https:\/\/www.elentrerios.com\/actualidad\/azcu-y-villalba-protagonizaron-un-confuso-incidente-la-concejal-radic-una-denuncia.htm#embed-228703-popup\"><img decoding=\"async\" src=\"https:\/\/media.elentrerios.com\/fotos-emb\/2026\/01\/11\/o_1768129467.jpg\" alt=\"\"\/><\/a><\/figure>\n\n\n\n<p>La publicaci\u00f3n de los v\u00eddeos en las redes sociales dio lugar a toda clase de comentarios y cruces entre quienes salieron en defensa del intendente y quienes lo cuestionan.<\/p>\n\n\n\n<p>El lamentable y confuso incidente le puso cierre a una semana cargada de tensiones, derivadas de la falta de renovaci\u00f3n de m\u00e1s de 140 contratos con aportes y un n\u00famero no precisado de bajas de monotributistas.<\/p>\n\n\n\n<p>Fuente:\u00a0El Entre R\u00edos<\/p>\n","protected":false},"excerpt":{"rendered":"<p>El intendente Azcu\u00e9 y la concejal Villalba protagonizaron un confuso incidente en la Marat\u00f3n de Reyes. La concejal radic\u00f3 una denuncia. \u201cUstedes tienen que pedir disculpas a los concordienses porque en 2023, vos, Enrique Cresto, tus compa\u00f1eros del Concejo Deliberante\u2026\u201d (\u2026) \u201csos una sinverg\u00fcenza\u201d (\u2026) \u201cvos sos la responsable de los trabajadores municipales despedidos, se [&hellip;]<\/p>\n","protected":false},"author":2,"featured_media":6446,"comment_status":"open","ping_status":"open","sticky":false,"template":"","format":"standard","meta":{"footnotes":""},"categories":[16,21],"tags":[],"class_list":{"0":"post-6445","1":"post","2":"type-post","3":"status-publish","4":"format-standard","5":"has-post-thumbnail","7":"category-locales","8":"category-policiales"},"yoast_head":"<!-- This site is optimized with the Yoast SEO plugin v27.4 - https:\/\/yoast.com\/product\/yoast-seo-wordpress\/ -->\n<title>Concejal del PJ denunci\u00f3 al intendente de Concordia - Diario del Sur<\/title>\n<meta name=\"robots\" content=\"index, follow, max-snippet:-1, max-image-preview:large, max-video-preview:-1\" \/>\n<link rel=\"canonical\" href=\"https:\/\/diariodelsurdigital.com.ar\/?p=6445\" \/>\n<meta property=\"og:locale\" content=\"es_ES\" \/>\n<meta property=\"og:type\" content=\"article\" \/>\n<meta property=\"og:title\" content=\"Concejal del PJ denunci\u00f3 al intendente de Concordia - Diario del Sur\" \/>\n<meta property=\"og:description\" content=\"El intendente Azcu\u00e9 y la concejal Villalba protagonizaron un confuso incidente en la Marat\u00f3n de Reyes. La concejal radic\u00f3 una denuncia. \u201cUstedes tienen que pedir disculpas a los concordienses porque en 2023, vos, Enrique Cresto, tus compa\u00f1eros del Concejo Deliberante\u2026\u201d (\u2026) \u201csos una sinverg\u00fcenza\u201d (\u2026) \u201cvos sos la responsable de los trabajadores municipales despedidos, se [&hellip;]\" \/>\n<meta property=\"og:url\" content=\"https:\/\/diariodelsurdigital.com.ar\/?p=6445\" \/>\n<meta property=\"og:site_name\" content=\"Diario del Sur\" \/>\n<meta property=\"article:published_time\" content=\"2026-01-11T18:12:07+00:00\" \/>\n<meta property=\"article:modified_time\" content=\"2026-01-11T18:12:08+00:00\" \/>\n<meta property=\"og:image\" content=\"https:\/\/diariodelsurdigital.com.ar\/wp-content\/uploads\/2026\/01\/l_1768129435.jpg\" \/>\n\t<meta property=\"og:image:width\" content=\"469\" \/>\n\t<meta property=\"og:image:height\" content=\"313\" \/>\n\t<meta property=\"og:image:type\" content=\"image\/jpeg\" \/>\n<meta name=\"author\" content=\"Diario del Sur Digital\" \/>\n<meta name=\"twitter:card\" content=\"summary_large_image\" \/>\n<meta name=\"twitter:label1\" content=\"Escrito por\" \/>\n\t<meta name=\"twitter:data1\" content=\"Diario del Sur Digital\" \/>\n\t<meta name=\"twitter:label2\" content=\"Tiempo de lectura\" \/>\n\t<meta name=\"twitter:data2\" content=\"3 minutos\" \/>\n<script type=\"application\/ld+json\" class=\"yoast-schema-graph\">{\"@context\":\"https:\\\/\\\/schema.org\",\"@graph\":[{\"@type\":\"Article\",\"@id\":\"https:\\\/\\\/diariodelsurdigital.com.ar\\\/?p=6445#article\",\"isPartOf\":{\"@id\":\"https:\\\/\\\/diariodelsurdigital.com.ar\\\/?p=6445\"},\"author\":{\"name\":\"Diario del Sur Digital\",\"@id\":\"https:\\\/\\\/diariodelsurdigital.com.ar\\\/#\\\/schema\\\/person\\\/6136a32571657f7dba980b88b04c5465\"},\"headline\":\"Concejal del PJ denunci\u00f3 al intendente de Concordia\",\"datePublished\":\"2026-01-11T18:12:07+00:00\",\"dateModified\":\"2026-01-11T18:12:08+00:00\",\"mainEntityOfPage\":{\"@id\":\"https:\\\/\\\/diariodelsurdigital.com.ar\\\/?p=6445\"},\"wordCount\":403,\"commentCount\":0,\"image\":{\"@id\":\"https:\\\/\\\/diariodelsurdigital.com.ar\\\/?p=6445#primaryimage\"},\"thumbnailUrl\":\"https:\\\/\\\/diariodelsurdigital.com.ar\\\/wp-content\\\/uploads\\\/2026\\\/01\\\/l_1768129435.jpg\",\"articleSection\":[\"Locales\",\"Policiales\"],\"inLanguage\":\"es\",\"potentialAction\":[{\"@type\":\"CommentAction\",\"name\":\"Comment\",\"target\":[\"https:\\\/\\\/diariodelsurdigital.com.ar\\\/?p=6445#respond\"]}]},{\"@type\":\"WebPage\",\"@id\":\"https:\\\/\\\/diariodelsurdigital.com.ar\\\/?p=6445\",\"url\":\"https:\\\/\\\/diariodelsurdigital.com.ar\\\/?p=6445\",\"name\":\"Concejal del PJ denunci\u00f3 al intendente de Concordia - Diario del Sur\",\"isPartOf\":{\"@id\":\"https:\\\/\\\/diariodelsurdigital.com.ar\\\/#website\"},\"primaryImageOfPage\":{\"@id\":\"https:\\\/\\\/diariodelsurdigital.com.ar\\\/?p=6445#primaryimage\"},\"image\":{\"@id\":\"https:\\\/\\\/diariodelsurdigital.com.ar\\\/?p=6445#primaryimage\"},\"thumbnailUrl\":\"https:\\\/\\\/diariodelsurdigital.com.ar\\\/wp-content\\\/uploads\\\/2026\\\/01\\\/l_1768129435.jpg\",\"datePublished\":\"2026-01-11T18:12:07+00:00\",\"dateModified\":\"2026-01-11T18:12:08+00:00\",\"author\":{\"@id\":\"https:\\\/\\\/diariodelsurdigital.com.ar\\\/#\\\/schema\\\/person\\\/6136a32571657f7dba980b88b04c5465\"},\"breadcrumb\":{\"@id\":\"https:\\\/\\\/diariodelsurdigital.com.ar\\\/?p=6445#breadcrumb\"},\"inLanguage\":\"es\",\"potentialAction\":[{\"@type\":\"ReadAction\",\"target\":[\"https:\\\/\\\/diariodelsurdigital.com.ar\\\/?p=6445\"]}]},{\"@type\":\"ImageObject\",\"inLanguage\":\"es\",\"@id\":\"https:\\\/\\\/diariodelsurdigital.com.ar\\\/?p=6445#primaryimage\",\"url\":\"https:\\\/\\\/diariodelsurdigital.com.ar\\\/wp-content\\\/uploads\\\/2026\\\/01\\\/l_1768129435.jpg\",\"contentUrl\":\"https:\\\/\\\/diariodelsurdigital.com.ar\\\/wp-content\\\/uploads\\\/2026\\\/01\\\/l_1768129435.jpg\",\"width\":469,\"height\":313},{\"@type\":\"BreadcrumbList\",\"@id\":\"https:\\\/\\\/diariodelsurdigital.com.ar\\\/?p=6445#breadcrumb\",\"itemListElement\":[{\"@type\":\"ListItem\",\"position\":1,\"name\":\"Portada\",\"item\":\"https:\\\/\\\/diariodelsurdigital.com.ar\\\/\"},{\"@type\":\"ListItem\",\"position\":2,\"name\":\"Concejal del PJ denunci\u00f3 al intendente de Concordia\"}]},{\"@type\":\"WebSite\",\"@id\":\"https:\\\/\\\/diariodelsurdigital.com.ar\\\/#website\",\"url\":\"https:\\\/\\\/diariodelsurdigital.com.ar\\\/\",\"name\":\"Diario del Sur\",\"description\":\"Digital\",\"potentialAction\":[{\"@type\":\"SearchAction\",\"target\":{\"@type\":\"EntryPoint\",\"urlTemplate\":\"https:\\\/\\\/diariodelsurdigital.com.ar\\\/?s={search_term_string}\"},\"query-input\":{\"@type\":\"PropertyValueSpecification\",\"valueRequired\":true,\"valueName\":\"search_term_string\"}}],\"inLanguage\":\"es\"},{\"@type\":\"Person\",\"@id\":\"https:\\\/\\\/diariodelsurdigital.com.ar\\\/#\\\/schema\\\/person\\\/6136a32571657f7dba980b88b04c5465\",\"name\":\"Diario del Sur Digital\",\"image\":{\"@type\":\"ImageObject\",\"inLanguage\":\"es\",\"@id\":\"https:\\\/\\\/secure.gravatar.com\\\/avatar\\\/4c29ceac98541dd42460b2474aaa5dd37594d6ce6cb3cf2c101d09b48ee287ba?s=96&d=mm&r=g\",\"url\":\"https:\\\/\\\/secure.gravatar.com\\\/avatar\\\/4c29ceac98541dd42460b2474aaa5dd37594d6ce6cb3cf2c101d09b48ee287ba?s=96&d=mm&r=g\",\"contentUrl\":\"https:\\\/\\\/secure.gravatar.com\\\/avatar\\\/4c29ceac98541dd42460b2474aaa5dd37594d6ce6cb3cf2c101d09b48ee287ba?s=96&d=mm&r=g\",\"caption\":\"Diario del Sur Digital\"},\"url\":\"https:\\\/\\\/diariodelsurdigital.com.ar\\\/?author=2\"}]}<\/script>\n<!-- \/ Yoast SEO plugin. -->","yoast_head_json":{"title":"Concejal del PJ denunci\u00f3 al intendente de Concordia - Diario del Sur","robots":{"index":"index","follow":"follow","max-snippet":"max-snippet:-1","max-image-preview":"max-image-preview:large","max-video-preview":"max-video-preview:-1"},"canonical":"https:\/\/diariodelsurdigital.com.ar\/?p=6445","og_locale":"es_ES","og_type":"article","og_title":"Concejal del PJ denunci\u00f3 al intendente de Concordia - Diario del Sur","og_description":"El intendente Azcu\u00e9 y la concejal Villalba protagonizaron un confuso incidente en la Marat\u00f3n de Reyes. La concejal radic\u00f3 una denuncia. \u201cUstedes tienen que pedir disculpas a los concordienses porque en 2023, vos, Enrique Cresto, tus compa\u00f1eros del Concejo Deliberante\u2026\u201d (\u2026) \u201csos una sinverg\u00fcenza\u201d (\u2026) \u201cvos sos la responsable de los trabajadores municipales despedidos, se [&hellip;]","og_url":"https:\/\/diariodelsurdigital.com.ar\/?p=6445","og_site_name":"Diario del Sur","article_published_time":"2026-01-11T18:12:07+00:00","article_modified_time":"2026-01-11T18:12:08+00:00","og_image":[{"width":469,"height":313,"url":"https:\/\/diariodelsurdigital.com.ar\/wp-content\/uploads\/2026\/01\/l_1768129435.jpg","type":"image\/jpeg"}],"author":"Diario del Sur Digital","twitter_card":"summary_large_image","twitter_misc":{"Escrito por":"Diario del Sur Digital","Tiempo de lectura":"3 minutos"},"schema":{"@context":"https:\/\/schema.org","@graph":[{"@type":"Article","@id":"https:\/\/diariodelsurdigital.com.ar\/?p=6445#article","isPartOf":{"@id":"https:\/\/diariodelsurdigital.com.ar\/?p=6445"},"author":{"name":"Diario del Sur Digital","@id":"https:\/\/diariodelsurdigital.com.ar\/#\/schema\/person\/6136a32571657f7dba980b88b04c5465"},"headline":"Concejal del PJ denunci\u00f3 al intendente de Concordia","datePublished":"2026-01-11T18:12:07+00:00","dateModified":"2026-01-11T18:12:08+00:00","mainEntityOfPage":{"@id":"https:\/\/diariodelsurdigital.com.ar\/?p=6445"},"wordCount":403,"commentCount":0,"image":{"@id":"https:\/\/diariodelsurdigital.com.ar\/?p=6445#primaryimage"},"thumbnailUrl":"https:\/\/diariodelsurdigital.com.ar\/wp-content\/uploads\/2026\/01\/l_1768129435.jpg","articleSection":["Locales","Policiales"],"inLanguage":"es","potentialAction":[{"@type":"CommentAction","name":"Comment","target":["https:\/\/diariodelsurdigital.com.ar\/?p=6445#respond"]}]},{"@type":"WebPage","@id":"https:\/\/diariodelsurdigital.com.ar\/?p=6445","url":"https:\/\/diariodelsurdigital.com.ar\/?p=6445","name":"Concejal del PJ denunci\u00f3 al intendente de Concordia - Diario del Sur","isPartOf":{"@id":"https:\/\/diariodelsurdigital.com.ar\/#website"},"primaryImageOfPage":{"@id":"https:\/\/diariodelsurdigital.com.ar\/?p=6445#primaryimage"},"image":{"@id":"https:\/\/diariodelsurdigital.com.ar\/?p=6445#primaryimage"},"thumbnailUrl":"https:\/\/diariodelsurdigital.com.ar\/wp-content\/uploads\/2026\/01\/l_1768129435.jpg","datePublished":"2026-01-11T18:12:07+00:00","dateModified":"2026-01-11T18:12:08+00:00","author":{"@id":"https:\/\/diariodelsurdigital.com.ar\/#\/schema\/person\/6136a32571657f7dba980b88b04c5465"},"breadcrumb":{"@id":"https:\/\/diariodelsurdigital.com.ar\/?p=6445#breadcrumb"},"inLanguage":"es","potentialAction":[{"@type":"ReadAction","target":["https:\/\/diariodelsurdigital.com.ar\/?p=6445"]}]},{"@type":"ImageObject","inLanguage":"es","@id":"https:\/\/diariodelsurdigital.com.ar\/?p=6445#primaryimage","url":"https:\/\/diariodelsurdigital.com.ar\/wp-content\/uploads\/2026\/01\/l_1768129435.jpg","contentUrl":"https:\/\/diariodelsurdigital.com.ar\/wp-content\/uploads\/2026\/01\/l_1768129435.jpg","width":469,"height":313},{"@type":"BreadcrumbList","@id":"https:\/\/diariodelsurdigital.com.ar\/?p=6445#breadcrumb","itemListElement":[{"@type":"ListItem","position":1,"name":"Portada","item":"https:\/\/diariodelsurdigital.com.ar\/"},{"@type":"ListItem","position":2,"name":"Concejal del PJ denunci\u00f3 al intendente de Concordia"}]},{"@type":"WebSite","@id":"https:\/\/diariodelsurdigital.com.ar\/#website","url":"https:\/\/diariodelsurdigital.com.ar\/","name":"Diario del Sur","description":"Digital","potentialAction":[{"@type":"SearchAction","target":{"@type":"EntryPoint","urlTemplate":"https:\/\/diariodelsurdigital.com.ar\/?s={search_term_string}"},"query-input":{"@type":"PropertyValueSpecification","valueRequired":true,"valueName":"search_term_string"}}],"inLanguage":"es"},{"@type":"Person","@id":"https:\/\/diariodelsurdigital.com.ar\/#\/schema\/person\/6136a32571657f7dba980b88b04c5465","name":"Diario del Sur Digital","image":{"@type":"ImageObject","inLanguage":"es","@id":"https:\/\/secure.gravatar.com\/avatar\/4c29ceac98541dd42460b2474aaa5dd37594d6ce6cb3cf2c101d09b48ee287ba?s=96&d=mm&r=g","url":"https:\/\/secure.gravatar.com\/avatar\/4c29ceac98541dd42460b2474aaa5dd37594d6ce6cb3cf2c101d09b48ee287ba?s=96&d=mm&r=g","contentUrl":"https:\/\/secure.gravatar.com\/avatar\/4c29ceac98541dd42460b2474aaa5dd37594d6ce6cb3cf2c101d09b48ee287ba?s=96&d=mm&r=g","caption":"Diario del Sur Digital"},"url":"https:\/\/diariodelsurdigital.com.ar\/?author=2"}]}},"_links":{"self":[{"href":"https:\/\/diariodelsurdigital.com.ar\/index.php?rest_route=\/wp\/v2\/posts\/6445","targetHints":{"allow":["GET"]}}],"collection":[{"href":"https:\/\/diariodelsurdigital.com.ar\/index.php?rest_route=\/wp\/v2\/posts"}],"about":[{"href":"https:\/\/diariodelsurdigital.com.ar\/index.php?rest_route=\/wp\/v2\/types\/post"}],"author":[{"embeddable":true,"href":"https:\/\/diariodelsurdigital.com.ar\/index.php?rest_route=\/wp\/v2\/users\/2"}],"replies":[{"embeddable":true,"href":"https:\/\/diariodelsurdigital.com.ar\/index.php?rest_route=%2Fwp%2Fv2%2Fcomments&post=6445"}],"version-history":[{"count":1,"href":"https:\/\/diariodelsurdigital.com.ar\/index.php?rest_route=\/wp\/v2\/posts\/6445\/revisions"}],"predecessor-version":[{"id":6447,"href":"https:\/\/diariodelsurdigital.com.ar\/index.php?rest_route=\/wp\/v2\/posts\/6445\/revisions\/6447"}],"wp:featuredmedia":[{"embeddable":true,"href":"https:\/\/diariodelsurdigital.com.ar\/index.php?rest_route=\/wp\/v2\/media\/6446"}],"wp:attachment":[{"href":"https:\/\/diariodelsurdigital.com.ar\/index.php?rest_route=%2Fwp%2Fv2%2Fmedia&parent=6445"}],"wp:term":[{"taxonomy":"category","embeddable":true,"href":"https:\/\/diariodelsurdigital.com.ar\/index.php?rest_route=%2Fwp%2Fv2%2Fcategories&post=6445"},{"taxonomy":"post_tag","embeddable":true,"href":"https:\/\/diariodelsurdigital.com.ar\/index.php?rest_route=%2Fwp%2Fv2%2Ftags&post=6445"}],"curies":[{"name":"wp","href":"https:\/\/api.w.org\/{rel}","templated":true}]}}